{"id":230242,"date":"2024-06-12T13:44:55","date_gmt":"2024-06-12T17:44:55","guid":{"rendered":"https:\/\/www.manaus.am.gov.br\/semcom\/orla-da-ponta-negra-tera-rampa-de-acesso-a-praia\/"},"modified":"2024-06-12T15:29:42","modified_gmt":"2024-06-12T18:29:42","slug":"orla-da-ponta-negra-tera-rampa-de-acesso-a-praia","status":"publish","type":"post","link":"https:\/\/www.manaus.am.gov.br\/semcom\/orla-da-ponta-negra-tera-rampa-de-acesso-a-praia\/","title":{"rendered":"Orla da Ponta Negra ter\u00e1 rampa de acesso \u00e0 praia em amplia\u00e7\u00e3o de pol\u00edticas de inclus\u00e3o da prefeitura"},"content":{"rendered":"\n<p>Uma rampa de 160 metros come\u00e7a a ser constru\u00edda na orla do complexo tur\u00edstico da Ponta Negra, na zona Oeste. O prefeito de Manaus, David Almeida, e o titular da Secretaria Municipal de Infraestrutura (Seminf), Heliatan Botelho, anunciaram, na manh\u00e3 desta quarta-feira, 12\/6, o in\u00edcio dos trabalhos.&nbsp;<\/p>\n\n\n\n<p>O canteiro de obras, isolado por um tapume, recebe uma retroescavadeira. Os materiais come\u00e7am a ser descarregados pela equipe de constru\u00e7\u00e3o e engenharia.<\/p>\n\n\n\n<p>O prefeito David Almeida afirmou que essa \u00e9 uma pol\u00edtica afirmativa de inclus\u00e3o.&nbsp;\u201cTrata-se de uma a\u00e7\u00e3o fant\u00e1stica de inclus\u00e3o. Al\u00e9m da rampa, o Fundo Manaus Solid\u00e1ria adquire cadeiras anf\u00edbias, para fornecer \u00e0s pessoas que vierem se banhar, adentrar o rio\u201d, destaca.&nbsp;<\/p>\n\n\n\n<p>O prefeito anunciou ainda outras interven\u00e7\u00f5es para este per\u00edmetro da orla. \u201cTamb\u00e9m vamos aqui, nesta \u00e1rea, fazer um estacionamento exclusivo para que as pessoas que t\u00eam carro possam adentrar e acessar rapidamente a rampa. Ao lado do Corpo de Bombeiros, vamos ter banheiros adaptados para que possamos fazer essa integra\u00e7\u00e3o\u201d, acrescenta.&nbsp;<\/p>\n\n\n\n<p>O equipamento ter\u00e1 160 metros de comprimento por 2,70 metros de largura, ligando o final do cal\u00e7ad\u00e3o at\u00e9 o rio. Ser\u00e1 constru\u00eddo em duas etapas: durante a cheia e, posteriormente, na seca, quando receber\u00e1 uma extens\u00e3o at\u00e9 a \u00e1rea permitida para banho. A estrutura ser\u00e1 em concreto armado e instalada a 15 cent\u00edmetros acima da areia da praia.<\/p>\n\n\n\n<p>O secret\u00e1rio da Seminf, Heliatan Botelho, estimou um prazo para o t\u00e9rmino da primeira etapa do projeto. \u201cA gente prev\u00ea a conclus\u00e3o da obra em 60 dias, se o clima favorecer, afinal, estamos trabalhando com concreto. Vale ressaltar que a rampa vai contar tamb\u00e9m com faixa t\u00e1til, para que os deficientes visuais tamb\u00e9m possam ter acesso\u201d, explica.<\/p>\n\n\n\n<p>Esses acessos, tanto escadarias quanto rampas, s\u00e3o feitos nas praias urbanas de v\u00e1rias capitais do pa\u00eds, para garantir a seguran\u00e7a e mobilidade aos frequentadores. As rampas v\u00eam sendo instaladas para que todas as pessoas possam desfrutar das praias.<\/p>\n\n\n\n<p>\u201cEssa era uma luta de muitos anos. A gente j\u00e1 vinha lutando para que essa rampa fosse constru\u00edda dando acessibilidade at\u00e9 chegar na \u00e1gua. E gra\u00e7as \u00e0 gest\u00e3o do prefeito David, agora vai se tornar realidade\u201d, relata Gisele Lima, de 42 anos, m\u00e3e do Eli Gabriel, de 14 anos.&nbsp;<\/p>\n\n\n\n<p>\u201cQuanto mais acessibilidade a cidade tiver, melhor para as crian\u00e7as, para os idosos, para os cadeirantes, para as pessoas com comorbidades, com defici\u00eancia. N\u00f3s sabemos que toda pol\u00edtica p\u00fablica \u00e9 de fundamental import\u00e2ncia para as crian\u00e7as e para n\u00f3s que somos pais\u201d, complementou Gisele.<\/p>\n\n\n\n<figure class=\"wp-block-image size-large\"><img loading=\"lazy\" decoding=\"async\" width=\"1024\" height=\"683\" src=\"https:\/\/www.manaus.am.gov.br\/semcom\/wp-content\/uploads\/sites\/5\/2024\/06\/53785932447_8746e6f2bb_k-1024x683.jpg\" alt=\"\" class=\"wp-image-230244\" srcset=\"https:\/\/www.manaus.am.gov.br\/semcom\/wp-content\/uploads\/sites\/5\/2024\/06\/53785932447_8746e6f2bb_k-1024x683.jpg 1024w, https:\/\/www.manaus.am.gov.br\/semcom\/wp-content\/uploads\/sites\/5\/2024\/06\/53785932447_8746e6f2bb_k-300x200.jpg 300w, https:\/\/www.manaus.am.gov.br\/semcom\/wp-content\/uploads\/sites\/5\/2024\/06\/53785932447_8746e6f2bb_k-768x512.jpg 768w, https:\/\/www.manaus.am.gov.br\/semcom\/wp-content\/uploads\/sites\/5\/2024\/06\/53785932447_8746e6f2bb_k-1536x1024.jpg 1536w, https:\/\/www.manaus.am.gov.br\/semcom\/wp-content\/uploads\/sites\/5\/2024\/06\/53785932447_8746e6f2bb_k.jpg 2048w\" sizes=\"(max-width: 1024px) 100vw, 1024px\" \/><\/figure>\n\n\n\n<p><strong>Cadeiras flutuantes&nbsp;<\/strong><\/p>\n\n\n\n<p>Assim que a obra for entregue, dez cadeiras estar\u00e3o dispon\u00edveis na orla para uso de pessoas com defici\u00eancia.<\/p>\n\n\n\n<p>\u201cA Seminf vem com a obra e n\u00f3s, da Manaus Solid\u00e1ria, entramos com o apoio das cadeiras. As Pessoas com Defici\u00eancia (PcDs) v\u00e3o vir aqui com a sua pr\u00f3pria cadeira, v\u00e3o adentrar na cadeira flutuante, caso queiram ter acesso at\u00e9 o rio, e v\u00e3o poder ir at\u00e9 l\u00e1 tomar o banho de rio e retornar para deixar a cadeira. Ent\u00e3o, \u00e9 uma cadeira que vai ficar dispon\u00edvel para todo e qualquer cadeirante que queira ter o acesso at\u00e9 o rio\u201d, assegura o&nbsp;diretor-presidente do Fundo Manaus Solid\u00e1ria, Emerson Castro.<\/p>\n\n\n\n<p>&#8212; &#8212; &#8212;<\/p>\n\n\n\n<p><strong>Texto &#8211;<\/strong>&nbsp;Alessandra Taveira\/Seminf<\/p>\n\n\n\n<p><strong>Fotos &#8211;<\/strong> M\u00e1rcio Melo\/Seminf e Antonio Pereira\/Casa Civil<\/p>\n\n\n\n<p><strong>Dispon\u00edveis em &#8211;<\/strong> <a href=\"https:\/\/flic.kr\/s\/aHBqjBuNJZ\">https:\/\/flic.kr\/s\/aHBqjBuNJZ<\/a><\/p>\n","protected":false},"excerpt":{"rendered":"","protected":false},"author":39,"featured_media":230255,"comment_status":"closed","ping_status":"closed","sticky":false,"template":"","format":"standard","meta":{"footnotes":""},"categories":[45],"tags":[11989,35,1693,11990,77,11991,33],"acf":[],"yoast_head":"<!-- This site is optimized with the Yoast SEO plugin v23.0 - https:\/\/yoast.com\/wordpress\/plugins\/seo\/ -->\n<title>Orla da Ponta Negra ter\u00e1 rampa de acesso \u00e0 praia<\/title>\n<meta name=\"description\" content=\"Orla da Ponta Negra ter\u00e1 rampa de acesso \u00e0 praia em amplia\u00e7\u00e3o de pol\u00edticas de inclus\u00e3o da Prefeitura de Manaus.\" \/>\n<meta name=\"robots\" content=\"index, follow, max-snippet:-1, max-image-preview:large, max-video-preview:-1\" \/>\n<link rel=\"canonical\" href=\"https:\/\/www.manaus.am.gov.br\/semcom\/orla-da-ponta-negra-tera-rampa-de-acesso-a-praia\/\" \/>\n<meta property=\"og:locale\" content=\"pt_BR\" \/>\n<meta property=\"og:type\" content=\"article\" \/>\n<meta property=\"og:title\" content=\"Orla da Ponta Negra ter\u00e1 rampa de acesso \u00e0 praia\" \/>\n<meta property=\"og:description\" content=\"Orla da Ponta Negra ter\u00e1 rampa de acesso \u00e0 praia em amplia\u00e7\u00e3o de pol\u00edticas de inclus\u00e3o da Prefeitura de Manaus.\" \/>\n<meta property=\"og:url\" content=\"https:\/\/www.manaus.am.gov.br\/semcom\/orla-da-ponta-negra-tera-rampa-de-acesso-a-praia\/\" \/>\n<meta property=\"og:site_name\" content=\"SEMCOM\" \/>\n<meta property=\"article:published_time\" content=\"2024-06-12T17:44:55+00:00\" \/>\n<meta property=\"article:modified_time\" content=\"2024-06-12T18:29:42+00:00\" \/>\n<meta property=\"og:image\" content=\"https:\/\/www.manaus.am.gov.br\/semcom\/wp-content\/uploads\/sites\/5\/2024\/06\/MD_2635-1024x682.jpg\" \/>\n\t<meta property=\"og:image:width\" content=\"1024\" \/>\n\t<meta property=\"og:image:height\" content=\"682\" \/>\n\t<meta property=\"og:image:type\" content=\"image\/jpeg\" \/>\n<meta name=\"author\" content=\"Bruna Greco\" \/>\n<meta name=\"twitter:card\" content=\"summary_large_image\" \/>\n<meta name=\"twitter:label1\" content=\"Written by\" \/>\n\t<meta name=\"twitter:data1\" content=\"Bruna Greco\" \/>\n\t<meta name=\"twitter:label2\" content=\"Est. reading time\" \/>\n\t<meta name=\"twitter:data2\" content=\"4 minutos\" \/>\n<script type=\"application\/ld+json\" class=\"yoast-schema-graph\">{\"@context\":\"https:\/\/schema.org\",\"@graph\":[{\"@type\":\"WebPage\",\"@id\":\"https:\/\/www.manaus.am.gov.br\/semcom\/orla-da-ponta-negra-tera-rampa-de-acesso-a-praia\/\",\"url\":\"https:\/\/www.manaus.am.gov.br\/semcom\/orla-da-ponta-negra-tera-rampa-de-acesso-a-praia\/\",\"name\":\"Orla da Ponta Negra ter\u00e1 rampa de acesso \u00e0 praia\",\"isPartOf\":{\"@id\":\"https:\/\/www.manaus.am.gov.br\/semcom\/#website\"},\"primaryImageOfPage\":{\"@id\":\"https:\/\/www.manaus.am.gov.br\/semcom\/orla-da-ponta-negra-tera-rampa-de-acesso-a-praia\/#primaryimage\"},\"image\":{\"@id\":\"https:\/\/www.manaus.am.gov.br\/semcom\/orla-da-ponta-negra-tera-rampa-de-acesso-a-praia\/#primaryimage\"},\"thumbnailUrl\":\"https:\/\/www.manaus.am.gov.br\/semcom\/wp-content\/uploads\/sites\/5\/2024\/06\/MD_2635.jpg\",\"datePublished\":\"2024-06-12T17:44:55+00:00\",\"dateModified\":\"2024-06-12T18:29:42+00:00\",\"author\":{\"@id\":\"https:\/\/www.manaus.am.gov.br\/semcom\/#\/schema\/person\/05d223aea2bf115f9883a6ff3683d81b\"},\"description\":\"Orla da Ponta Negra ter\u00e1 rampa de acesso \u00e0 praia em amplia\u00e7\u00e3o de pol\u00edticas de inclus\u00e3o da Prefeitura de Manaus.\",\"inLanguage\":\"pt-BR\",\"potentialAction\":[{\"@type\":\"ReadAction\",\"target\":[\"https:\/\/www.manaus.am.gov.br\/semcom\/orla-da-ponta-negra-tera-rampa-de-acesso-a-praia\/\"]}]},{\"@type\":\"ImageObject\",\"inLanguage\":\"pt-BR\",\"@id\":\"https:\/\/www.manaus.am.gov.br\/semcom\/orla-da-ponta-negra-tera-rampa-de-acesso-a-praia\/#primaryimage\",\"url\":\"https:\/\/www.manaus.am.gov.br\/semcom\/wp-content\/uploads\/sites\/5\/2024\/06\/MD_2635.jpg\",\"contentUrl\":\"https:\/\/www.manaus.am.gov.br\/semcom\/wp-content\/uploads\/sites\/5\/2024\/06\/MD_2635.jpg\",\"width\":4000,\"height\":2666,\"caption\":\"#paratodosverem - Prefeito de Manaus, David Almeida, e o vice-prefeito, Marcos Rotta, acompanhados do secretariado municipal, durante an\u00fancio da implanta\u00e7\u00e3o de rampa de acesso \u00e0 praia da Ponta Negra\"},{\"@type\":\"WebSite\",\"@id\":\"https:\/\/www.manaus.am.gov.br\/semcom\/#website\",\"url\":\"https:\/\/www.manaus.am.gov.br\/semcom\/\",\"name\":\"SEMCOM\",\"description\":\"Secretaria Municipal de Comunica\u00e7\u00e3o\",\"potentialAction\":[{\"@type\":\"SearchAction\",\"target\":{\"@type\":\"EntryPoint\",\"urlTemplate\":\"https:\/\/www.manaus.am.gov.br\/semcom\/?s={search_term_string}\"},\"query-input\":\"required name=search_term_string\"}],\"inLanguage\":\"pt-BR\"},{\"@type\":\"Person\",\"@id\":\"https:\/\/www.manaus.am.gov.br\/semcom\/#\/schema\/person\/05d223aea2bf115f9883a6ff3683d81b\",\"name\":\"Bruna Greco\",\"image\":{\"@type\":\"ImageObject\",\"inLanguage\":\"pt-BR\",\"@id\":\"https:\/\/www.manaus.am.gov.br\/semcom\/#\/schema\/person\/image\/\",\"url\":\"https:\/\/secure.gravatar.com\/avatar\/9c877d1a6adc2a055330e5c09a8653ce?s=96&d=mm&r=g\",\"contentUrl\":\"https:\/\/secure.gravatar.com\/avatar\/9c877d1a6adc2a055330e5c09a8653ce?s=96&d=mm&r=g\",\"caption\":\"Bruna Greco\"}}]}<\/script>\n<!-- \/ Yoast SEO plugin. -->","yoast_head_json":{"title":"Orla da Ponta Negra ter\u00e1 rampa de acesso \u00e0 praia","description":"Orla da Ponta Negra ter\u00e1 rampa de acesso \u00e0 praia em amplia\u00e7\u00e3o de pol\u00edticas de inclus\u00e3o da Prefeitura de Manaus.","robots":{"index":"index","follow":"follow","max-snippet":"max-snippet:-1","max-image-preview":"max-image-preview:large","max-video-preview":"max-video-preview:-1"},"canonical":"https:\/\/www.manaus.am.gov.br\/semcom\/orla-da-ponta-negra-tera-rampa-de-acesso-a-praia\/","og_locale":"pt_BR","og_type":"article","og_title":"Orla da Ponta Negra ter\u00e1 rampa de acesso \u00e0 praia","og_description":"Orla da Ponta Negra ter\u00e1 rampa de acesso \u00e0 praia em amplia\u00e7\u00e3o de pol\u00edticas de inclus\u00e3o da Prefeitura de Manaus.","og_url":"https:\/\/www.manaus.am.gov.br\/semcom\/orla-da-ponta-negra-tera-rampa-de-acesso-a-praia\/","og_site_name":"SEMCOM","article_published_time":"2024-06-12T17:44:55+00:00","article_modified_time":"2024-06-12T18:29:42+00:00","og_image":[{"width":1024,"height":682,"url":"https:\/\/www.manaus.am.gov.br\/semcom\/wp-content\/uploads\/sites\/5\/2024\/06\/MD_2635-1024x682.jpg","type":"image\/jpeg"}],"author":"Bruna Greco","twitter_card":"summary_large_image","twitter_misc":{"Written by":"Bruna Greco","Est. reading time":"4 minutos"},"schema":{"@context":"https:\/\/schema.org","@graph":[{"@type":"WebPage","@id":"https:\/\/www.manaus.am.gov.br\/semcom\/orla-da-ponta-negra-tera-rampa-de-acesso-a-praia\/","url":"https:\/\/www.manaus.am.gov.br\/semcom\/orla-da-ponta-negra-tera-rampa-de-acesso-a-praia\/","name":"Orla da Ponta Negra ter\u00e1 rampa de acesso \u00e0 praia","isPartOf":{"@id":"https:\/\/www.manaus.am.gov.br\/semcom\/#website"},"primaryImageOfPage":{"@id":"https:\/\/www.manaus.am.gov.br\/semcom\/orla-da-ponta-negra-tera-rampa-de-acesso-a-praia\/#primaryimage"},"image":{"@id":"https:\/\/www.manaus.am.gov.br\/semcom\/orla-da-ponta-negra-tera-rampa-de-acesso-a-praia\/#primaryimage"},"thumbnailUrl":"https:\/\/www.manaus.am.gov.br\/semcom\/wp-content\/uploads\/sites\/5\/2024\/06\/MD_2635.jpg","datePublished":"2024-06-12T17:44:55+00:00","dateModified":"2024-06-12T18:29:42+00:00","author":{"@id":"https:\/\/www.manaus.am.gov.br\/semcom\/#\/schema\/person\/05d223aea2bf115f9883a6ff3683d81b"},"description":"Orla da Ponta Negra ter\u00e1 rampa de acesso \u00e0 praia em amplia\u00e7\u00e3o de pol\u00edticas de inclus\u00e3o da Prefeitura de Manaus.","inLanguage":"pt-BR","potentialAction":[{"@type":"ReadAction","target":["https:\/\/www.manaus.am.gov.br\/semcom\/orla-da-ponta-negra-tera-rampa-de-acesso-a-praia\/"]}]},{"@type":"ImageObject","inLanguage":"pt-BR","@id":"https:\/\/www.manaus.am.gov.br\/semcom\/orla-da-ponta-negra-tera-rampa-de-acesso-a-praia\/#primaryimage","url":"https:\/\/www.manaus.am.gov.br\/semcom\/wp-content\/uploads\/sites\/5\/2024\/06\/MD_2635.jpg","contentUrl":"https:\/\/www.manaus.am.gov.br\/semcom\/wp-content\/uploads\/sites\/5\/2024\/06\/MD_2635.jpg","width":4000,"height":2666,"caption":"#paratodosverem - Prefeito de Manaus, David Almeida, e o vice-prefeito, Marcos Rotta, acompanhados do secretariado municipal, durante an\u00fancio da implanta\u00e7\u00e3o de rampa de acesso \u00e0 praia da Ponta Negra"},{"@type":"WebSite","@id":"https:\/\/www.manaus.am.gov.br\/semcom\/#website","url":"https:\/\/www.manaus.am.gov.br\/semcom\/","name":"SEMCOM","description":"Secretaria Municipal de Comunica\u00e7\u00e3o","potentialAction":[{"@type":"SearchAction","target":{"@type":"EntryPoint","urlTemplate":"https:\/\/www.manaus.am.gov.br\/semcom\/?s={search_term_string}"},"query-input":"required name=search_term_string"}],"inLanguage":"pt-BR"},{"@type":"Person","@id":"https:\/\/www.manaus.am.gov.br\/semcom\/#\/schema\/person\/05d223aea2bf115f9883a6ff3683d81b","name":"Bruna Greco","image":{"@type":"ImageObject","inLanguage":"pt-BR","@id":"https:\/\/www.manaus.am.gov.br\/semcom\/#\/schema\/person\/image\/","url":"https:\/\/secure.gravatar.com\/avatar\/9c877d1a6adc2a055330e5c09a8653ce?s=96&d=mm&r=g","contentUrl":"https:\/\/secure.gravatar.com\/avatar\/9c877d1a6adc2a055330e5c09a8653ce?s=96&d=mm&r=g","caption":"Bruna Greco"}}]}},"_links":{"self":[{"href":"https:\/\/www.manaus.am.gov.br\/semcom\/wp-json\/wp\/v2\/posts\/230242"}],"collection":[{"href":"https:\/\/www.manaus.am.gov.br\/semcom\/wp-json\/wp\/v2\/posts"}],"about":[{"href":"https:\/\/www.manaus.am.gov.br\/semcom\/wp-json\/wp\/v2\/types\/post"}],"author":[{"embeddable":true,"href":"https:\/\/www.manaus.am.gov.br\/semcom\/wp-json\/wp\/v2\/users\/39"}],"replies":[{"embeddable":true,"href":"https:\/\/www.manaus.am.gov.br\/semcom\/wp-json\/wp\/v2\/comments?post=230242"}],"version-history":[{"count":9,"href":"https:\/\/www.manaus.am.gov.br\/semcom\/wp-json\/wp\/v2\/posts\/230242\/revisions"}],"predecessor-version":[{"id":230258,"href":"https:\/\/www.manaus.am.gov.br\/semcom\/wp-json\/wp\/v2\/posts\/230242\/revisions\/230258"}],"wp:featuredmedia":[{"embeddable":true,"href":"https:\/\/www.manaus.am.gov.br\/semcom\/wp-json\/wp\/v2\/media\/230255"}],"wp:attachment":[{"href":"https:\/\/www.manaus.am.gov.br\/semcom\/wp-json\/wp\/v2\/media?parent=230242"}],"wp:term":[{"taxonomy":"category","embeddable":true,"href":"https:\/\/www.manaus.am.gov.br\/semcom\/wp-json\/wp\/v2\/categories?post=230242"},{"taxonomy":"post_tag","embeddable":true,"href":"https:\/\/www.manaus.am.gov.br\/semcom\/wp-json\/wp\/v2\/tags?post=230242"}],"curies":[{"name":"wp","href":"https:\/\/api.w.org\/{rel}","templated":true}]}}