{"id":230167,"date":"2024-06-10T18:07:51","date_gmt":"2024-06-10T21:07:51","guid":{"rendered":"https:\/\/www.manaus.am.gov.br\/semcom\/vandaliza-plataforma\/"},"modified":"2024-06-10T18:07:52","modified_gmt":"2024-06-10T21:07:52","slug":"vandaliza-plataforma","status":"publish","type":"post","link":"https:\/\/www.manaus.am.gov.br\/semcom\/vandaliza-plataforma\/","title":{"rendered":"Em menos de 48 horas, empresa vandaliza plataforma de \u00f4nibus revitalizada pela prefeitura"},"content":{"rendered":"\n<p>No \u00faltimo domingo, 9\/6, a plataforma de \u00f4nibus localizada na avenida Camapu\u00e3, na zona Norte de Manaus, foi alvo de vandalismo, comprometendo os recentes esfor\u00e7os de revitaliza\u00e7\u00e3o realizados pela Prefeitura de Manaus, por meio do Instituto Municipal de Mobilidade Urbana (IMMU), conclu\u00eddos no \u00faltimo s\u00e1bado, 8\/6. Uma empresa colou cartazes de an\u00fancio de aluguel nos postes da plataforma, desrespeitando o espa\u00e7o p\u00fablico rec\u00e9m-renovado.<\/p>\n\n\n\n<p>O IMMU informou que tal ato de vandalismo \u00e9 inaceit\u00e1vel, pois degrada o ambiente e vai contra os esfor\u00e7os da administra\u00e7\u00e3o municipal em proporcionar espa\u00e7os limpos e organizados para a popula\u00e7\u00e3o. Como resposta imediata, a Prefeitura de Manaus anunciou que ir\u00e1 registrar um boletim de ocorr\u00eancia e denunciar a empresa e o respons\u00e1vel pela coloca\u00e7\u00e3o do cartaz.<\/p>\n\n\n\n<p>Para melhor atender e oferecer mais conforto e higiene aos usu\u00e1rios, o IMMU j\u00e1 revitalizou um total de 13 plataformas, na zona Leste, avenidas Autaz Mirim e Cosme Ferreira, e na zona Norte, na avenida Torquato Tapaj\u00f3s. A meta \u00e9 revitalizar todas as 27 plataformas at\u00e9 outubro.<\/p>\n\n\n\n<p>A popula\u00e7\u00e3o pode colaborar com a preserva\u00e7\u00e3o dos espa\u00e7os p\u00fablicos e os bens coletivos denunciando qualquer ato de vandalismo para a pol\u00edcia no n\u00famero 190 e atrav\u00e9s do disk tr\u00e2nsito, 0800 092 1188. A Prefeitura reafirma seu compromisso com a melhoria cont\u00ednua da infraestrutura urbana e a manuten\u00e7\u00e3o de um ambiente agrad\u00e1vel para todos os cidad\u00e3os.<\/p>\n\n\n\n<p>&#8212; &#8212; &#8212;<\/p>\n\n\n\n<p><strong>Texto<\/strong> \u2013 Marcelo Lima \/ IMMU<\/p>\n\n\n\n<p><strong>Fotos<\/strong> \u2013 Divulga\u00e7\u00e3o \/ IMMU<\/p>\n","protected":false},"excerpt":{"rendered":"","protected":false},"author":61,"featured_media":230168,"comment_status":"closed","ping_status":"closed","sticky":false,"template":"","format":"standard","meta":{"footnotes":""},"categories":[9],"tags":[12,11963,77,7974],"acf":[],"yoast_head":"<!-- This site is optimized with the Yoast SEO plugin v23.0 - https:\/\/yoast.com\/wordpress\/plugins\/seo\/ -->\n<title>Em menos de 48 horas, empresa vandaliza plataforma de \u00f4nibus revitalizada pela prefeitura<\/title>\n<meta name=\"description\" content=\"No \u00faltimo domingo, 9\/6, a plataforma de \u00f4nibus localizada na avenida Camapu\u00e3, na zona Norte de Manaus, foi alvo de vandalismo.\" \/>\n<meta name=\"robots\" content=\"index, follow, max-snippet:-1, max-image-preview:large, max-video-preview:-1\" \/>\n<link rel=\"canonical\" href=\"https:\/\/www.manaus.am.gov.br\/semcom\/vandaliza-plataforma\/\" \/>\n<meta property=\"og:locale\" content=\"pt_BR\" \/>\n<meta property=\"og:type\" content=\"article\" \/>\n<meta property=\"og:title\" content=\"Em menos de 48 horas, empresa vandaliza plataforma de \u00f4nibus revitalizada pela prefeitura\" \/>\n<meta property=\"og:description\" content=\"No \u00faltimo domingo, 9\/6, a plataforma de \u00f4nibus localizada na avenida Camapu\u00e3, na zona Norte de Manaus, foi alvo de vandalismo.\" \/>\n<meta property=\"og:url\" content=\"https:\/\/www.manaus.am.gov.br\/semcom\/vandaliza-plataforma\/\" \/>\n<meta property=\"og:site_name\" content=\"SEMCOM\" \/>\n<meta property=\"article:published_time\" content=\"2024-06-10T21:07:51+00:00\" \/>\n<meta property=\"article:modified_time\" content=\"2024-06-10T21:07:52+00:00\" \/>\n<meta property=\"og:image\" content=\"https:\/\/www.manaus.am.gov.br\/semcom\/wp-content\/uploads\/sites\/5\/2024\/06\/Plataforma-Onibus-2.jpeg\" \/>\n\t<meta property=\"og:image:width\" content=\"999\" \/>\n\t<meta property=\"og:image:height\" content=\"561\" \/>\n\t<meta property=\"og:image:type\" content=\"image\/jpeg\" \/>\n<meta name=\"author\" content=\"smonteiro\" \/>\n<meta name=\"twitter:card\" content=\"summary_large_image\" \/>\n<meta name=\"twitter:label1\" content=\"Written by\" \/>\n\t<meta name=\"twitter:data1\" content=\"smonteiro\" \/>\n\t<meta name=\"twitter:label2\" content=\"Est. reading time\" \/>\n\t<meta name=\"twitter:data2\" content=\"2 minutos\" \/>\n<script type=\"application\/ld+json\" class=\"yoast-schema-graph\">{\"@context\":\"https:\/\/schema.org\",\"@graph\":[{\"@type\":\"WebPage\",\"@id\":\"https:\/\/www.manaus.am.gov.br\/semcom\/vandaliza-plataforma\/\",\"url\":\"https:\/\/www.manaus.am.gov.br\/semcom\/vandaliza-plataforma\/\",\"name\":\"Em menos de 48 horas, empresa vandaliza plataforma de \u00f4nibus revitalizada pela prefeitura\",\"isPartOf\":{\"@id\":\"https:\/\/www.manaus.am.gov.br\/semcom\/#website\"},\"primaryImageOfPage\":{\"@id\":\"https:\/\/www.manaus.am.gov.br\/semcom\/vandaliza-plataforma\/#primaryimage\"},\"image\":{\"@id\":\"https:\/\/www.manaus.am.gov.br\/semcom\/vandaliza-plataforma\/#primaryimage\"},\"thumbnailUrl\":\"https:\/\/www.manaus.am.gov.br\/semcom\/wp-content\/uploads\/sites\/5\/2024\/06\/Plataforma-Onibus-2.jpeg\",\"datePublished\":\"2024-06-10T21:07:51+00:00\",\"dateModified\":\"2024-06-10T21:07:52+00:00\",\"author\":{\"@id\":\"https:\/\/www.manaus.am.gov.br\/semcom\/#\/schema\/person\/ab4dcf766a54dff74e8d267f5c591961\"},\"description\":\"No \u00faltimo domingo, 9\/6, a plataforma de \u00f4nibus localizada na avenida Camapu\u00e3, na zona Norte de Manaus, foi alvo de vandalismo.\",\"inLanguage\":\"pt-BR\",\"potentialAction\":[{\"@type\":\"ReadAction\",\"target\":[\"https:\/\/www.manaus.am.gov.br\/semcom\/vandaliza-plataforma\/\"]}]},{\"@type\":\"ImageObject\",\"inLanguage\":\"pt-BR\",\"@id\":\"https:\/\/www.manaus.am.gov.br\/semcom\/vandaliza-plataforma\/#primaryimage\",\"url\":\"https:\/\/www.manaus.am.gov.br\/semcom\/wp-content\/uploads\/sites\/5\/2024\/06\/Plataforma-Onibus-2.jpeg\",\"contentUrl\":\"https:\/\/www.manaus.am.gov.br\/semcom\/wp-content\/uploads\/sites\/5\/2024\/06\/Plataforma-Onibus-2.jpeg\",\"width\":999,\"height\":561,\"caption\":\"#paratodosverem - pilastra da plataforma com an\u00fancio de papel colado\"},{\"@type\":\"WebSite\",\"@id\":\"https:\/\/www.manaus.am.gov.br\/semcom\/#website\",\"url\":\"https:\/\/www.manaus.am.gov.br\/semcom\/\",\"name\":\"SEMCOM\",\"description\":\"Secretaria Municipal de Comunica\u00e7\u00e3o\",\"potentialAction\":[{\"@type\":\"SearchAction\",\"target\":{\"@type\":\"EntryPoint\",\"urlTemplate\":\"https:\/\/www.manaus.am.gov.br\/semcom\/?s={search_term_string}\"},\"query-input\":\"required name=search_term_string\"}],\"inLanguage\":\"pt-BR\"},{\"@type\":\"Person\",\"@id\":\"https:\/\/www.manaus.am.gov.br\/semcom\/#\/schema\/person\/ab4dcf766a54dff74e8d267f5c591961\",\"name\":\"smonteiro\",\"image\":{\"@type\":\"ImageObject\",\"inLanguage\":\"pt-BR\",\"@id\":\"https:\/\/www.manaus.am.gov.br\/semcom\/#\/schema\/person\/image\/\",\"url\":\"https:\/\/secure.gravatar.com\/avatar\/21c8776ef61d9272c73322052e042d77?s=96&d=mm&r=g\",\"contentUrl\":\"https:\/\/secure.gravatar.com\/avatar\/21c8776ef61d9272c73322052e042d77?s=96&d=mm&r=g\",\"caption\":\"smonteiro\"}}]}<\/script>\n<!-- \/ Yoast SEO plugin. -->","yoast_head_json":{"title":"Em menos de 48 horas, empresa vandaliza plataforma de \u00f4nibus revitalizada pela prefeitura","description":"No \u00faltimo domingo, 9\/6, a plataforma de \u00f4nibus localizada na avenida Camapu\u00e3, na zona Norte de Manaus, foi alvo de vandalismo.","robots":{"index":"index","follow":"follow","max-snippet":"max-snippet:-1","max-image-preview":"max-image-preview:large","max-video-preview":"max-video-preview:-1"},"canonical":"https:\/\/www.manaus.am.gov.br\/semcom\/vandaliza-plataforma\/","og_locale":"pt_BR","og_type":"article","og_title":"Em menos de 48 horas, empresa vandaliza plataforma de \u00f4nibus revitalizada pela prefeitura","og_description":"No \u00faltimo domingo, 9\/6, a plataforma de \u00f4nibus localizada na avenida Camapu\u00e3, na zona Norte de Manaus, foi alvo de vandalismo.","og_url":"https:\/\/www.manaus.am.gov.br\/semcom\/vandaliza-plataforma\/","og_site_name":"SEMCOM","article_published_time":"2024-06-10T21:07:51+00:00","article_modified_time":"2024-06-10T21:07:52+00:00","og_image":[{"width":999,"height":561,"url":"https:\/\/www.manaus.am.gov.br\/semcom\/wp-content\/uploads\/sites\/5\/2024\/06\/Plataforma-Onibus-2.jpeg","type":"image\/jpeg"}],"author":"smonteiro","twitter_card":"summary_large_image","twitter_misc":{"Written by":"smonteiro","Est. reading time":"2 minutos"},"schema":{"@context":"https:\/\/schema.org","@graph":[{"@type":"WebPage","@id":"https:\/\/www.manaus.am.gov.br\/semcom\/vandaliza-plataforma\/","url":"https:\/\/www.manaus.am.gov.br\/semcom\/vandaliza-plataforma\/","name":"Em menos de 48 horas, empresa vandaliza plataforma de \u00f4nibus revitalizada pela prefeitura","isPartOf":{"@id":"https:\/\/www.manaus.am.gov.br\/semcom\/#website"},"primaryImageOfPage":{"@id":"https:\/\/www.manaus.am.gov.br\/semcom\/vandaliza-plataforma\/#primaryimage"},"image":{"@id":"https:\/\/www.manaus.am.gov.br\/semcom\/vandaliza-plataforma\/#primaryimage"},"thumbnailUrl":"https:\/\/www.manaus.am.gov.br\/semcom\/wp-content\/uploads\/sites\/5\/2024\/06\/Plataforma-Onibus-2.jpeg","datePublished":"2024-06-10T21:07:51+00:00","dateModified":"2024-06-10T21:07:52+00:00","author":{"@id":"https:\/\/www.manaus.am.gov.br\/semcom\/#\/schema\/person\/ab4dcf766a54dff74e8d267f5c591961"},"description":"No \u00faltimo domingo, 9\/6, a plataforma de \u00f4nibus localizada na avenida Camapu\u00e3, na zona Norte de Manaus, foi alvo de vandalismo.","inLanguage":"pt-BR","potentialAction":[{"@type":"ReadAction","target":["https:\/\/www.manaus.am.gov.br\/semcom\/vandaliza-plataforma\/"]}]},{"@type":"ImageObject","inLanguage":"pt-BR","@id":"https:\/\/www.manaus.am.gov.br\/semcom\/vandaliza-plataforma\/#primaryimage","url":"https:\/\/www.manaus.am.gov.br\/semcom\/wp-content\/uploads\/sites\/5\/2024\/06\/Plataforma-Onibus-2.jpeg","contentUrl":"https:\/\/www.manaus.am.gov.br\/semcom\/wp-content\/uploads\/sites\/5\/2024\/06\/Plataforma-Onibus-2.jpeg","width":999,"height":561,"caption":"#paratodosverem - pilastra da plataforma com an\u00fancio de papel colado"},{"@type":"WebSite","@id":"https:\/\/www.manaus.am.gov.br\/semcom\/#website","url":"https:\/\/www.manaus.am.gov.br\/semcom\/","name":"SEMCOM","description":"Secretaria Municipal de Comunica\u00e7\u00e3o","potentialAction":[{"@type":"SearchAction","target":{"@type":"EntryPoint","urlTemplate":"https:\/\/www.manaus.am.gov.br\/semcom\/?s={search_term_string}"},"query-input":"required name=search_term_string"}],"inLanguage":"pt-BR"},{"@type":"Person","@id":"https:\/\/www.manaus.am.gov.br\/semcom\/#\/schema\/person\/ab4dcf766a54dff74e8d267f5c591961","name":"smonteiro","image":{"@type":"ImageObject","inLanguage":"pt-BR","@id":"https:\/\/www.manaus.am.gov.br\/semcom\/#\/schema\/person\/image\/","url":"https:\/\/secure.gravatar.com\/avatar\/21c8776ef61d9272c73322052e042d77?s=96&d=mm&r=g","contentUrl":"https:\/\/secure.gravatar.com\/avatar\/21c8776ef61d9272c73322052e042d77?s=96&d=mm&r=g","caption":"smonteiro"}}]}},"_links":{"self":[{"href":"https:\/\/www.manaus.am.gov.br\/semcom\/wp-json\/wp\/v2\/posts\/230167"}],"collection":[{"href":"https:\/\/www.manaus.am.gov.br\/semcom\/wp-json\/wp\/v2\/posts"}],"about":[{"href":"https:\/\/www.manaus.am.gov.br\/semcom\/wp-json\/wp\/v2\/types\/post"}],"author":[{"embeddable":true,"href":"https:\/\/www.manaus.am.gov.br\/semcom\/wp-json\/wp\/v2\/users\/61"}],"replies":[{"embeddable":true,"href":"https:\/\/www.manaus.am.gov.br\/semcom\/wp-json\/wp\/v2\/comments?post=230167"}],"version-history":[{"count":0,"href":"https:\/\/www.manaus.am.gov.br\/semcom\/wp-json\/wp\/v2\/posts\/230167\/revisions"}],"wp:featuredmedia":[{"embeddable":true,"href":"https:\/\/www.manaus.am.gov.br\/semcom\/wp-json\/wp\/v2\/media\/230168"}],"wp:attachment":[{"href":"https:\/\/www.manaus.am.gov.br\/semcom\/wp-json\/wp\/v2\/media?parent=230167"}],"wp:term":[{"taxonomy":"category","embeddable":true,"href":"https:\/\/www.manaus.am.gov.br\/semcom\/wp-json\/wp\/v2\/categories?post=230167"},{"taxonomy":"post_tag","embeddable":true,"href":"https:\/\/www.manaus.am.gov.br\/semcom\/wp-json\/wp\/v2\/tags?post=230167"}],"curies":[{"name":"wp","href":"https:\/\/api.w.org\/{rel}","templated":true}]}}