{"id":229800,"date":"2024-06-03T13:45:44","date_gmt":"2024-06-03T16:45:44","guid":{"rendered":"https:\/\/www.manaus.am.gov.br\/semcom\/pratodopovo-grandevitoria\/"},"modified":"2024-06-03T13:45:45","modified_gmt":"2024-06-03T16:45:45","slug":"pratodopovo-grandevitoria","status":"publish","type":"post","link":"https:\/\/www.manaus.am.gov.br\/semcom\/pratodopovo-grandevitoria\/","title":{"rendered":"Prefeitura inaugura Prato do Povo no Grande Vit\u00f3ria e chega a seis unidades entregues na gest\u00e3o"},"content":{"rendered":"\n<p>A Prefeitura de Manaus, por meio da Secretaria Municipal da Mulher, Assist\u00eancia Social e Cidadania (Semasc), inaugurou, nesta segunda-feira, 3\/6, o Prato do Povo, do bairro Grande Vit\u00f3ria, na zona Leste. A unidade \u00e9 a sexta entregue pela atual gest\u00e3o municipal e vai garantir mil refei\u00e7\u00f5es di\u00e1rias para a popula\u00e7\u00e3o em situa\u00e7\u00e3o de vulnerabilidade social da regi\u00e3o.<\/p>\n\n\n\n<p>Na oportunidade, o prefeito David Almeida destacou a import\u00e2ncia do investimento em seguran\u00e7a alimentar, al\u00e9m de refor\u00e7ar como a presen\u00e7a do programa em diferentes regi\u00f5es da cidade facilita o acesso dos cidad\u00e3os aos servi\u00e7os alimentares essenciais.<\/p>\n\n\n\n<p>\u201cN\u00f3s estamos buscando os vazios assistenciais na cidade, e aqui nesta \u00e1rea da zona Leste existe um grande vazio. A partir de uma emenda do deputado federal Saullo Vianna,&nbsp; n\u00f3s estamos implementando esses restaurantes, onde vamos servir, diariamente, mil refei\u00e7\u00f5es. Com isso, a gente trabalha a quest\u00e3o da seguran\u00e7a alimentar no combate \u00e0 fome e \u00e0 mis\u00e9ria em Manaus. E essas parcerias s\u00e3o bem-vindas para a prefeitura e, principalmente, para a popula\u00e7\u00e3o da cidade\u201d, afirmou Almeida.<\/p>\n\n\n\n<p>Atualmente, a capital amazonense conta com seis cozinhas comunit\u00e1rias, dois restaurantes populares e seis unidades do Prato do Povo, administrados pela Secretaria Municipal da Mulher, Assist\u00eancia Social e Cidadania (Semasc).<\/p>\n\n\n\n<p>Segundo a titular da Semasc, Dermi Rayol, a presen\u00e7a do programa &#8220;Manaus Sem Fome\u201d, lan\u00e7ado em 2023, visa garantir a distribui\u00e7\u00e3o de mais de 3,5 milh\u00f5es de refei\u00e7\u00f5es por ano na capital, e que as a\u00e7\u00f5es incluem a inaugura\u00e7\u00e3o de novos espa\u00e7os e o aumento no n\u00famero de refei\u00e7\u00f5es servidas.<\/p>\n\n\n\n<p>\u201cCom essa inaugura\u00e7\u00e3o, teremos cinco mil unidades de refei\u00e7\u00f5es di\u00e1rias gratuitas. At\u00e9 o final do m\u00eas, ser\u00e3o mais cinco unidades inauguradas. Esse \u00e9 o trabalho da Prefeitura de Manaus com a Semasc, que trabalha diariamente em prol da popula\u00e7\u00e3o que mais precisa de pol\u00edticas p\u00fablicas. Estamos proporcionando alimenta\u00e7\u00e3o de qualidade para quem mais precisa\u201d, concluiu.<\/p>\n\n\n\n<p>A dona de casa Maria Selma Andrade confirmou que o Prato do Povo \u00e9 um grande benef\u00edcio que chega \u00e0 popula\u00e7\u00e3o, principalmente, aos que moram na regi\u00e3o. &#8220;Aqui t\u00eam muitos moradores de rua que, \u00e0s vezes, n\u00e3o t\u00eam um prato de alimento e passam pedindo ajuda de algu\u00e9m. Por isso, acho muito importante esse novo local, e espero que n\u00e3o seja s\u00f3 agora, mas que esse projeto possa abranger mais e mais, porque n\u00f3s precisamos muito&#8221;.<\/p>\n\n\n\n<p>&#8212; &#8212; &#8212;<\/p>\n\n\n\n<p><strong>Texto<\/strong>&nbsp;\u2013 Thiago Fernando\/Semcom<\/p>\n\n\n\n<p><strong>Fotos<\/strong>&nbsp;\u2013 Dhyeizo Lemos e Valdo Le\u00e3o\/Semcom<\/p>\n\n\n\n<p><strong>Dispon\u00edveis em<\/strong> &#8211; <a href=\"https:\/\/flic.kr\/s\/aHBqjBtizV\">https:\/\/flic.kr\/s\/aHBqjBtizV<\/a><\/p>\n","protected":false},"excerpt":{"rendered":"","protected":false},"author":23,"featured_media":229801,"comment_status":"closed","ping_status":"closed","sticky":false,"template":"","format":"standard","meta":{"footnotes":""},"categories":[1291],"tags":[11849,3494,10238,484,77,1507,153,108],"acf":[],"yoast_head":"<!-- This site is optimized with the Yoast SEO plugin v23.0 - https:\/\/yoast.com\/wordpress\/plugins\/seo\/ -->\n<title>Prefeitura inaugura Prato do Povo no Grande Vit\u00f3ria e chega a seis unidades entregues na gest\u00e3o<\/title>\n<meta name=\"description\" content=\"A Prefeitura de Manaus, por meio da Secretaria Municipal da Mulher, Assist\u00eancia Social e Cidadania (Semasc), inaugurou, nesta segunda-feira, 3\/6, o Prato do Povo, do bairro Grande Vit\u00f3ria, na zona Leste. A unidade \u00e9 a sexta entregue pela atual gest\u00e3o municipal e vai garantir mil refei\u00e7\u00f5es di\u00e1rias para a popula\u00e7\u00e3o em situa\u00e7\u00e3o de vulnerabilidade social da regi\u00e3o.\" \/>\n<meta name=\"robots\" content=\"index, follow, max-snippet:-1, max-image-preview:large, max-video-preview:-1\" \/>\n<link rel=\"canonical\" href=\"https:\/\/www.manaus.am.gov.br\/semcom\/pratodopovo-grandevitoria\/\" \/>\n<meta property=\"og:locale\" content=\"pt_BR\" \/>\n<meta property=\"og:type\" content=\"article\" \/>\n<meta property=\"og:title\" content=\"Prefeitura inaugura Prato do Povo no Grande Vit\u00f3ria e chega a seis unidades entregues na gest\u00e3o\" \/>\n<meta property=\"og:description\" content=\"A Prefeitura de Manaus, por meio da Secretaria Municipal da Mulher, Assist\u00eancia Social e Cidadania (Semasc), inaugurou, nesta segunda-feira, 3\/6, o Prato do Povo, do bairro Grande Vit\u00f3ria, na zona Leste. A unidade \u00e9 a sexta entregue pela atual gest\u00e3o municipal e vai garantir mil refei\u00e7\u00f5es di\u00e1rias para a popula\u00e7\u00e3o em situa\u00e7\u00e3o de vulnerabilidade social da regi\u00e3o.\" \/>\n<meta property=\"og:url\" content=\"https:\/\/www.manaus.am.gov.br\/semcom\/pratodopovo-grandevitoria\/\" \/>\n<meta property=\"og:site_name\" content=\"SEMCOM\" \/>\n<meta property=\"article:published_time\" content=\"2024-06-03T16:45:44+00:00\" \/>\n<meta property=\"article:modified_time\" content=\"2024-06-03T16:45:45+00:00\" \/>\n<meta property=\"og:image\" content=\"https:\/\/www.manaus.am.gov.br\/semcom\/wp-content\/uploads\/sites\/5\/2024\/06\/53766943813_fa7bae7ca1_c.jpg\" \/>\n\t<meta property=\"og:image:width\" content=\"799\" \/>\n\t<meta property=\"og:image:height\" content=\"533\" \/>\n\t<meta property=\"og:image:type\" content=\"image\/jpeg\" \/>\n<meta name=\"author\" content=\"Adriana Costa\" \/>\n<meta name=\"twitter:card\" content=\"summary_large_image\" \/>\n<meta name=\"twitter:label1\" content=\"Written by\" \/>\n\t<meta name=\"twitter:data1\" content=\"Adriana Costa\" \/>\n\t<meta name=\"twitter:label2\" content=\"Est. reading time\" \/>\n\t<meta name=\"twitter:data2\" content=\"3 minutos\" \/>\n<script type=\"application\/ld+json\" class=\"yoast-schema-graph\">{\"@context\":\"https:\/\/schema.org\",\"@graph\":[{\"@type\":\"WebPage\",\"@id\":\"https:\/\/www.manaus.am.gov.br\/semcom\/pratodopovo-grandevitoria\/\",\"url\":\"https:\/\/www.manaus.am.gov.br\/semcom\/pratodopovo-grandevitoria\/\",\"name\":\"Prefeitura inaugura Prato do Povo no Grande Vit\u00f3ria e chega a seis unidades entregues na gest\u00e3o\",\"isPartOf\":{\"@id\":\"https:\/\/www.manaus.am.gov.br\/semcom\/#website\"},\"primaryImageOfPage\":{\"@id\":\"https:\/\/www.manaus.am.gov.br\/semcom\/pratodopovo-grandevitoria\/#primaryimage\"},\"image\":{\"@id\":\"https:\/\/www.manaus.am.gov.br\/semcom\/pratodopovo-grandevitoria\/#primaryimage\"},\"thumbnailUrl\":\"https:\/\/www.manaus.am.gov.br\/semcom\/wp-content\/uploads\/sites\/5\/2024\/06\/53766943813_fa7bae7ca1_c.jpg\",\"datePublished\":\"2024-06-03T16:45:44+00:00\",\"dateModified\":\"2024-06-03T16:45:45+00:00\",\"author\":{\"@id\":\"https:\/\/www.manaus.am.gov.br\/semcom\/#\/schema\/person\/4e49f4e267757a06ca072ec61b2b9968\"},\"description\":\"A Prefeitura de Manaus, por meio da Secretaria Municipal da Mulher, Assist\u00eancia Social e Cidadania (Semasc), inaugurou, nesta segunda-feira, 3\/6, o Prato do Povo, do bairro Grande Vit\u00f3ria, na zona Leste. A unidade \u00e9 a sexta entregue pela atual gest\u00e3o municipal e vai garantir mil refei\u00e7\u00f5es di\u00e1rias para a popula\u00e7\u00e3o em situa\u00e7\u00e3o de vulnerabilidade social da regi\u00e3o.\",\"inLanguage\":\"pt-BR\",\"potentialAction\":[{\"@type\":\"ReadAction\",\"target\":[\"https:\/\/www.manaus.am.gov.br\/semcom\/pratodopovo-grandevitoria\/\"]}]},{\"@type\":\"ImageObject\",\"inLanguage\":\"pt-BR\",\"@id\":\"https:\/\/www.manaus.am.gov.br\/semcom\/pratodopovo-grandevitoria\/#primaryimage\",\"url\":\"https:\/\/www.manaus.am.gov.br\/semcom\/wp-content\/uploads\/sites\/5\/2024\/06\/53766943813_fa7bae7ca1_c.jpg\",\"contentUrl\":\"https:\/\/www.manaus.am.gov.br\/semcom\/wp-content\/uploads\/sites\/5\/2024\/06\/53766943813_fa7bae7ca1_c.jpg\",\"width\":799,\"height\":533},{\"@type\":\"WebSite\",\"@id\":\"https:\/\/www.manaus.am.gov.br\/semcom\/#website\",\"url\":\"https:\/\/www.manaus.am.gov.br\/semcom\/\",\"name\":\"SEMCOM\",\"description\":\"Secretaria Municipal de Comunica\u00e7\u00e3o\",\"potentialAction\":[{\"@type\":\"SearchAction\",\"target\":{\"@type\":\"EntryPoint\",\"urlTemplate\":\"https:\/\/www.manaus.am.gov.br\/semcom\/?s={search_term_string}\"},\"query-input\":\"required name=search_term_string\"}],\"inLanguage\":\"pt-BR\"},{\"@type\":\"Person\",\"@id\":\"https:\/\/www.manaus.am.gov.br\/semcom\/#\/schema\/person\/4e49f4e267757a06ca072ec61b2b9968\",\"name\":\"Adriana Costa\",\"image\":{\"@type\":\"ImageObject\",\"inLanguage\":\"pt-BR\",\"@id\":\"https:\/\/www.manaus.am.gov.br\/semcom\/#\/schema\/person\/image\/\",\"url\":\"https:\/\/secure.gravatar.com\/avatar\/576258617ef7194f718179e766d57bd4?s=96&d=mm&r=g\",\"contentUrl\":\"https:\/\/secure.gravatar.com\/avatar\/576258617ef7194f718179e766d57bd4?s=96&d=mm&r=g\",\"caption\":\"Adriana Costa\"}}]}<\/script>\n<!-- \/ Yoast SEO plugin. -->","yoast_head_json":{"title":"Prefeitura inaugura Prato do Povo no Grande Vit\u00f3ria e chega a seis unidades entregues na gest\u00e3o","description":"A Prefeitura de Manaus, por meio da Secretaria Municipal da Mulher, Assist\u00eancia Social e Cidadania (Semasc), inaugurou, nesta segunda-feira, 3\/6, o Prato do Povo, do bairro Grande Vit\u00f3ria, na zona Leste. A unidade \u00e9 a sexta entregue pela atual gest\u00e3o municipal e vai garantir mil refei\u00e7\u00f5es di\u00e1rias para a popula\u00e7\u00e3o em situa\u00e7\u00e3o de vulnerabilidade social da regi\u00e3o.","robots":{"index":"index","follow":"follow","max-snippet":"max-snippet:-1","max-image-preview":"max-image-preview:large","max-video-preview":"max-video-preview:-1"},"canonical":"https:\/\/www.manaus.am.gov.br\/semcom\/pratodopovo-grandevitoria\/","og_locale":"pt_BR","og_type":"article","og_title":"Prefeitura inaugura Prato do Povo no Grande Vit\u00f3ria e chega a seis unidades entregues na gest\u00e3o","og_description":"A Prefeitura de Manaus, por meio da Secretaria Municipal da Mulher, Assist\u00eancia Social e Cidadania (Semasc), inaugurou, nesta segunda-feira, 3\/6, o Prato do Povo, do bairro Grande Vit\u00f3ria, na zona Leste. A unidade \u00e9 a sexta entregue pela atual gest\u00e3o municipal e vai garantir mil refei\u00e7\u00f5es di\u00e1rias para a popula\u00e7\u00e3o em situa\u00e7\u00e3o de vulnerabilidade social da regi\u00e3o.","og_url":"https:\/\/www.manaus.am.gov.br\/semcom\/pratodopovo-grandevitoria\/","og_site_name":"SEMCOM","article_published_time":"2024-06-03T16:45:44+00:00","article_modified_time":"2024-06-03T16:45:45+00:00","og_image":[{"width":799,"height":533,"url":"https:\/\/www.manaus.am.gov.br\/semcom\/wp-content\/uploads\/sites\/5\/2024\/06\/53766943813_fa7bae7ca1_c.jpg","type":"image\/jpeg"}],"author":"Adriana Costa","twitter_card":"summary_large_image","twitter_misc":{"Written by":"Adriana Costa","Est. reading time":"3 minutos"},"schema":{"@context":"https:\/\/schema.org","@graph":[{"@type":"WebPage","@id":"https:\/\/www.manaus.am.gov.br\/semcom\/pratodopovo-grandevitoria\/","url":"https:\/\/www.manaus.am.gov.br\/semcom\/pratodopovo-grandevitoria\/","name":"Prefeitura inaugura Prato do Povo no Grande Vit\u00f3ria e chega a seis unidades entregues na gest\u00e3o","isPartOf":{"@id":"https:\/\/www.manaus.am.gov.br\/semcom\/#website"},"primaryImageOfPage":{"@id":"https:\/\/www.manaus.am.gov.br\/semcom\/pratodopovo-grandevitoria\/#primaryimage"},"image":{"@id":"https:\/\/www.manaus.am.gov.br\/semcom\/pratodopovo-grandevitoria\/#primaryimage"},"thumbnailUrl":"https:\/\/www.manaus.am.gov.br\/semcom\/wp-content\/uploads\/sites\/5\/2024\/06\/53766943813_fa7bae7ca1_c.jpg","datePublished":"2024-06-03T16:45:44+00:00","dateModified":"2024-06-03T16:45:45+00:00","author":{"@id":"https:\/\/www.manaus.am.gov.br\/semcom\/#\/schema\/person\/4e49f4e267757a06ca072ec61b2b9968"},"description":"A Prefeitura de Manaus, por meio da Secretaria Municipal da Mulher, Assist\u00eancia Social e Cidadania (Semasc), inaugurou, nesta segunda-feira, 3\/6, o Prato do Povo, do bairro Grande Vit\u00f3ria, na zona Leste. A unidade \u00e9 a sexta entregue pela atual gest\u00e3o municipal e vai garantir mil refei\u00e7\u00f5es di\u00e1rias para a popula\u00e7\u00e3o em situa\u00e7\u00e3o de vulnerabilidade social da regi\u00e3o.","inLanguage":"pt-BR","potentialAction":[{"@type":"ReadAction","target":["https:\/\/www.manaus.am.gov.br\/semcom\/pratodopovo-grandevitoria\/"]}]},{"@type":"ImageObject","inLanguage":"pt-BR","@id":"https:\/\/www.manaus.am.gov.br\/semcom\/pratodopovo-grandevitoria\/#primaryimage","url":"https:\/\/www.manaus.am.gov.br\/semcom\/wp-content\/uploads\/sites\/5\/2024\/06\/53766943813_fa7bae7ca1_c.jpg","contentUrl":"https:\/\/www.manaus.am.gov.br\/semcom\/wp-content\/uploads\/sites\/5\/2024\/06\/53766943813_fa7bae7ca1_c.jpg","width":799,"height":533},{"@type":"WebSite","@id":"https:\/\/www.manaus.am.gov.br\/semcom\/#website","url":"https:\/\/www.manaus.am.gov.br\/semcom\/","name":"SEMCOM","description":"Secretaria Municipal de Comunica\u00e7\u00e3o","potentialAction":[{"@type":"SearchAction","target":{"@type":"EntryPoint","urlTemplate":"https:\/\/www.manaus.am.gov.br\/semcom\/?s={search_term_string}"},"query-input":"required name=search_term_string"}],"inLanguage":"pt-BR"},{"@type":"Person","@id":"https:\/\/www.manaus.am.gov.br\/semcom\/#\/schema\/person\/4e49f4e267757a06ca072ec61b2b9968","name":"Adriana Costa","image":{"@type":"ImageObject","inLanguage":"pt-BR","@id":"https:\/\/www.manaus.am.gov.br\/semcom\/#\/schema\/person\/image\/","url":"https:\/\/secure.gravatar.com\/avatar\/576258617ef7194f718179e766d57bd4?s=96&d=mm&r=g","contentUrl":"https:\/\/secure.gravatar.com\/avatar\/576258617ef7194f718179e766d57bd4?s=96&d=mm&r=g","caption":"Adriana Costa"}}]}},"_links":{"self":[{"href":"https:\/\/www.manaus.am.gov.br\/semcom\/wp-json\/wp\/v2\/posts\/229800"}],"collection":[{"href":"https:\/\/www.manaus.am.gov.br\/semcom\/wp-json\/wp\/v2\/posts"}],"about":[{"href":"https:\/\/www.manaus.am.gov.br\/semcom\/wp-json\/wp\/v2\/types\/post"}],"author":[{"embeddable":true,"href":"https:\/\/www.manaus.am.gov.br\/semcom\/wp-json\/wp\/v2\/users\/23"}],"replies":[{"embeddable":true,"href":"https:\/\/www.manaus.am.gov.br\/semcom\/wp-json\/wp\/v2\/comments?post=229800"}],"version-history":[{"count":0,"href":"https:\/\/www.manaus.am.gov.br\/semcom\/wp-json\/wp\/v2\/posts\/229800\/revisions"}],"wp:featuredmedia":[{"embeddable":true,"href":"https:\/\/www.manaus.am.gov.br\/semcom\/wp-json\/wp\/v2\/media\/229801"}],"wp:attachment":[{"href":"https:\/\/www.manaus.am.gov.br\/semcom\/wp-json\/wp\/v2\/media?parent=229800"}],"wp:term":[{"taxonomy":"category","embeddable":true,"href":"https:\/\/www.manaus.am.gov.br\/semcom\/wp-json\/wp\/v2\/categories?post=229800"},{"taxonomy":"post_tag","embeddable":true,"href":"https:\/\/www.manaus.am.gov.br\/semcom\/wp-json\/wp\/v2\/tags?post=229800"}],"curies":[{"name":"wp","href":"https:\/\/api.w.org\/{rel}","templated":true}]}}