{"id":229754,"date":"2024-05-29T17:52:12","date_gmt":"2024-05-29T20:52:12","guid":{"rendered":"https:\/\/www.manaus.am.gov.br\/semcom\/lancar-portal\/"},"modified":"2024-05-29T17:52:14","modified_gmt":"2024-05-29T20:52:14","slug":"lancar-portal","status":"publish","type":"post","link":"https:\/\/www.manaus.am.gov.br\/semcom\/lancar-portal\/","title":{"rendered":"Prefeitura de Manaus se prepara para lan\u00e7ar novo Portal da Transpar\u00eancia"},"content":{"rendered":"\n<p>De olho na certifica\u00e7\u00e3o \u201cSelo Diamante\u201d do Programa Nacional de Transpar\u00eancia P\u00fablica da Associa\u00e7\u00e3o dos Membros dos Tribunais de Contas do Brasil (Atricon), a Prefeitura de Manaus iniciou uma s\u00e9rie de a\u00e7\u00f5es para tornar o Portal da Transpar\u00eancia municipal ainda mais completo. H\u00e1 dois anos o munic\u00edpio de Manaus recebe a certifica\u00e7\u00e3o \u201cOuro\u201d na avalia\u00e7\u00e3o e alcan\u00e7ou, no ano passado, o \u00edndice de 89,27% em transpar\u00eancia.<\/p>\n\n\n\n<p>Conforme o controlador-geral do Munic\u00edpio (CGM), Arnaldo Flores, o novo portal deve atender 100% das exig\u00eancias nacionais e dispor das informa\u00e7\u00f5es p\u00fablicas de forma clara, \u00e1gil e pr\u00e1tica aos cidad\u00e3os e contribuintes. \u201cJ\u00e1 alcan\u00e7amos um n\u00edvel excelente em transpar\u00eancia p\u00fablica, mas \u00e9 orienta\u00e7\u00e3o do prefeito David Almeida que evoluamos ainda mais neste quesito. Por isso, temos feito pesquisas em v\u00e1rios portais do Brasil com certifica\u00e7\u00e3o diamante, ou seja, que atendam todas as disposi\u00e7\u00f5es exigidas\u201d, explicou o controlador-geral.<\/p>\n\n\n\n<p>As a\u00e7\u00f5es do novo Portal da Transpar\u00eancia ser\u00e3o executadas pela equipe de TI da Secretaria Municipal de Finan\u00e7as e Tecnologia da Informa\u00e7\u00e3o (Semef), liderada pelo subsecret\u00e1rio Richard Douglas. No in\u00edcio desta semana, a equipe j\u00e1 se reuniu com os t\u00e9cnicos respons\u00e1veis pelo Portal da Transpar\u00eancia do Governo de Rond\u00f4nia, avaliado com o Selo Diamante da Atricon.<\/p>\n\n\n\n<p>\u201cFoi a primeira reuni\u00e3o e teremos muitas outras para avaliar quais as adequa\u00e7\u00f5es necess\u00e1rias e se \u00e9 tecnicamente vi\u00e1vel o modelo de Rond\u00f4nia. Vamos pontuar e verificar se o mesmo confere com a nossa realidade e os nossos sistemas j\u00e1 existentes na Prefeitura de Manaus\u201d, destacou Richard Douglas.<\/p>\n\n\n\n<p>A inten\u00e7\u00e3o \u00e9 que o novo Portal da Transpar\u00eancia seja implementado at\u00e9 o final deste ano e que as atualiza\u00e7\u00f5es passem a contar para a avalia\u00e7\u00e3o do Programa Nacional de Transpar\u00eancia P\u00fablica de 2025.<\/p>\n\n\n\n<p>&#8212; &#8212; &#8212;<\/p>\n\n\n\n<p><strong>Texto<\/strong> \u2013 Anderson Farias \/ Semef<\/p>\n\n\n\n<p><strong>Foto <\/strong>\u2013 Divulga\u00e7\u00e3o \/ Semef<\/p>\n","protected":false},"excerpt":{"rendered":"","protected":false},"author":61,"featured_media":229755,"comment_status":"closed","ping_status":"closed","sticky":false,"template":"","format":"standard","meta":{"footnotes":""},"categories":[2205],"tags":[11838,77,157,366],"acf":[],"yoast_head":"<!-- This site is optimized with the Yoast SEO plugin v23.0 - https:\/\/yoast.com\/wordpress\/plugins\/seo\/ -->\n<title>Prefeitura de Manaus se prepara para lan\u00e7ar novo Portal da Transpar\u00eancia<\/title>\n<meta name=\"description\" content=\"A Prefeitura de Manaus iniciou uma s\u00e9rie de a\u00e7\u00f5es para tornar o Portal da Transpar\u00eancia municipal ainda mais completo.\" \/>\n<meta name=\"robots\" content=\"index, follow, max-snippet:-1, max-image-preview:large, max-video-preview:-1\" \/>\n<link rel=\"canonical\" href=\"https:\/\/www.manaus.am.gov.br\/semcom\/lancar-portal\/\" \/>\n<meta property=\"og:locale\" content=\"pt_BR\" \/>\n<meta property=\"og:type\" content=\"article\" \/>\n<meta property=\"og:title\" content=\"Prefeitura de Manaus se prepara para lan\u00e7ar novo Portal da Transpar\u00eancia\" \/>\n<meta property=\"og:description\" content=\"A Prefeitura de Manaus iniciou uma s\u00e9rie de a\u00e7\u00f5es para tornar o Portal da Transpar\u00eancia municipal ainda mais completo.\" \/>\n<meta property=\"og:url\" content=\"https:\/\/www.manaus.am.gov.br\/semcom\/lancar-portal\/\" \/>\n<meta property=\"og:site_name\" content=\"SEMCOM\" \/>\n<meta property=\"article:published_time\" content=\"2024-05-29T20:52:12+00:00\" \/>\n<meta property=\"article:modified_time\" content=\"2024-05-29T20:52:14+00:00\" \/>\n<meta property=\"og:image\" content=\"https:\/\/www.manaus.am.gov.br\/semcom\/wp-content\/uploads\/sites\/5\/2024\/05\/Semef.jpg\" \/>\n\t<meta property=\"og:image:width\" content=\"3783\" \/>\n\t<meta property=\"og:image:height\" content=\"2619\" \/>\n\t<meta property=\"og:image:type\" content=\"image\/jpeg\" \/>\n<meta name=\"author\" content=\"smonteiro\" \/>\n<meta name=\"twitter:card\" content=\"summary_large_image\" \/>\n<meta name=\"twitter:label1\" content=\"Written by\" \/>\n\t<meta name=\"twitter:data1\" content=\"smonteiro\" \/>\n\t<meta name=\"twitter:label2\" content=\"Est. reading time\" \/>\n\t<meta name=\"twitter:data2\" content=\"2 minutos\" \/>\n<script type=\"application\/ld+json\" class=\"yoast-schema-graph\">{\"@context\":\"https:\/\/schema.org\",\"@graph\":[{\"@type\":\"WebPage\",\"@id\":\"https:\/\/www.manaus.am.gov.br\/semcom\/lancar-portal\/\",\"url\":\"https:\/\/www.manaus.am.gov.br\/semcom\/lancar-portal\/\",\"name\":\"Prefeitura de Manaus se prepara para lan\u00e7ar novo Portal da Transpar\u00eancia\",\"isPartOf\":{\"@id\":\"https:\/\/www.manaus.am.gov.br\/semcom\/#website\"},\"primaryImageOfPage\":{\"@id\":\"https:\/\/www.manaus.am.gov.br\/semcom\/lancar-portal\/#primaryimage\"},\"image\":{\"@id\":\"https:\/\/www.manaus.am.gov.br\/semcom\/lancar-portal\/#primaryimage\"},\"thumbnailUrl\":\"https:\/\/www.manaus.am.gov.br\/semcom\/wp-content\/uploads\/sites\/5\/2024\/05\/Semef.jpg\",\"datePublished\":\"2024-05-29T20:52:12+00:00\",\"dateModified\":\"2024-05-29T20:52:14+00:00\",\"author\":{\"@id\":\"https:\/\/www.manaus.am.gov.br\/semcom\/#\/schema\/person\/ab4dcf766a54dff74e8d267f5c591961\"},\"description\":\"A Prefeitura de Manaus iniciou uma s\u00e9rie de a\u00e7\u00f5es para tornar o Portal da Transpar\u00eancia municipal ainda mais completo.\",\"inLanguage\":\"pt-BR\",\"potentialAction\":[{\"@type\":\"ReadAction\",\"target\":[\"https:\/\/www.manaus.am.gov.br\/semcom\/lancar-portal\/\"]}]},{\"@type\":\"ImageObject\",\"inLanguage\":\"pt-BR\",\"@id\":\"https:\/\/www.manaus.am.gov.br\/semcom\/lancar-portal\/#primaryimage\",\"url\":\"https:\/\/www.manaus.am.gov.br\/semcom\/wp-content\/uploads\/sites\/5\/2024\/05\/Semef.jpg\",\"contentUrl\":\"https:\/\/www.manaus.am.gov.br\/semcom\/wp-content\/uploads\/sites\/5\/2024\/05\/Semef.jpg\",\"width\":3783,\"height\":2619,\"caption\":\"#paratodosverem - equipe da Semef em reuni\u00e3o.\"},{\"@type\":\"WebSite\",\"@id\":\"https:\/\/www.manaus.am.gov.br\/semcom\/#website\",\"url\":\"https:\/\/www.manaus.am.gov.br\/semcom\/\",\"name\":\"SEMCOM\",\"description\":\"Secretaria Municipal de Comunica\u00e7\u00e3o\",\"potentialAction\":[{\"@type\":\"SearchAction\",\"target\":{\"@type\":\"EntryPoint\",\"urlTemplate\":\"https:\/\/www.manaus.am.gov.br\/semcom\/?s={search_term_string}\"},\"query-input\":\"required name=search_term_string\"}],\"inLanguage\":\"pt-BR\"},{\"@type\":\"Person\",\"@id\":\"https:\/\/www.manaus.am.gov.br\/semcom\/#\/schema\/person\/ab4dcf766a54dff74e8d267f5c591961\",\"name\":\"smonteiro\",\"image\":{\"@type\":\"ImageObject\",\"inLanguage\":\"pt-BR\",\"@id\":\"https:\/\/www.manaus.am.gov.br\/semcom\/#\/schema\/person\/image\/\",\"url\":\"https:\/\/secure.gravatar.com\/avatar\/21c8776ef61d9272c73322052e042d77?s=96&d=mm&r=g\",\"contentUrl\":\"https:\/\/secure.gravatar.com\/avatar\/21c8776ef61d9272c73322052e042d77?s=96&d=mm&r=g\",\"caption\":\"smonteiro\"}}]}<\/script>\n<!-- \/ Yoast SEO plugin. -->","yoast_head_json":{"title":"Prefeitura de Manaus se prepara para lan\u00e7ar novo Portal da Transpar\u00eancia","description":"A Prefeitura de Manaus iniciou uma s\u00e9rie de a\u00e7\u00f5es para tornar o Portal da Transpar\u00eancia municipal ainda mais completo.","robots":{"index":"index","follow":"follow","max-snippet":"max-snippet:-1","max-image-preview":"max-image-preview:large","max-video-preview":"max-video-preview:-1"},"canonical":"https:\/\/www.manaus.am.gov.br\/semcom\/lancar-portal\/","og_locale":"pt_BR","og_type":"article","og_title":"Prefeitura de Manaus se prepara para lan\u00e7ar novo Portal da Transpar\u00eancia","og_description":"A Prefeitura de Manaus iniciou uma s\u00e9rie de a\u00e7\u00f5es para tornar o Portal da Transpar\u00eancia municipal ainda mais completo.","og_url":"https:\/\/www.manaus.am.gov.br\/semcom\/lancar-portal\/","og_site_name":"SEMCOM","article_published_time":"2024-05-29T20:52:12+00:00","article_modified_time":"2024-05-29T20:52:14+00:00","og_image":[{"width":3783,"height":2619,"url":"https:\/\/www.manaus.am.gov.br\/semcom\/wp-content\/uploads\/sites\/5\/2024\/05\/Semef.jpg","type":"image\/jpeg"}],"author":"smonteiro","twitter_card":"summary_large_image","twitter_misc":{"Written by":"smonteiro","Est. reading time":"2 minutos"},"schema":{"@context":"https:\/\/schema.org","@graph":[{"@type":"WebPage","@id":"https:\/\/www.manaus.am.gov.br\/semcom\/lancar-portal\/","url":"https:\/\/www.manaus.am.gov.br\/semcom\/lancar-portal\/","name":"Prefeitura de Manaus se prepara para lan\u00e7ar novo Portal da Transpar\u00eancia","isPartOf":{"@id":"https:\/\/www.manaus.am.gov.br\/semcom\/#website"},"primaryImageOfPage":{"@id":"https:\/\/www.manaus.am.gov.br\/semcom\/lancar-portal\/#primaryimage"},"image":{"@id":"https:\/\/www.manaus.am.gov.br\/semcom\/lancar-portal\/#primaryimage"},"thumbnailUrl":"https:\/\/www.manaus.am.gov.br\/semcom\/wp-content\/uploads\/sites\/5\/2024\/05\/Semef.jpg","datePublished":"2024-05-29T20:52:12+00:00","dateModified":"2024-05-29T20:52:14+00:00","author":{"@id":"https:\/\/www.manaus.am.gov.br\/semcom\/#\/schema\/person\/ab4dcf766a54dff74e8d267f5c591961"},"description":"A Prefeitura de Manaus iniciou uma s\u00e9rie de a\u00e7\u00f5es para tornar o Portal da Transpar\u00eancia municipal ainda mais completo.","inLanguage":"pt-BR","potentialAction":[{"@type":"ReadAction","target":["https:\/\/www.manaus.am.gov.br\/semcom\/lancar-portal\/"]}]},{"@type":"ImageObject","inLanguage":"pt-BR","@id":"https:\/\/www.manaus.am.gov.br\/semcom\/lancar-portal\/#primaryimage","url":"https:\/\/www.manaus.am.gov.br\/semcom\/wp-content\/uploads\/sites\/5\/2024\/05\/Semef.jpg","contentUrl":"https:\/\/www.manaus.am.gov.br\/semcom\/wp-content\/uploads\/sites\/5\/2024\/05\/Semef.jpg","width":3783,"height":2619,"caption":"#paratodosverem - equipe da Semef em reuni\u00e3o."},{"@type":"WebSite","@id":"https:\/\/www.manaus.am.gov.br\/semcom\/#website","url":"https:\/\/www.manaus.am.gov.br\/semcom\/","name":"SEMCOM","description":"Secretaria Municipal de Comunica\u00e7\u00e3o","potentialAction":[{"@type":"SearchAction","target":{"@type":"EntryPoint","urlTemplate":"https:\/\/www.manaus.am.gov.br\/semcom\/?s={search_term_string}"},"query-input":"required name=search_term_string"}],"inLanguage":"pt-BR"},{"@type":"Person","@id":"https:\/\/www.manaus.am.gov.br\/semcom\/#\/schema\/person\/ab4dcf766a54dff74e8d267f5c591961","name":"smonteiro","image":{"@type":"ImageObject","inLanguage":"pt-BR","@id":"https:\/\/www.manaus.am.gov.br\/semcom\/#\/schema\/person\/image\/","url":"https:\/\/secure.gravatar.com\/avatar\/21c8776ef61d9272c73322052e042d77?s=96&d=mm&r=g","contentUrl":"https:\/\/secure.gravatar.com\/avatar\/21c8776ef61d9272c73322052e042d77?s=96&d=mm&r=g","caption":"smonteiro"}}]}},"_links":{"self":[{"href":"https:\/\/www.manaus.am.gov.br\/semcom\/wp-json\/wp\/v2\/posts\/229754"}],"collection":[{"href":"https:\/\/www.manaus.am.gov.br\/semcom\/wp-json\/wp\/v2\/posts"}],"about":[{"href":"https:\/\/www.manaus.am.gov.br\/semcom\/wp-json\/wp\/v2\/types\/post"}],"author":[{"embeddable":true,"href":"https:\/\/www.manaus.am.gov.br\/semcom\/wp-json\/wp\/v2\/users\/61"}],"replies":[{"embeddable":true,"href":"https:\/\/www.manaus.am.gov.br\/semcom\/wp-json\/wp\/v2\/comments?post=229754"}],"version-history":[{"count":0,"href":"https:\/\/www.manaus.am.gov.br\/semcom\/wp-json\/wp\/v2\/posts\/229754\/revisions"}],"wp:featuredmedia":[{"embeddable":true,"href":"https:\/\/www.manaus.am.gov.br\/semcom\/wp-json\/wp\/v2\/media\/229755"}],"wp:attachment":[{"href":"https:\/\/www.manaus.am.gov.br\/semcom\/wp-json\/wp\/v2\/media?parent=229754"}],"wp:term":[{"taxonomy":"category","embeddable":true,"href":"https:\/\/www.manaus.am.gov.br\/semcom\/wp-json\/wp\/v2\/categories?post=229754"},{"taxonomy":"post_tag","embeddable":true,"href":"https:\/\/www.manaus.am.gov.br\/semcom\/wp-json\/wp\/v2\/tags?post=229754"}],"curies":[{"name":"wp","href":"https:\/\/api.w.org\/{rel}","templated":true}]}}