{"id":229751,"date":"2024-05-29T17:10:07","date_gmt":"2024-05-29T20:10:07","guid":{"rendered":"https:\/\/www.manaus.am.gov.br\/semcom\/artesaos-cadastrados\/"},"modified":"2024-05-29T17:24:54","modified_gmt":"2024-05-29T20:24:54","slug":"artesaos-cadastrados","status":"publish","type":"post","link":"https:\/\/www.manaus.am.gov.br\/semcom\/artesaos-cadastrados\/","title":{"rendered":"Prefeitura registra aumento de mais de 600% no n\u00famero de artes\u00e3os cadastrados na Semtepi"},"content":{"rendered":"\n<p>Em pouco mais de tr\u00eas anos, a Prefeitura de Manaus registrou uma eleva\u00e7\u00e3o de 616% no n\u00famero de artes\u00e3os cadastrados no banco de dados do Departamento de Economia Solid\u00e1ria e Criativa (Desc), da Secretaria Municipal do Trabalho, Empreendedorismo e Inova\u00e7\u00e3o (Semtepi). Nesse per\u00edodo, as a\u00e7\u00f5es da gest\u00e3o municipal de incentivo a essa categoria de trabalhadores resultaram em um salto de 236 artes\u00e3os inscritos em dezembro de 2020, para 1.691 participantes nos programas de fomento \u00e0 economia solid\u00e1ria e criativa no munic\u00edpio.<\/p>\n\n\n\n<p>A quantidade de feiras itinerantes, nas quais os artes\u00e3os podem expor, comercializar e receber encomendas de seus produtos, subiu de 31, em 2021, para 189 at\u00e9 abril deste ano, um aumento de 509%. Esse resultado tamb\u00e9m reflete no faturamento registrado nessas oportunidades. No primeiro ano da gest\u00e3o do prefeito David Almeida, o faturamento total registrado foi de R$ 136.161,62. At\u00e9 o m\u00eas de abril deste ano, o acumulado do arrecadado nas feiras de artesanato alcan\u00e7a a soma de R$ 2.862.009,00<\/p>\n\n\n\n<p>\u201cSabemos que nos \u00faltimos anos, em especial no per\u00edodo p\u00f3s-pandemia de Covid-19, o mercado de trabalho formal n\u00e3o tem conseguido dar conta da demanda de m\u00e3o de obra dispon\u00edvel. E a economia solid\u00e1ria e criativa tem se mostrado uma alternativa significativa na gera\u00e7\u00e3o de renda. Por essa raz\u00e3o, nossa gest\u00e3o vem investindo na valoriza\u00e7\u00e3o do trabalho manual, na produ\u00e7\u00e3o sustent\u00e1vel e na promo\u00e7\u00e3o da inclus\u00e3o social. E os resultados t\u00eam sido muito positivos\u201d, aponta o prefeito de Manaus, David Almeida.&nbsp;<\/p>\n\n\n\n<p>Por meio da Semtepi, empreendedores locais, grupos de cooperativas, artes\u00e3os e profissionais da \u00e1rea criativa recebem o apoio necess\u00e1rio ao desenvolvimento de suas atividades, por meio de oportunidades de capacita\u00e7\u00e3o, qualifica\u00e7\u00e3o ou aprimoramento, al\u00e9m da organiza\u00e7\u00e3o de feiras itinerantes e exposi\u00e7\u00f5es em diferentes pontos da cidade, contribuindo para a ampla divulga\u00e7\u00e3o e comercializa\u00e7\u00e3o do que \u00e9 produzido pelos artes\u00e3os cadastrados.<\/p>\n\n\n\n<p>S\u00f3 no ano de 2023, a Semtepi, por meio do Departamento de Economia Solid\u00e1ria e Criativa\/Desc, apoiou a\u00e7\u00f5es de gera\u00e7\u00e3o de trabalho e renda por meio de processos de forma\u00e7\u00e3o, produ\u00e7\u00e3o, exposi\u00e7\u00e3o e comercializa\u00e7\u00e3o de produtos e servi\u00e7os da cadeia produtiva nos moldes de economia solid\u00e1ria e criativa.<\/p>\n\n\n\n<p>Dentre os resultados, destacam-se 1.691 apoios aos empreendedores da rede de economia solid\u00e1ria e criativa; 59 para a realiza\u00e7\u00e3o de feiras, exposi\u00e7\u00f5es e eventos; 175 artes\u00f5es qualificados; e faturamento total de R$ 940.995,99.<\/p>\n\n\n\n<p>Na gest\u00e3o do prefeito David Almeida, foram criados dois pontos fixos de artesanato em Manaus, ambos situados em espa\u00e7os tur\u00edsticos: cal\u00e7ad\u00e3o da Ponta Negra, na zona Oeste, e mirante L\u00facia Almeida, na zona Sul. A a\u00e7\u00e3o beneficia diretamente mais de 80 empreendedores semanalmente, garantindo renda e visibilidade aos empreendedores.<\/p>\n\n\n\n<p>&#8212; &#8212; &#8212;<\/p>\n\n\n\n<p><strong>Texto<\/strong> \u2013 Sandra Monteiro \/ Semcom<\/p>\n\n\n\n<p><strong>Fotos<\/strong> \u2013 Arquivo \/ Semcom<\/p>\n","protected":false},"excerpt":{"rendered":"","protected":false},"author":61,"featured_media":229752,"comment_status":"closed","ping_status":"closed","sticky":false,"template":"","format":"standard","meta":{"footnotes":""},"categories":[585],"tags":[1407,586,588,4776,4939,77,22],"acf":[],"yoast_head":"<!-- This site is optimized with the Yoast SEO plugin v23.0 - https:\/\/yoast.com\/wordpress\/plugins\/seo\/ -->\n<title>Prefeitura registra aumento de mais de 600% no n\u00famero de artes\u00e3os cadastrados na Semtepi<\/title>\n<meta name=\"description\" content=\"Em pouco mais de tr\u00eas anos, a Prefeitura de Manaus registrou uma eleva\u00e7\u00e3o de 616% no n\u00famero de artes\u00e3os cadastrados no banco de dados da Semtepi.\" \/>\n<meta name=\"robots\" content=\"index, follow, max-snippet:-1, max-image-preview:large, max-video-preview:-1\" \/>\n<link rel=\"canonical\" href=\"https:\/\/www.manaus.am.gov.br\/semcom\/artesaos-cadastrados\/\" \/>\n<meta property=\"og:locale\" content=\"pt_BR\" \/>\n<meta property=\"og:type\" content=\"article\" \/>\n<meta property=\"og:title\" content=\"Prefeitura registra aumento de mais de 600% no n\u00famero de artes\u00e3os cadastrados na Semtepi\" \/>\n<meta property=\"og:description\" content=\"Em pouco mais de tr\u00eas anos, a Prefeitura de Manaus registrou uma eleva\u00e7\u00e3o de 616% no n\u00famero de artes\u00e3os cadastrados no banco de dados da Semtepi.\" \/>\n<meta property=\"og:url\" content=\"https:\/\/www.manaus.am.gov.br\/semcom\/artesaos-cadastrados\/\" \/>\n<meta property=\"og:site_name\" content=\"SEMCOM\" \/>\n<meta property=\"article:published_time\" content=\"2024-05-29T20:10:07+00:00\" \/>\n<meta property=\"article:modified_time\" content=\"2024-05-29T20:24:54+00:00\" \/>\n<meta property=\"og:image\" content=\"https:\/\/www.manaus.am.gov.br\/semcom\/wp-content\/uploads\/sites\/5\/2024\/05\/Economia-Criativa-6.jpeg\" \/>\n\t<meta property=\"og:image:width\" content=\"2560\" \/>\n\t<meta property=\"og:image:height\" content=\"1706\" \/>\n\t<meta property=\"og:image:type\" content=\"image\/jpeg\" \/>\n<meta name=\"author\" content=\"smonteiro\" \/>\n<meta name=\"twitter:card\" content=\"summary_large_image\" \/>\n<meta name=\"twitter:label1\" content=\"Written by\" \/>\n\t<meta name=\"twitter:data1\" content=\"smonteiro\" \/>\n\t<meta name=\"twitter:label2\" content=\"Est. reading time\" \/>\n\t<meta name=\"twitter:data2\" content=\"3 minutos\" \/>\n<script type=\"application\/ld+json\" class=\"yoast-schema-graph\">{\"@context\":\"https:\/\/schema.org\",\"@graph\":[{\"@type\":\"WebPage\",\"@id\":\"https:\/\/www.manaus.am.gov.br\/semcom\/artesaos-cadastrados\/\",\"url\":\"https:\/\/www.manaus.am.gov.br\/semcom\/artesaos-cadastrados\/\",\"name\":\"Prefeitura registra aumento de mais de 600% no n\u00famero de artes\u00e3os cadastrados na Semtepi\",\"isPartOf\":{\"@id\":\"https:\/\/www.manaus.am.gov.br\/semcom\/#website\"},\"primaryImageOfPage\":{\"@id\":\"https:\/\/www.manaus.am.gov.br\/semcom\/artesaos-cadastrados\/#primaryimage\"},\"image\":{\"@id\":\"https:\/\/www.manaus.am.gov.br\/semcom\/artesaos-cadastrados\/#primaryimage\"},\"thumbnailUrl\":\"https:\/\/www.manaus.am.gov.br\/semcom\/wp-content\/uploads\/sites\/5\/2024\/05\/Economia-Criativa-6.jpeg\",\"datePublished\":\"2024-05-29T20:10:07+00:00\",\"dateModified\":\"2024-05-29T20:24:54+00:00\",\"author\":{\"@id\":\"https:\/\/www.manaus.am.gov.br\/semcom\/#\/schema\/person\/ab4dcf766a54dff74e8d267f5c591961\"},\"description\":\"Em pouco mais de tr\u00eas anos, a Prefeitura de Manaus registrou uma eleva\u00e7\u00e3o de 616% no n\u00famero de artes\u00e3os cadastrados no banco de dados da Semtepi.\",\"inLanguage\":\"pt-BR\",\"potentialAction\":[{\"@type\":\"ReadAction\",\"target\":[\"https:\/\/www.manaus.am.gov.br\/semcom\/artesaos-cadastrados\/\"]}]},{\"@type\":\"ImageObject\",\"inLanguage\":\"pt-BR\",\"@id\":\"https:\/\/www.manaus.am.gov.br\/semcom\/artesaos-cadastrados\/#primaryimage\",\"url\":\"https:\/\/www.manaus.am.gov.br\/semcom\/wp-content\/uploads\/sites\/5\/2024\/05\/Economia-Criativa-6.jpeg\",\"contentUrl\":\"https:\/\/www.manaus.am.gov.br\/semcom\/wp-content\/uploads\/sites\/5\/2024\/05\/Economia-Criativa-6.jpeg\",\"width\":2560,\"height\":1706,\"caption\":\"#paratodosverem - artes\u00e3 exibe seu trabalho\"},{\"@type\":\"WebSite\",\"@id\":\"https:\/\/www.manaus.am.gov.br\/semcom\/#website\",\"url\":\"https:\/\/www.manaus.am.gov.br\/semcom\/\",\"name\":\"SEMCOM\",\"description\":\"Secretaria Municipal de Comunica\u00e7\u00e3o\",\"potentialAction\":[{\"@type\":\"SearchAction\",\"target\":{\"@type\":\"EntryPoint\",\"urlTemplate\":\"https:\/\/www.manaus.am.gov.br\/semcom\/?s={search_term_string}\"},\"query-input\":\"required name=search_term_string\"}],\"inLanguage\":\"pt-BR\"},{\"@type\":\"Person\",\"@id\":\"https:\/\/www.manaus.am.gov.br\/semcom\/#\/schema\/person\/ab4dcf766a54dff74e8d267f5c591961\",\"name\":\"smonteiro\",\"image\":{\"@type\":\"ImageObject\",\"inLanguage\":\"pt-BR\",\"@id\":\"https:\/\/www.manaus.am.gov.br\/semcom\/#\/schema\/person\/image\/\",\"url\":\"https:\/\/secure.gravatar.com\/avatar\/21c8776ef61d9272c73322052e042d77?s=96&d=mm&r=g\",\"contentUrl\":\"https:\/\/secure.gravatar.com\/avatar\/21c8776ef61d9272c73322052e042d77?s=96&d=mm&r=g\",\"caption\":\"smonteiro\"}}]}<\/script>\n<!-- \/ Yoast SEO plugin. -->","yoast_head_json":{"title":"Prefeitura registra aumento de mais de 600% no n\u00famero de artes\u00e3os cadastrados na Semtepi","description":"Em pouco mais de tr\u00eas anos, a Prefeitura de Manaus registrou uma eleva\u00e7\u00e3o de 616% no n\u00famero de artes\u00e3os cadastrados no banco de dados da Semtepi.","robots":{"index":"index","follow":"follow","max-snippet":"max-snippet:-1","max-image-preview":"max-image-preview:large","max-video-preview":"max-video-preview:-1"},"canonical":"https:\/\/www.manaus.am.gov.br\/semcom\/artesaos-cadastrados\/","og_locale":"pt_BR","og_type":"article","og_title":"Prefeitura registra aumento de mais de 600% no n\u00famero de artes\u00e3os cadastrados na Semtepi","og_description":"Em pouco mais de tr\u00eas anos, a Prefeitura de Manaus registrou uma eleva\u00e7\u00e3o de 616% no n\u00famero de artes\u00e3os cadastrados no banco de dados da Semtepi.","og_url":"https:\/\/www.manaus.am.gov.br\/semcom\/artesaos-cadastrados\/","og_site_name":"SEMCOM","article_published_time":"2024-05-29T20:10:07+00:00","article_modified_time":"2024-05-29T20:24:54+00:00","og_image":[{"width":2560,"height":1706,"url":"https:\/\/www.manaus.am.gov.br\/semcom\/wp-content\/uploads\/sites\/5\/2024\/05\/Economia-Criativa-6.jpeg","type":"image\/jpeg"}],"author":"smonteiro","twitter_card":"summary_large_image","twitter_misc":{"Written by":"smonteiro","Est. reading time":"3 minutos"},"schema":{"@context":"https:\/\/schema.org","@graph":[{"@type":"WebPage","@id":"https:\/\/www.manaus.am.gov.br\/semcom\/artesaos-cadastrados\/","url":"https:\/\/www.manaus.am.gov.br\/semcom\/artesaos-cadastrados\/","name":"Prefeitura registra aumento de mais de 600% no n\u00famero de artes\u00e3os cadastrados na Semtepi","isPartOf":{"@id":"https:\/\/www.manaus.am.gov.br\/semcom\/#website"},"primaryImageOfPage":{"@id":"https:\/\/www.manaus.am.gov.br\/semcom\/artesaos-cadastrados\/#primaryimage"},"image":{"@id":"https:\/\/www.manaus.am.gov.br\/semcom\/artesaos-cadastrados\/#primaryimage"},"thumbnailUrl":"https:\/\/www.manaus.am.gov.br\/semcom\/wp-content\/uploads\/sites\/5\/2024\/05\/Economia-Criativa-6.jpeg","datePublished":"2024-05-29T20:10:07+00:00","dateModified":"2024-05-29T20:24:54+00:00","author":{"@id":"https:\/\/www.manaus.am.gov.br\/semcom\/#\/schema\/person\/ab4dcf766a54dff74e8d267f5c591961"},"description":"Em pouco mais de tr\u00eas anos, a Prefeitura de Manaus registrou uma eleva\u00e7\u00e3o de 616% no n\u00famero de artes\u00e3os cadastrados no banco de dados da Semtepi.","inLanguage":"pt-BR","potentialAction":[{"@type":"ReadAction","target":["https:\/\/www.manaus.am.gov.br\/semcom\/artesaos-cadastrados\/"]}]},{"@type":"ImageObject","inLanguage":"pt-BR","@id":"https:\/\/www.manaus.am.gov.br\/semcom\/artesaos-cadastrados\/#primaryimage","url":"https:\/\/www.manaus.am.gov.br\/semcom\/wp-content\/uploads\/sites\/5\/2024\/05\/Economia-Criativa-6.jpeg","contentUrl":"https:\/\/www.manaus.am.gov.br\/semcom\/wp-content\/uploads\/sites\/5\/2024\/05\/Economia-Criativa-6.jpeg","width":2560,"height":1706,"caption":"#paratodosverem - artes\u00e3 exibe seu trabalho"},{"@type":"WebSite","@id":"https:\/\/www.manaus.am.gov.br\/semcom\/#website","url":"https:\/\/www.manaus.am.gov.br\/semcom\/","name":"SEMCOM","description":"Secretaria Municipal de Comunica\u00e7\u00e3o","potentialAction":[{"@type":"SearchAction","target":{"@type":"EntryPoint","urlTemplate":"https:\/\/www.manaus.am.gov.br\/semcom\/?s={search_term_string}"},"query-input":"required name=search_term_string"}],"inLanguage":"pt-BR"},{"@type":"Person","@id":"https:\/\/www.manaus.am.gov.br\/semcom\/#\/schema\/person\/ab4dcf766a54dff74e8d267f5c591961","name":"smonteiro","image":{"@type":"ImageObject","inLanguage":"pt-BR","@id":"https:\/\/www.manaus.am.gov.br\/semcom\/#\/schema\/person\/image\/","url":"https:\/\/secure.gravatar.com\/avatar\/21c8776ef61d9272c73322052e042d77?s=96&d=mm&r=g","contentUrl":"https:\/\/secure.gravatar.com\/avatar\/21c8776ef61d9272c73322052e042d77?s=96&d=mm&r=g","caption":"smonteiro"}}]}},"_links":{"self":[{"href":"https:\/\/www.manaus.am.gov.br\/semcom\/wp-json\/wp\/v2\/posts\/229751"}],"collection":[{"href":"https:\/\/www.manaus.am.gov.br\/semcom\/wp-json\/wp\/v2\/posts"}],"about":[{"href":"https:\/\/www.manaus.am.gov.br\/semcom\/wp-json\/wp\/v2\/types\/post"}],"author":[{"embeddable":true,"href":"https:\/\/www.manaus.am.gov.br\/semcom\/wp-json\/wp\/v2\/users\/61"}],"replies":[{"embeddable":true,"href":"https:\/\/www.manaus.am.gov.br\/semcom\/wp-json\/wp\/v2\/comments?post=229751"}],"version-history":[{"count":1,"href":"https:\/\/www.manaus.am.gov.br\/semcom\/wp-json\/wp\/v2\/posts\/229751\/revisions"}],"predecessor-version":[{"id":229753,"href":"https:\/\/www.manaus.am.gov.br\/semcom\/wp-json\/wp\/v2\/posts\/229751\/revisions\/229753"}],"wp:featuredmedia":[{"embeddable":true,"href":"https:\/\/www.manaus.am.gov.br\/semcom\/wp-json\/wp\/v2\/media\/229752"}],"wp:attachment":[{"href":"https:\/\/www.manaus.am.gov.br\/semcom\/wp-json\/wp\/v2\/media?parent=229751"}],"wp:term":[{"taxonomy":"category","embeddable":true,"href":"https:\/\/www.manaus.am.gov.br\/semcom\/wp-json\/wp\/v2\/categories?post=229751"},{"taxonomy":"post_tag","embeddable":true,"href":"https:\/\/www.manaus.am.gov.br\/semcom\/wp-json\/wp\/v2\/tags?post=229751"}],"curies":[{"name":"wp","href":"https:\/\/api.w.org\/{rel}","templated":true}]}}