{"id":229394,"date":"2024-05-21T21:39:49","date_gmt":"2024-05-22T00:39:49","guid":{"rendered":"https:\/\/www.manaus.am.gov.br\/semcom\/guarda-municipal-estruturada\/"},"modified":"2024-05-21T21:39:51","modified_gmt":"2024-05-22T00:39:51","slug":"guarda-municipal-estruturada","status":"publish","type":"post","link":"https:\/\/www.manaus.am.gov.br\/semcom\/guarda-municipal-estruturada\/","title":{"rendered":"Guarda Municipal est\u00e1 sendo estruturada para colaborar com sistema de seguran\u00e7a p\u00fablica em Manaus"},"content":{"rendered":"\n<p>A Guarda Municipal de Manaus (GMM), com mais de 74 anos de exist\u00eancia, vem recebendo a aten\u00e7\u00e3o necess\u00e1ria para melhoria das condi\u00e7\u00f5es de trabalho e poder colaborar com o sistema de seguran\u00e7a p\u00fablica na capital, conforme informa\u00e7\u00f5es do prefeito David Almeida, em entrevista concedida nesta ter\u00e7a-feira, 21\/5, para o programa 18Horas, da R\u00e1dio MIX.<\/p>\n\n\n\n<p>Na entrevista, o prefeito explicou que a responsabilidade pela seguran\u00e7a p\u00fablica \u00e9 do governo estadual, por meio da Pol\u00edcia Militar, mas que a Guarda Municipal est\u00e1 sendo devidamente equipada para poder colaborar na seguran\u00e7a de pr\u00e9dios p\u00fablicos municipais e demais estruturas administradas pela prefeitura, como parques, terminais de \u00f4nibus, escolas, creches, feiras, mercados e unidades de sa\u00fade.<\/p>\n\n\n\n<p>\u201cA seguran\u00e7a \u00e9 atribui\u00e7\u00e3o do governo, a Pol\u00edcia Militar nunca vai ser substitu\u00edda, ela \u00e9 soberana. S\u00f3 que n\u00f3s temos como dar uma ajuda com a nossa guarda. N\u00f3s assumimos uma corpora\u00e7\u00e3o que tinha apenas duas viaturas. Fizemos concurso p\u00fablico, armamos, treinamos, equipamos e hoje estamos com 34 viaturas, mais 200 homens e mulheres entrando para o efetivo. N\u00f3s temos todo o servi\u00e7o de intelig\u00eancia na Guarda Municipal\u201d, informou o chefe do Executivo municipal.<\/p>\n\n\n\n<p>David Almeida acrescentou que a reestrutura\u00e7\u00e3o da Guarda Municipal j\u00e1 est\u00e1 resultando no combate a assaltos em ve\u00edculos do transporte coletivo. \u201cAcabo de receber uma foto que acabamos de frustrar mais um assalto dentro do transporte coletivo. Ent\u00e3o, a Guarda Municipal vai funcionar assim. N\u00f3s estamos fazendo um trabalho que vem somar, agregar, a gente n\u00e3o quer substituir, n\u00e3o. A gente quer atua\u00e7\u00e3o em parceria com a Pol\u00edcia Militar, que \u00e9 atribui\u00e7\u00e3o do governo estadual\u201d, explicou o prefeito.<\/p>\n\n\n\n<p>Cronograma de entregas<\/p>\n\n\n\n<p>Ainda durante a entrevista, o prefeito citou uma lista de obras previstas para serem entregues ao longo do ano at\u00e9 o final do seu mandato, como feiras e mercados reformados, unidades de sa\u00fade novas e reformadas, restaurantes populares, escolas reformadas, complexos esportivos, casas reformadas, novos viadutos, terminais de \u00f4nibus e mais de 2.300 ruas recapeadas, por meio do programa \u201cAsfalta Manaus\u201d.<\/p>\n\n\n\n<p>Almeida indicou quais as grandes entregas previstas para os pr\u00f3ximos meses: o Terminal de Integra\u00e7\u00e3o &#8211; T7, na zona Oeste; o P\u00eder Tur\u00edstico de Manaus, no Centro; a segunda etapa do parque Amazonino Mendes e primeira etapa do parque Gigantes da Floresta, ambos localizados entre as zonas Norte e Leste; viaduto Rei Pel\u00e9, zona Norte; e o novo viaduto na avenida das Torres, na zona Leste.<\/p>\n\n\n\n<p>\u201cTudo isso a gente est\u00e1 trabalhando para que a gente possa entregar para a popula\u00e7\u00e3o. Eu sou um cara que tem muitas atribui\u00e7\u00f5es, muito trabalho, e foco nas entregas para melhorar a qualidade de vida da popula\u00e7\u00e3o da nossa cidade\u201d, concluiu Almeida.<\/p>\n\n\n\n<p>&#8212; &#8212; &#8212;<\/p>\n\n\n\n<p><strong>Texto<\/strong> \u2013 Geraldo Farias \/ Semcom<\/p>\n\n\n\n<p><strong>Fotos<\/strong> &#8211;&nbsp; Arquivo \/ Semcom<\/p>\n","protected":false},"excerpt":{"rendered":"","protected":false},"author":61,"featured_media":229395,"comment_status":"closed","ping_status":"closed","sticky":false,"template":"","format":"standard","meta":{"footnotes":""},"categories":[9619],"tags":[35,11738,1491,77,101,349],"acf":[],"yoast_head":"<!-- This site is optimized with the Yoast SEO plugin v23.0 - https:\/\/yoast.com\/wordpress\/plugins\/seo\/ -->\n<title>Guarda Municipal est\u00e1 sendo estruturada para colaborar com sistema de seguran\u00e7a p\u00fablica em Manaus<\/title>\n<meta name=\"description\" content=\"A Guarda Municipal de Manaus (GMM), com mais de 74 anos de exist\u00eancia, vem recebendo a aten\u00e7\u00e3o necess\u00e1ria para melhoria das condi\u00e7\u00f5es de trabalho e poder colaborar com o sistema de seguran\u00e7a p\u00fablica na capital,\" \/>\n<meta name=\"robots\" content=\"index, follow, max-snippet:-1, max-image-preview:large, max-video-preview:-1\" \/>\n<link rel=\"canonical\" href=\"https:\/\/www.manaus.am.gov.br\/semcom\/guarda-municipal-estruturada\/\" \/>\n<meta property=\"og:locale\" content=\"pt_BR\" \/>\n<meta property=\"og:type\" content=\"article\" \/>\n<meta property=\"og:title\" content=\"Guarda Municipal est\u00e1 sendo estruturada para colaborar com sistema de seguran\u00e7a p\u00fablica em Manaus\" \/>\n<meta property=\"og:description\" content=\"A Guarda Municipal de Manaus (GMM), com mais de 74 anos de exist\u00eancia, vem recebendo a aten\u00e7\u00e3o necess\u00e1ria para melhoria das condi\u00e7\u00f5es de trabalho e poder colaborar com o sistema de seguran\u00e7a p\u00fablica na capital,\" \/>\n<meta property=\"og:url\" content=\"https:\/\/www.manaus.am.gov.br\/semcom\/guarda-municipal-estruturada\/\" \/>\n<meta property=\"og:site_name\" content=\"SEMCOM\" \/>\n<meta property=\"article:published_time\" content=\"2024-05-22T00:39:49+00:00\" \/>\n<meta property=\"article:modified_time\" content=\"2024-05-22T00:39:51+00:00\" \/>\n<meta property=\"og:image\" content=\"https:\/\/www.manaus.am.gov.br\/semcom\/wp-content\/uploads\/sites\/5\/2024\/05\/Entrevista-Prefeito-MIX-3.jpeg\" \/>\n\t<meta property=\"og:image:width\" content=\"2560\" \/>\n\t<meta property=\"og:image:height\" content=\"1706\" \/>\n\t<meta property=\"og:image:type\" content=\"image\/jpeg\" \/>\n<meta name=\"author\" content=\"smonteiro\" \/>\n<meta name=\"twitter:card\" content=\"summary_large_image\" \/>\n<meta name=\"twitter:label1\" content=\"Written by\" \/>\n\t<meta name=\"twitter:data1\" content=\"smonteiro\" \/>\n\t<meta name=\"twitter:label2\" content=\"Est. reading time\" \/>\n\t<meta name=\"twitter:data2\" content=\"3 minutos\" \/>\n<script type=\"application\/ld+json\" class=\"yoast-schema-graph\">{\"@context\":\"https:\/\/schema.org\",\"@graph\":[{\"@type\":\"WebPage\",\"@id\":\"https:\/\/www.manaus.am.gov.br\/semcom\/guarda-municipal-estruturada\/\",\"url\":\"https:\/\/www.manaus.am.gov.br\/semcom\/guarda-municipal-estruturada\/\",\"name\":\"Guarda Municipal est\u00e1 sendo estruturada para colaborar com sistema de seguran\u00e7a p\u00fablica em Manaus\",\"isPartOf\":{\"@id\":\"https:\/\/www.manaus.am.gov.br\/semcom\/#website\"},\"primaryImageOfPage\":{\"@id\":\"https:\/\/www.manaus.am.gov.br\/semcom\/guarda-municipal-estruturada\/#primaryimage\"},\"image\":{\"@id\":\"https:\/\/www.manaus.am.gov.br\/semcom\/guarda-municipal-estruturada\/#primaryimage\"},\"thumbnailUrl\":\"https:\/\/www.manaus.am.gov.br\/semcom\/wp-content\/uploads\/sites\/5\/2024\/05\/Entrevista-Prefeito-MIX-3.jpeg\",\"datePublished\":\"2024-05-22T00:39:49+00:00\",\"dateModified\":\"2024-05-22T00:39:51+00:00\",\"author\":{\"@id\":\"https:\/\/www.manaus.am.gov.br\/semcom\/#\/schema\/person\/ab4dcf766a54dff74e8d267f5c591961\"},\"description\":\"A Guarda Municipal de Manaus (GMM), com mais de 74 anos de exist\u00eancia, vem recebendo a aten\u00e7\u00e3o necess\u00e1ria para melhoria das condi\u00e7\u00f5es de trabalho e poder colaborar com o sistema de seguran\u00e7a p\u00fablica na capital,\",\"inLanguage\":\"pt-BR\",\"potentialAction\":[{\"@type\":\"ReadAction\",\"target\":[\"https:\/\/www.manaus.am.gov.br\/semcom\/guarda-municipal-estruturada\/\"]}]},{\"@type\":\"ImageObject\",\"inLanguage\":\"pt-BR\",\"@id\":\"https:\/\/www.manaus.am.gov.br\/semcom\/guarda-municipal-estruturada\/#primaryimage\",\"url\":\"https:\/\/www.manaus.am.gov.br\/semcom\/wp-content\/uploads\/sites\/5\/2024\/05\/Entrevista-Prefeito-MIX-3.jpeg\",\"contentUrl\":\"https:\/\/www.manaus.am.gov.br\/semcom\/wp-content\/uploads\/sites\/5\/2024\/05\/Entrevista-Prefeito-MIX-3.jpeg\",\"width\":2560,\"height\":1706,\"caption\":\"#paratodosverem - prefeito fala para Guardas Municipais sobre reestrutura\u00e7\u00e3o\"},{\"@type\":\"WebSite\",\"@id\":\"https:\/\/www.manaus.am.gov.br\/semcom\/#website\",\"url\":\"https:\/\/www.manaus.am.gov.br\/semcom\/\",\"name\":\"SEMCOM\",\"description\":\"Secretaria Municipal de Comunica\u00e7\u00e3o\",\"potentialAction\":[{\"@type\":\"SearchAction\",\"target\":{\"@type\":\"EntryPoint\",\"urlTemplate\":\"https:\/\/www.manaus.am.gov.br\/semcom\/?s={search_term_string}\"},\"query-input\":\"required name=search_term_string\"}],\"inLanguage\":\"pt-BR\"},{\"@type\":\"Person\",\"@id\":\"https:\/\/www.manaus.am.gov.br\/semcom\/#\/schema\/person\/ab4dcf766a54dff74e8d267f5c591961\",\"name\":\"smonteiro\",\"image\":{\"@type\":\"ImageObject\",\"inLanguage\":\"pt-BR\",\"@id\":\"https:\/\/www.manaus.am.gov.br\/semcom\/#\/schema\/person\/image\/\",\"url\":\"https:\/\/secure.gravatar.com\/avatar\/21c8776ef61d9272c73322052e042d77?s=96&d=mm&r=g\",\"contentUrl\":\"https:\/\/secure.gravatar.com\/avatar\/21c8776ef61d9272c73322052e042d77?s=96&d=mm&r=g\",\"caption\":\"smonteiro\"}}]}<\/script>\n<!-- \/ Yoast SEO plugin. -->","yoast_head_json":{"title":"Guarda Municipal est\u00e1 sendo estruturada para colaborar com sistema de seguran\u00e7a p\u00fablica em Manaus","description":"A Guarda Municipal de Manaus (GMM), com mais de 74 anos de exist\u00eancia, vem recebendo a aten\u00e7\u00e3o necess\u00e1ria para melhoria das condi\u00e7\u00f5es de trabalho e poder colaborar com o sistema de seguran\u00e7a p\u00fablica na capital,","robots":{"index":"index","follow":"follow","max-snippet":"max-snippet:-1","max-image-preview":"max-image-preview:large","max-video-preview":"max-video-preview:-1"},"canonical":"https:\/\/www.manaus.am.gov.br\/semcom\/guarda-municipal-estruturada\/","og_locale":"pt_BR","og_type":"article","og_title":"Guarda Municipal est\u00e1 sendo estruturada para colaborar com sistema de seguran\u00e7a p\u00fablica em Manaus","og_description":"A Guarda Municipal de Manaus (GMM), com mais de 74 anos de exist\u00eancia, vem recebendo a aten\u00e7\u00e3o necess\u00e1ria para melhoria das condi\u00e7\u00f5es de trabalho e poder colaborar com o sistema de seguran\u00e7a p\u00fablica na capital,","og_url":"https:\/\/www.manaus.am.gov.br\/semcom\/guarda-municipal-estruturada\/","og_site_name":"SEMCOM","article_published_time":"2024-05-22T00:39:49+00:00","article_modified_time":"2024-05-22T00:39:51+00:00","og_image":[{"width":2560,"height":1706,"url":"https:\/\/www.manaus.am.gov.br\/semcom\/wp-content\/uploads\/sites\/5\/2024\/05\/Entrevista-Prefeito-MIX-3.jpeg","type":"image\/jpeg"}],"author":"smonteiro","twitter_card":"summary_large_image","twitter_misc":{"Written by":"smonteiro","Est. reading time":"3 minutos"},"schema":{"@context":"https:\/\/schema.org","@graph":[{"@type":"WebPage","@id":"https:\/\/www.manaus.am.gov.br\/semcom\/guarda-municipal-estruturada\/","url":"https:\/\/www.manaus.am.gov.br\/semcom\/guarda-municipal-estruturada\/","name":"Guarda Municipal est\u00e1 sendo estruturada para colaborar com sistema de seguran\u00e7a p\u00fablica em Manaus","isPartOf":{"@id":"https:\/\/www.manaus.am.gov.br\/semcom\/#website"},"primaryImageOfPage":{"@id":"https:\/\/www.manaus.am.gov.br\/semcom\/guarda-municipal-estruturada\/#primaryimage"},"image":{"@id":"https:\/\/www.manaus.am.gov.br\/semcom\/guarda-municipal-estruturada\/#primaryimage"},"thumbnailUrl":"https:\/\/www.manaus.am.gov.br\/semcom\/wp-content\/uploads\/sites\/5\/2024\/05\/Entrevista-Prefeito-MIX-3.jpeg","datePublished":"2024-05-22T00:39:49+00:00","dateModified":"2024-05-22T00:39:51+00:00","author":{"@id":"https:\/\/www.manaus.am.gov.br\/semcom\/#\/schema\/person\/ab4dcf766a54dff74e8d267f5c591961"},"description":"A Guarda Municipal de Manaus (GMM), com mais de 74 anos de exist\u00eancia, vem recebendo a aten\u00e7\u00e3o necess\u00e1ria para melhoria das condi\u00e7\u00f5es de trabalho e poder colaborar com o sistema de seguran\u00e7a p\u00fablica na capital,","inLanguage":"pt-BR","potentialAction":[{"@type":"ReadAction","target":["https:\/\/www.manaus.am.gov.br\/semcom\/guarda-municipal-estruturada\/"]}]},{"@type":"ImageObject","inLanguage":"pt-BR","@id":"https:\/\/www.manaus.am.gov.br\/semcom\/guarda-municipal-estruturada\/#primaryimage","url":"https:\/\/www.manaus.am.gov.br\/semcom\/wp-content\/uploads\/sites\/5\/2024\/05\/Entrevista-Prefeito-MIX-3.jpeg","contentUrl":"https:\/\/www.manaus.am.gov.br\/semcom\/wp-content\/uploads\/sites\/5\/2024\/05\/Entrevista-Prefeito-MIX-3.jpeg","width":2560,"height":1706,"caption":"#paratodosverem - prefeito fala para Guardas Municipais sobre reestrutura\u00e7\u00e3o"},{"@type":"WebSite","@id":"https:\/\/www.manaus.am.gov.br\/semcom\/#website","url":"https:\/\/www.manaus.am.gov.br\/semcom\/","name":"SEMCOM","description":"Secretaria Municipal de Comunica\u00e7\u00e3o","potentialAction":[{"@type":"SearchAction","target":{"@type":"EntryPoint","urlTemplate":"https:\/\/www.manaus.am.gov.br\/semcom\/?s={search_term_string}"},"query-input":"required name=search_term_string"}],"inLanguage":"pt-BR"},{"@type":"Person","@id":"https:\/\/www.manaus.am.gov.br\/semcom\/#\/schema\/person\/ab4dcf766a54dff74e8d267f5c591961","name":"smonteiro","image":{"@type":"ImageObject","inLanguage":"pt-BR","@id":"https:\/\/www.manaus.am.gov.br\/semcom\/#\/schema\/person\/image\/","url":"https:\/\/secure.gravatar.com\/avatar\/21c8776ef61d9272c73322052e042d77?s=96&d=mm&r=g","contentUrl":"https:\/\/secure.gravatar.com\/avatar\/21c8776ef61d9272c73322052e042d77?s=96&d=mm&r=g","caption":"smonteiro"}}]}},"_links":{"self":[{"href":"https:\/\/www.manaus.am.gov.br\/semcom\/wp-json\/wp\/v2\/posts\/229394"}],"collection":[{"href":"https:\/\/www.manaus.am.gov.br\/semcom\/wp-json\/wp\/v2\/posts"}],"about":[{"href":"https:\/\/www.manaus.am.gov.br\/semcom\/wp-json\/wp\/v2\/types\/post"}],"author":[{"embeddable":true,"href":"https:\/\/www.manaus.am.gov.br\/semcom\/wp-json\/wp\/v2\/users\/61"}],"replies":[{"embeddable":true,"href":"https:\/\/www.manaus.am.gov.br\/semcom\/wp-json\/wp\/v2\/comments?post=229394"}],"version-history":[{"count":0,"href":"https:\/\/www.manaus.am.gov.br\/semcom\/wp-json\/wp\/v2\/posts\/229394\/revisions"}],"wp:featuredmedia":[{"embeddable":true,"href":"https:\/\/www.manaus.am.gov.br\/semcom\/wp-json\/wp\/v2\/media\/229395"}],"wp:attachment":[{"href":"https:\/\/www.manaus.am.gov.br\/semcom\/wp-json\/wp\/v2\/media?parent=229394"}],"wp:term":[{"taxonomy":"category","embeddable":true,"href":"https:\/\/www.manaus.am.gov.br\/semcom\/wp-json\/wp\/v2\/categories?post=229394"},{"taxonomy":"post_tag","embeddable":true,"href":"https:\/\/www.manaus.am.gov.br\/semcom\/wp-json\/wp\/v2\/tags?post=229394"}],"curies":[{"name":"wp","href":"https:\/\/api.w.org\/{rel}","templated":true}]}}