{"id":229308,"date":"2024-05-20T14:38:24","date_gmt":"2024-05-20T17:38:24","guid":{"rendered":"https:\/\/www.manaus.am.gov.br\/semcom\/inclusao-socioeducacional-342-mil-bolsas\/"},"modified":"2024-05-20T14:38:25","modified_gmt":"2024-05-20T17:38:25","slug":"inclusao-socioeducacional-342-mil-bolsas","status":"publish","type":"post","link":"https:\/\/www.manaus.am.gov.br\/semcom\/inclusao-socioeducacional-342-mil-bolsas\/","title":{"rendered":"Programa de inclus\u00e3o socioeducacional oferta 342 mil bolsas de estudo em tr\u00eas anos"},"content":{"rendered":"\n<p>O sonho de ingressar no ensino superior ou de aprender um novo idioma se tornou realidade para milhares de manauaras em pouco mais de tr\u00eas anos de gest\u00e3o do prefeito David Almeida. No per\u00edodo, a Prefeitura de Manaus ofereceu 342 mil oportunidades a partir dos tr\u00eas programas de inclus\u00e3o socioeducacional, Bolsa Universidade, Bolsa Idiomas e Bolsa P\u00f3s-Gradua\u00e7\u00e3o, gerenciados pela Escola de Servi\u00e7o P\u00fablico e Inclus\u00e3o Socioeducacional (Espi), \u00f3rg\u00e3o vinculado \u00e0 Secretaria Municipal de Administra\u00e7\u00e3o, Planejamento e Gest\u00e3o (Semad).<\/p>\n\n\n\n<p>\u201cAcreditamos que a educa\u00e7\u00e3o \u00e9 a chave capaz de mudar para melhor a vida das pessoas. Esses programas s\u00e3o os maiores da hist\u00f3ria que a prefeitura j\u00e1 ofereceu, \u00e9 isso que n\u00f3s queremos, transformar os servi\u00e7os p\u00fablicos da cidade de Manaus nos melhores do Brasil. Que as pessoas com bolsas integrais ou parciais de estudo possam crescer nas suas jornadas e nas suas qualifica\u00e7\u00f5es\u201d, destacou o prefeito David Almeida.<\/p>\n\n\n\n<p>Refer\u00eancia em programa de bolsa universidade municipal e ferramenta de democratiza\u00e7\u00e3o do acesso ao ensino superior, o Programa Bolsa Universidade (PBU), desde janeiro de 2021, permitiu que estudantes de baixa renda conquistassem a t\u00e3o sonhada vaga na faculdade, com descontos de 50%, 75% e 100% em 15 institui\u00e7\u00f5es privadas.<\/p>\n\n\n\n<p>\u201cSomente a edi\u00e7\u00e3o de 2024 ofereceu mais de 34 mil oportunidades, alcan\u00e7ando 152.676 o quantitativo de bolsas de estudos disponibilizadas na atual gest\u00e3o, nesta modalidade. \u00c9 a prefeitura dando a sua contribui\u00e7\u00e3o em ofertar \u00e0s fam\u00edlias, \u00e0s pessoas de baixa renda, que n\u00e3o teriam condi\u00e7\u00f5es de cursar uma faculdade em n\u00edvel superior a terem a oportunidade de serem inseridas, posteriormente, no mercado de trabalho ainda mais qualificadas\u201d, enfatizou o titular da Secretaria Municipal de Administra\u00e7\u00e3o, Planejamento e Gest\u00e3o (Semad), Ebenezer Bezerra.<\/p>\n\n\n\n<p>As bolsas s\u00e3o para 74 cursos de n\u00edvel superior, sendo 38 de bacharelado, seis de licenciatura e 30 tecnol\u00f3gicos.<\/p>\n\n\n\n<p><strong>P\u00f3s-Gradua\u00e7\u00e3o<\/strong><\/p>\n\n\n\n<p>Com tr\u00eas editais lan\u00e7ados na gest\u00e3o do prefeito David Almeida e a oferta de 163 cursos de especializa\u00e7\u00e3o, o Programa Bolsa P\u00f3s-Gradua\u00e7\u00e3o assegurou milhares de pessoas em cursos&nbsp;<em>lato sensu<\/em>, na modalidade de ensino presencial, desde 2021.<\/p>\n\n\n\n<p>\u201cQuem j\u00e1 tem forma\u00e7\u00e3o acad\u00eamica e deseja se aperfei\u00e7oar para um mercado de trabalho cada vez mais exigente tem tamb\u00e9m o suporte da prefeitura a partir da oferta de bolsas parciais e integrais. \u00c9 a prefeitura dando mais oportunidade a partir do seu programa de socioinclus\u00e3o\u201d, refor\u00e7ou o prefeito David Almeida.<\/p>\n\n\n\n<p>Para concorrer a uma bolsa de estudo, o candidato deve ser brasileiro nato ou naturalizado; possuir renda familiar bruta n\u00e3o excedente a tr\u00eas sal\u00e1rios m\u00ednimos e meio; ser residente na cidade de Manaus; ser graduado; n\u00e3o possuir curso de especializa\u00e7\u00e3o; assumir o compromisso de participar das atividades, programas e projetos executados pela Prefeitura de Manaus.<\/p>\n\n\n\n<p><strong>Bolsa Idiomas<\/strong><\/p>\n\n\n\n<p>Outro programa com n\u00fameros positivos na gest\u00e3o municipal \u00e9 o Programa Bolsa Idiomas (PBI). Por ele, crian\u00e7as, jovens e adultos manauaras t\u00eam a oportunidade de aprender uma l\u00edngua estrangeira, com bolsas integral (100%) e parciais (75% e 50%) em 16 institui\u00e7\u00f5es de ensino de idiomas.<\/p>\n\n\n\n<p>Nas diferentes zonas da cidade, os contemplados est\u00e3o aprendendo um dos sete idiomas oferecidos: ingl\u00eas, espanhol, alem\u00e3o, franc\u00eas, italiano, japon\u00eas e mandarim. Na edi\u00e7\u00e3o deste ano, a oferta de bolsas de estudo nessa modalidade \u00e9 de 38.264 oportunidades. \u201cNossa equipe est\u00e1 empenhada e animada para entregar o melhor Bolsa Idiomas para a nossa cidade\u201d, assegurou o diretor-geral da Espi, Raimundo Pimentel Filho.<\/p>\n\n\n\n<p>Segundo Pimentel Filho, os n\u00fameros do programa de inclus\u00e3o socioeducacional s\u00e3o surpreendentes em termos de quantitativo de bolsas e de pessoas contempladas tamb\u00e9m. \u201cNo Bolsa Idiomas, por exemplo, a idade limite para ter acesso a uma bolsa foi ampliada para 10 anos, o que representa um grande avan\u00e7o\u201d, mencionou.&nbsp;<\/p>\n\n\n\n<p>&#8212; &#8212; &#8212;<\/p>\n\n\n\n<p><strong>Texto<\/strong> \u2013 Divulga\u00e7\u00e3o\/Semcom<\/p>\n\n\n\n<p><strong>Fotos <\/strong>\u2013 Arquivo\/Semcom<\/p>\n","protected":false},"excerpt":{"rendered":"","protected":false},"author":25,"featured_media":229309,"comment_status":"closed","ping_status":"closed","sticky":false,"template":"","format":"standard","meta":{"footnotes":""},"categories":[3051],"tags":[3567,8438,11708,11670,934,838],"acf":[],"yoast_head":"<!-- This site is optimized with the Yoast SEO plugin v23.0 - https:\/\/yoast.com\/wordpress\/plugins\/seo\/ -->\n<title>Programa de inclus\u00e3o socioeducacional oferta 342 mil bolsas de estudo em tr\u00eas anos<\/title>\n<meta name=\"description\" content=\"O sonho de ingressar no ensino superior ou de aprender um novo idioma se tornou realidade para milhares de manauaras em pouco mais de tr\u00eas anos de gest\u00e3o do prefeito David Almeida\" \/>\n<meta name=\"robots\" content=\"index, follow, max-snippet:-1, max-image-preview:large, max-video-preview:-1\" \/>\n<link rel=\"canonical\" href=\"https:\/\/www.manaus.am.gov.br\/semcom\/inclusao-socioeducacional-342-mil-bolsas\/\" \/>\n<meta property=\"og:locale\" content=\"pt_BR\" \/>\n<meta property=\"og:type\" content=\"article\" \/>\n<meta property=\"og:title\" content=\"Programa de inclus\u00e3o socioeducacional oferta 342 mil bolsas de estudo em tr\u00eas anos\" \/>\n<meta property=\"og:description\" content=\"O sonho de ingressar no ensino superior ou de aprender um novo idioma se tornou realidade para milhares de manauaras em pouco mais de tr\u00eas anos de gest\u00e3o do prefeito David Almeida\" \/>\n<meta property=\"og:url\" content=\"https:\/\/www.manaus.am.gov.br\/semcom\/inclusao-socioeducacional-342-mil-bolsas\/\" \/>\n<meta property=\"og:site_name\" content=\"SEMCOM\" \/>\n<meta property=\"article:published_time\" content=\"2024-05-20T17:38:24+00:00\" \/>\n<meta property=\"article:modified_time\" content=\"2024-05-20T17:38:25+00:00\" \/>\n<meta property=\"og:image\" content=\"https:\/\/www.manaus.am.gov.br\/semcom\/wp-content\/uploads\/sites\/5\/2024\/05\/WhatsApp-Image-2024-05-20-at-11.52.10.jpeg\" \/>\n\t<meta property=\"og:image:width\" content=\"2560\" \/>\n\t<meta property=\"og:image:height\" content=\"1706\" \/>\n\t<meta property=\"og:image:type\" content=\"image\/jpeg\" \/>\n<meta name=\"author\" content=\"Maur\u00edcio Freire\" \/>\n<meta name=\"twitter:card\" content=\"summary_large_image\" \/>\n<meta name=\"twitter:label1\" content=\"Written by\" \/>\n\t<meta name=\"twitter:data1\" content=\"Maur\u00edcio Freire\" \/>\n\t<meta name=\"twitter:label2\" content=\"Est. reading time\" \/>\n\t<meta name=\"twitter:data2\" content=\"4 minutos\" \/>\n<script type=\"application\/ld+json\" class=\"yoast-schema-graph\">{\"@context\":\"https:\/\/schema.org\",\"@graph\":[{\"@type\":\"WebPage\",\"@id\":\"https:\/\/www.manaus.am.gov.br\/semcom\/inclusao-socioeducacional-342-mil-bolsas\/\",\"url\":\"https:\/\/www.manaus.am.gov.br\/semcom\/inclusao-socioeducacional-342-mil-bolsas\/\",\"name\":\"Programa de inclus\u00e3o socioeducacional oferta 342 mil bolsas de estudo em tr\u00eas anos\",\"isPartOf\":{\"@id\":\"https:\/\/www.manaus.am.gov.br\/semcom\/#website\"},\"primaryImageOfPage\":{\"@id\":\"https:\/\/www.manaus.am.gov.br\/semcom\/inclusao-socioeducacional-342-mil-bolsas\/#primaryimage\"},\"image\":{\"@id\":\"https:\/\/www.manaus.am.gov.br\/semcom\/inclusao-socioeducacional-342-mil-bolsas\/#primaryimage\"},\"thumbnailUrl\":\"https:\/\/www.manaus.am.gov.br\/semcom\/wp-content\/uploads\/sites\/5\/2024\/05\/WhatsApp-Image-2024-05-20-at-11.52.10.jpeg\",\"datePublished\":\"2024-05-20T17:38:24+00:00\",\"dateModified\":\"2024-05-20T17:38:25+00:00\",\"author\":{\"@id\":\"https:\/\/www.manaus.am.gov.br\/semcom\/#\/schema\/person\/587989a23a463cde5618e6a028977a9a\"},\"description\":\"O sonho de ingressar no ensino superior ou de aprender um novo idioma se tornou realidade para milhares de manauaras em pouco mais de tr\u00eas anos de gest\u00e3o do prefeito David Almeida\",\"inLanguage\":\"pt-BR\",\"potentialAction\":[{\"@type\":\"ReadAction\",\"target\":[\"https:\/\/www.manaus.am.gov.br\/semcom\/inclusao-socioeducacional-342-mil-bolsas\/\"]}]},{\"@type\":\"ImageObject\",\"inLanguage\":\"pt-BR\",\"@id\":\"https:\/\/www.manaus.am.gov.br\/semcom\/inclusao-socioeducacional-342-mil-bolsas\/#primaryimage\",\"url\":\"https:\/\/www.manaus.am.gov.br\/semcom\/wp-content\/uploads\/sites\/5\/2024\/05\/WhatsApp-Image-2024-05-20-at-11.52.10.jpeg\",\"contentUrl\":\"https:\/\/www.manaus.am.gov.br\/semcom\/wp-content\/uploads\/sites\/5\/2024\/05\/WhatsApp-Image-2024-05-20-at-11.52.10.jpeg\",\"width\":2560,\"height\":1706,\"caption\":\"#paratodosverem prefeito David Almeida durante o lan\u00e7amento do Bolsa Universidade 2024\"},{\"@type\":\"WebSite\",\"@id\":\"https:\/\/www.manaus.am.gov.br\/semcom\/#website\",\"url\":\"https:\/\/www.manaus.am.gov.br\/semcom\/\",\"name\":\"SEMCOM\",\"description\":\"Secretaria Municipal de Comunica\u00e7\u00e3o\",\"potentialAction\":[{\"@type\":\"SearchAction\",\"target\":{\"@type\":\"EntryPoint\",\"urlTemplate\":\"https:\/\/www.manaus.am.gov.br\/semcom\/?s={search_term_string}\"},\"query-input\":\"required name=search_term_string\"}],\"inLanguage\":\"pt-BR\"},{\"@type\":\"Person\",\"@id\":\"https:\/\/www.manaus.am.gov.br\/semcom\/#\/schema\/person\/587989a23a463cde5618e6a028977a9a\",\"name\":\"Maur\u00edcio Freire\",\"image\":{\"@type\":\"ImageObject\",\"inLanguage\":\"pt-BR\",\"@id\":\"https:\/\/www.manaus.am.gov.br\/semcom\/#\/schema\/person\/image\/\",\"url\":\"https:\/\/secure.gravatar.com\/avatar\/dc1481799a1f75c733ac3b2634cd6749?s=96&d=mm&r=g\",\"contentUrl\":\"https:\/\/secure.gravatar.com\/avatar\/dc1481799a1f75c733ac3b2634cd6749?s=96&d=mm&r=g\",\"caption\":\"Maur\u00edcio Freire\"}}]}<\/script>\n<!-- \/ Yoast SEO plugin. -->","yoast_head_json":{"title":"Programa de inclus\u00e3o socioeducacional oferta 342 mil bolsas de estudo em tr\u00eas anos","description":"O sonho de ingressar no ensino superior ou de aprender um novo idioma se tornou realidade para milhares de manauaras em pouco mais de tr\u00eas anos de gest\u00e3o do prefeito David Almeida","robots":{"index":"index","follow":"follow","max-snippet":"max-snippet:-1","max-image-preview":"max-image-preview:large","max-video-preview":"max-video-preview:-1"},"canonical":"https:\/\/www.manaus.am.gov.br\/semcom\/inclusao-socioeducacional-342-mil-bolsas\/","og_locale":"pt_BR","og_type":"article","og_title":"Programa de inclus\u00e3o socioeducacional oferta 342 mil bolsas de estudo em tr\u00eas anos","og_description":"O sonho de ingressar no ensino superior ou de aprender um novo idioma se tornou realidade para milhares de manauaras em pouco mais de tr\u00eas anos de gest\u00e3o do prefeito David Almeida","og_url":"https:\/\/www.manaus.am.gov.br\/semcom\/inclusao-socioeducacional-342-mil-bolsas\/","og_site_name":"SEMCOM","article_published_time":"2024-05-20T17:38:24+00:00","article_modified_time":"2024-05-20T17:38:25+00:00","og_image":[{"width":2560,"height":1706,"url":"https:\/\/www.manaus.am.gov.br\/semcom\/wp-content\/uploads\/sites\/5\/2024\/05\/WhatsApp-Image-2024-05-20-at-11.52.10.jpeg","type":"image\/jpeg"}],"author":"Maur\u00edcio Freire","twitter_card":"summary_large_image","twitter_misc":{"Written by":"Maur\u00edcio Freire","Est. reading time":"4 minutos"},"schema":{"@context":"https:\/\/schema.org","@graph":[{"@type":"WebPage","@id":"https:\/\/www.manaus.am.gov.br\/semcom\/inclusao-socioeducacional-342-mil-bolsas\/","url":"https:\/\/www.manaus.am.gov.br\/semcom\/inclusao-socioeducacional-342-mil-bolsas\/","name":"Programa de inclus\u00e3o socioeducacional oferta 342 mil bolsas de estudo em tr\u00eas anos","isPartOf":{"@id":"https:\/\/www.manaus.am.gov.br\/semcom\/#website"},"primaryImageOfPage":{"@id":"https:\/\/www.manaus.am.gov.br\/semcom\/inclusao-socioeducacional-342-mil-bolsas\/#primaryimage"},"image":{"@id":"https:\/\/www.manaus.am.gov.br\/semcom\/inclusao-socioeducacional-342-mil-bolsas\/#primaryimage"},"thumbnailUrl":"https:\/\/www.manaus.am.gov.br\/semcom\/wp-content\/uploads\/sites\/5\/2024\/05\/WhatsApp-Image-2024-05-20-at-11.52.10.jpeg","datePublished":"2024-05-20T17:38:24+00:00","dateModified":"2024-05-20T17:38:25+00:00","author":{"@id":"https:\/\/www.manaus.am.gov.br\/semcom\/#\/schema\/person\/587989a23a463cde5618e6a028977a9a"},"description":"O sonho de ingressar no ensino superior ou de aprender um novo idioma se tornou realidade para milhares de manauaras em pouco mais de tr\u00eas anos de gest\u00e3o do prefeito David Almeida","inLanguage":"pt-BR","potentialAction":[{"@type":"ReadAction","target":["https:\/\/www.manaus.am.gov.br\/semcom\/inclusao-socioeducacional-342-mil-bolsas\/"]}]},{"@type":"ImageObject","inLanguage":"pt-BR","@id":"https:\/\/www.manaus.am.gov.br\/semcom\/inclusao-socioeducacional-342-mil-bolsas\/#primaryimage","url":"https:\/\/www.manaus.am.gov.br\/semcom\/wp-content\/uploads\/sites\/5\/2024\/05\/WhatsApp-Image-2024-05-20-at-11.52.10.jpeg","contentUrl":"https:\/\/www.manaus.am.gov.br\/semcom\/wp-content\/uploads\/sites\/5\/2024\/05\/WhatsApp-Image-2024-05-20-at-11.52.10.jpeg","width":2560,"height":1706,"caption":"#paratodosverem prefeito David Almeida durante o lan\u00e7amento do Bolsa Universidade 2024"},{"@type":"WebSite","@id":"https:\/\/www.manaus.am.gov.br\/semcom\/#website","url":"https:\/\/www.manaus.am.gov.br\/semcom\/","name":"SEMCOM","description":"Secretaria Municipal de Comunica\u00e7\u00e3o","potentialAction":[{"@type":"SearchAction","target":{"@type":"EntryPoint","urlTemplate":"https:\/\/www.manaus.am.gov.br\/semcom\/?s={search_term_string}"},"query-input":"required name=search_term_string"}],"inLanguage":"pt-BR"},{"@type":"Person","@id":"https:\/\/www.manaus.am.gov.br\/semcom\/#\/schema\/person\/587989a23a463cde5618e6a028977a9a","name":"Maur\u00edcio Freire","image":{"@type":"ImageObject","inLanguage":"pt-BR","@id":"https:\/\/www.manaus.am.gov.br\/semcom\/#\/schema\/person\/image\/","url":"https:\/\/secure.gravatar.com\/avatar\/dc1481799a1f75c733ac3b2634cd6749?s=96&d=mm&r=g","contentUrl":"https:\/\/secure.gravatar.com\/avatar\/dc1481799a1f75c733ac3b2634cd6749?s=96&d=mm&r=g","caption":"Maur\u00edcio Freire"}}]}},"_links":{"self":[{"href":"https:\/\/www.manaus.am.gov.br\/semcom\/wp-json\/wp\/v2\/posts\/229308"}],"collection":[{"href":"https:\/\/www.manaus.am.gov.br\/semcom\/wp-json\/wp\/v2\/posts"}],"about":[{"href":"https:\/\/www.manaus.am.gov.br\/semcom\/wp-json\/wp\/v2\/types\/post"}],"author":[{"embeddable":true,"href":"https:\/\/www.manaus.am.gov.br\/semcom\/wp-json\/wp\/v2\/users\/25"}],"replies":[{"embeddable":true,"href":"https:\/\/www.manaus.am.gov.br\/semcom\/wp-json\/wp\/v2\/comments?post=229308"}],"version-history":[{"count":0,"href":"https:\/\/www.manaus.am.gov.br\/semcom\/wp-json\/wp\/v2\/posts\/229308\/revisions"}],"wp:featuredmedia":[{"embeddable":true,"href":"https:\/\/www.manaus.am.gov.br\/semcom\/wp-json\/wp\/v2\/media\/229309"}],"wp:attachment":[{"href":"https:\/\/www.manaus.am.gov.br\/semcom\/wp-json\/wp\/v2\/media?parent=229308"}],"wp:term":[{"taxonomy":"category","embeddable":true,"href":"https:\/\/www.manaus.am.gov.br\/semcom\/wp-json\/wp\/v2\/categories?post=229308"},{"taxonomy":"post_tag","embeddable":true,"href":"https:\/\/www.manaus.am.gov.br\/semcom\/wp-json\/wp\/v2\/tags?post=229308"}],"curies":[{"name":"wp","href":"https:\/\/api.w.org\/{rel}","templated":true}]}}