{"id":229302,"date":"2024-05-20T12:58:15","date_gmt":"2024-05-20T15:58:15","guid":{"rendered":"https:\/\/www.manaus.am.gov.br\/semcom\/paa-semacc\/"},"modified":"2024-05-20T12:58:16","modified_gmt":"2024-05-20T15:58:16","slug":"paa-semacc","status":"publish","type":"post","link":"https:\/\/www.manaus.am.gov.br\/semcom\/paa-semacc\/","title":{"rendered":"Prefeitura de Manaus inicia chamamento p\u00fablico para o Programa de Aquisi\u00e7\u00e3o de Alimentos"},"content":{"rendered":"\n<p>&nbsp;A Prefeitura de Manaus, por meio da Secretaria Municipal de Agricultura, Abastecimento, Centro e Com\u00e9rcio Informal (Semacc), abre, no dia 29 de maio, o prazo de inscri\u00e7\u00f5es para a Chamada P\u00fablica n\u00ba&nbsp;001\/2024, que visa a aquisi\u00e7\u00e3o de g\u00eaneros aliment\u00edcios da agricultura familiar para o Programa de Aquisi\u00e7\u00e3o de Alimentos (PAA), do governo federal.<\/p>\n\n\n\n<p>O objetivo \u00e9 promover o acesso \u00e0 alimenta\u00e7\u00e3o saud\u00e1vel, \u00e0 seguran\u00e7a alimentar e \u00e0 inclus\u00e3o econ\u00f4mica e social, por meio da compra de produtos da agricultura familiar, com prioridade para grupos em situa\u00e7\u00e3o de vulnerabilidade social e nutricional.<\/p>\n\n\n\n<p>As inscri\u00e7\u00f5es ser\u00e3o realizadas na sede da Semacc, localizada na rua Carvalho Paes de Andrade, n\u00ba 140, bairro S\u00e3o Francisco, no per\u00edodo de 29 de maio a 3 de junho, no hor\u00e1rio comercial. O projeto tem disponibilizado o valor total de R$ 600 mil para a aquisi\u00e7\u00e3o dos alimentos.<\/p>\n\n\n\n<p>De acordo com o secret\u00e1rio da Semacc, Wanderson Costa, Manaus estava h\u00e1 aproximadamente 20 anos sem participar do PAA, devido a antigos entraves pol\u00edticos. Entretanto, ap\u00f3s visita a Bras\u00edlia (DF) do prefeito David Almeida e do titular da Semacc em busca de recursos, o&nbsp;presidente&nbsp;Luiz&nbsp;In\u00e1cio&nbsp;Lula da Silva&nbsp;viabilizou o projeto e, hoje, j\u00e1 \u00e9 uma realidade.&nbsp;<\/p>\n\n\n\n<p>\u201cManaus ficou muitos anos de fora do programa, mas, desde que assumiu a prefeitura, o prefeito David Almeida n\u00e3o ficou um dia sem pensar nas possibilidades de trazer o projeto para a capital amazonense. Ap\u00f3s reuni\u00f5es no Minist\u00e9rio de Desenvolvimento Agr\u00e1rio (MDA) e com o presidente Lula, foi feita a ades\u00e3o ao programa. Agora, vamos aguardar as inscri\u00e7\u00f5es que v\u00e3o passar pelo nosso corpo t\u00e9cnico e dar andamento com o programa que \u00e9 de extrema import\u00e2ncia para todos\u201d, concluiu Costa&nbsp;<\/p>\n\n\n\n<p><strong>Chamamento<\/strong><\/p>\n\n\n\n<p>&nbsp;Todos os agricultores enquadrados no Programa Nacional de Fortalecimento da Agricultura Familiar (Pronaf) ou no Cadastro da Agricultura Familiar (CAF); que estejam com as documenta\u00e7\u00f5es como DAP\/CAF v\u00e1lida e Cart\u00e3o do Produtor Rural (Idam) regular; produtores que produzam alimentos de forma diversificada e com boas pr\u00e1ticas agr\u00edcolas e que n\u00e3o utilizem m\u00e3o de obra infantil. Documenta\u00e7\u00e3o para inscri\u00e7\u00e3o: C\u00f3pia do RG; C\u00f3pia do CPF; Comprovante de resid\u00eancia; &nbsp;Cart\u00e3o do Produtor Rural (Idam); DAP\/CAF principal e extrato; &nbsp;Proposta de fornecimento de alimentos (anexo II e III). Crit\u00e9rios de Prioriza\u00e7\u00e3o: Agricultores que j\u00e1 participam do PAA; Grupos especiais (quilombolas, ind\u00edgenas, agroextrativistas, ribeirinhos, atingidos por barragens, assentados e pr\u00e9-assentados); Mulheres trabalhadoras rurais pronafianas; Agricultores do Grupo \u201cB\u201d do Pronaf ou inseridos no Cad\u00danico; Agricultores org\u00e2nicos; Idade.<\/p>\n\n\n\n<p>O edital completo est\u00e1 dispon\u00edvel no site da Semacc&nbsp;<a href=\"https:\/\/www.manaus.am.gov.br\/semacc\/\" target=\"_blank\" rel=\"noreferrer noopener\">https:\/\/www.manaus.am.gov.br\/semacc\/<\/a>. Informa\u00e7\u00f5es adicionais podem ser obtidas na sede da secretaria, no hor\u00e1rio das 8h \u00e0s 17h, de segunda a sexta-feira.&nbsp;<\/p>\n\n\n\n<p>&#8212; &#8212; &#8212;<\/p>\n\n\n\n<p><strong>Texto<\/strong> &#8211; Polyana Brelaz\/Semacc<\/p>\n\n\n\n<p><strong>Fotos<\/strong> &#8211; Gildo Smith\/Semacc<\/p>\n","protected":false},"excerpt":{"rendered":"","protected":false},"author":23,"featured_media":229303,"comment_status":"closed","ping_status":"closed","sticky":false,"template":"","format":"standard","meta":{"footnotes":""},"categories":[561],"tags":[1801,11702,11703,11704,77,55],"acf":[],"yoast_head":"<!-- This site is optimized with the Yoast SEO plugin v23.0 - https:\/\/yoast.com\/wordpress\/plugins\/seo\/ -->\n<title>Prefeitura de Manaus inicia chamamento p\u00fablico para o Programa de Aquisi\u00e7\u00e3o de Alimentos<\/title>\n<meta name=\"description\" content=\"A Prefeitura de Manaus, por meio da Secretaria Municipal de Agricultura, Abastecimento, Centro e Com\u00e9rcio Informal (Semacc), abre, no dia 29 de maio, o prazo de inscri\u00e7\u00f5es para a Chamada P\u00fablica n\u00ba 001\/2024, que visa a aquisi\u00e7\u00e3o de g\u00eaneros aliment\u00edcios da agricultura familiar para o Programa de Aquisi\u00e7\u00e3o de Alimentos (PAA), do governo federal.\" \/>\n<meta name=\"robots\" content=\"index, follow, max-snippet:-1, max-image-preview:large, max-video-preview:-1\" \/>\n<link rel=\"canonical\" href=\"https:\/\/www.manaus.am.gov.br\/semcom\/paa-semacc\/\" \/>\n<meta property=\"og:locale\" content=\"pt_BR\" \/>\n<meta property=\"og:type\" content=\"article\" \/>\n<meta property=\"og:title\" content=\"Prefeitura de Manaus inicia chamamento p\u00fablico para o Programa de Aquisi\u00e7\u00e3o de Alimentos\" \/>\n<meta property=\"og:description\" content=\"A Prefeitura de Manaus, por meio da Secretaria Municipal de Agricultura, Abastecimento, Centro e Com\u00e9rcio Informal (Semacc), abre, no dia 29 de maio, o prazo de inscri\u00e7\u00f5es para a Chamada P\u00fablica n\u00ba 001\/2024, que visa a aquisi\u00e7\u00e3o de g\u00eaneros aliment\u00edcios da agricultura familiar para o Programa de Aquisi\u00e7\u00e3o de Alimentos (PAA), do governo federal.\" \/>\n<meta property=\"og:url\" content=\"https:\/\/www.manaus.am.gov.br\/semcom\/paa-semacc\/\" \/>\n<meta property=\"og:site_name\" content=\"SEMCOM\" \/>\n<meta property=\"article:published_time\" content=\"2024-05-20T15:58:15+00:00\" \/>\n<meta property=\"article:modified_time\" content=\"2024-05-20T15:58:16+00:00\" \/>\n<meta property=\"og:image\" content=\"https:\/\/www.manaus.am.gov.br\/semcom\/wp-content\/uploads\/sites\/5\/2024\/05\/Semacc3.jpg\" \/>\n\t<meta property=\"og:image:width\" content=\"1280\" \/>\n\t<meta property=\"og:image:height\" content=\"960\" \/>\n\t<meta property=\"og:image:type\" content=\"image\/jpeg\" \/>\n<meta name=\"author\" content=\"Adriana Costa\" \/>\n<meta name=\"twitter:card\" content=\"summary_large_image\" \/>\n<meta name=\"twitter:label1\" content=\"Written by\" \/>\n\t<meta name=\"twitter:data1\" content=\"Adriana Costa\" \/>\n\t<meta name=\"twitter:label2\" content=\"Est. reading time\" \/>\n\t<meta name=\"twitter:data2\" content=\"3 minutos\" \/>\n<script type=\"application\/ld+json\" class=\"yoast-schema-graph\">{\"@context\":\"https:\/\/schema.org\",\"@graph\":[{\"@type\":\"WebPage\",\"@id\":\"https:\/\/www.manaus.am.gov.br\/semcom\/paa-semacc\/\",\"url\":\"https:\/\/www.manaus.am.gov.br\/semcom\/paa-semacc\/\",\"name\":\"Prefeitura de Manaus inicia chamamento p\u00fablico para o Programa de Aquisi\u00e7\u00e3o de Alimentos\",\"isPartOf\":{\"@id\":\"https:\/\/www.manaus.am.gov.br\/semcom\/#website\"},\"primaryImageOfPage\":{\"@id\":\"https:\/\/www.manaus.am.gov.br\/semcom\/paa-semacc\/#primaryimage\"},\"image\":{\"@id\":\"https:\/\/www.manaus.am.gov.br\/semcom\/paa-semacc\/#primaryimage\"},\"thumbnailUrl\":\"https:\/\/www.manaus.am.gov.br\/semcom\/wp-content\/uploads\/sites\/5\/2024\/05\/Semacc3.jpg\",\"datePublished\":\"2024-05-20T15:58:15+00:00\",\"dateModified\":\"2024-05-20T15:58:16+00:00\",\"author\":{\"@id\":\"https:\/\/www.manaus.am.gov.br\/semcom\/#\/schema\/person\/4e49f4e267757a06ca072ec61b2b9968\"},\"description\":\"A Prefeitura de Manaus, por meio da Secretaria Municipal de Agricultura, Abastecimento, Centro e Com\u00e9rcio Informal (Semacc), abre, no dia 29 de maio, o prazo de inscri\u00e7\u00f5es para a Chamada P\u00fablica n\u00ba 001\/2024, que visa a aquisi\u00e7\u00e3o de g\u00eaneros aliment\u00edcios da agricultura familiar para o Programa de Aquisi\u00e7\u00e3o de Alimentos (PAA), do governo federal.\",\"inLanguage\":\"pt-BR\",\"potentialAction\":[{\"@type\":\"ReadAction\",\"target\":[\"https:\/\/www.manaus.am.gov.br\/semcom\/paa-semacc\/\"]}]},{\"@type\":\"ImageObject\",\"inLanguage\":\"pt-BR\",\"@id\":\"https:\/\/www.manaus.am.gov.br\/semcom\/paa-semacc\/#primaryimage\",\"url\":\"https:\/\/www.manaus.am.gov.br\/semcom\/wp-content\/uploads\/sites\/5\/2024\/05\/Semacc3.jpg\",\"contentUrl\":\"https:\/\/www.manaus.am.gov.br\/semcom\/wp-content\/uploads\/sites\/5\/2024\/05\/Semacc3.jpg\",\"width\":1280,\"height\":960},{\"@type\":\"WebSite\",\"@id\":\"https:\/\/www.manaus.am.gov.br\/semcom\/#website\",\"url\":\"https:\/\/www.manaus.am.gov.br\/semcom\/\",\"name\":\"SEMCOM\",\"description\":\"Secretaria Municipal de Comunica\u00e7\u00e3o\",\"potentialAction\":[{\"@type\":\"SearchAction\",\"target\":{\"@type\":\"EntryPoint\",\"urlTemplate\":\"https:\/\/www.manaus.am.gov.br\/semcom\/?s={search_term_string}\"},\"query-input\":\"required name=search_term_string\"}],\"inLanguage\":\"pt-BR\"},{\"@type\":\"Person\",\"@id\":\"https:\/\/www.manaus.am.gov.br\/semcom\/#\/schema\/person\/4e49f4e267757a06ca072ec61b2b9968\",\"name\":\"Adriana Costa\",\"image\":{\"@type\":\"ImageObject\",\"inLanguage\":\"pt-BR\",\"@id\":\"https:\/\/www.manaus.am.gov.br\/semcom\/#\/schema\/person\/image\/\",\"url\":\"https:\/\/secure.gravatar.com\/avatar\/576258617ef7194f718179e766d57bd4?s=96&d=mm&r=g\",\"contentUrl\":\"https:\/\/secure.gravatar.com\/avatar\/576258617ef7194f718179e766d57bd4?s=96&d=mm&r=g\",\"caption\":\"Adriana Costa\"}}]}<\/script>\n<!-- \/ Yoast SEO plugin. -->","yoast_head_json":{"title":"Prefeitura de Manaus inicia chamamento p\u00fablico para o Programa de Aquisi\u00e7\u00e3o de Alimentos","description":"A Prefeitura de Manaus, por meio da Secretaria Municipal de Agricultura, Abastecimento, Centro e Com\u00e9rcio Informal (Semacc), abre, no dia 29 de maio, o prazo de inscri\u00e7\u00f5es para a Chamada P\u00fablica n\u00ba 001\/2024, que visa a aquisi\u00e7\u00e3o de g\u00eaneros aliment\u00edcios da agricultura familiar para o Programa de Aquisi\u00e7\u00e3o de Alimentos (PAA), do governo federal.","robots":{"index":"index","follow":"follow","max-snippet":"max-snippet:-1","max-image-preview":"max-image-preview:large","max-video-preview":"max-video-preview:-1"},"canonical":"https:\/\/www.manaus.am.gov.br\/semcom\/paa-semacc\/","og_locale":"pt_BR","og_type":"article","og_title":"Prefeitura de Manaus inicia chamamento p\u00fablico para o Programa de Aquisi\u00e7\u00e3o de Alimentos","og_description":"A Prefeitura de Manaus, por meio da Secretaria Municipal de Agricultura, Abastecimento, Centro e Com\u00e9rcio Informal (Semacc), abre, no dia 29 de maio, o prazo de inscri\u00e7\u00f5es para a Chamada P\u00fablica n\u00ba 001\/2024, que visa a aquisi\u00e7\u00e3o de g\u00eaneros aliment\u00edcios da agricultura familiar para o Programa de Aquisi\u00e7\u00e3o de Alimentos (PAA), do governo federal.","og_url":"https:\/\/www.manaus.am.gov.br\/semcom\/paa-semacc\/","og_site_name":"SEMCOM","article_published_time":"2024-05-20T15:58:15+00:00","article_modified_time":"2024-05-20T15:58:16+00:00","og_image":[{"width":1280,"height":960,"url":"https:\/\/www.manaus.am.gov.br\/semcom\/wp-content\/uploads\/sites\/5\/2024\/05\/Semacc3.jpg","type":"image\/jpeg"}],"author":"Adriana Costa","twitter_card":"summary_large_image","twitter_misc":{"Written by":"Adriana Costa","Est. reading time":"3 minutos"},"schema":{"@context":"https:\/\/schema.org","@graph":[{"@type":"WebPage","@id":"https:\/\/www.manaus.am.gov.br\/semcom\/paa-semacc\/","url":"https:\/\/www.manaus.am.gov.br\/semcom\/paa-semacc\/","name":"Prefeitura de Manaus inicia chamamento p\u00fablico para o Programa de Aquisi\u00e7\u00e3o de Alimentos","isPartOf":{"@id":"https:\/\/www.manaus.am.gov.br\/semcom\/#website"},"primaryImageOfPage":{"@id":"https:\/\/www.manaus.am.gov.br\/semcom\/paa-semacc\/#primaryimage"},"image":{"@id":"https:\/\/www.manaus.am.gov.br\/semcom\/paa-semacc\/#primaryimage"},"thumbnailUrl":"https:\/\/www.manaus.am.gov.br\/semcom\/wp-content\/uploads\/sites\/5\/2024\/05\/Semacc3.jpg","datePublished":"2024-05-20T15:58:15+00:00","dateModified":"2024-05-20T15:58:16+00:00","author":{"@id":"https:\/\/www.manaus.am.gov.br\/semcom\/#\/schema\/person\/4e49f4e267757a06ca072ec61b2b9968"},"description":"A Prefeitura de Manaus, por meio da Secretaria Municipal de Agricultura, Abastecimento, Centro e Com\u00e9rcio Informal (Semacc), abre, no dia 29 de maio, o prazo de inscri\u00e7\u00f5es para a Chamada P\u00fablica n\u00ba 001\/2024, que visa a aquisi\u00e7\u00e3o de g\u00eaneros aliment\u00edcios da agricultura familiar para o Programa de Aquisi\u00e7\u00e3o de Alimentos (PAA), do governo federal.","inLanguage":"pt-BR","potentialAction":[{"@type":"ReadAction","target":["https:\/\/www.manaus.am.gov.br\/semcom\/paa-semacc\/"]}]},{"@type":"ImageObject","inLanguage":"pt-BR","@id":"https:\/\/www.manaus.am.gov.br\/semcom\/paa-semacc\/#primaryimage","url":"https:\/\/www.manaus.am.gov.br\/semcom\/wp-content\/uploads\/sites\/5\/2024\/05\/Semacc3.jpg","contentUrl":"https:\/\/www.manaus.am.gov.br\/semcom\/wp-content\/uploads\/sites\/5\/2024\/05\/Semacc3.jpg","width":1280,"height":960},{"@type":"WebSite","@id":"https:\/\/www.manaus.am.gov.br\/semcom\/#website","url":"https:\/\/www.manaus.am.gov.br\/semcom\/","name":"SEMCOM","description":"Secretaria Municipal de Comunica\u00e7\u00e3o","potentialAction":[{"@type":"SearchAction","target":{"@type":"EntryPoint","urlTemplate":"https:\/\/www.manaus.am.gov.br\/semcom\/?s={search_term_string}"},"query-input":"required name=search_term_string"}],"inLanguage":"pt-BR"},{"@type":"Person","@id":"https:\/\/www.manaus.am.gov.br\/semcom\/#\/schema\/person\/4e49f4e267757a06ca072ec61b2b9968","name":"Adriana Costa","image":{"@type":"ImageObject","inLanguage":"pt-BR","@id":"https:\/\/www.manaus.am.gov.br\/semcom\/#\/schema\/person\/image\/","url":"https:\/\/secure.gravatar.com\/avatar\/576258617ef7194f718179e766d57bd4?s=96&d=mm&r=g","contentUrl":"https:\/\/secure.gravatar.com\/avatar\/576258617ef7194f718179e766d57bd4?s=96&d=mm&r=g","caption":"Adriana Costa"}}]}},"_links":{"self":[{"href":"https:\/\/www.manaus.am.gov.br\/semcom\/wp-json\/wp\/v2\/posts\/229302"}],"collection":[{"href":"https:\/\/www.manaus.am.gov.br\/semcom\/wp-json\/wp\/v2\/posts"}],"about":[{"href":"https:\/\/www.manaus.am.gov.br\/semcom\/wp-json\/wp\/v2\/types\/post"}],"author":[{"embeddable":true,"href":"https:\/\/www.manaus.am.gov.br\/semcom\/wp-json\/wp\/v2\/users\/23"}],"replies":[{"embeddable":true,"href":"https:\/\/www.manaus.am.gov.br\/semcom\/wp-json\/wp\/v2\/comments?post=229302"}],"version-history":[{"count":0,"href":"https:\/\/www.manaus.am.gov.br\/semcom\/wp-json\/wp\/v2\/posts\/229302\/revisions"}],"wp:featuredmedia":[{"embeddable":true,"href":"https:\/\/www.manaus.am.gov.br\/semcom\/wp-json\/wp\/v2\/media\/229303"}],"wp:attachment":[{"href":"https:\/\/www.manaus.am.gov.br\/semcom\/wp-json\/wp\/v2\/media?parent=229302"}],"wp:term":[{"taxonomy":"category","embeddable":true,"href":"https:\/\/www.manaus.am.gov.br\/semcom\/wp-json\/wp\/v2\/categories?post=229302"},{"taxonomy":"post_tag","embeddable":true,"href":"https:\/\/www.manaus.am.gov.br\/semcom\/wp-json\/wp\/v2\/tags?post=229302"}],"curies":[{"name":"wp","href":"https:\/\/api.w.org\/{rel}","templated":true}]}}