{"id":229254,"date":"2024-05-18T10:34:23","date_gmt":"2024-05-18T14:34:23","guid":{"rendered":"https:\/\/www.manaus.am.gov.br\/semcom\/prefeitura-apoia-evento-combate-crime-lgbtfobia\/"},"modified":"2024-05-18T11:41:16","modified_gmt":"2024-05-18T14:41:16","slug":"prefeitura-apoia-evento-combate-crime-lgbtfobia","status":"publish","type":"post","link":"https:\/\/www.manaus.am.gov.br\/semcom\/prefeitura-apoia-evento-combate-crime-lgbtfobia\/","title":{"rendered":"Prefeitura de Manaus apoia evento de combate ao crime de LGBTfobia"},"content":{"rendered":"\n<p>A Prefeitura de Manaus, por meio da Funda\u00e7\u00e3o Municipal de Cultura, Turismo e Eventos (Manauscult), apoiou, nesta sexta-feira, 17\/5, o evento de combate ao crime de LGBTfobia realizado na pra\u00e7a da Saudade, no Centro da capital amazonense.&nbsp;<\/p>\n\n\n\n<p>A a\u00e7\u00e3o, que integra as celebra\u00e7\u00f5es do Dia Internacional de Combate \u00e0 LGBTfobia, celebrado em 17 de maio, reuniu centenas de pessoas em um dia repleto de atividades voltadas para a conscientiza\u00e7\u00e3o e promo\u00e7\u00e3o dos direitos da comunidade LGBTQIAPN+.<\/p>\n\n\n\n<p>&#8220;Apoiar eventos como este \u00e9 fundamental para promover uma sociedade mais justa e igualit\u00e1ria. A Prefeitura de Manaus reafirma seu compromisso com a defesa dos direitos humanos e com a luta contra qualquer forma de discrimina\u00e7\u00e3o&#8221;, destacou o diretor de Cultura da Manauscult, Wallace Almeida.&nbsp;<\/p>\n\n\n\n<p>Presente no evento, o professor Elton Santa Brigida, do Departamento de Ci\u00eancias Sociais da Universidade Federal do Amazonas (Ufam), acrescentou que a prefeitura \u00e9 a inst\u00e2ncia mais acess\u00edvel para a organiza\u00e7\u00e3o e cobran\u00e7a de pol\u00edticas p\u00fablicas pela sociedade civil.&nbsp;<\/p>\n\n\n\n<p>&#8220;Este apoio \u00e9 um marco hist\u00f3rico. O poder municipal, como primeira inst\u00e2ncia de organiza\u00e7\u00e3o territorial, facilita a articula\u00e7\u00e3o de pol\u00edticas p\u00fablicas e o di\u00e1logo com a sociedade civil. \u00c9 mais acess\u00edvel dialogar com a prefeitura do que com o governo federal&#8221;, concluiu.<\/p>\n\n\n\n<figure class=\"wp-block-image size-large\"><img loading=\"lazy\" decoding=\"async\" width=\"1024\" height=\"768\" src=\"https:\/\/www.manaus.am.gov.br\/semcom\/wp-content\/uploads\/sites\/5\/2024\/05\/WhatsApp-Image-2024-05-18-at-10.18.47-3-1024x768.jpeg\" alt=\"\" class=\"wp-image-229255\" srcset=\"https:\/\/www.manaus.am.gov.br\/semcom\/wp-content\/uploads\/sites\/5\/2024\/05\/WhatsApp-Image-2024-05-18-at-10.18.47-3-1024x768.jpeg 1024w, https:\/\/www.manaus.am.gov.br\/semcom\/wp-content\/uploads\/sites\/5\/2024\/05\/WhatsApp-Image-2024-05-18-at-10.18.47-3-300x225.jpeg 300w, https:\/\/www.manaus.am.gov.br\/semcom\/wp-content\/uploads\/sites\/5\/2024\/05\/WhatsApp-Image-2024-05-18-at-10.18.47-3-768x576.jpeg 768w, https:\/\/www.manaus.am.gov.br\/semcom\/wp-content\/uploads\/sites\/5\/2024\/05\/WhatsApp-Image-2024-05-18-at-10.18.47-3-1536x1152.jpeg 1536w, https:\/\/www.manaus.am.gov.br\/semcom\/wp-content\/uploads\/sites\/5\/2024\/05\/WhatsApp-Image-2024-05-18-at-10.18.47-3.jpeg 1600w\" sizes=\"(max-width: 1024px) 100vw, 1024px\" \/><\/figure>\n\n\n\n<p>A programa\u00e7\u00e3o contou com uma ampla estrutura disponibilizada pela prefeitura, que incluiu servi\u00e7os de palco, sonoriza\u00e7\u00e3o, ilumina\u00e7\u00e3o e banheiros qu\u00edmicos, permitindo a realiza\u00e7\u00e3o de apresenta\u00e7\u00f5es culturais, palestras e rodas de conversa que abordaram temas como a import\u00e2ncia da inclus\u00e3o e o combate ao preconceito. Al\u00e9m disso, aproximadamente 20 expositores participaram com a comercializa\u00e7\u00e3o de comidas, bebidas, brech\u00f3s e acess\u00f3rios&nbsp;<em>queer<\/em>.&nbsp;<\/p>\n\n\n\n<p>Garantindo uma renda extra, a jovem Thalyne Adrielle, administradora e empreendedora da loja Dona Bicha e fundadora do Coletivo Empregay, mencionou a estrutura fornecida pela prefeitura como uma oportunidade para a comunidade que trabalha&nbsp;com economia criativa e solid\u00e1ria.&nbsp;<\/p>\n\n\n\n<p>&#8220;O evento \u00e9 uma oportunidade excelente para a comunidade LGBTQIAPN+ vender seus produtos e mostrar nossa pot\u00eancia no mercado de Manaus&#8221;, agradeceu a jovem.&nbsp;<\/p>\n\n\n\n<p><strong>Para compreender: hist\u00f3rico e sigla&nbsp;<\/strong><\/p>\n\n\n\n<p>O Dia Internacional de Combate \u00e0 LGBTfobia \u00e9 celebrado mundialmente no dia 17 de maio, em mem\u00f3ria \u00e0 decis\u00e3o da Organiza\u00e7\u00e3o Mundial da Sa\u00fade (OMS), que em 1990 retirou a homossexualidade da lista do C\u00f3digo Internacional de Doen\u00e7as (CID).&nbsp;<\/p>\n\n\n\n<p>O acr\u00f4nimo LGBTQIAPN+ representa a diversidade de identidades de g\u00eanero e orienta\u00e7\u00f5es sexuais na comunidade LGBTQ+. Cada letra corresponde a uma identidade espec\u00edfica, como l\u00e9sbicas, gays, bissexuais, transg\u00eaneros, <em>queer<\/em>, intersexuais, assexuais, pansexuais e n\u00e3o bin\u00e1rios, com o sinal de adi\u00e7\u00e3o (+) indicando inclus\u00e3o de outras identidades. Este acr\u00f4nimo \u00e9 amplamente utilizado em diversos contextos, incluindo movimentos de direitos humanos, pesquisas acad\u00eamicas e institui\u00e7\u00f5es p\u00fablicas.<\/p>\n\n\n\n<p>&#8212; &#8212; &#8212;<\/p>\n\n\n\n<p><strong>Texto e fotos&nbsp;<\/strong>\u2013 Samira El kebbe\/Manauscult&nbsp;<\/p>\n","protected":false},"excerpt":{"rendered":"","protected":false},"author":39,"featured_media":229256,"comment_status":"closed","ping_status":"closed","sticky":false,"template":"","format":"standard","meta":{"footnotes":""},"categories":[4361],"tags":[11685,1786,11686,307,77],"acf":[],"yoast_head":"<!-- This site is optimized with the Yoast SEO plugin v23.0 - https:\/\/yoast.com\/wordpress\/plugins\/seo\/ -->\n<title>Prefeitura apoia evento de combate ao crime de LGBTfobia<\/title>\n<meta name=\"description\" content=\"Prefeitura de Manaus, por meio da Manauscult, apoiou, nesta sexta-feira, 17\/5, o evento de combate ao crime de LGBTfobia.\" \/>\n<meta name=\"robots\" content=\"index, follow, max-snippet:-1, max-image-preview:large, max-video-preview:-1\" \/>\n<link rel=\"canonical\" href=\"https:\/\/www.manaus.am.gov.br\/semcom\/prefeitura-apoia-evento-combate-crime-lgbtfobia\/\" \/>\n<meta property=\"og:locale\" content=\"pt_BR\" \/>\n<meta property=\"og:type\" content=\"article\" \/>\n<meta property=\"og:title\" content=\"Prefeitura apoia evento de combate ao crime de LGBTfobia\" \/>\n<meta property=\"og:description\" content=\"Prefeitura de Manaus, por meio da Manauscult, apoiou, nesta sexta-feira, 17\/5, o evento de combate ao crime de LGBTfobia.\" \/>\n<meta property=\"og:url\" content=\"https:\/\/www.manaus.am.gov.br\/semcom\/prefeitura-apoia-evento-combate-crime-lgbtfobia\/\" \/>\n<meta property=\"og:site_name\" content=\"SEMCOM\" \/>\n<meta property=\"article:published_time\" content=\"2024-05-18T14:34:23+00:00\" \/>\n<meta property=\"article:modified_time\" content=\"2024-05-18T14:41:16+00:00\" \/>\n<meta property=\"og:image\" content=\"https:\/\/www.manaus.am.gov.br\/semcom\/wp-content\/uploads\/sites\/5\/2024\/05\/WhatsApp-Image-2024-05-18-at-10.18.47-1.jpeg\" \/>\n\t<meta property=\"og:image:width\" content=\"1600\" \/>\n\t<meta property=\"og:image:height\" content=\"1200\" \/>\n\t<meta property=\"og:image:type\" content=\"image\/jpeg\" \/>\n<meta name=\"author\" content=\"Bruna Greco\" \/>\n<meta name=\"twitter:card\" content=\"summary_large_image\" \/>\n<meta name=\"twitter:label1\" content=\"Written by\" \/>\n\t<meta name=\"twitter:data1\" content=\"Bruna Greco\" \/>\n\t<meta name=\"twitter:label2\" content=\"Est. reading time\" \/>\n\t<meta name=\"twitter:data2\" content=\"3 minutos\" \/>\n<script type=\"application\/ld+json\" class=\"yoast-schema-graph\">{\"@context\":\"https:\/\/schema.org\",\"@graph\":[{\"@type\":\"WebPage\",\"@id\":\"https:\/\/www.manaus.am.gov.br\/semcom\/prefeitura-apoia-evento-combate-crime-lgbtfobia\/\",\"url\":\"https:\/\/www.manaus.am.gov.br\/semcom\/prefeitura-apoia-evento-combate-crime-lgbtfobia\/\",\"name\":\"Prefeitura apoia evento de combate ao crime de LGBTfobia\",\"isPartOf\":{\"@id\":\"https:\/\/www.manaus.am.gov.br\/semcom\/#website\"},\"primaryImageOfPage\":{\"@id\":\"https:\/\/www.manaus.am.gov.br\/semcom\/prefeitura-apoia-evento-combate-crime-lgbtfobia\/#primaryimage\"},\"image\":{\"@id\":\"https:\/\/www.manaus.am.gov.br\/semcom\/prefeitura-apoia-evento-combate-crime-lgbtfobia\/#primaryimage\"},\"thumbnailUrl\":\"https:\/\/www.manaus.am.gov.br\/semcom\/wp-content\/uploads\/sites\/5\/2024\/05\/WhatsApp-Image-2024-05-18-at-10.18.47-1.jpeg\",\"datePublished\":\"2024-05-18T14:34:23+00:00\",\"dateModified\":\"2024-05-18T14:41:16+00:00\",\"author\":{\"@id\":\"https:\/\/www.manaus.am.gov.br\/semcom\/#\/schema\/person\/05d223aea2bf115f9883a6ff3683d81b\"},\"description\":\"Prefeitura de Manaus, por meio da Manauscult, apoiou, nesta sexta-feira, 17\/5, o evento de combate ao crime de LGBTfobia.\",\"inLanguage\":\"pt-BR\",\"potentialAction\":[{\"@type\":\"ReadAction\",\"target\":[\"https:\/\/www.manaus.am.gov.br\/semcom\/prefeitura-apoia-evento-combate-crime-lgbtfobia\/\"]}]},{\"@type\":\"ImageObject\",\"inLanguage\":\"pt-BR\",\"@id\":\"https:\/\/www.manaus.am.gov.br\/semcom\/prefeitura-apoia-evento-combate-crime-lgbtfobia\/#primaryimage\",\"url\":\"https:\/\/www.manaus.am.gov.br\/semcom\/wp-content\/uploads\/sites\/5\/2024\/05\/WhatsApp-Image-2024-05-18-at-10.18.47-1.jpeg\",\"contentUrl\":\"https:\/\/www.manaus.am.gov.br\/semcom\/wp-content\/uploads\/sites\/5\/2024\/05\/WhatsApp-Image-2024-05-18-at-10.18.47-1.jpeg\",\"width\":1600,\"height\":1200,\"caption\":\"#paratodosverem - Jovem posando para foto em frente a bandeira do LGBTfobia durante evento alusivo\"},{\"@type\":\"WebSite\",\"@id\":\"https:\/\/www.manaus.am.gov.br\/semcom\/#website\",\"url\":\"https:\/\/www.manaus.am.gov.br\/semcom\/\",\"name\":\"SEMCOM\",\"description\":\"Secretaria Municipal de Comunica\u00e7\u00e3o\",\"potentialAction\":[{\"@type\":\"SearchAction\",\"target\":{\"@type\":\"EntryPoint\",\"urlTemplate\":\"https:\/\/www.manaus.am.gov.br\/semcom\/?s={search_term_string}\"},\"query-input\":\"required name=search_term_string\"}],\"inLanguage\":\"pt-BR\"},{\"@type\":\"Person\",\"@id\":\"https:\/\/www.manaus.am.gov.br\/semcom\/#\/schema\/person\/05d223aea2bf115f9883a6ff3683d81b\",\"name\":\"Bruna Greco\",\"image\":{\"@type\":\"ImageObject\",\"inLanguage\":\"pt-BR\",\"@id\":\"https:\/\/www.manaus.am.gov.br\/semcom\/#\/schema\/person\/image\/\",\"url\":\"https:\/\/secure.gravatar.com\/avatar\/9c877d1a6adc2a055330e5c09a8653ce?s=96&d=mm&r=g\",\"contentUrl\":\"https:\/\/secure.gravatar.com\/avatar\/9c877d1a6adc2a055330e5c09a8653ce?s=96&d=mm&r=g\",\"caption\":\"Bruna Greco\"}}]}<\/script>\n<!-- \/ Yoast SEO plugin. -->","yoast_head_json":{"title":"Prefeitura apoia evento de combate ao crime de LGBTfobia","description":"Prefeitura de Manaus, por meio da Manauscult, apoiou, nesta sexta-feira, 17\/5, o evento de combate ao crime de LGBTfobia.","robots":{"index":"index","follow":"follow","max-snippet":"max-snippet:-1","max-image-preview":"max-image-preview:large","max-video-preview":"max-video-preview:-1"},"canonical":"https:\/\/www.manaus.am.gov.br\/semcom\/prefeitura-apoia-evento-combate-crime-lgbtfobia\/","og_locale":"pt_BR","og_type":"article","og_title":"Prefeitura apoia evento de combate ao crime de LGBTfobia","og_description":"Prefeitura de Manaus, por meio da Manauscult, apoiou, nesta sexta-feira, 17\/5, o evento de combate ao crime de LGBTfobia.","og_url":"https:\/\/www.manaus.am.gov.br\/semcom\/prefeitura-apoia-evento-combate-crime-lgbtfobia\/","og_site_name":"SEMCOM","article_published_time":"2024-05-18T14:34:23+00:00","article_modified_time":"2024-05-18T14:41:16+00:00","og_image":[{"width":1600,"height":1200,"url":"https:\/\/www.manaus.am.gov.br\/semcom\/wp-content\/uploads\/sites\/5\/2024\/05\/WhatsApp-Image-2024-05-18-at-10.18.47-1.jpeg","type":"image\/jpeg"}],"author":"Bruna Greco","twitter_card":"summary_large_image","twitter_misc":{"Written by":"Bruna Greco","Est. reading time":"3 minutos"},"schema":{"@context":"https:\/\/schema.org","@graph":[{"@type":"WebPage","@id":"https:\/\/www.manaus.am.gov.br\/semcom\/prefeitura-apoia-evento-combate-crime-lgbtfobia\/","url":"https:\/\/www.manaus.am.gov.br\/semcom\/prefeitura-apoia-evento-combate-crime-lgbtfobia\/","name":"Prefeitura apoia evento de combate ao crime de LGBTfobia","isPartOf":{"@id":"https:\/\/www.manaus.am.gov.br\/semcom\/#website"},"primaryImageOfPage":{"@id":"https:\/\/www.manaus.am.gov.br\/semcom\/prefeitura-apoia-evento-combate-crime-lgbtfobia\/#primaryimage"},"image":{"@id":"https:\/\/www.manaus.am.gov.br\/semcom\/prefeitura-apoia-evento-combate-crime-lgbtfobia\/#primaryimage"},"thumbnailUrl":"https:\/\/www.manaus.am.gov.br\/semcom\/wp-content\/uploads\/sites\/5\/2024\/05\/WhatsApp-Image-2024-05-18-at-10.18.47-1.jpeg","datePublished":"2024-05-18T14:34:23+00:00","dateModified":"2024-05-18T14:41:16+00:00","author":{"@id":"https:\/\/www.manaus.am.gov.br\/semcom\/#\/schema\/person\/05d223aea2bf115f9883a6ff3683d81b"},"description":"Prefeitura de Manaus, por meio da Manauscult, apoiou, nesta sexta-feira, 17\/5, o evento de combate ao crime de LGBTfobia.","inLanguage":"pt-BR","potentialAction":[{"@type":"ReadAction","target":["https:\/\/www.manaus.am.gov.br\/semcom\/prefeitura-apoia-evento-combate-crime-lgbtfobia\/"]}]},{"@type":"ImageObject","inLanguage":"pt-BR","@id":"https:\/\/www.manaus.am.gov.br\/semcom\/prefeitura-apoia-evento-combate-crime-lgbtfobia\/#primaryimage","url":"https:\/\/www.manaus.am.gov.br\/semcom\/wp-content\/uploads\/sites\/5\/2024\/05\/WhatsApp-Image-2024-05-18-at-10.18.47-1.jpeg","contentUrl":"https:\/\/www.manaus.am.gov.br\/semcom\/wp-content\/uploads\/sites\/5\/2024\/05\/WhatsApp-Image-2024-05-18-at-10.18.47-1.jpeg","width":1600,"height":1200,"caption":"#paratodosverem - Jovem posando para foto em frente a bandeira do LGBTfobia durante evento alusivo"},{"@type":"WebSite","@id":"https:\/\/www.manaus.am.gov.br\/semcom\/#website","url":"https:\/\/www.manaus.am.gov.br\/semcom\/","name":"SEMCOM","description":"Secretaria Municipal de Comunica\u00e7\u00e3o","potentialAction":[{"@type":"SearchAction","target":{"@type":"EntryPoint","urlTemplate":"https:\/\/www.manaus.am.gov.br\/semcom\/?s={search_term_string}"},"query-input":"required name=search_term_string"}],"inLanguage":"pt-BR"},{"@type":"Person","@id":"https:\/\/www.manaus.am.gov.br\/semcom\/#\/schema\/person\/05d223aea2bf115f9883a6ff3683d81b","name":"Bruna Greco","image":{"@type":"ImageObject","inLanguage":"pt-BR","@id":"https:\/\/www.manaus.am.gov.br\/semcom\/#\/schema\/person\/image\/","url":"https:\/\/secure.gravatar.com\/avatar\/9c877d1a6adc2a055330e5c09a8653ce?s=96&d=mm&r=g","contentUrl":"https:\/\/secure.gravatar.com\/avatar\/9c877d1a6adc2a055330e5c09a8653ce?s=96&d=mm&r=g","caption":"Bruna Greco"}}]}},"_links":{"self":[{"href":"https:\/\/www.manaus.am.gov.br\/semcom\/wp-json\/wp\/v2\/posts\/229254"}],"collection":[{"href":"https:\/\/www.manaus.am.gov.br\/semcom\/wp-json\/wp\/v2\/posts"}],"about":[{"href":"https:\/\/www.manaus.am.gov.br\/semcom\/wp-json\/wp\/v2\/types\/post"}],"author":[{"embeddable":true,"href":"https:\/\/www.manaus.am.gov.br\/semcom\/wp-json\/wp\/v2\/users\/39"}],"replies":[{"embeddable":true,"href":"https:\/\/www.manaus.am.gov.br\/semcom\/wp-json\/wp\/v2\/comments?post=229254"}],"version-history":[{"count":5,"href":"https:\/\/www.manaus.am.gov.br\/semcom\/wp-json\/wp\/v2\/posts\/229254\/revisions"}],"predecessor-version":[{"id":229261,"href":"https:\/\/www.manaus.am.gov.br\/semcom\/wp-json\/wp\/v2\/posts\/229254\/revisions\/229261"}],"wp:featuredmedia":[{"embeddable":true,"href":"https:\/\/www.manaus.am.gov.br\/semcom\/wp-json\/wp\/v2\/media\/229256"}],"wp:attachment":[{"href":"https:\/\/www.manaus.am.gov.br\/semcom\/wp-json\/wp\/v2\/media?parent=229254"}],"wp:term":[{"taxonomy":"category","embeddable":true,"href":"https:\/\/www.manaus.am.gov.br\/semcom\/wp-json\/wp\/v2\/categories?post=229254"},{"taxonomy":"post_tag","embeddable":true,"href":"https:\/\/www.manaus.am.gov.br\/semcom\/wp-json\/wp\/v2\/tags?post=229254"}],"curies":[{"name":"wp","href":"https:\/\/api.w.org\/{rel}","templated":true}]}}