{"id":229200,"date":"2024-05-17T14:25:13","date_gmt":"2024-05-17T18:25:13","guid":{"rendered":"https:\/\/www.manaus.am.gov.br\/semcom\/prefeitura-lanca-sistema-de-gestao-de-contratos\/"},"modified":"2024-05-17T15:26:22","modified_gmt":"2024-05-17T18:26:22","slug":"prefeitura-lanca-sistema-de-gestao-de-contratos","status":"publish","type":"post","link":"https:\/\/www.manaus.am.gov.br\/semcom\/prefeitura-lanca-sistema-de-gestao-de-contratos\/","title":{"rendered":"Prefeitura de Manaus lan\u00e7a\u00a0Sistema de Gest\u00e3o de Contratos"},"content":{"rendered":"\n<p>A Prefeitura de Manaus, por meio da Unidade Gestora de Compras Municipais (UGCM), vinculada \u00e0 Secretaria Municipal de Administra\u00e7\u00e3o, Planejamento e Gest\u00e3o (Semad), lan\u00e7ou, nesta sexta-feira, 17\/5, o novo m\u00f3dulo do Sistema Compras Manaus &#8211; Gerenciamento Eletr\u00f4nico de Contratos (Sigec). A solenidade aconteceu no audit\u00f3rio da Casa Militar, localizado na avenida Compensa, Vila da Prata, zona Oeste.<\/p>\n\n\n\n<p>O novo m\u00f3dulo \u00e9 integrado ao Portal Nacional de Compras P\u00fablicas (PNCP), que tem o objetivo de modernizar o processo de contrata\u00e7\u00f5es p\u00fablicas no Brasil, refletindo os valores de transpar\u00eancia e efici\u00eancia promovidos pela Lei n\u00ba 14.133, de 1\u00ba de abril de 2021, a Nova Lei de Licita\u00e7\u00f5es e Contratos.<\/p>\n\n\n\n<p>\u201cEstamos lan\u00e7ando o novo sistema de compras e contratos de toda a prefeitura. Ele traz inova\u00e7\u00f5es e mais transpar\u00eancia, seguindo a Lei de Transpar\u00eancia e Compliance que temos aplicado na gest\u00e3o do prefeito David Almeida, al\u00e9m de ser totalmente integrado ao Sistema PMM\u201d, ressaltou o titular da Semad, Ebenezer Bezerra.<\/p>\n\n\n\n<p>Trazendo uma interface mais acess\u00edvel, novas rotinas de inser\u00e7\u00e3o de consulta e inser\u00e7\u00e3o de dados mais velozes e com novas funcionalidades, o projeto foi idealizado e desenvolvido pela equipe da UGCM e produzido pelo Departamento de Sistemas e Tecnologias da Informa\u00e7\u00e3o da Semad (DSTI), com&nbsp;<em>know-how<\/em>&nbsp;pr\u00f3prio, no eixo denominado sistemas PMM, sem nenhum custo para os cofres p\u00fablicos.<\/p>\n\n\n\n<p>\u201cN\u00f3s fizemos um novo sistema, atendendo a integra\u00e7\u00e3o do PNCP e, principalmente, corrigindo problemas que o antigo apresentava como a emiss\u00e3o de relat\u00f3rios e a lentid\u00e3o no processamento. Com isso, ganhamos velocidade nos atendimentos da prefeitura\u201d, explicou o diretor do DSTI\/Semad, Paulo Ricardo Lima. &nbsp;<\/p>\n\n\n\n<p>O \u201cCompras Manaus\u201d \u00e9 um sistema que atua no gerenciamento de aquisi\u00e7\u00f5es em todas as modalidades de licita\u00e7\u00e3o previstas em lei e \u00e9 composto por diversos m\u00f3dulos em sua estrutura, como a cataloga\u00e7\u00e3o de materiais e servi\u00e7os, cat\u00e1logo de fornecedores, gerenciamento de processos licitat\u00f3rios, banco de pre\u00e7os, registro de pre\u00e7os, entre outros.<\/p>\n\n\n\n<p>Toda a cadeia de suprimentos passa pelos sistemas que comp\u00f5em a UGCM, cujo papel se volta a propor estrat\u00e9gias e a\u00e7\u00f5es para eliminar inefici\u00eancias nas aquisi\u00e7\u00f5es de produtos e bens, para todas as unidades administrativas do munic\u00edpio.<\/p>\n\n\n\n<p>\u201cO novo projeto do Sigec foi idealizado pela UGCM, bem como a r\u00e9gua de neg\u00f3cios para implement\u00e1-lo, levando em considera\u00e7\u00e3o os requisitos que a nova lei traz, mas, tamb\u00e9m, as regulamenta\u00e7\u00f5es internas da Prefeitura de Manaus. Portanto, esse novo sistema vai trazer ganhos para a sociedade e cumpre, de forma direta, as atividades final\u00edsticas que a UGCM desenvolve\u201d, informou o coordenador da Unidade, Ivan Correa.<\/p>\n\n\n\n<figure class=\"wp-block-image size-large\"><img loading=\"lazy\" decoding=\"async\" width=\"1024\" height=\"683\" src=\"https:\/\/www.manaus.am.gov.br\/semcom\/wp-content\/uploads\/sites\/5\/2024\/05\/53727946829_ddb1de5f27_k-1024x683.jpg\" alt=\"\" class=\"wp-image-229203\" srcset=\"https:\/\/www.manaus.am.gov.br\/semcom\/wp-content\/uploads\/sites\/5\/2024\/05\/53727946829_ddb1de5f27_k-1024x683.jpg 1024w, https:\/\/www.manaus.am.gov.br\/semcom\/wp-content\/uploads\/sites\/5\/2024\/05\/53727946829_ddb1de5f27_k-300x200.jpg 300w, https:\/\/www.manaus.am.gov.br\/semcom\/wp-content\/uploads\/sites\/5\/2024\/05\/53727946829_ddb1de5f27_k-768x512.jpg 768w, https:\/\/www.manaus.am.gov.br\/semcom\/wp-content\/uploads\/sites\/5\/2024\/05\/53727946829_ddb1de5f27_k-1536x1024.jpg 1536w, https:\/\/www.manaus.am.gov.br\/semcom\/wp-content\/uploads\/sites\/5\/2024\/05\/53727946829_ddb1de5f27_k.jpg 2048w\" sizes=\"(max-width: 1024px) 100vw, 1024px\" \/><\/figure>\n\n\n\n<p><strong>Sobre a UGCM<\/strong><\/p>\n\n\n\n<p>Em 2020, a UGCM foi integrada \u00e0 estrutura da Semad, para potencializar a gest\u00e3o da cadeia de suprimentos e desburocratizar o fluxo processual, dinamizando assim as compras municipais da Prefeitura de Manaus, o que contribui diretamente no servi\u00e7o p\u00fablico de atendimento ao cidad\u00e3o.<\/p>\n\n\n\n<p>O Sigec visa conferir maior transpar\u00eancia, racionaliza\u00e7\u00e3o e agilidade no controle dos gastos p\u00fablicos e na gest\u00e3o dos contratos celebrados pelo Poder Executivo, com a utiliza\u00e7\u00e3o de tecnologia da informa\u00e7\u00e3o.<\/p>\n\n\n\n<p>&#8212; &#8212; &#8212;<\/p>\n\n\n\n<p><strong>Texto<\/strong>&nbsp;\u2013 Juliana Maquin\u00e9 e Sandra Monteiro\/Semad<\/p>\n\n\n\n<p><strong>Fotos<\/strong>&nbsp;\u2013 Jo\u00e3o Viana\/Semcom<\/p>\n\n\n\n<p><strong>Dispon\u00edveis em \u2013 <\/strong><a href=\"https:\/\/flic.kr\/s\/aHBqjBqGur\">https:\/\/flic.kr\/s\/aHBqjBqGur<\/a><\/p>\n","protected":false},"excerpt":{"rendered":"","protected":false},"author":39,"featured_media":229201,"comment_status":"closed","ping_status":"closed","sticky":false,"template":"","format":"standard","meta":{"footnotes":""},"categories":[2205],"tags":[11663,77,838,11664,11665],"acf":[],"yoast_head":"<!-- This site is optimized with the Yoast SEO plugin v23.0 - https:\/\/yoast.com\/wordpress\/plugins\/seo\/ -->\n<title>Prefeitura de Manaus lan\u00e7a Sistema de Gest\u00e3o de Contratos<\/title>\n<meta name=\"description\" content=\"Prefeitura de Manaus lan\u00e7a novo m\u00f3dulo do Sistema Compras Manaus - Gerenciamento Eletr\u00f4nico de Contratos (Sigec).\" \/>\n<meta name=\"robots\" content=\"index, follow, max-snippet:-1, max-image-preview:large, max-video-preview:-1\" \/>\n<link rel=\"canonical\" href=\"https:\/\/www.manaus.am.gov.br\/semcom\/prefeitura-lanca-sistema-de-gestao-de-contratos\/\" \/>\n<meta property=\"og:locale\" content=\"pt_BR\" \/>\n<meta property=\"og:type\" content=\"article\" \/>\n<meta property=\"og:title\" content=\"Prefeitura de Manaus lan\u00e7a Sistema de Gest\u00e3o de Contratos\" \/>\n<meta property=\"og:description\" content=\"Prefeitura de Manaus lan\u00e7a novo m\u00f3dulo do Sistema Compras Manaus - Gerenciamento Eletr\u00f4nico de Contratos (Sigec).\" \/>\n<meta property=\"og:url\" content=\"https:\/\/www.manaus.am.gov.br\/semcom\/prefeitura-lanca-sistema-de-gestao-de-contratos\/\" \/>\n<meta property=\"og:site_name\" content=\"SEMCOM\" \/>\n<meta property=\"article:published_time\" content=\"2024-05-17T18:25:13+00:00\" \/>\n<meta property=\"article:modified_time\" content=\"2024-05-17T18:26:22+00:00\" \/>\n<meta property=\"og:image\" content=\"https:\/\/www.manaus.am.gov.br\/semcom\/wp-content\/uploads\/sites\/5\/2024\/05\/53727814313_10b62bd7f1_k.jpg\" \/>\n\t<meta property=\"og:image:width\" content=\"2048\" \/>\n\t<meta property=\"og:image:height\" content=\"1365\" \/>\n\t<meta property=\"og:image:type\" content=\"image\/jpeg\" \/>\n<meta name=\"author\" content=\"Bruna Greco\" \/>\n<meta name=\"twitter:card\" content=\"summary_large_image\" \/>\n<meta name=\"twitter:label1\" content=\"Written by\" \/>\n\t<meta name=\"twitter:data1\" content=\"Bruna Greco\" \/>\n\t<meta name=\"twitter:label2\" content=\"Est. reading time\" \/>\n\t<meta name=\"twitter:data2\" content=\"4 minutos\" \/>\n<script type=\"application\/ld+json\" class=\"yoast-schema-graph\">{\"@context\":\"https:\/\/schema.org\",\"@graph\":[{\"@type\":\"WebPage\",\"@id\":\"https:\/\/www.manaus.am.gov.br\/semcom\/prefeitura-lanca-sistema-de-gestao-de-contratos\/\",\"url\":\"https:\/\/www.manaus.am.gov.br\/semcom\/prefeitura-lanca-sistema-de-gestao-de-contratos\/\",\"name\":\"Prefeitura de Manaus lan\u00e7a Sistema de Gest\u00e3o de Contratos\",\"isPartOf\":{\"@id\":\"https:\/\/www.manaus.am.gov.br\/semcom\/#website\"},\"primaryImageOfPage\":{\"@id\":\"https:\/\/www.manaus.am.gov.br\/semcom\/prefeitura-lanca-sistema-de-gestao-de-contratos\/#primaryimage\"},\"image\":{\"@id\":\"https:\/\/www.manaus.am.gov.br\/semcom\/prefeitura-lanca-sistema-de-gestao-de-contratos\/#primaryimage\"},\"thumbnailUrl\":\"https:\/\/www.manaus.am.gov.br\/semcom\/wp-content\/uploads\/sites\/5\/2024\/05\/53727814313_10b62bd7f1_k.jpg\",\"datePublished\":\"2024-05-17T18:25:13+00:00\",\"dateModified\":\"2024-05-17T18:26:22+00:00\",\"author\":{\"@id\":\"https:\/\/www.manaus.am.gov.br\/semcom\/#\/schema\/person\/05d223aea2bf115f9883a6ff3683d81b\"},\"description\":\"Prefeitura de Manaus lan\u00e7a novo m\u00f3dulo do Sistema Compras Manaus - Gerenciamento Eletr\u00f4nico de Contratos (Sigec).\",\"inLanguage\":\"pt-BR\",\"potentialAction\":[{\"@type\":\"ReadAction\",\"target\":[\"https:\/\/www.manaus.am.gov.br\/semcom\/prefeitura-lanca-sistema-de-gestao-de-contratos\/\"]}]},{\"@type\":\"ImageObject\",\"inLanguage\":\"pt-BR\",\"@id\":\"https:\/\/www.manaus.am.gov.br\/semcom\/prefeitura-lanca-sistema-de-gestao-de-contratos\/#primaryimage\",\"url\":\"https:\/\/www.manaus.am.gov.br\/semcom\/wp-content\/uploads\/sites\/5\/2024\/05\/53727814313_10b62bd7f1_k.jpg\",\"contentUrl\":\"https:\/\/www.manaus.am.gov.br\/semcom\/wp-content\/uploads\/sites\/5\/2024\/05\/53727814313_10b62bd7f1_k.jpg\",\"width\":2048,\"height\":1365,\"caption\":\"#paratodosverem - Titular da Semad, Ebenezer Bezerra, discursando durante lan\u00e7amento do Sistema de Gest\u00e3o de Contratos\"},{\"@type\":\"WebSite\",\"@id\":\"https:\/\/www.manaus.am.gov.br\/semcom\/#website\",\"url\":\"https:\/\/www.manaus.am.gov.br\/semcom\/\",\"name\":\"SEMCOM\",\"description\":\"Secretaria Municipal de Comunica\u00e7\u00e3o\",\"potentialAction\":[{\"@type\":\"SearchAction\",\"target\":{\"@type\":\"EntryPoint\",\"urlTemplate\":\"https:\/\/www.manaus.am.gov.br\/semcom\/?s={search_term_string}\"},\"query-input\":\"required name=search_term_string\"}],\"inLanguage\":\"pt-BR\"},{\"@type\":\"Person\",\"@id\":\"https:\/\/www.manaus.am.gov.br\/semcom\/#\/schema\/person\/05d223aea2bf115f9883a6ff3683d81b\",\"name\":\"Bruna Greco\",\"image\":{\"@type\":\"ImageObject\",\"inLanguage\":\"pt-BR\",\"@id\":\"https:\/\/www.manaus.am.gov.br\/semcom\/#\/schema\/person\/image\/\",\"url\":\"https:\/\/secure.gravatar.com\/avatar\/9c877d1a6adc2a055330e5c09a8653ce?s=96&d=mm&r=g\",\"contentUrl\":\"https:\/\/secure.gravatar.com\/avatar\/9c877d1a6adc2a055330e5c09a8653ce?s=96&d=mm&r=g\",\"caption\":\"Bruna Greco\"}}]}<\/script>\n<!-- \/ Yoast SEO plugin. -->","yoast_head_json":{"title":"Prefeitura de Manaus lan\u00e7a Sistema de Gest\u00e3o de Contratos","description":"Prefeitura de Manaus lan\u00e7a novo m\u00f3dulo do Sistema Compras Manaus - Gerenciamento Eletr\u00f4nico de Contratos (Sigec).","robots":{"index":"index","follow":"follow","max-snippet":"max-snippet:-1","max-image-preview":"max-image-preview:large","max-video-preview":"max-video-preview:-1"},"canonical":"https:\/\/www.manaus.am.gov.br\/semcom\/prefeitura-lanca-sistema-de-gestao-de-contratos\/","og_locale":"pt_BR","og_type":"article","og_title":"Prefeitura de Manaus lan\u00e7a Sistema de Gest\u00e3o de Contratos","og_description":"Prefeitura de Manaus lan\u00e7a novo m\u00f3dulo do Sistema Compras Manaus - Gerenciamento Eletr\u00f4nico de Contratos (Sigec).","og_url":"https:\/\/www.manaus.am.gov.br\/semcom\/prefeitura-lanca-sistema-de-gestao-de-contratos\/","og_site_name":"SEMCOM","article_published_time":"2024-05-17T18:25:13+00:00","article_modified_time":"2024-05-17T18:26:22+00:00","og_image":[{"width":2048,"height":1365,"url":"https:\/\/www.manaus.am.gov.br\/semcom\/wp-content\/uploads\/sites\/5\/2024\/05\/53727814313_10b62bd7f1_k.jpg","type":"image\/jpeg"}],"author":"Bruna Greco","twitter_card":"summary_large_image","twitter_misc":{"Written by":"Bruna Greco","Est. reading time":"4 minutos"},"schema":{"@context":"https:\/\/schema.org","@graph":[{"@type":"WebPage","@id":"https:\/\/www.manaus.am.gov.br\/semcom\/prefeitura-lanca-sistema-de-gestao-de-contratos\/","url":"https:\/\/www.manaus.am.gov.br\/semcom\/prefeitura-lanca-sistema-de-gestao-de-contratos\/","name":"Prefeitura de Manaus lan\u00e7a Sistema de Gest\u00e3o de Contratos","isPartOf":{"@id":"https:\/\/www.manaus.am.gov.br\/semcom\/#website"},"primaryImageOfPage":{"@id":"https:\/\/www.manaus.am.gov.br\/semcom\/prefeitura-lanca-sistema-de-gestao-de-contratos\/#primaryimage"},"image":{"@id":"https:\/\/www.manaus.am.gov.br\/semcom\/prefeitura-lanca-sistema-de-gestao-de-contratos\/#primaryimage"},"thumbnailUrl":"https:\/\/www.manaus.am.gov.br\/semcom\/wp-content\/uploads\/sites\/5\/2024\/05\/53727814313_10b62bd7f1_k.jpg","datePublished":"2024-05-17T18:25:13+00:00","dateModified":"2024-05-17T18:26:22+00:00","author":{"@id":"https:\/\/www.manaus.am.gov.br\/semcom\/#\/schema\/person\/05d223aea2bf115f9883a6ff3683d81b"},"description":"Prefeitura de Manaus lan\u00e7a novo m\u00f3dulo do Sistema Compras Manaus - Gerenciamento Eletr\u00f4nico de Contratos (Sigec).","inLanguage":"pt-BR","potentialAction":[{"@type":"ReadAction","target":["https:\/\/www.manaus.am.gov.br\/semcom\/prefeitura-lanca-sistema-de-gestao-de-contratos\/"]}]},{"@type":"ImageObject","inLanguage":"pt-BR","@id":"https:\/\/www.manaus.am.gov.br\/semcom\/prefeitura-lanca-sistema-de-gestao-de-contratos\/#primaryimage","url":"https:\/\/www.manaus.am.gov.br\/semcom\/wp-content\/uploads\/sites\/5\/2024\/05\/53727814313_10b62bd7f1_k.jpg","contentUrl":"https:\/\/www.manaus.am.gov.br\/semcom\/wp-content\/uploads\/sites\/5\/2024\/05\/53727814313_10b62bd7f1_k.jpg","width":2048,"height":1365,"caption":"#paratodosverem - Titular da Semad, Ebenezer Bezerra, discursando durante lan\u00e7amento do Sistema de Gest\u00e3o de Contratos"},{"@type":"WebSite","@id":"https:\/\/www.manaus.am.gov.br\/semcom\/#website","url":"https:\/\/www.manaus.am.gov.br\/semcom\/","name":"SEMCOM","description":"Secretaria Municipal de Comunica\u00e7\u00e3o","potentialAction":[{"@type":"SearchAction","target":{"@type":"EntryPoint","urlTemplate":"https:\/\/www.manaus.am.gov.br\/semcom\/?s={search_term_string}"},"query-input":"required name=search_term_string"}],"inLanguage":"pt-BR"},{"@type":"Person","@id":"https:\/\/www.manaus.am.gov.br\/semcom\/#\/schema\/person\/05d223aea2bf115f9883a6ff3683d81b","name":"Bruna Greco","image":{"@type":"ImageObject","inLanguage":"pt-BR","@id":"https:\/\/www.manaus.am.gov.br\/semcom\/#\/schema\/person\/image\/","url":"https:\/\/secure.gravatar.com\/avatar\/9c877d1a6adc2a055330e5c09a8653ce?s=96&d=mm&r=g","contentUrl":"https:\/\/secure.gravatar.com\/avatar\/9c877d1a6adc2a055330e5c09a8653ce?s=96&d=mm&r=g","caption":"Bruna Greco"}}]}},"_links":{"self":[{"href":"https:\/\/www.manaus.am.gov.br\/semcom\/wp-json\/wp\/v2\/posts\/229200"}],"collection":[{"href":"https:\/\/www.manaus.am.gov.br\/semcom\/wp-json\/wp\/v2\/posts"}],"about":[{"href":"https:\/\/www.manaus.am.gov.br\/semcom\/wp-json\/wp\/v2\/types\/post"}],"author":[{"embeddable":true,"href":"https:\/\/www.manaus.am.gov.br\/semcom\/wp-json\/wp\/v2\/users\/39"}],"replies":[{"embeddable":true,"href":"https:\/\/www.manaus.am.gov.br\/semcom\/wp-json\/wp\/v2\/comments?post=229200"}],"version-history":[{"count":2,"href":"https:\/\/www.manaus.am.gov.br\/semcom\/wp-json\/wp\/v2\/posts\/229200\/revisions"}],"predecessor-version":[{"id":229204,"href":"https:\/\/www.manaus.am.gov.br\/semcom\/wp-json\/wp\/v2\/posts\/229200\/revisions\/229204"}],"wp:featuredmedia":[{"embeddable":true,"href":"https:\/\/www.manaus.am.gov.br\/semcom\/wp-json\/wp\/v2\/media\/229201"}],"wp:attachment":[{"href":"https:\/\/www.manaus.am.gov.br\/semcom\/wp-json\/wp\/v2\/media?parent=229200"}],"wp:term":[{"taxonomy":"category","embeddable":true,"href":"https:\/\/www.manaus.am.gov.br\/semcom\/wp-json\/wp\/v2\/categories?post=229200"},{"taxonomy":"post_tag","embeddable":true,"href":"https:\/\/www.manaus.am.gov.br\/semcom\/wp-json\/wp\/v2\/tags?post=229200"}],"curies":[{"name":"wp","href":"https:\/\/api.w.org\/{rel}","templated":true}]}}