{"id":229090,"date":"2024-05-15T16:07:02","date_gmt":"2024-05-15T19:07:02","guid":{"rendered":"https:\/\/www.manaus.am.gov.br\/semcom\/prefeito-anuncia-nova-manaus\/"},"modified":"2024-05-15T20:58:14","modified_gmt":"2024-05-15T23:58:14","slug":"bairro-nova-manaus","status":"publish","type":"post","link":"https:\/\/www.manaus.am.gov.br\/semcom\/bairro-nova-manaus\/","title":{"rendered":"Zona Norte da cidade ter\u00e1 bairro planejado constru\u00eddo pela Prefeitura de Manaus"},"content":{"rendered":"\n<p>A zona Norte da cidade ter\u00e1 um bairro planejado, a ser criado pela Prefeitura de Manaus, que ir\u00e1 beneficiar cerca de 15 mil fam\u00edlias da \u00e1rea. Nomeado \u201cNova Manaus\u201d, o bairro \u00e9 uma conquista de mais de 30 anos para a cidade.\u00a0 <\/p>\n\n\n\n<p>\u201cN\u00f3s desapropriamos uma \u00e1rea do Monte Horebe e n\u00f3s vamos fazer l\u00e1 um bairro planejado com lotes urbanizados. Ser\u00e3o tr\u00eas mil lotes que n\u00f3s iremos distribuir, fruto do trabalho de emendas parlamentares do senador Eduardo Braga, junto ao governo federal, que nos proporciona e nos oportuniza entregar um bairro planejado na cidade de Manaus depois de mais de 35 anos\u201d, informou o prefeito David Almeida.<\/p>\n\n\n\n<p>Ainda segundo o chefe do Executivo municipal, em paralelo \u00e0s entregas dos lotes, ser\u00e3o realizadas as entregas de estruturas para a oferta de servi\u00e7os nas \u00e1reas de Sa\u00fade, Educa\u00e7\u00e3o e Infraestrutura.<\/p>\n\n\n\n<p>\u201cA nossa meta \u00e9 entregar um bairro todo urbanizado, j\u00e1 com creche, escola, UBS, toda a infraestrutura municipal j\u00e1 instalada. N\u00f3s n\u00e3o vamos esperar a entrega dos lotes para depois levar os servi\u00e7os p\u00fablicos, entregaremos tudo junto\u201d, complementou o prefeito.<\/p>\n\n\n\n<p><strong>\u201dAsfalta Manaus\u201d<\/strong><\/p>\n\n\n\n<p>Durante a entrevista, o prefeito destacou tamb\u00e9m o avan\u00e7o das grandes obras que acontecem na cidade, por meio do programa \u201cAsfalta Manaus\u201d. Na \u00faltima semana, os trabalhos de pavimenta\u00e7\u00e3o foram divulgados e ampliados nas comunidades Vale do Sinai, Monte Sinai e no conjunto Manoa, no bairro Cidade Nova, e na comunidade Fazendinha, no bairro Cidade de Deus, ambos na zona Norte.<\/p>\n\n\n\n<p>\u201cAquelas \u00e1reas que mais necessitavam, aquelas comunidades que est\u00e3o precisando, s\u00e3o as comunidades que estamos adentrando. N\u00f3s temos ci\u00eancia da situa\u00e7\u00e3o da infraestrutura na zona Norte e \u00e9 por isso que levamos o &#8216;Asfalta Manaus&#8217; para l\u00e1 inicialmente, para melhorar as condi\u00e7\u00f5es dessas \u00e1reas, \u00e9 desta forma que trabalhamos, com planejamento\u201d, disse Almeida.<\/p>\n\n\n\n<p>O programa \u201cAsfalta Manaus\u201d teve a primeira ordem de servi\u00e7o assinada em 28 de abril de 2022 e, desde l\u00e1, alcan\u00e7ou mais de 2,7 mil ruas&nbsp;com pavimenta\u00e7\u00e3o nova.&nbsp;Na zona Norte, 751 ruas foram asfaltadas; na zona Leste, 407; na zona Sul, 325; na zona Oeste, 471 vias contempladas; na zona Centro-Oeste, 438; na zona Centro-Sul, 402 ruas asfaltadas.<\/p>\n\n\n\n<p>&#8212; &#8212; &#8212;<\/p>\n\n\n\n<p><strong>Texto<\/strong> \u2013 Beathriz Torres \/ Semcom<\/p>\n\n\n\n<p><strong>Foto <\/strong>\u2013 Arquivo \/ Semcom<\/p>\n","protected":false},"excerpt":{"rendered":"","protected":false},"author":25,"featured_media":229091,"comment_status":"closed","ping_status":"closed","sticky":false,"template":"","format":"standard","meta":{"footnotes":""},"categories":[2162],"tags":[11633,35,11634],"acf":[],"yoast_head":"<!-- This site is optimized with the Yoast SEO plugin v23.0 - https:\/\/yoast.com\/wordpress\/plugins\/seo\/ -->\n<title>Zona Norte da cidade ter\u00e1 bairro planejado<\/title>\n<meta name=\"description\" content=\"A zona Norte da cidade ter\u00e1 um bairro planejado, a ser criado pela Prefeitura de Manaus, que ir\u00e1 beneficiar 15 mil fam\u00edlias.\" \/>\n<meta name=\"robots\" content=\"index, follow, max-snippet:-1, max-image-preview:large, max-video-preview:-1\" \/>\n<link rel=\"canonical\" href=\"https:\/\/www.manaus.am.gov.br\/semcom\/bairro-nova-manaus\/\" \/>\n<meta property=\"og:locale\" content=\"pt_BR\" \/>\n<meta property=\"og:type\" content=\"article\" \/>\n<meta property=\"og:title\" content=\"Zona Norte da cidade ter\u00e1 bairro planejado\" \/>\n<meta property=\"og:description\" content=\"A zona Norte da cidade ter\u00e1 um bairro planejado, a ser criado pela Prefeitura de Manaus, que ir\u00e1 beneficiar 15 mil fam\u00edlias.\" \/>\n<meta property=\"og:url\" content=\"https:\/\/www.manaus.am.gov.br\/semcom\/bairro-nova-manaus\/\" \/>\n<meta property=\"og:site_name\" content=\"SEMCOM\" \/>\n<meta property=\"article:published_time\" content=\"2024-05-15T19:07:02+00:00\" \/>\n<meta property=\"article:modified_time\" content=\"2024-05-15T23:58:14+00:00\" \/>\n<meta property=\"og:image\" content=\"https:\/\/www.manaus.am.gov.br\/semcom\/wp-content\/uploads\/sites\/5\/2024\/05\/53645349388_567c373078_c.jpg\" \/>\n\t<meta property=\"og:image:width\" content=\"799\" \/>\n\t<meta property=\"og:image:height\" content=\"533\" \/>\n\t<meta property=\"og:image:type\" content=\"image\/jpeg\" \/>\n<meta name=\"author\" content=\"Maur\u00edcio Freire\" \/>\n<meta name=\"twitter:card\" content=\"summary_large_image\" \/>\n<meta name=\"twitter:label1\" content=\"Written by\" \/>\n\t<meta name=\"twitter:data1\" content=\"Maur\u00edcio Freire\" \/>\n\t<meta name=\"twitter:label2\" content=\"Est. reading time\" \/>\n\t<meta name=\"twitter:data2\" content=\"3 minutos\" \/>\n<script type=\"application\/ld+json\" class=\"yoast-schema-graph\">{\"@context\":\"https:\/\/schema.org\",\"@graph\":[{\"@type\":\"WebPage\",\"@id\":\"https:\/\/www.manaus.am.gov.br\/semcom\/bairro-nova-manaus\/\",\"url\":\"https:\/\/www.manaus.am.gov.br\/semcom\/bairro-nova-manaus\/\",\"name\":\"Zona Norte da cidade ter\u00e1 bairro planejado\",\"isPartOf\":{\"@id\":\"https:\/\/www.manaus.am.gov.br\/semcom\/#website\"},\"primaryImageOfPage\":{\"@id\":\"https:\/\/www.manaus.am.gov.br\/semcom\/bairro-nova-manaus\/#primaryimage\"},\"image\":{\"@id\":\"https:\/\/www.manaus.am.gov.br\/semcom\/bairro-nova-manaus\/#primaryimage\"},\"thumbnailUrl\":\"https:\/\/www.manaus.am.gov.br\/semcom\/wp-content\/uploads\/sites\/5\/2024\/05\/53645349388_567c373078_c.jpg\",\"datePublished\":\"2024-05-15T19:07:02+00:00\",\"dateModified\":\"2024-05-15T23:58:14+00:00\",\"author\":{\"@id\":\"https:\/\/www.manaus.am.gov.br\/semcom\/#\/schema\/person\/587989a23a463cde5618e6a028977a9a\"},\"description\":\"A zona Norte da cidade ter\u00e1 um bairro planejado, a ser criado pela Prefeitura de Manaus, que ir\u00e1 beneficiar 15 mil fam\u00edlias.\",\"inLanguage\":\"pt-BR\",\"potentialAction\":[{\"@type\":\"ReadAction\",\"target\":[\"https:\/\/www.manaus.am.gov.br\/semcom\/bairro-nova-manaus\/\"]}]},{\"@type\":\"ImageObject\",\"inLanguage\":\"pt-BR\",\"@id\":\"https:\/\/www.manaus.am.gov.br\/semcom\/bairro-nova-manaus\/#primaryimage\",\"url\":\"https:\/\/www.manaus.am.gov.br\/semcom\/wp-content\/uploads\/sites\/5\/2024\/05\/53645349388_567c373078_c.jpg\",\"contentUrl\":\"https:\/\/www.manaus.am.gov.br\/semcom\/wp-content\/uploads\/sites\/5\/2024\/05\/53645349388_567c373078_c.jpg\",\"width\":799,\"height\":533,\"caption\":\"#paratodosverem prefeito David Almeida ao lado do secret\u00e1rio municipal de Habita\u00e7\u00e3o, Jesus Alves\"},{\"@type\":\"WebSite\",\"@id\":\"https:\/\/www.manaus.am.gov.br\/semcom\/#website\",\"url\":\"https:\/\/www.manaus.am.gov.br\/semcom\/\",\"name\":\"SEMCOM\",\"description\":\"Secretaria Municipal de Comunica\u00e7\u00e3o\",\"potentialAction\":[{\"@type\":\"SearchAction\",\"target\":{\"@type\":\"EntryPoint\",\"urlTemplate\":\"https:\/\/www.manaus.am.gov.br\/semcom\/?s={search_term_string}\"},\"query-input\":\"required name=search_term_string\"}],\"inLanguage\":\"pt-BR\"},{\"@type\":\"Person\",\"@id\":\"https:\/\/www.manaus.am.gov.br\/semcom\/#\/schema\/person\/587989a23a463cde5618e6a028977a9a\",\"name\":\"Maur\u00edcio Freire\",\"image\":{\"@type\":\"ImageObject\",\"inLanguage\":\"pt-BR\",\"@id\":\"https:\/\/www.manaus.am.gov.br\/semcom\/#\/schema\/person\/image\/\",\"url\":\"https:\/\/secure.gravatar.com\/avatar\/dc1481799a1f75c733ac3b2634cd6749?s=96&d=mm&r=g\",\"contentUrl\":\"https:\/\/secure.gravatar.com\/avatar\/dc1481799a1f75c733ac3b2634cd6749?s=96&d=mm&r=g\",\"caption\":\"Maur\u00edcio Freire\"}}]}<\/script>\n<!-- \/ Yoast SEO plugin. -->","yoast_head_json":{"title":"Zona Norte da cidade ter\u00e1 bairro planejado","description":"A zona Norte da cidade ter\u00e1 um bairro planejado, a ser criado pela Prefeitura de Manaus, que ir\u00e1 beneficiar 15 mil fam\u00edlias.","robots":{"index":"index","follow":"follow","max-snippet":"max-snippet:-1","max-image-preview":"max-image-preview:large","max-video-preview":"max-video-preview:-1"},"canonical":"https:\/\/www.manaus.am.gov.br\/semcom\/bairro-nova-manaus\/","og_locale":"pt_BR","og_type":"article","og_title":"Zona Norte da cidade ter\u00e1 bairro planejado","og_description":"A zona Norte da cidade ter\u00e1 um bairro planejado, a ser criado pela Prefeitura de Manaus, que ir\u00e1 beneficiar 15 mil fam\u00edlias.","og_url":"https:\/\/www.manaus.am.gov.br\/semcom\/bairro-nova-manaus\/","og_site_name":"SEMCOM","article_published_time":"2024-05-15T19:07:02+00:00","article_modified_time":"2024-05-15T23:58:14+00:00","og_image":[{"width":799,"height":533,"url":"https:\/\/www.manaus.am.gov.br\/semcom\/wp-content\/uploads\/sites\/5\/2024\/05\/53645349388_567c373078_c.jpg","type":"image\/jpeg"}],"author":"Maur\u00edcio Freire","twitter_card":"summary_large_image","twitter_misc":{"Written by":"Maur\u00edcio Freire","Est. reading time":"3 minutos"},"schema":{"@context":"https:\/\/schema.org","@graph":[{"@type":"WebPage","@id":"https:\/\/www.manaus.am.gov.br\/semcom\/bairro-nova-manaus\/","url":"https:\/\/www.manaus.am.gov.br\/semcom\/bairro-nova-manaus\/","name":"Zona Norte da cidade ter\u00e1 bairro planejado","isPartOf":{"@id":"https:\/\/www.manaus.am.gov.br\/semcom\/#website"},"primaryImageOfPage":{"@id":"https:\/\/www.manaus.am.gov.br\/semcom\/bairro-nova-manaus\/#primaryimage"},"image":{"@id":"https:\/\/www.manaus.am.gov.br\/semcom\/bairro-nova-manaus\/#primaryimage"},"thumbnailUrl":"https:\/\/www.manaus.am.gov.br\/semcom\/wp-content\/uploads\/sites\/5\/2024\/05\/53645349388_567c373078_c.jpg","datePublished":"2024-05-15T19:07:02+00:00","dateModified":"2024-05-15T23:58:14+00:00","author":{"@id":"https:\/\/www.manaus.am.gov.br\/semcom\/#\/schema\/person\/587989a23a463cde5618e6a028977a9a"},"description":"A zona Norte da cidade ter\u00e1 um bairro planejado, a ser criado pela Prefeitura de Manaus, que ir\u00e1 beneficiar 15 mil fam\u00edlias.","inLanguage":"pt-BR","potentialAction":[{"@type":"ReadAction","target":["https:\/\/www.manaus.am.gov.br\/semcom\/bairro-nova-manaus\/"]}]},{"@type":"ImageObject","inLanguage":"pt-BR","@id":"https:\/\/www.manaus.am.gov.br\/semcom\/bairro-nova-manaus\/#primaryimage","url":"https:\/\/www.manaus.am.gov.br\/semcom\/wp-content\/uploads\/sites\/5\/2024\/05\/53645349388_567c373078_c.jpg","contentUrl":"https:\/\/www.manaus.am.gov.br\/semcom\/wp-content\/uploads\/sites\/5\/2024\/05\/53645349388_567c373078_c.jpg","width":799,"height":533,"caption":"#paratodosverem prefeito David Almeida ao lado do secret\u00e1rio municipal de Habita\u00e7\u00e3o, Jesus Alves"},{"@type":"WebSite","@id":"https:\/\/www.manaus.am.gov.br\/semcom\/#website","url":"https:\/\/www.manaus.am.gov.br\/semcom\/","name":"SEMCOM","description":"Secretaria Municipal de Comunica\u00e7\u00e3o","potentialAction":[{"@type":"SearchAction","target":{"@type":"EntryPoint","urlTemplate":"https:\/\/www.manaus.am.gov.br\/semcom\/?s={search_term_string}"},"query-input":"required name=search_term_string"}],"inLanguage":"pt-BR"},{"@type":"Person","@id":"https:\/\/www.manaus.am.gov.br\/semcom\/#\/schema\/person\/587989a23a463cde5618e6a028977a9a","name":"Maur\u00edcio Freire","image":{"@type":"ImageObject","inLanguage":"pt-BR","@id":"https:\/\/www.manaus.am.gov.br\/semcom\/#\/schema\/person\/image\/","url":"https:\/\/secure.gravatar.com\/avatar\/dc1481799a1f75c733ac3b2634cd6749?s=96&d=mm&r=g","contentUrl":"https:\/\/secure.gravatar.com\/avatar\/dc1481799a1f75c733ac3b2634cd6749?s=96&d=mm&r=g","caption":"Maur\u00edcio Freire"}}]}},"_links":{"self":[{"href":"https:\/\/www.manaus.am.gov.br\/semcom\/wp-json\/wp\/v2\/posts\/229090"}],"collection":[{"href":"https:\/\/www.manaus.am.gov.br\/semcom\/wp-json\/wp\/v2\/posts"}],"about":[{"href":"https:\/\/www.manaus.am.gov.br\/semcom\/wp-json\/wp\/v2\/types\/post"}],"author":[{"embeddable":true,"href":"https:\/\/www.manaus.am.gov.br\/semcom\/wp-json\/wp\/v2\/users\/25"}],"replies":[{"embeddable":true,"href":"https:\/\/www.manaus.am.gov.br\/semcom\/wp-json\/wp\/v2\/comments?post=229090"}],"version-history":[{"count":3,"href":"https:\/\/www.manaus.am.gov.br\/semcom\/wp-json\/wp\/v2\/posts\/229090\/revisions"}],"predecessor-version":[{"id":229104,"href":"https:\/\/www.manaus.am.gov.br\/semcom\/wp-json\/wp\/v2\/posts\/229090\/revisions\/229104"}],"wp:featuredmedia":[{"embeddable":true,"href":"https:\/\/www.manaus.am.gov.br\/semcom\/wp-json\/wp\/v2\/media\/229091"}],"wp:attachment":[{"href":"https:\/\/www.manaus.am.gov.br\/semcom\/wp-json\/wp\/v2\/media?parent=229090"}],"wp:term":[{"taxonomy":"category","embeddable":true,"href":"https:\/\/www.manaus.am.gov.br\/semcom\/wp-json\/wp\/v2\/categories?post=229090"},{"taxonomy":"post_tag","embeddable":true,"href":"https:\/\/www.manaus.am.gov.br\/semcom\/wp-json\/wp\/v2\/tags?post=229090"}],"curies":[{"name":"wp","href":"https:\/\/api.w.org\/{rel}","templated":true}]}}