{"id":228945,"date":"2024-05-14T14:11:50","date_gmt":"2024-05-14T18:11:50","guid":{"rendered":"https:\/\/www.manaus.am.gov.br\/semcom\/fomento-coleita-pitaya\/"},"modified":"2024-05-14T14:11:50","modified_gmt":"2024-05-14T18:11:50","slug":"fomento-coleita-pitaya","status":"publish","type":"post","link":"https:\/\/www.manaus.am.gov.br\/semcom\/fomento-coleita-pitaya\/","title":{"rendered":"Fomento da prefeitura garante colheita de uma tonelada de pitaya em 2024"},"content":{"rendered":"\n<p>A Prefeitura de Manaus, por meio do programa \u201cManaus + Agro\u201d, coordenado pela Secretaria Municipal de Agricultura, Abastecimento, Centro e Com\u00e9rcio Informal (Semacc), garantiu a colheita de uma tonelada de pitaya em 2024, ap\u00f3s produtores rurais serem beneficiados com a entrega de 80 mil mudas no ano passado.<\/p>\n\n\n\n<p>O fomento, com a doa\u00e7\u00e3o das mudas de pitaya realizada pela Semacc, com apoio da Secretaria Municipal do Trabalho, Emprego e Inova\u00e7\u00e3o (Semtepi), previa que a primeira grande colheita seria realizada em 2024, no per\u00edodo de safra da fruta que, com apoio da gest\u00e3o do prefeito David Almeida, est\u00e1 cada vez mais presente nos mercados e feiras da cidade, gerando emprego e renda aos produtores da zona Rural da cidade.<\/p>\n\n\n\n<p>\u201cN\u00f3s temos nove polos produtivos na zona rural de Manaus e o nosso programa \u2018Manaus + Agro\u2019 atua para ampliar a produ\u00e7\u00e3o, dando suporte t\u00e9cnico, insumos e equipamentos, gerando mais renda para os agricultores. E essa produ\u00e7\u00e3o aumentada ainda nos ajuda a incluir essas frutas e hortali\u00e7as na nossa merenda escolar\u201d, explicou o prefeito David Almeida.&nbsp;&nbsp;<\/p>\n\n\n\n<p>O incentivo ao cultivo de pitaya tamb\u00e9m vem garantindo a inser\u00e7\u00e3o do fruto na merenda escolar nas unidades de ensino da rede p\u00fablica municipal. A Prefeitura de Manaus atua para que a cidade se torne uma potente produtora e exportadora da fruta.<\/p>\n\n\n\n<p>O programa \u201cManaus + Agro\u201d foi lan\u00e7ado pela gest\u00e3o do prefeito David Almeida, para atender diversos eixos de atua\u00e7\u00e3o em diferentes polos de produ\u00e7\u00e3o, sendo um modal da gest\u00e3o municipal que fortalece as comunidades rurais, fomenta o setor produtivo e promove a integraliza\u00e7\u00e3o entre os \u00f3rg\u00e3os que atuam no campo.<\/p>\n\n\n<div class=\"wp-block-image\">\n<figure class=\"aligncenter size-large\"><img loading=\"lazy\" decoding=\"async\" width=\"1024\" height=\"682\" src=\"https:\/\/www.manaus.am.gov.br\/semcom\/wp-content\/uploads\/sites\/5\/2024\/05\/PITAYA2-1024x682.jpeg\" alt=\"\" class=\"wp-image-228946\" srcset=\"https:\/\/www.manaus.am.gov.br\/semcom\/wp-content\/uploads\/sites\/5\/2024\/05\/PITAYA2-1024x682.jpeg 1024w, https:\/\/www.manaus.am.gov.br\/semcom\/wp-content\/uploads\/sites\/5\/2024\/05\/PITAYA2-300x200.jpeg 300w, https:\/\/www.manaus.am.gov.br\/semcom\/wp-content\/uploads\/sites\/5\/2024\/05\/PITAYA2-768x512.jpeg 768w, https:\/\/www.manaus.am.gov.br\/semcom\/wp-content\/uploads\/sites\/5\/2024\/05\/PITAYA2-1536x1024.jpeg 1536w, https:\/\/www.manaus.am.gov.br\/semcom\/wp-content\/uploads\/sites\/5\/2024\/05\/PITAYA2-2048x1365.jpeg 2048w\" sizes=\"(max-width: 1024px) 100vw, 1024px\" \/><figcaption class=\"wp-element-caption\">#paratodosverem Mais de 2 mil produtores s\u00e3o beneficiados com o programa &#8220;Manaus + Rural&#8221;<\/figcaption><\/figure><\/div>\n\n\n<p>Em 2023, o programa beneficiou mais de 2 mil produtores rurais com a distribui\u00e7\u00e3o de insumos, mudas e sementes, adubos e alevinos. Al\u00e9m disso, a prefeitura tamb\u00e9m est\u00e1 capacitando os produtores e melhorando as condi\u00e7\u00f5es de trabalho, como a mecaniza\u00e7\u00e3o agr\u00edcola.<\/p>\n\n\n\n<p>\u2013 \u2013 \u2013<\/p>\n\n\n\n<p><strong>Texto<\/strong> &#8211; Geraldo Farias \/ Semcom<\/p>\n\n\n\n<p><br><strong>Fotos <\/strong>&#8211; Arquivo \/ Semcom<\/p>\n","protected":false},"excerpt":{"rendered":"","protected":false},"author":25,"featured_media":228947,"comment_status":"closed","ping_status":"closed","sticky":false,"template":"","format":"standard","meta":{"footnotes":""},"categories":[561],"tags":[4470,5849,963,55],"acf":[],"yoast_head":"<!-- This site is optimized with the Yoast SEO plugin v23.0 - https:\/\/yoast.com\/wordpress\/plugins\/seo\/ -->\n<title>Fomento da prefeitura garante colheita de uma tonelada de pitaya em 2024<\/title>\n<meta name=\"description\" content=\"A Prefeitura de Manaus, por meio do programa \u201cManaus + Agro\u201d, garantiu a colheita de uma tonelada de pitaya em 2024\" \/>\n<meta name=\"robots\" content=\"index, follow, max-snippet:-1, max-image-preview:large, max-video-preview:-1\" \/>\n<link rel=\"canonical\" href=\"https:\/\/www.manaus.am.gov.br\/semcom\/fomento-coleita-pitaya\/\" \/>\n<meta property=\"og:locale\" content=\"pt_BR\" \/>\n<meta property=\"og:type\" content=\"article\" \/>\n<meta property=\"og:title\" content=\"Fomento da prefeitura garante colheita de uma tonelada de pitaya em 2024\" \/>\n<meta property=\"og:description\" content=\"A Prefeitura de Manaus, por meio do programa \u201cManaus + Agro\u201d, garantiu a colheita de uma tonelada de pitaya em 2024\" \/>\n<meta property=\"og:url\" content=\"https:\/\/www.manaus.am.gov.br\/semcom\/fomento-coleita-pitaya\/\" \/>\n<meta property=\"og:site_name\" content=\"SEMCOM\" \/>\n<meta property=\"article:published_time\" content=\"2024-05-14T18:11:50+00:00\" \/>\n<meta property=\"og:image\" content=\"https:\/\/www.manaus.am.gov.br\/semcom\/wp-content\/uploads\/sites\/5\/2024\/05\/PITAYA1.jpeg\" \/>\n\t<meta property=\"og:image:width\" content=\"1600\" \/>\n\t<meta property=\"og:image:height\" content=\"1348\" \/>\n\t<meta property=\"og:image:type\" content=\"image\/jpeg\" \/>\n<meta name=\"author\" content=\"Maur\u00edcio Freire\" \/>\n<meta name=\"twitter:card\" content=\"summary_large_image\" \/>\n<meta name=\"twitter:label1\" content=\"Written by\" \/>\n\t<meta name=\"twitter:data1\" content=\"Maur\u00edcio Freire\" \/>\n\t<meta name=\"twitter:label2\" content=\"Est. reading time\" \/>\n\t<meta name=\"twitter:data2\" content=\"3 minutos\" \/>\n<script type=\"application\/ld+json\" class=\"yoast-schema-graph\">{\"@context\":\"https:\/\/schema.org\",\"@graph\":[{\"@type\":\"WebPage\",\"@id\":\"https:\/\/www.manaus.am.gov.br\/semcom\/fomento-coleita-pitaya\/\",\"url\":\"https:\/\/www.manaus.am.gov.br\/semcom\/fomento-coleita-pitaya\/\",\"name\":\"Fomento da prefeitura garante colheita de uma tonelada de pitaya em 2024\",\"isPartOf\":{\"@id\":\"https:\/\/www.manaus.am.gov.br\/semcom\/#website\"},\"primaryImageOfPage\":{\"@id\":\"https:\/\/www.manaus.am.gov.br\/semcom\/fomento-coleita-pitaya\/#primaryimage\"},\"image\":{\"@id\":\"https:\/\/www.manaus.am.gov.br\/semcom\/fomento-coleita-pitaya\/#primaryimage\"},\"thumbnailUrl\":\"https:\/\/www.manaus.am.gov.br\/semcom\/wp-content\/uploads\/sites\/5\/2024\/05\/PITAYA1.jpeg\",\"datePublished\":\"2024-05-14T18:11:50+00:00\",\"dateModified\":\"2024-05-14T18:11:50+00:00\",\"author\":{\"@id\":\"https:\/\/www.manaus.am.gov.br\/semcom\/#\/schema\/person\/587989a23a463cde5618e6a028977a9a\"},\"description\":\"A Prefeitura de Manaus, por meio do programa \u201cManaus + Agro\u201d, garantiu a colheita de uma tonelada de pitaya em 2024\",\"inLanguage\":\"pt-BR\",\"potentialAction\":[{\"@type\":\"ReadAction\",\"target\":[\"https:\/\/www.manaus.am.gov.br\/semcom\/fomento-coleita-pitaya\/\"]}]},{\"@type\":\"ImageObject\",\"inLanguage\":\"pt-BR\",\"@id\":\"https:\/\/www.manaus.am.gov.br\/semcom\/fomento-coleita-pitaya\/#primaryimage\",\"url\":\"https:\/\/www.manaus.am.gov.br\/semcom\/wp-content\/uploads\/sites\/5\/2024\/05\/PITAYA1.jpeg\",\"contentUrl\":\"https:\/\/www.manaus.am.gov.br\/semcom\/wp-content\/uploads\/sites\/5\/2024\/05\/PITAYA1.jpeg\",\"width\":1600,\"height\":1348,\"caption\":\"#paratodosverem prefeito David Almeida acompanha a produ\u00e7\u00e3o de pitaya\"},{\"@type\":\"WebSite\",\"@id\":\"https:\/\/www.manaus.am.gov.br\/semcom\/#website\",\"url\":\"https:\/\/www.manaus.am.gov.br\/semcom\/\",\"name\":\"SEMCOM\",\"description\":\"Secretaria Municipal de Comunica\u00e7\u00e3o\",\"potentialAction\":[{\"@type\":\"SearchAction\",\"target\":{\"@type\":\"EntryPoint\",\"urlTemplate\":\"https:\/\/www.manaus.am.gov.br\/semcom\/?s={search_term_string}\"},\"query-input\":\"required name=search_term_string\"}],\"inLanguage\":\"pt-BR\"},{\"@type\":\"Person\",\"@id\":\"https:\/\/www.manaus.am.gov.br\/semcom\/#\/schema\/person\/587989a23a463cde5618e6a028977a9a\",\"name\":\"Maur\u00edcio Freire\",\"image\":{\"@type\":\"ImageObject\",\"inLanguage\":\"pt-BR\",\"@id\":\"https:\/\/www.manaus.am.gov.br\/semcom\/#\/schema\/person\/image\/\",\"url\":\"https:\/\/secure.gravatar.com\/avatar\/dc1481799a1f75c733ac3b2634cd6749?s=96&d=mm&r=g\",\"contentUrl\":\"https:\/\/secure.gravatar.com\/avatar\/dc1481799a1f75c733ac3b2634cd6749?s=96&d=mm&r=g\",\"caption\":\"Maur\u00edcio Freire\"}}]}<\/script>\n<!-- \/ Yoast SEO plugin. -->","yoast_head_json":{"title":"Fomento da prefeitura garante colheita de uma tonelada de pitaya em 2024","description":"A Prefeitura de Manaus, por meio do programa \u201cManaus + Agro\u201d, garantiu a colheita de uma tonelada de pitaya em 2024","robots":{"index":"index","follow":"follow","max-snippet":"max-snippet:-1","max-image-preview":"max-image-preview:large","max-video-preview":"max-video-preview:-1"},"canonical":"https:\/\/www.manaus.am.gov.br\/semcom\/fomento-coleita-pitaya\/","og_locale":"pt_BR","og_type":"article","og_title":"Fomento da prefeitura garante colheita de uma tonelada de pitaya em 2024","og_description":"A Prefeitura de Manaus, por meio do programa \u201cManaus + Agro\u201d, garantiu a colheita de uma tonelada de pitaya em 2024","og_url":"https:\/\/www.manaus.am.gov.br\/semcom\/fomento-coleita-pitaya\/","og_site_name":"SEMCOM","article_published_time":"2024-05-14T18:11:50+00:00","og_image":[{"width":1600,"height":1348,"url":"https:\/\/www.manaus.am.gov.br\/semcom\/wp-content\/uploads\/sites\/5\/2024\/05\/PITAYA1.jpeg","type":"image\/jpeg"}],"author":"Maur\u00edcio Freire","twitter_card":"summary_large_image","twitter_misc":{"Written by":"Maur\u00edcio Freire","Est. reading time":"3 minutos"},"schema":{"@context":"https:\/\/schema.org","@graph":[{"@type":"WebPage","@id":"https:\/\/www.manaus.am.gov.br\/semcom\/fomento-coleita-pitaya\/","url":"https:\/\/www.manaus.am.gov.br\/semcom\/fomento-coleita-pitaya\/","name":"Fomento da prefeitura garante colheita de uma tonelada de pitaya em 2024","isPartOf":{"@id":"https:\/\/www.manaus.am.gov.br\/semcom\/#website"},"primaryImageOfPage":{"@id":"https:\/\/www.manaus.am.gov.br\/semcom\/fomento-coleita-pitaya\/#primaryimage"},"image":{"@id":"https:\/\/www.manaus.am.gov.br\/semcom\/fomento-coleita-pitaya\/#primaryimage"},"thumbnailUrl":"https:\/\/www.manaus.am.gov.br\/semcom\/wp-content\/uploads\/sites\/5\/2024\/05\/PITAYA1.jpeg","datePublished":"2024-05-14T18:11:50+00:00","dateModified":"2024-05-14T18:11:50+00:00","author":{"@id":"https:\/\/www.manaus.am.gov.br\/semcom\/#\/schema\/person\/587989a23a463cde5618e6a028977a9a"},"description":"A Prefeitura de Manaus, por meio do programa \u201cManaus + Agro\u201d, garantiu a colheita de uma tonelada de pitaya em 2024","inLanguage":"pt-BR","potentialAction":[{"@type":"ReadAction","target":["https:\/\/www.manaus.am.gov.br\/semcom\/fomento-coleita-pitaya\/"]}]},{"@type":"ImageObject","inLanguage":"pt-BR","@id":"https:\/\/www.manaus.am.gov.br\/semcom\/fomento-coleita-pitaya\/#primaryimage","url":"https:\/\/www.manaus.am.gov.br\/semcom\/wp-content\/uploads\/sites\/5\/2024\/05\/PITAYA1.jpeg","contentUrl":"https:\/\/www.manaus.am.gov.br\/semcom\/wp-content\/uploads\/sites\/5\/2024\/05\/PITAYA1.jpeg","width":1600,"height":1348,"caption":"#paratodosverem prefeito David Almeida acompanha a produ\u00e7\u00e3o de pitaya"},{"@type":"WebSite","@id":"https:\/\/www.manaus.am.gov.br\/semcom\/#website","url":"https:\/\/www.manaus.am.gov.br\/semcom\/","name":"SEMCOM","description":"Secretaria Municipal de Comunica\u00e7\u00e3o","potentialAction":[{"@type":"SearchAction","target":{"@type":"EntryPoint","urlTemplate":"https:\/\/www.manaus.am.gov.br\/semcom\/?s={search_term_string}"},"query-input":"required name=search_term_string"}],"inLanguage":"pt-BR"},{"@type":"Person","@id":"https:\/\/www.manaus.am.gov.br\/semcom\/#\/schema\/person\/587989a23a463cde5618e6a028977a9a","name":"Maur\u00edcio Freire","image":{"@type":"ImageObject","inLanguage":"pt-BR","@id":"https:\/\/www.manaus.am.gov.br\/semcom\/#\/schema\/person\/image\/","url":"https:\/\/secure.gravatar.com\/avatar\/dc1481799a1f75c733ac3b2634cd6749?s=96&d=mm&r=g","contentUrl":"https:\/\/secure.gravatar.com\/avatar\/dc1481799a1f75c733ac3b2634cd6749?s=96&d=mm&r=g","caption":"Maur\u00edcio Freire"}}]}},"_links":{"self":[{"href":"https:\/\/www.manaus.am.gov.br\/semcom\/wp-json\/wp\/v2\/posts\/228945"}],"collection":[{"href":"https:\/\/www.manaus.am.gov.br\/semcom\/wp-json\/wp\/v2\/posts"}],"about":[{"href":"https:\/\/www.manaus.am.gov.br\/semcom\/wp-json\/wp\/v2\/types\/post"}],"author":[{"embeddable":true,"href":"https:\/\/www.manaus.am.gov.br\/semcom\/wp-json\/wp\/v2\/users\/25"}],"replies":[{"embeddable":true,"href":"https:\/\/www.manaus.am.gov.br\/semcom\/wp-json\/wp\/v2\/comments?post=228945"}],"version-history":[{"count":1,"href":"https:\/\/www.manaus.am.gov.br\/semcom\/wp-json\/wp\/v2\/posts\/228945\/revisions"}],"predecessor-version":[{"id":228948,"href":"https:\/\/www.manaus.am.gov.br\/semcom\/wp-json\/wp\/v2\/posts\/228945\/revisions\/228948"}],"wp:featuredmedia":[{"embeddable":true,"href":"https:\/\/www.manaus.am.gov.br\/semcom\/wp-json\/wp\/v2\/media\/228947"}],"wp:attachment":[{"href":"https:\/\/www.manaus.am.gov.br\/semcom\/wp-json\/wp\/v2\/media?parent=228945"}],"wp:term":[{"taxonomy":"category","embeddable":true,"href":"https:\/\/www.manaus.am.gov.br\/semcom\/wp-json\/wp\/v2\/categories?post=228945"},{"taxonomy":"post_tag","embeddable":true,"href":"https:\/\/www.manaus.am.gov.br\/semcom\/wp-json\/wp\/v2\/tags?post=228945"}],"curies":[{"name":"wp","href":"https:\/\/api.w.org\/{rel}","templated":true}]}}