{"id":228905,"date":"2024-05-13T20:31:58","date_gmt":"2024-05-13T23:31:58","guid":{"rendered":"https:\/\/www.manaus.am.gov.br\/semcom\/audiovisual-musica\/"},"modified":"2024-05-13T20:31:59","modified_gmt":"2024-05-13T23:31:59","slug":"audiovisual-musica","status":"publish","type":"post","link":"https:\/\/www.manaus.am.gov.br\/semcom\/audiovisual-musica\/","title":{"rendered":"Prefeitura inicia reuni\u00f5es com artistas do Audiovisual e M\u00fasica para elabora\u00e7\u00e3o de editais"},"content":{"rendered":"\n<p>A Prefeitura de Manaus, por meio do Conselho Municipal de Cultura (Concultura), deu in\u00edcio, na tarde desta segunda-feira, 13\/5, \u00e0 rodada de reuni\u00f5es devolutivas com os artistas dos segmentos audiovisual e m\u00fasica, no Casar\u00e3o da Inova\u00e7\u00e3o Cassina, para a elabora\u00e7\u00e3o do planejamento para a execu\u00e7\u00e3o da Pol\u00edtica Nacional Aldir Blanc (Pnab).<\/p>\n\n\n\n<p>Para o presidente do Concultura, Neilo Batista, essa devolutiva \u00e9 importante para os segmentos art\u00edsticos culturais de Manaus e no atendimento \u00e0 legisla\u00e7\u00e3o, sobretudo no que se refere ao chamamento e consulta aos segmentos. \u201cFoi isso que n\u00f3s fizemos no nosso setorial das oitivas, e agora, na devolutiva, a gente est\u00e1 trazendo a resposta do que foi colhido na primeira escuta. Com isso, a gente vai formulando a constru\u00e7\u00e3o do processo da Pnab\u201d, explicou Neilo.<\/p>\n\n\n\n<p>Segundo ele, Manaus tem uma pol\u00edtica participativa, inclusiva, democr\u00e1tica, e a Prefeitura de Manaus, por meio do Concultura, est\u00e1 procurando fazer da melhor forma, ouvindo os artistas, os fazedores de cultura, para a constru\u00e7\u00e3o desse processo junto aos segmentos e trabalhadores da cultura.<\/p>\n\n\n\n<p>A conselheira do segmento audiovisual, Dominique Jaci, ressaltou a&nbsp; import\u00e2ncia da reuni\u00e3o a respeito das devolutivas como prepara\u00e7\u00e3o dos editais pelo Concultura da Pnab. \u201cN\u00f3s j\u00e1 tivemos o primeiro ciclo de oitivas, com todos os segmentos e foi muito importante ouvir as demandas do segmento em rela\u00e7\u00e3o \u00e0 lei. Ent\u00e3o, \u00e9 muito importante para n\u00f3s acompanharmos o passo a passo de como est\u00e1 acontecendo a lei em n\u00edvel nacional, at\u00e9 chegar junto \u00e0 constru\u00e7\u00e3o dos editais\u201d, disse.<\/p>\n\n\n\n<p>Ela refor\u00e7ou que esse plano vem para vigorar durante os pr\u00f3ximos cinco anos, no esfor\u00e7o de reconstru\u00e7\u00e3o da classe cultural p\u00f3s-pandemia. \u201cEnt\u00e3o, \u00e9 importante a participa\u00e7\u00e3o das pessoas para conseguirmos distribuir essa verba da melhor forma\u201d, informou.<\/p>\n\n\n\n<p><strong>Agenda<\/strong><\/p>\n\n\n\n<p>Durante esta semana, ser\u00e3o realizados os encontros com os demais segmentos da cultura.<\/p>\n\n\n\n<p>Na ter\u00e7a-feira, 14\/5, ser\u00e1 a vez dos segmentos de Cultura Popular e Dan\u00e7a, no Casar\u00e3o Cassina, \u00e0s 18h. Na quarta-feira, 15\/5, ser\u00e1 o segmento de Artes Visuais, \u00e0s 18h, no Pal\u00e1cio Rio Branco. Na quinta-feira, 16\/5, dos segmentos Cultura \u00c9tnica, \u00e0s 14h, no Pal\u00e1cio Rio Branco, e \u00e0s 18h, segmento Literatura, no Casar\u00e3o Cassina. Na sexta-feira, 17\/5, segmentos de Hip-Hop, \u00e0s 14h, e Teatro e Circo, \u00e0s 18h, no Pal\u00e1cio Rio Branco.<\/p>\n\n\n\n<p>Nesta rodada de reuni\u00f5es devolutivas, os artistas t\u00eam a oportunidade de ter respondidas as quest\u00f5es levantadas nas oitivas, realizadas em abril. As escutas p\u00fablicas s\u00e3o obrigat\u00f3rias para a elabora\u00e7\u00e3o do plano de a\u00e7\u00e3o e dos editais da Pnab, para fomentar os setores art\u00edsticos.<\/p>\n\n\n\n<p>&#8212; &#8212; &#8212;<\/p>\n\n\n\n<p><strong>Texto<\/strong> &#8211; &nbsp;Crist\u00f3v\u00e3o Nonato \/ Concultura<\/p>\n\n\n\n<p><strong>Fotos<\/strong> &#8211; Valdo Le\u00e3o \/ Semcom<\/p>\n","protected":false},"excerpt":{"rendered":"","protected":false},"author":61,"featured_media":228906,"comment_status":"closed","ping_status":"closed","sticky":false,"template":"","format":"standard","meta":{"footnotes":""},"categories":[9365],"tags":[2722,11461,11596,77],"acf":[],"yoast_head":"<!-- This site is optimized with the Yoast SEO plugin v23.0 - https:\/\/yoast.com\/wordpress\/plugins\/seo\/ -->\n<title>Prefeitura inicia reuni\u00f5es com artistas do Audiovisual e M\u00fasica<\/title>\n<meta name=\"description\" content=\"A Prefeitura de Manaus, por meio Concultura, iniciou hoje, 13\/5, as reuni\u00f5es devolutivas com os artistas dos segmentos audiovisual e m\u00fasica.\" \/>\n<meta name=\"robots\" content=\"index, follow, max-snippet:-1, max-image-preview:large, max-video-preview:-1\" \/>\n<link rel=\"canonical\" href=\"https:\/\/www.manaus.am.gov.br\/semcom\/audiovisual-musica\/\" \/>\n<meta property=\"og:locale\" content=\"pt_BR\" \/>\n<meta property=\"og:type\" content=\"article\" \/>\n<meta property=\"og:title\" content=\"Prefeitura inicia reuni\u00f5es com artistas do Audiovisual e M\u00fasica\" \/>\n<meta property=\"og:description\" content=\"A Prefeitura de Manaus, por meio Concultura, iniciou hoje, 13\/5, as reuni\u00f5es devolutivas com os artistas dos segmentos audiovisual e m\u00fasica.\" \/>\n<meta property=\"og:url\" content=\"https:\/\/www.manaus.am.gov.br\/semcom\/audiovisual-musica\/\" \/>\n<meta property=\"og:site_name\" content=\"SEMCOM\" \/>\n<meta property=\"article:published_time\" content=\"2024-05-13T23:31:58+00:00\" \/>\n<meta property=\"article:modified_time\" content=\"2024-05-13T23:31:59+00:00\" \/>\n<meta property=\"og:image\" content=\"https:\/\/www.manaus.am.gov.br\/semcom\/wp-content\/uploads\/sites\/5\/2024\/05\/Reuniao-Devolutiva-Concultura-2.jpg\" \/>\n\t<meta property=\"og:image:width\" content=\"799\" \/>\n\t<meta property=\"og:image:height\" content=\"533\" \/>\n\t<meta property=\"og:image:type\" content=\"image\/jpeg\" \/>\n<meta name=\"author\" content=\"smonteiro\" \/>\n<meta name=\"twitter:card\" content=\"summary_large_image\" \/>\n<meta name=\"twitter:label1\" content=\"Written by\" \/>\n\t<meta name=\"twitter:data1\" content=\"smonteiro\" \/>\n\t<meta name=\"twitter:label2\" content=\"Est. reading time\" \/>\n\t<meta name=\"twitter:data2\" content=\"3 minutos\" \/>\n<script type=\"application\/ld+json\" class=\"yoast-schema-graph\">{\"@context\":\"https:\/\/schema.org\",\"@graph\":[{\"@type\":\"WebPage\",\"@id\":\"https:\/\/www.manaus.am.gov.br\/semcom\/audiovisual-musica\/\",\"url\":\"https:\/\/www.manaus.am.gov.br\/semcom\/audiovisual-musica\/\",\"name\":\"Prefeitura inicia reuni\u00f5es com artistas do Audiovisual e M\u00fasica\",\"isPartOf\":{\"@id\":\"https:\/\/www.manaus.am.gov.br\/semcom\/#website\"},\"primaryImageOfPage\":{\"@id\":\"https:\/\/www.manaus.am.gov.br\/semcom\/audiovisual-musica\/#primaryimage\"},\"image\":{\"@id\":\"https:\/\/www.manaus.am.gov.br\/semcom\/audiovisual-musica\/#primaryimage\"},\"thumbnailUrl\":\"https:\/\/www.manaus.am.gov.br\/semcom\/wp-content\/uploads\/sites\/5\/2024\/05\/Reuniao-Devolutiva-Concultura-2.jpg\",\"datePublished\":\"2024-05-13T23:31:58+00:00\",\"dateModified\":\"2024-05-13T23:31:59+00:00\",\"author\":{\"@id\":\"https:\/\/www.manaus.am.gov.br\/semcom\/#\/schema\/person\/ab4dcf766a54dff74e8d267f5c591961\"},\"description\":\"A Prefeitura de Manaus, por meio Concultura, iniciou hoje, 13\/5, as reuni\u00f5es devolutivas com os artistas dos segmentos audiovisual e m\u00fasica.\",\"inLanguage\":\"pt-BR\",\"potentialAction\":[{\"@type\":\"ReadAction\",\"target\":[\"https:\/\/www.manaus.am.gov.br\/semcom\/audiovisual-musica\/\"]}]},{\"@type\":\"ImageObject\",\"inLanguage\":\"pt-BR\",\"@id\":\"https:\/\/www.manaus.am.gov.br\/semcom\/audiovisual-musica\/#primaryimage\",\"url\":\"https:\/\/www.manaus.am.gov.br\/semcom\/wp-content\/uploads\/sites\/5\/2024\/05\/Reuniao-Devolutiva-Concultura-2.jpg\",\"contentUrl\":\"https:\/\/www.manaus.am.gov.br\/semcom\/wp-content\/uploads\/sites\/5\/2024\/05\/Reuniao-Devolutiva-Concultura-2.jpg\",\"width\":799,\"height\":533,\"caption\":\"#paratodosverem - presidente do Concultura, Neilo Batista, reunido com os representantes dos segmentos audiovisual e m\u00fasica\"},{\"@type\":\"WebSite\",\"@id\":\"https:\/\/www.manaus.am.gov.br\/semcom\/#website\",\"url\":\"https:\/\/www.manaus.am.gov.br\/semcom\/\",\"name\":\"SEMCOM\",\"description\":\"Secretaria Municipal de Comunica\u00e7\u00e3o\",\"potentialAction\":[{\"@type\":\"SearchAction\",\"target\":{\"@type\":\"EntryPoint\",\"urlTemplate\":\"https:\/\/www.manaus.am.gov.br\/semcom\/?s={search_term_string}\"},\"query-input\":\"required name=search_term_string\"}],\"inLanguage\":\"pt-BR\"},{\"@type\":\"Person\",\"@id\":\"https:\/\/www.manaus.am.gov.br\/semcom\/#\/schema\/person\/ab4dcf766a54dff74e8d267f5c591961\",\"name\":\"smonteiro\",\"image\":{\"@type\":\"ImageObject\",\"inLanguage\":\"pt-BR\",\"@id\":\"https:\/\/www.manaus.am.gov.br\/semcom\/#\/schema\/person\/image\/\",\"url\":\"https:\/\/secure.gravatar.com\/avatar\/21c8776ef61d9272c73322052e042d77?s=96&d=mm&r=g\",\"contentUrl\":\"https:\/\/secure.gravatar.com\/avatar\/21c8776ef61d9272c73322052e042d77?s=96&d=mm&r=g\",\"caption\":\"smonteiro\"}}]}<\/script>\n<!-- \/ Yoast SEO plugin. -->","yoast_head_json":{"title":"Prefeitura inicia reuni\u00f5es com artistas do Audiovisual e M\u00fasica","description":"A Prefeitura de Manaus, por meio Concultura, iniciou hoje, 13\/5, as reuni\u00f5es devolutivas com os artistas dos segmentos audiovisual e m\u00fasica.","robots":{"index":"index","follow":"follow","max-snippet":"max-snippet:-1","max-image-preview":"max-image-preview:large","max-video-preview":"max-video-preview:-1"},"canonical":"https:\/\/www.manaus.am.gov.br\/semcom\/audiovisual-musica\/","og_locale":"pt_BR","og_type":"article","og_title":"Prefeitura inicia reuni\u00f5es com artistas do Audiovisual e M\u00fasica","og_description":"A Prefeitura de Manaus, por meio Concultura, iniciou hoje, 13\/5, as reuni\u00f5es devolutivas com os artistas dos segmentos audiovisual e m\u00fasica.","og_url":"https:\/\/www.manaus.am.gov.br\/semcom\/audiovisual-musica\/","og_site_name":"SEMCOM","article_published_time":"2024-05-13T23:31:58+00:00","article_modified_time":"2024-05-13T23:31:59+00:00","og_image":[{"width":799,"height":533,"url":"https:\/\/www.manaus.am.gov.br\/semcom\/wp-content\/uploads\/sites\/5\/2024\/05\/Reuniao-Devolutiva-Concultura-2.jpg","type":"image\/jpeg"}],"author":"smonteiro","twitter_card":"summary_large_image","twitter_misc":{"Written by":"smonteiro","Est. reading time":"3 minutos"},"schema":{"@context":"https:\/\/schema.org","@graph":[{"@type":"WebPage","@id":"https:\/\/www.manaus.am.gov.br\/semcom\/audiovisual-musica\/","url":"https:\/\/www.manaus.am.gov.br\/semcom\/audiovisual-musica\/","name":"Prefeitura inicia reuni\u00f5es com artistas do Audiovisual e M\u00fasica","isPartOf":{"@id":"https:\/\/www.manaus.am.gov.br\/semcom\/#website"},"primaryImageOfPage":{"@id":"https:\/\/www.manaus.am.gov.br\/semcom\/audiovisual-musica\/#primaryimage"},"image":{"@id":"https:\/\/www.manaus.am.gov.br\/semcom\/audiovisual-musica\/#primaryimage"},"thumbnailUrl":"https:\/\/www.manaus.am.gov.br\/semcom\/wp-content\/uploads\/sites\/5\/2024\/05\/Reuniao-Devolutiva-Concultura-2.jpg","datePublished":"2024-05-13T23:31:58+00:00","dateModified":"2024-05-13T23:31:59+00:00","author":{"@id":"https:\/\/www.manaus.am.gov.br\/semcom\/#\/schema\/person\/ab4dcf766a54dff74e8d267f5c591961"},"description":"A Prefeitura de Manaus, por meio Concultura, iniciou hoje, 13\/5, as reuni\u00f5es devolutivas com os artistas dos segmentos audiovisual e m\u00fasica.","inLanguage":"pt-BR","potentialAction":[{"@type":"ReadAction","target":["https:\/\/www.manaus.am.gov.br\/semcom\/audiovisual-musica\/"]}]},{"@type":"ImageObject","inLanguage":"pt-BR","@id":"https:\/\/www.manaus.am.gov.br\/semcom\/audiovisual-musica\/#primaryimage","url":"https:\/\/www.manaus.am.gov.br\/semcom\/wp-content\/uploads\/sites\/5\/2024\/05\/Reuniao-Devolutiva-Concultura-2.jpg","contentUrl":"https:\/\/www.manaus.am.gov.br\/semcom\/wp-content\/uploads\/sites\/5\/2024\/05\/Reuniao-Devolutiva-Concultura-2.jpg","width":799,"height":533,"caption":"#paratodosverem - presidente do Concultura, Neilo Batista, reunido com os representantes dos segmentos audiovisual e m\u00fasica"},{"@type":"WebSite","@id":"https:\/\/www.manaus.am.gov.br\/semcom\/#website","url":"https:\/\/www.manaus.am.gov.br\/semcom\/","name":"SEMCOM","description":"Secretaria Municipal de Comunica\u00e7\u00e3o","potentialAction":[{"@type":"SearchAction","target":{"@type":"EntryPoint","urlTemplate":"https:\/\/www.manaus.am.gov.br\/semcom\/?s={search_term_string}"},"query-input":"required name=search_term_string"}],"inLanguage":"pt-BR"},{"@type":"Person","@id":"https:\/\/www.manaus.am.gov.br\/semcom\/#\/schema\/person\/ab4dcf766a54dff74e8d267f5c591961","name":"smonteiro","image":{"@type":"ImageObject","inLanguage":"pt-BR","@id":"https:\/\/www.manaus.am.gov.br\/semcom\/#\/schema\/person\/image\/","url":"https:\/\/secure.gravatar.com\/avatar\/21c8776ef61d9272c73322052e042d77?s=96&d=mm&r=g","contentUrl":"https:\/\/secure.gravatar.com\/avatar\/21c8776ef61d9272c73322052e042d77?s=96&d=mm&r=g","caption":"smonteiro"}}]}},"_links":{"self":[{"href":"https:\/\/www.manaus.am.gov.br\/semcom\/wp-json\/wp\/v2\/posts\/228905"}],"collection":[{"href":"https:\/\/www.manaus.am.gov.br\/semcom\/wp-json\/wp\/v2\/posts"}],"about":[{"href":"https:\/\/www.manaus.am.gov.br\/semcom\/wp-json\/wp\/v2\/types\/post"}],"author":[{"embeddable":true,"href":"https:\/\/www.manaus.am.gov.br\/semcom\/wp-json\/wp\/v2\/users\/61"}],"replies":[{"embeddable":true,"href":"https:\/\/www.manaus.am.gov.br\/semcom\/wp-json\/wp\/v2\/comments?post=228905"}],"version-history":[{"count":0,"href":"https:\/\/www.manaus.am.gov.br\/semcom\/wp-json\/wp\/v2\/posts\/228905\/revisions"}],"wp:featuredmedia":[{"embeddable":true,"href":"https:\/\/www.manaus.am.gov.br\/semcom\/wp-json\/wp\/v2\/media\/228906"}],"wp:attachment":[{"href":"https:\/\/www.manaus.am.gov.br\/semcom\/wp-json\/wp\/v2\/media?parent=228905"}],"wp:term":[{"taxonomy":"category","embeddable":true,"href":"https:\/\/www.manaus.am.gov.br\/semcom\/wp-json\/wp\/v2\/categories?post=228905"},{"taxonomy":"post_tag","embeddable":true,"href":"https:\/\/www.manaus.am.gov.br\/semcom\/wp-json\/wp\/v2\/tags?post=228905"}],"curies":[{"name":"wp","href":"https:\/\/api.w.org\/{rel}","templated":true}]}}