{"id":228739,"date":"2024-05-09T18:34:28","date_gmt":"2024-05-09T21:34:28","guid":{"rendered":"https:\/\/www.manaus.am.gov.br\/semcom\/treinamento-lgpd\/"},"modified":"2024-05-09T18:34:29","modified_gmt":"2024-05-09T21:34:29","slug":"treinamento-lgpd","status":"publish","type":"post","link":"https:\/\/www.manaus.am.gov.br\/semcom\/treinamento-lgpd\/","title":{"rendered":"Mais de 450 servidores municipais recebem treinamento sobre a Lei Geral de Prote\u00e7\u00e3o de Dados"},"content":{"rendered":"\n<p>Mais de 450 servidores da Prefeitura de Manaus, participaram, nesta quinta-feira, 9\/5, do treinamento sobre \u201cSistema de Privacidade e Prote\u00e7\u00e3o de Dados\u201d, a\u00e7\u00e3o que integra o processo de implementa\u00e7\u00e3o da Lei Geral de Prote\u00e7\u00e3o de Dados (LGPD) no munic\u00edpio. A efetiva\u00e7\u00e3o da lei garante total seguran\u00e7a e transpar\u00eancia no uso das informa\u00e7\u00f5es pessoais e sens\u00edveis coletadas de cidad\u00e3os e empresas atendidas pelos entes municipais.<\/p>\n\n\n\n<p>O treinamento, coordenado pela Controladoria-Geral do Munic\u00edpio (CGM), aconteceu no audit\u00f3rio Isabel Victoria de Mattos Pereira do Carmo Ribeiro, na sede da Prefeitura de Manaus, localizada no bairro Compensa, zona Oeste da cidade. O \u00f3rg\u00e3o tamb\u00e9m \u00e9 respons\u00e1vel pela implementa\u00e7\u00e3o da LGPD em todo o \u00e2mbito municipal com o apoio da Consultoria Pironti, que ministrou o treinamento.<\/p>\n\n\n\n<p>O controlador geral do munic\u00edpio, Arnaldo Flores, explica que a lei est\u00e1 em vigor no pa\u00eds desde o m\u00eas de setembro de 2020, e foi criada com o objetivo de proporcionar ao cidad\u00e3o brasileiro um controle maior sobre o tratamento de seus dados pessoais. Arnaldo lembra tamb\u00e9m que servidores e cidad\u00e3os que se interessem pelas informa\u00e7\u00f5es sobre a implementa\u00e7\u00e3o da LGPD no munic\u00edpio e como se prevenir contra as amea\u00e7as digitais, podem consultar o site: https:\/\/lgpd.manaus.am.gov.br.<\/p>\n\n\n\n<p>\u201cA LGPD foi implementada a partir de 2020. Na prefeitura de Manaus, n\u00f3s estamos trabalhando a adequa\u00e7\u00e3o dessa lei em nossa realidade, ent\u00e3o para isso, n\u00f3s estamos fazendo um estudo da lei, contratamos uma consultoria que est\u00e1 nos ajudando a implementar essas adequa\u00e7\u00f5es. E para a popula\u00e7\u00e3o que tiver um interesse em saber um pouco mais sobre a LGPD, n\u00f3s temos um canal dispon\u00edvel que mostram todas essas ferramentas\u201d, informou Flores.<\/p>\n\n\n\n<p>A LGPD estabelece princ\u00edpios e cria regras que devem ser observados tanto por organiza\u00e7\u00f5es privadas quanto p\u00fablicas, al\u00e9m de criar entidade reguladora espec\u00edfica para o tema. Durante o treinamento, a Diretora de Compliance e LGPD do escrit\u00f3rio Pironti Advogados, Mariana Keppen, respons\u00e1vel pela consultoria, destacou que uma das etapas \u00e9 apresentar as ferramentas j\u00e1 desenvolvidas para o atendimento a essa legisla\u00e7\u00e3o.<\/p>\n\n\n\n<p>\u201c\u00c9 muito importante a gente estar aqui hoje para passar essa conscientiza\u00e7\u00e3o a todos os servidores, porque as nossas informa\u00e7\u00f5es pessoais s\u00e3o muito relacionadas tamb\u00e9m a nossa privacidade, intimidade, ent\u00e3o as institui\u00e7\u00f5es t\u00eam que cuidar e assegurar que essas informa\u00e7\u00f5es est\u00e3o sendo tratadas de uma forma adequada e em cumprimento \u00e0 legisla\u00e7\u00e3o\u201d, completou.<\/p>\n\n\n\n<p>A capacita\u00e7\u00e3o reuniu profissionais de todas as secretarias municipais para compartilhar conhecimentos vitais em um mundo cada vez mais conectado e suscet\u00edvel a amea\u00e7as digitais. Para a diretora-presidente da Manaus Previd\u00eancia (Manausprev), Daniela Benayon, a iniciativa, al\u00e9m de agregar conhecimento individual, dissemina a informa\u00e7\u00e3o no ambiente profissional, resultando na continuidade do trabalho de excel\u00eancia desempenhado pela autarquia e dos bons resultados que v\u00eam sendo obtidos relativos a sua miss\u00e3o, vis\u00e3o e valores.<\/p>\n\n\n\n<p>\u201cN\u00f3s somos detentores de muitos dados de todos os nossos servidores ativos, apresentados e pensionistas, e desde que a prefeitura iniciou esses treinamentos e a divulga\u00e7\u00e3o de como isso seria tratado, a Manausprev designou uma equipe para ser treinada e aplicar dentro da autarquia esses conhecimentos\u201d, destacou a diretora-presidente.<\/p>\n\n\n\n<p>&#8212; &#8212; &#8212;<\/p>\n\n\n\n<p><strong>Texto<\/strong> \u2013 Beathriz Torres \/ Semcom e Divulga\u00e7\u00e3o \/ CGM<\/p>\n\n\n\n<p><strong>Fotos<\/strong> \u2013 Phil Limma \/ Semcom<\/p>\n","protected":false},"excerpt":{"rendered":"","protected":false},"author":61,"featured_media":228740,"comment_status":"closed","ping_status":"closed","sticky":false,"template":"","format":"standard","meta":{"footnotes":""},"categories":[2205],"tags":[3948,6709,77,1869],"acf":[],"yoast_head":"<!-- This site is optimized with the Yoast SEO plugin v23.0 - https:\/\/yoast.com\/wordpress\/plugins\/seo\/ -->\n<title>Servidores municipais recebem treinamento sobre a LGPD<\/title>\n<meta name=\"description\" content=\"Mais de 450 servidores da Prefeitura de Manaus, participaram, nesta quinta-feira, 9\/5, do treinamento sobre \u201cSistema de Privacidade e Prote\u00e7\u00e3o de Dados\u201d\" \/>\n<meta name=\"robots\" content=\"index, follow, max-snippet:-1, max-image-preview:large, max-video-preview:-1\" \/>\n<link rel=\"canonical\" href=\"https:\/\/www.manaus.am.gov.br\/semcom\/treinamento-lgpd\/\" \/>\n<meta property=\"og:locale\" content=\"pt_BR\" \/>\n<meta property=\"og:type\" content=\"article\" \/>\n<meta property=\"og:title\" content=\"Servidores municipais recebem treinamento sobre a LGPD\" \/>\n<meta property=\"og:description\" content=\"Mais de 450 servidores da Prefeitura de Manaus, participaram, nesta quinta-feira, 9\/5, do treinamento sobre \u201cSistema de Privacidade e Prote\u00e7\u00e3o de Dados\u201d\" \/>\n<meta property=\"og:url\" content=\"https:\/\/www.manaus.am.gov.br\/semcom\/treinamento-lgpd\/\" \/>\n<meta property=\"og:site_name\" content=\"SEMCOM\" \/>\n<meta property=\"article:published_time\" content=\"2024-05-09T21:34:28+00:00\" \/>\n<meta property=\"article:modified_time\" content=\"2024-05-09T21:34:29+00:00\" \/>\n<meta property=\"og:image\" content=\"https:\/\/www.manaus.am.gov.br\/semcom\/wp-content\/uploads\/sites\/5\/2024\/05\/Treinamento-LGPD-1.jpg\" \/>\n\t<meta property=\"og:image:width\" content=\"799\" \/>\n\t<meta property=\"og:image:height\" content=\"533\" \/>\n\t<meta property=\"og:image:type\" content=\"image\/jpeg\" \/>\n<meta name=\"author\" content=\"smonteiro\" \/>\n<meta name=\"twitter:card\" content=\"summary_large_image\" \/>\n<meta name=\"twitter:label1\" content=\"Written by\" \/>\n\t<meta name=\"twitter:data1\" content=\"smonteiro\" \/>\n\t<meta name=\"twitter:label2\" content=\"Est. reading time\" \/>\n\t<meta name=\"twitter:data2\" content=\"4 minutos\" \/>\n<script type=\"application\/ld+json\" class=\"yoast-schema-graph\">{\"@context\":\"https:\/\/schema.org\",\"@graph\":[{\"@type\":\"WebPage\",\"@id\":\"https:\/\/www.manaus.am.gov.br\/semcom\/treinamento-lgpd\/\",\"url\":\"https:\/\/www.manaus.am.gov.br\/semcom\/treinamento-lgpd\/\",\"name\":\"Servidores municipais recebem treinamento sobre a LGPD\",\"isPartOf\":{\"@id\":\"https:\/\/www.manaus.am.gov.br\/semcom\/#website\"},\"primaryImageOfPage\":{\"@id\":\"https:\/\/www.manaus.am.gov.br\/semcom\/treinamento-lgpd\/#primaryimage\"},\"image\":{\"@id\":\"https:\/\/www.manaus.am.gov.br\/semcom\/treinamento-lgpd\/#primaryimage\"},\"thumbnailUrl\":\"https:\/\/www.manaus.am.gov.br\/semcom\/wp-content\/uploads\/sites\/5\/2024\/05\/Treinamento-LGPD-1.jpg\",\"datePublished\":\"2024-05-09T21:34:28+00:00\",\"dateModified\":\"2024-05-09T21:34:29+00:00\",\"author\":{\"@id\":\"https:\/\/www.manaus.am.gov.br\/semcom\/#\/schema\/person\/ab4dcf766a54dff74e8d267f5c591961\"},\"description\":\"Mais de 450 servidores da Prefeitura de Manaus, participaram, nesta quinta-feira, 9\/5, do treinamento sobre \u201cSistema de Privacidade e Prote\u00e7\u00e3o de Dados\u201d\",\"inLanguage\":\"pt-BR\",\"potentialAction\":[{\"@type\":\"ReadAction\",\"target\":[\"https:\/\/www.manaus.am.gov.br\/semcom\/treinamento-lgpd\/\"]}]},{\"@type\":\"ImageObject\",\"inLanguage\":\"pt-BR\",\"@id\":\"https:\/\/www.manaus.am.gov.br\/semcom\/treinamento-lgpd\/#primaryimage\",\"url\":\"https:\/\/www.manaus.am.gov.br\/semcom\/wp-content\/uploads\/sites\/5\/2024\/05\/Treinamento-LGPD-1.jpg\",\"contentUrl\":\"https:\/\/www.manaus.am.gov.br\/semcom\/wp-content\/uploads\/sites\/5\/2024\/05\/Treinamento-LGPD-1.jpg\",\"width\":799,\"height\":533,\"caption\":\"#paratodosverem - imagens da mesa de abertura do treinamento\"},{\"@type\":\"WebSite\",\"@id\":\"https:\/\/www.manaus.am.gov.br\/semcom\/#website\",\"url\":\"https:\/\/www.manaus.am.gov.br\/semcom\/\",\"name\":\"SEMCOM\",\"description\":\"Secretaria Municipal de Comunica\u00e7\u00e3o\",\"potentialAction\":[{\"@type\":\"SearchAction\",\"target\":{\"@type\":\"EntryPoint\",\"urlTemplate\":\"https:\/\/www.manaus.am.gov.br\/semcom\/?s={search_term_string}\"},\"query-input\":\"required name=search_term_string\"}],\"inLanguage\":\"pt-BR\"},{\"@type\":\"Person\",\"@id\":\"https:\/\/www.manaus.am.gov.br\/semcom\/#\/schema\/person\/ab4dcf766a54dff74e8d267f5c591961\",\"name\":\"smonteiro\",\"image\":{\"@type\":\"ImageObject\",\"inLanguage\":\"pt-BR\",\"@id\":\"https:\/\/www.manaus.am.gov.br\/semcom\/#\/schema\/person\/image\/\",\"url\":\"https:\/\/secure.gravatar.com\/avatar\/21c8776ef61d9272c73322052e042d77?s=96&d=mm&r=g\",\"contentUrl\":\"https:\/\/secure.gravatar.com\/avatar\/21c8776ef61d9272c73322052e042d77?s=96&d=mm&r=g\",\"caption\":\"smonteiro\"}}]}<\/script>\n<!-- \/ Yoast SEO plugin. -->","yoast_head_json":{"title":"Servidores municipais recebem treinamento sobre a LGPD","description":"Mais de 450 servidores da Prefeitura de Manaus, participaram, nesta quinta-feira, 9\/5, do treinamento sobre \u201cSistema de Privacidade e Prote\u00e7\u00e3o de Dados\u201d","robots":{"index":"index","follow":"follow","max-snippet":"max-snippet:-1","max-image-preview":"max-image-preview:large","max-video-preview":"max-video-preview:-1"},"canonical":"https:\/\/www.manaus.am.gov.br\/semcom\/treinamento-lgpd\/","og_locale":"pt_BR","og_type":"article","og_title":"Servidores municipais recebem treinamento sobre a LGPD","og_description":"Mais de 450 servidores da Prefeitura de Manaus, participaram, nesta quinta-feira, 9\/5, do treinamento sobre \u201cSistema de Privacidade e Prote\u00e7\u00e3o de Dados\u201d","og_url":"https:\/\/www.manaus.am.gov.br\/semcom\/treinamento-lgpd\/","og_site_name":"SEMCOM","article_published_time":"2024-05-09T21:34:28+00:00","article_modified_time":"2024-05-09T21:34:29+00:00","og_image":[{"width":799,"height":533,"url":"https:\/\/www.manaus.am.gov.br\/semcom\/wp-content\/uploads\/sites\/5\/2024\/05\/Treinamento-LGPD-1.jpg","type":"image\/jpeg"}],"author":"smonteiro","twitter_card":"summary_large_image","twitter_misc":{"Written by":"smonteiro","Est. reading time":"4 minutos"},"schema":{"@context":"https:\/\/schema.org","@graph":[{"@type":"WebPage","@id":"https:\/\/www.manaus.am.gov.br\/semcom\/treinamento-lgpd\/","url":"https:\/\/www.manaus.am.gov.br\/semcom\/treinamento-lgpd\/","name":"Servidores municipais recebem treinamento sobre a LGPD","isPartOf":{"@id":"https:\/\/www.manaus.am.gov.br\/semcom\/#website"},"primaryImageOfPage":{"@id":"https:\/\/www.manaus.am.gov.br\/semcom\/treinamento-lgpd\/#primaryimage"},"image":{"@id":"https:\/\/www.manaus.am.gov.br\/semcom\/treinamento-lgpd\/#primaryimage"},"thumbnailUrl":"https:\/\/www.manaus.am.gov.br\/semcom\/wp-content\/uploads\/sites\/5\/2024\/05\/Treinamento-LGPD-1.jpg","datePublished":"2024-05-09T21:34:28+00:00","dateModified":"2024-05-09T21:34:29+00:00","author":{"@id":"https:\/\/www.manaus.am.gov.br\/semcom\/#\/schema\/person\/ab4dcf766a54dff74e8d267f5c591961"},"description":"Mais de 450 servidores da Prefeitura de Manaus, participaram, nesta quinta-feira, 9\/5, do treinamento sobre \u201cSistema de Privacidade e Prote\u00e7\u00e3o de Dados\u201d","inLanguage":"pt-BR","potentialAction":[{"@type":"ReadAction","target":["https:\/\/www.manaus.am.gov.br\/semcom\/treinamento-lgpd\/"]}]},{"@type":"ImageObject","inLanguage":"pt-BR","@id":"https:\/\/www.manaus.am.gov.br\/semcom\/treinamento-lgpd\/#primaryimage","url":"https:\/\/www.manaus.am.gov.br\/semcom\/wp-content\/uploads\/sites\/5\/2024\/05\/Treinamento-LGPD-1.jpg","contentUrl":"https:\/\/www.manaus.am.gov.br\/semcom\/wp-content\/uploads\/sites\/5\/2024\/05\/Treinamento-LGPD-1.jpg","width":799,"height":533,"caption":"#paratodosverem - imagens da mesa de abertura do treinamento"},{"@type":"WebSite","@id":"https:\/\/www.manaus.am.gov.br\/semcom\/#website","url":"https:\/\/www.manaus.am.gov.br\/semcom\/","name":"SEMCOM","description":"Secretaria Municipal de Comunica\u00e7\u00e3o","potentialAction":[{"@type":"SearchAction","target":{"@type":"EntryPoint","urlTemplate":"https:\/\/www.manaus.am.gov.br\/semcom\/?s={search_term_string}"},"query-input":"required name=search_term_string"}],"inLanguage":"pt-BR"},{"@type":"Person","@id":"https:\/\/www.manaus.am.gov.br\/semcom\/#\/schema\/person\/ab4dcf766a54dff74e8d267f5c591961","name":"smonteiro","image":{"@type":"ImageObject","inLanguage":"pt-BR","@id":"https:\/\/www.manaus.am.gov.br\/semcom\/#\/schema\/person\/image\/","url":"https:\/\/secure.gravatar.com\/avatar\/21c8776ef61d9272c73322052e042d77?s=96&d=mm&r=g","contentUrl":"https:\/\/secure.gravatar.com\/avatar\/21c8776ef61d9272c73322052e042d77?s=96&d=mm&r=g","caption":"smonteiro"}}]}},"_links":{"self":[{"href":"https:\/\/www.manaus.am.gov.br\/semcom\/wp-json\/wp\/v2\/posts\/228739"}],"collection":[{"href":"https:\/\/www.manaus.am.gov.br\/semcom\/wp-json\/wp\/v2\/posts"}],"about":[{"href":"https:\/\/www.manaus.am.gov.br\/semcom\/wp-json\/wp\/v2\/types\/post"}],"author":[{"embeddable":true,"href":"https:\/\/www.manaus.am.gov.br\/semcom\/wp-json\/wp\/v2\/users\/61"}],"replies":[{"embeddable":true,"href":"https:\/\/www.manaus.am.gov.br\/semcom\/wp-json\/wp\/v2\/comments?post=228739"}],"version-history":[{"count":0,"href":"https:\/\/www.manaus.am.gov.br\/semcom\/wp-json\/wp\/v2\/posts\/228739\/revisions"}],"wp:featuredmedia":[{"embeddable":true,"href":"https:\/\/www.manaus.am.gov.br\/semcom\/wp-json\/wp\/v2\/media\/228740"}],"wp:attachment":[{"href":"https:\/\/www.manaus.am.gov.br\/semcom\/wp-json\/wp\/v2\/media?parent=228739"}],"wp:term":[{"taxonomy":"category","embeddable":true,"href":"https:\/\/www.manaus.am.gov.br\/semcom\/wp-json\/wp\/v2\/categories?post=228739"},{"taxonomy":"post_tag","embeddable":true,"href":"https:\/\/www.manaus.am.gov.br\/semcom\/wp-json\/wp\/v2\/tags?post=228739"}],"curies":[{"name":"wp","href":"https:\/\/api.w.org\/{rel}","templated":true}]}}