{"id":228684,"date":"2024-05-08T18:40:28","date_gmt":"2024-05-08T21:40:28","guid":{"rendered":"https:\/\/www.manaus.am.gov.br\/semcom\/prorroga-entrega-documentos\/"},"modified":"2024-05-08T18:40:29","modified_gmt":"2024-05-08T21:40:29","slug":"prorroga-entrega-documentos","status":"publish","type":"post","link":"https:\/\/www.manaus.am.gov.br\/semcom\/prorroga-entrega-documentos\/","title":{"rendered":"Prefeitura de Manaus prorroga prazo para entrega de documentos do Programa Bolsa Idiomas"},"content":{"rendered":"\n<p>A Prefeitura de Manaus decidiu prorrogar, at\u00e9 as 13h do pr\u00f3ximo s\u00e1bado, 11\/5, o prazo para a entrega dos documentos dos classificados no Programa Bolsa Idiomas 2024. Inicialmente, os contemplados teriam at\u00e9 as 15h desta quarta-feira, 8, para se apresentarem na institui\u00e7\u00e3o de ensino de l\u00edngua estrangeira com a documenta\u00e7\u00e3o exigida no edital.<\/p>\n\n\n\n<p>A medida, segundo o diretor-geral da Escola de Servi\u00e7o P\u00fablico e Inclus\u00e3o Socioeducacional (Espi), Raimundo Pimentel Filho, \u00e9 para assegurar que todos os selecionados garantam suas bolsas. \u201cPor orienta\u00e7\u00e3o do prefeito David Almeida, entramos em contato com as 18 escolas de idiomas parceiras e apresentamos a proposta de extens\u00e3o do prazo. Todas concordaram. A ideia de flexibilizar o prazo considerou hor\u00e1rios de trabalho de pessoas beneficiadas e dos respons\u00e1veis por menores de idade que conseguiram bolsa\u201d, explica o diretor.<\/p>\n\n\n\n<p>Com o novo prazo, todas as unidades das institui\u00e7\u00f5es far\u00e3o o recebimento dos documentos, at\u00e9 sexta-feira, 10, das 8h \u00e0s 15h, e no s\u00e1bado, das 8h \u00e0s 13h.<\/p>\n\n\n\n<p>Al\u00e9m da prorroga\u00e7\u00e3o, a Espi, \u00f3rg\u00e3o vinculado \u00e0 Secretaria Municipal de Administra\u00e7\u00e3o, Planejamento e Gest\u00e3o (Semad), informa que alterou para as 11h o hor\u00e1rio de abertura do per\u00edodo de remanejamento, que ser\u00e1 realizado entre os dias 13 e 17\/5, at\u00e9 as 14h. Durante cinco dias, os candidatos que tiverem ficado no cadastro reserva poder\u00e3o tentar bolsas de 50% em escolas onde ainda haja vagas.<\/p>\n\n\n\n<p>Na primeira chamada do Programa Bolsa Idiomas 2024, foram classificados para aprender uma l\u00edngua estrangeira 8.991 candidatos.<\/p>\n\n\n\n<p>&#8212; &#8212; &#8212;<\/p>\n\n\n\n<p><strong>Texto<\/strong> \u2013 Sandra Monteiro \/ Semad-Espi<\/p>\n\n\n\n<p><strong>Fotos<\/strong> \u2013 Divulga\u00e7\u00e3o \/ Semad-Espi<\/p>\n","protected":false},"excerpt":{"rendered":"","protected":false},"author":61,"featured_media":228685,"comment_status":"closed","ping_status":"closed","sticky":false,"template":"","format":"standard","meta":{"footnotes":""},"categories":[3051],"tags":[934,77,5661,2908,838],"acf":[],"yoast_head":"<!-- This site is optimized with the Yoast SEO plugin v23.0 - https:\/\/yoast.com\/wordpress\/plugins\/seo\/ -->\n<title>Prefeitura de Manaus prorroga prazo para entrega de documentos do PBI<\/title>\n<meta name=\"description\" content=\"A Prefeitura de Manaus decidiu prorrogar, at\u00e9 as 13h do pr\u00f3ximo s\u00e1bado, 11\/5, o prazo para a entrega dos documentos dos classificados no Programa Bolsa Idiomas 2024.\" \/>\n<meta name=\"robots\" content=\"index, follow, max-snippet:-1, max-image-preview:large, max-video-preview:-1\" \/>\n<link rel=\"canonical\" href=\"https:\/\/www.manaus.am.gov.br\/semcom\/prorroga-entrega-documentos\/\" \/>\n<meta property=\"og:locale\" content=\"pt_BR\" \/>\n<meta property=\"og:type\" content=\"article\" \/>\n<meta property=\"og:title\" content=\"Prefeitura de Manaus prorroga prazo para entrega de documentos do PBI\" \/>\n<meta property=\"og:description\" content=\"A Prefeitura de Manaus decidiu prorrogar, at\u00e9 as 13h do pr\u00f3ximo s\u00e1bado, 11\/5, o prazo para a entrega dos documentos dos classificados no Programa Bolsa Idiomas 2024.\" \/>\n<meta property=\"og:url\" content=\"https:\/\/www.manaus.am.gov.br\/semcom\/prorroga-entrega-documentos\/\" \/>\n<meta property=\"og:site_name\" content=\"SEMCOM\" \/>\n<meta property=\"article:published_time\" content=\"2024-05-08T21:40:28+00:00\" \/>\n<meta property=\"article:modified_time\" content=\"2024-05-08T21:40:29+00:00\" \/>\n<meta property=\"og:image\" content=\"https:\/\/www.manaus.am.gov.br\/semcom\/wp-content\/uploads\/sites\/5\/2024\/05\/Entrega-Documentos-PBI-3.jpeg\" \/>\n\t<meta property=\"og:image:width\" content=\"1600\" \/>\n\t<meta property=\"og:image:height\" content=\"1200\" \/>\n\t<meta property=\"og:image:type\" content=\"image\/jpeg\" \/>\n<meta name=\"author\" content=\"smonteiro\" \/>\n<meta name=\"twitter:card\" content=\"summary_large_image\" \/>\n<meta name=\"twitter:label1\" content=\"Written by\" \/>\n\t<meta name=\"twitter:data1\" content=\"smonteiro\" \/>\n\t<meta name=\"twitter:label2\" content=\"Est. reading time\" \/>\n\t<meta name=\"twitter:data2\" content=\"2 minutos\" \/>\n<script type=\"application\/ld+json\" class=\"yoast-schema-graph\">{\"@context\":\"https:\/\/schema.org\",\"@graph\":[{\"@type\":\"WebPage\",\"@id\":\"https:\/\/www.manaus.am.gov.br\/semcom\/prorroga-entrega-documentos\/\",\"url\":\"https:\/\/www.manaus.am.gov.br\/semcom\/prorroga-entrega-documentos\/\",\"name\":\"Prefeitura de Manaus prorroga prazo para entrega de documentos do PBI\",\"isPartOf\":{\"@id\":\"https:\/\/www.manaus.am.gov.br\/semcom\/#website\"},\"primaryImageOfPage\":{\"@id\":\"https:\/\/www.manaus.am.gov.br\/semcom\/prorroga-entrega-documentos\/#primaryimage\"},\"image\":{\"@id\":\"https:\/\/www.manaus.am.gov.br\/semcom\/prorroga-entrega-documentos\/#primaryimage\"},\"thumbnailUrl\":\"https:\/\/www.manaus.am.gov.br\/semcom\/wp-content\/uploads\/sites\/5\/2024\/05\/Entrega-Documentos-PBI-3.jpeg\",\"datePublished\":\"2024-05-08T21:40:28+00:00\",\"dateModified\":\"2024-05-08T21:40:29+00:00\",\"author\":{\"@id\":\"https:\/\/www.manaus.am.gov.br\/semcom\/#\/schema\/person\/ab4dcf766a54dff74e8d267f5c591961\"},\"description\":\"A Prefeitura de Manaus decidiu prorrogar, at\u00e9 as 13h do pr\u00f3ximo s\u00e1bado, 11\/5, o prazo para a entrega dos documentos dos classificados no Programa Bolsa Idiomas 2024.\",\"inLanguage\":\"pt-BR\",\"potentialAction\":[{\"@type\":\"ReadAction\",\"target\":[\"https:\/\/www.manaus.am.gov.br\/semcom\/prorroga-entrega-documentos\/\"]}]},{\"@type\":\"ImageObject\",\"inLanguage\":\"pt-BR\",\"@id\":\"https:\/\/www.manaus.am.gov.br\/semcom\/prorroga-entrega-documentos\/#primaryimage\",\"url\":\"https:\/\/www.manaus.am.gov.br\/semcom\/wp-content\/uploads\/sites\/5\/2024\/05\/Entrega-Documentos-PBI-3.jpeg\",\"contentUrl\":\"https:\/\/www.manaus.am.gov.br\/semcom\/wp-content\/uploads\/sites\/5\/2024\/05\/Entrega-Documentos-PBI-3.jpeg\",\"width\":1600,\"height\":1200,\"caption\":\"#paratodosverem - candidatos entregando documentos em escola de idiomas\"},{\"@type\":\"WebSite\",\"@id\":\"https:\/\/www.manaus.am.gov.br\/semcom\/#website\",\"url\":\"https:\/\/www.manaus.am.gov.br\/semcom\/\",\"name\":\"SEMCOM\",\"description\":\"Secretaria Municipal de Comunica\u00e7\u00e3o\",\"potentialAction\":[{\"@type\":\"SearchAction\",\"target\":{\"@type\":\"EntryPoint\",\"urlTemplate\":\"https:\/\/www.manaus.am.gov.br\/semcom\/?s={search_term_string}\"},\"query-input\":\"required name=search_term_string\"}],\"inLanguage\":\"pt-BR\"},{\"@type\":\"Person\",\"@id\":\"https:\/\/www.manaus.am.gov.br\/semcom\/#\/schema\/person\/ab4dcf766a54dff74e8d267f5c591961\",\"name\":\"smonteiro\",\"image\":{\"@type\":\"ImageObject\",\"inLanguage\":\"pt-BR\",\"@id\":\"https:\/\/www.manaus.am.gov.br\/semcom\/#\/schema\/person\/image\/\",\"url\":\"https:\/\/secure.gravatar.com\/avatar\/21c8776ef61d9272c73322052e042d77?s=96&d=mm&r=g\",\"contentUrl\":\"https:\/\/secure.gravatar.com\/avatar\/21c8776ef61d9272c73322052e042d77?s=96&d=mm&r=g\",\"caption\":\"smonteiro\"}}]}<\/script>\n<!-- \/ Yoast SEO plugin. -->","yoast_head_json":{"title":"Prefeitura de Manaus prorroga prazo para entrega de documentos do PBI","description":"A Prefeitura de Manaus decidiu prorrogar, at\u00e9 as 13h do pr\u00f3ximo s\u00e1bado, 11\/5, o prazo para a entrega dos documentos dos classificados no Programa Bolsa Idiomas 2024.","robots":{"index":"index","follow":"follow","max-snippet":"max-snippet:-1","max-image-preview":"max-image-preview:large","max-video-preview":"max-video-preview:-1"},"canonical":"https:\/\/www.manaus.am.gov.br\/semcom\/prorroga-entrega-documentos\/","og_locale":"pt_BR","og_type":"article","og_title":"Prefeitura de Manaus prorroga prazo para entrega de documentos do PBI","og_description":"A Prefeitura de Manaus decidiu prorrogar, at\u00e9 as 13h do pr\u00f3ximo s\u00e1bado, 11\/5, o prazo para a entrega dos documentos dos classificados no Programa Bolsa Idiomas 2024.","og_url":"https:\/\/www.manaus.am.gov.br\/semcom\/prorroga-entrega-documentos\/","og_site_name":"SEMCOM","article_published_time":"2024-05-08T21:40:28+00:00","article_modified_time":"2024-05-08T21:40:29+00:00","og_image":[{"width":1600,"height":1200,"url":"https:\/\/www.manaus.am.gov.br\/semcom\/wp-content\/uploads\/sites\/5\/2024\/05\/Entrega-Documentos-PBI-3.jpeg","type":"image\/jpeg"}],"author":"smonteiro","twitter_card":"summary_large_image","twitter_misc":{"Written by":"smonteiro","Est. reading time":"2 minutos"},"schema":{"@context":"https:\/\/schema.org","@graph":[{"@type":"WebPage","@id":"https:\/\/www.manaus.am.gov.br\/semcom\/prorroga-entrega-documentos\/","url":"https:\/\/www.manaus.am.gov.br\/semcom\/prorroga-entrega-documentos\/","name":"Prefeitura de Manaus prorroga prazo para entrega de documentos do PBI","isPartOf":{"@id":"https:\/\/www.manaus.am.gov.br\/semcom\/#website"},"primaryImageOfPage":{"@id":"https:\/\/www.manaus.am.gov.br\/semcom\/prorroga-entrega-documentos\/#primaryimage"},"image":{"@id":"https:\/\/www.manaus.am.gov.br\/semcom\/prorroga-entrega-documentos\/#primaryimage"},"thumbnailUrl":"https:\/\/www.manaus.am.gov.br\/semcom\/wp-content\/uploads\/sites\/5\/2024\/05\/Entrega-Documentos-PBI-3.jpeg","datePublished":"2024-05-08T21:40:28+00:00","dateModified":"2024-05-08T21:40:29+00:00","author":{"@id":"https:\/\/www.manaus.am.gov.br\/semcom\/#\/schema\/person\/ab4dcf766a54dff74e8d267f5c591961"},"description":"A Prefeitura de Manaus decidiu prorrogar, at\u00e9 as 13h do pr\u00f3ximo s\u00e1bado, 11\/5, o prazo para a entrega dos documentos dos classificados no Programa Bolsa Idiomas 2024.","inLanguage":"pt-BR","potentialAction":[{"@type":"ReadAction","target":["https:\/\/www.manaus.am.gov.br\/semcom\/prorroga-entrega-documentos\/"]}]},{"@type":"ImageObject","inLanguage":"pt-BR","@id":"https:\/\/www.manaus.am.gov.br\/semcom\/prorroga-entrega-documentos\/#primaryimage","url":"https:\/\/www.manaus.am.gov.br\/semcom\/wp-content\/uploads\/sites\/5\/2024\/05\/Entrega-Documentos-PBI-3.jpeg","contentUrl":"https:\/\/www.manaus.am.gov.br\/semcom\/wp-content\/uploads\/sites\/5\/2024\/05\/Entrega-Documentos-PBI-3.jpeg","width":1600,"height":1200,"caption":"#paratodosverem - candidatos entregando documentos em escola de idiomas"},{"@type":"WebSite","@id":"https:\/\/www.manaus.am.gov.br\/semcom\/#website","url":"https:\/\/www.manaus.am.gov.br\/semcom\/","name":"SEMCOM","description":"Secretaria Municipal de Comunica\u00e7\u00e3o","potentialAction":[{"@type":"SearchAction","target":{"@type":"EntryPoint","urlTemplate":"https:\/\/www.manaus.am.gov.br\/semcom\/?s={search_term_string}"},"query-input":"required name=search_term_string"}],"inLanguage":"pt-BR"},{"@type":"Person","@id":"https:\/\/www.manaus.am.gov.br\/semcom\/#\/schema\/person\/ab4dcf766a54dff74e8d267f5c591961","name":"smonteiro","image":{"@type":"ImageObject","inLanguage":"pt-BR","@id":"https:\/\/www.manaus.am.gov.br\/semcom\/#\/schema\/person\/image\/","url":"https:\/\/secure.gravatar.com\/avatar\/21c8776ef61d9272c73322052e042d77?s=96&d=mm&r=g","contentUrl":"https:\/\/secure.gravatar.com\/avatar\/21c8776ef61d9272c73322052e042d77?s=96&d=mm&r=g","caption":"smonteiro"}}]}},"_links":{"self":[{"href":"https:\/\/www.manaus.am.gov.br\/semcom\/wp-json\/wp\/v2\/posts\/228684"}],"collection":[{"href":"https:\/\/www.manaus.am.gov.br\/semcom\/wp-json\/wp\/v2\/posts"}],"about":[{"href":"https:\/\/www.manaus.am.gov.br\/semcom\/wp-json\/wp\/v2\/types\/post"}],"author":[{"embeddable":true,"href":"https:\/\/www.manaus.am.gov.br\/semcom\/wp-json\/wp\/v2\/users\/61"}],"replies":[{"embeddable":true,"href":"https:\/\/www.manaus.am.gov.br\/semcom\/wp-json\/wp\/v2\/comments?post=228684"}],"version-history":[{"count":0,"href":"https:\/\/www.manaus.am.gov.br\/semcom\/wp-json\/wp\/v2\/posts\/228684\/revisions"}],"wp:featuredmedia":[{"embeddable":true,"href":"https:\/\/www.manaus.am.gov.br\/semcom\/wp-json\/wp\/v2\/media\/228685"}],"wp:attachment":[{"href":"https:\/\/www.manaus.am.gov.br\/semcom\/wp-json\/wp\/v2\/media?parent=228684"}],"wp:term":[{"taxonomy":"category","embeddable":true,"href":"https:\/\/www.manaus.am.gov.br\/semcom\/wp-json\/wp\/v2\/categories?post=228684"},{"taxonomy":"post_tag","embeddable":true,"href":"https:\/\/www.manaus.am.gov.br\/semcom\/wp-json\/wp\/v2\/tags?post=228684"}],"curies":[{"name":"wp","href":"https:\/\/api.w.org\/{rel}","templated":true}]}}