{"id":228666,"date":"2024-05-08T16:08:03","date_gmt":"2024-05-08T19:08:03","guid":{"rendered":"https:\/\/www.manaus.am.gov.br\/semcom\/prefeitura-altera-linha-de-onibus\/"},"modified":"2024-05-08T16:08:04","modified_gmt":"2024-05-08T19:08:04","slug":"prefeitura-altera-linha-de-onibus","status":"publish","type":"post","link":"https:\/\/www.manaus.am.gov.br\/semcom\/prefeitura-altera-linha-de-onibus\/","title":{"rendered":"Prefeitura altera linha de \u00f4nibus para atender comunidades no bairro Tarum\u00e3-A\u00e7u"},"content":{"rendered":"\n<p>Usu\u00e1rios do transporte p\u00fablico de Manaus que moram ou se deslocam para o bairro Tarum\u00e3 ser\u00e3o beneficiados com mudan\u00e7as que ser\u00e3o implementadas na Linha 005 &#8211; Vivenda Verde\/ Campos Sales\/ Esta\u00e7\u00e3o de Transfer\u00eancia 3, a partir da pr\u00f3xima segunda-feira, 13\/5.<\/p>\n\n\n\n<p>A linha passa a atender as comunidades Parque das Tribos e Cidade das Luzes, no bairro Tarum\u00e3-A\u00e7u, zona Oeste de Manaus. Com a altera\u00e7\u00e3o de itiner\u00e1rio, a Prefeitura de Manaus, por meio do Instituto Municipal de Mobilidade Urbana (IMMU), atende solicita\u00e7\u00e3o de l\u00edderes comunit\u00e1rios que pediam mais uma facilita\u00e7\u00e3o para deslocamento dos moradores.<\/p>\n\n\n\n<p>A linha 005 seguir\u00e1 o itiner\u00e1rio normal at\u00e9 rua Rio Purus e ent\u00e3o: rua Siusi, rua Kupa Kawaka, rua Apurin\u00e3, rua V\u00eanus, rua Witoto, avenida Cometa Halley, rua Das Estrelas, rua Da Reserva, rua 23 e, ent\u00e3o, seguir\u00e1 o itiner\u00e1rio normal.<\/p>\n\n\n\n<p>Outra mudan\u00e7a que ser\u00e1 implementada a partir de segunda-feira \u00e9 que a linha 005 voltar\u00e1 a iniciar suas viagens a partir do terminal de bairro da linha 011, no condom\u00ednio Vivenda Verde, bairro Tarum\u00e3-A\u00e7u.<\/p>\n\n\n\n<p><strong>Nova linha<\/strong><\/p>\n\n\n\n<p>Com altera\u00e7\u00e3o na linha 005, ser\u00e1 criada \u2013 tamb\u00e9m a partir de segunda-feira, 8\/5, a linha A-025 &#8211; Ajuricaba\/Esta\u00e7\u00e3o de transfer\u00eancia 3\/Col\u00f4nia Terra Nova.<\/p>\n\n\n\n<p>A nova linha atender\u00e1 o conjunto Ajuricaba em dire\u00e7\u00e3o \u00e0 Esta\u00e7\u00e3o Santos Dumont (E3), trecho atendido pela linha 005.<\/p>\n\n\n\n<p>A linha A-025 cumprir\u00e1 o seguinte itiner\u00e1rio no sentido \u2018Ida\u2019: rua Sul, avenida Cravina dos Poetas, rua Professora Cacilda Pedroso, avenida Senador Raimundo Parente, avenida Torquato Tapaj\u00f3s, esta\u00e7\u00e3o de transfer\u00eancia 3, rua Cana\u00e3, rua Monte Calv\u00e1rio, avenida das Oliveiras, rua Rufino de Elizalde, avenida Crist\u00e3, rua Fen\u00edcia, rua Samuel, rua San Miguel de Tucuman, rua Maniva, rua Anag\u00e9, rua Asurini, rua Maniva, rua San Miguel de Tucuman, avenida Sucupira e rua Tudy Moutinho.<\/p>\n\n\n\n<p>No sentido \u2018Volta\u2019, a linha atender\u00e1 o itiner\u00e1rio: avenida Torquato Tapaj\u00f3s (retorno), esta\u00e7\u00e3o de transfer\u00eancia 3, rua Senador Raimundo Parente, rua Professora Cacilda Pedroso, avenida Cravina dos Poetas e rua Sul.<\/p>\n\n\n\n<p>&#8212;&#8211;&nbsp;<\/p>\n\n\n\n<p><strong>Texto:<\/strong> \u00c1lisson Castro \/ IMMU<\/p>\n\n\n\n<p><strong>Foto: <\/strong>Divulga\u00e7\u00e3o \/ IMMU<\/p>\n","protected":false},"excerpt":{"rendered":"","protected":false},"author":52,"featured_media":228667,"comment_status":"closed","ping_status":"closed","sticky":false,"template":"","format":"standard","meta":{"footnotes":""},"categories":[9],"tags":[12,3224,911],"acf":[],"yoast_head":"<!-- This site is optimized with the Yoast SEO plugin v23.0 - https:\/\/yoast.com\/wordpress\/plugins\/seo\/ -->\n<title>Prefeitura altera linha de \u00f4nibus para atender comunidades no bairro Tarum\u00e3 A\u00e7u<\/title>\n<meta name=\"description\" content=\"Usu\u00e1rios do transporte p\u00fablico de Manaus que moram ou se deslocam para o bairro Tarum\u00e3 ser\u00e3o beneficiados com mudan\u00e7as.\" \/>\n<meta name=\"robots\" content=\"index, follow, max-snippet:-1, max-image-preview:large, max-video-preview:-1\" \/>\n<link rel=\"canonical\" href=\"https:\/\/www.manaus.am.gov.br\/semcom\/prefeitura-altera-linha-de-onibus\/\" \/>\n<meta property=\"og:locale\" content=\"pt_BR\" \/>\n<meta property=\"og:type\" content=\"article\" \/>\n<meta property=\"og:title\" content=\"Prefeitura altera linha de \u00f4nibus para atender comunidades no bairro Tarum\u00e3 A\u00e7u\" \/>\n<meta property=\"og:description\" content=\"Usu\u00e1rios do transporte p\u00fablico de Manaus que moram ou se deslocam para o bairro Tarum\u00e3 ser\u00e3o beneficiados com mudan\u00e7as.\" \/>\n<meta property=\"og:url\" content=\"https:\/\/www.manaus.am.gov.br\/semcom\/prefeitura-altera-linha-de-onibus\/\" \/>\n<meta property=\"og:site_name\" content=\"SEMCOM\" \/>\n<meta property=\"article:published_time\" content=\"2024-05-08T19:08:03+00:00\" \/>\n<meta property=\"article:modified_time\" content=\"2024-05-08T19:08:04+00:00\" \/>\n<meta property=\"og:image\" content=\"https:\/\/www.manaus.am.gov.br\/semcom\/wp-content\/uploads\/sites\/5\/2024\/05\/LINHA-005.png\" \/>\n\t<meta property=\"og:image:width\" content=\"973\" \/>\n\t<meta property=\"og:image:height\" content=\"710\" \/>\n\t<meta property=\"og:image:type\" content=\"image\/png\" \/>\n<meta name=\"author\" content=\"csilveira\" \/>\n<meta name=\"twitter:card\" content=\"summary_large_image\" \/>\n<meta name=\"twitter:label1\" content=\"Written by\" \/>\n\t<meta name=\"twitter:data1\" content=\"csilveira\" \/>\n\t<meta name=\"twitter:label2\" content=\"Est. reading time\" \/>\n\t<meta name=\"twitter:data2\" content=\"2 minutos\" \/>\n<script type=\"application\/ld+json\" class=\"yoast-schema-graph\">{\"@context\":\"https:\/\/schema.org\",\"@graph\":[{\"@type\":\"WebPage\",\"@id\":\"https:\/\/www.manaus.am.gov.br\/semcom\/prefeitura-altera-linha-de-onibus\/\",\"url\":\"https:\/\/www.manaus.am.gov.br\/semcom\/prefeitura-altera-linha-de-onibus\/\",\"name\":\"Prefeitura altera linha de \u00f4nibus para atender comunidades no bairro Tarum\u00e3 A\u00e7u\",\"isPartOf\":{\"@id\":\"https:\/\/www.manaus.am.gov.br\/semcom\/#website\"},\"primaryImageOfPage\":{\"@id\":\"https:\/\/www.manaus.am.gov.br\/semcom\/prefeitura-altera-linha-de-onibus\/#primaryimage\"},\"image\":{\"@id\":\"https:\/\/www.manaus.am.gov.br\/semcom\/prefeitura-altera-linha-de-onibus\/#primaryimage\"},\"thumbnailUrl\":\"https:\/\/www.manaus.am.gov.br\/semcom\/wp-content\/uploads\/sites\/5\/2024\/05\/LINHA-005.png\",\"datePublished\":\"2024-05-08T19:08:03+00:00\",\"dateModified\":\"2024-05-08T19:08:04+00:00\",\"author\":{\"@id\":\"https:\/\/www.manaus.am.gov.br\/semcom\/#\/schema\/person\/bfafc779be2e19b3d3ef4a59d418b606\"},\"description\":\"Usu\u00e1rios do transporte p\u00fablico de Manaus que moram ou se deslocam para o bairro Tarum\u00e3 ser\u00e3o beneficiados com mudan\u00e7as.\",\"inLanguage\":\"pt-BR\",\"potentialAction\":[{\"@type\":\"ReadAction\",\"target\":[\"https:\/\/www.manaus.am.gov.br\/semcom\/prefeitura-altera-linha-de-onibus\/\"]}]},{\"@type\":\"ImageObject\",\"inLanguage\":\"pt-BR\",\"@id\":\"https:\/\/www.manaus.am.gov.br\/semcom\/prefeitura-altera-linha-de-onibus\/#primaryimage\",\"url\":\"https:\/\/www.manaus.am.gov.br\/semcom\/wp-content\/uploads\/sites\/5\/2024\/05\/LINHA-005.png\",\"contentUrl\":\"https:\/\/www.manaus.am.gov.br\/semcom\/wp-content\/uploads\/sites\/5\/2024\/05\/LINHA-005.png\",\"width\":973,\"height\":710},{\"@type\":\"WebSite\",\"@id\":\"https:\/\/www.manaus.am.gov.br\/semcom\/#website\",\"url\":\"https:\/\/www.manaus.am.gov.br\/semcom\/\",\"name\":\"SEMCOM\",\"description\":\"Secretaria Municipal de Comunica\u00e7\u00e3o\",\"potentialAction\":[{\"@type\":\"SearchAction\",\"target\":{\"@type\":\"EntryPoint\",\"urlTemplate\":\"https:\/\/www.manaus.am.gov.br\/semcom\/?s={search_term_string}\"},\"query-input\":\"required name=search_term_string\"}],\"inLanguage\":\"pt-BR\"},{\"@type\":\"Person\",\"@id\":\"https:\/\/www.manaus.am.gov.br\/semcom\/#\/schema\/person\/bfafc779be2e19b3d3ef4a59d418b606\",\"name\":\"csilveira\",\"image\":{\"@type\":\"ImageObject\",\"inLanguage\":\"pt-BR\",\"@id\":\"https:\/\/www.manaus.am.gov.br\/semcom\/#\/schema\/person\/image\/\",\"url\":\"https:\/\/secure.gravatar.com\/avatar\/9c2e2f00138fcd35401c748bd030d3b5?s=96&d=mm&r=g\",\"contentUrl\":\"https:\/\/secure.gravatar.com\/avatar\/9c2e2f00138fcd35401c748bd030d3b5?s=96&d=mm&r=g\",\"caption\":\"csilveira\"}}]}<\/script>\n<!-- \/ Yoast SEO plugin. -->","yoast_head_json":{"title":"Prefeitura altera linha de \u00f4nibus para atender comunidades no bairro Tarum\u00e3 A\u00e7u","description":"Usu\u00e1rios do transporte p\u00fablico de Manaus que moram ou se deslocam para o bairro Tarum\u00e3 ser\u00e3o beneficiados com mudan\u00e7as.","robots":{"index":"index","follow":"follow","max-snippet":"max-snippet:-1","max-image-preview":"max-image-preview:large","max-video-preview":"max-video-preview:-1"},"canonical":"https:\/\/www.manaus.am.gov.br\/semcom\/prefeitura-altera-linha-de-onibus\/","og_locale":"pt_BR","og_type":"article","og_title":"Prefeitura altera linha de \u00f4nibus para atender comunidades no bairro Tarum\u00e3 A\u00e7u","og_description":"Usu\u00e1rios do transporte p\u00fablico de Manaus que moram ou se deslocam para o bairro Tarum\u00e3 ser\u00e3o beneficiados com mudan\u00e7as.","og_url":"https:\/\/www.manaus.am.gov.br\/semcom\/prefeitura-altera-linha-de-onibus\/","og_site_name":"SEMCOM","article_published_time":"2024-05-08T19:08:03+00:00","article_modified_time":"2024-05-08T19:08:04+00:00","og_image":[{"width":973,"height":710,"url":"https:\/\/www.manaus.am.gov.br\/semcom\/wp-content\/uploads\/sites\/5\/2024\/05\/LINHA-005.png","type":"image\/png"}],"author":"csilveira","twitter_card":"summary_large_image","twitter_misc":{"Written by":"csilveira","Est. reading time":"2 minutos"},"schema":{"@context":"https:\/\/schema.org","@graph":[{"@type":"WebPage","@id":"https:\/\/www.manaus.am.gov.br\/semcom\/prefeitura-altera-linha-de-onibus\/","url":"https:\/\/www.manaus.am.gov.br\/semcom\/prefeitura-altera-linha-de-onibus\/","name":"Prefeitura altera linha de \u00f4nibus para atender comunidades no bairro Tarum\u00e3 A\u00e7u","isPartOf":{"@id":"https:\/\/www.manaus.am.gov.br\/semcom\/#website"},"primaryImageOfPage":{"@id":"https:\/\/www.manaus.am.gov.br\/semcom\/prefeitura-altera-linha-de-onibus\/#primaryimage"},"image":{"@id":"https:\/\/www.manaus.am.gov.br\/semcom\/prefeitura-altera-linha-de-onibus\/#primaryimage"},"thumbnailUrl":"https:\/\/www.manaus.am.gov.br\/semcom\/wp-content\/uploads\/sites\/5\/2024\/05\/LINHA-005.png","datePublished":"2024-05-08T19:08:03+00:00","dateModified":"2024-05-08T19:08:04+00:00","author":{"@id":"https:\/\/www.manaus.am.gov.br\/semcom\/#\/schema\/person\/bfafc779be2e19b3d3ef4a59d418b606"},"description":"Usu\u00e1rios do transporte p\u00fablico de Manaus que moram ou se deslocam para o bairro Tarum\u00e3 ser\u00e3o beneficiados com mudan\u00e7as.","inLanguage":"pt-BR","potentialAction":[{"@type":"ReadAction","target":["https:\/\/www.manaus.am.gov.br\/semcom\/prefeitura-altera-linha-de-onibus\/"]}]},{"@type":"ImageObject","inLanguage":"pt-BR","@id":"https:\/\/www.manaus.am.gov.br\/semcom\/prefeitura-altera-linha-de-onibus\/#primaryimage","url":"https:\/\/www.manaus.am.gov.br\/semcom\/wp-content\/uploads\/sites\/5\/2024\/05\/LINHA-005.png","contentUrl":"https:\/\/www.manaus.am.gov.br\/semcom\/wp-content\/uploads\/sites\/5\/2024\/05\/LINHA-005.png","width":973,"height":710},{"@type":"WebSite","@id":"https:\/\/www.manaus.am.gov.br\/semcom\/#website","url":"https:\/\/www.manaus.am.gov.br\/semcom\/","name":"SEMCOM","description":"Secretaria Municipal de Comunica\u00e7\u00e3o","potentialAction":[{"@type":"SearchAction","target":{"@type":"EntryPoint","urlTemplate":"https:\/\/www.manaus.am.gov.br\/semcom\/?s={search_term_string}"},"query-input":"required name=search_term_string"}],"inLanguage":"pt-BR"},{"@type":"Person","@id":"https:\/\/www.manaus.am.gov.br\/semcom\/#\/schema\/person\/bfafc779be2e19b3d3ef4a59d418b606","name":"csilveira","image":{"@type":"ImageObject","inLanguage":"pt-BR","@id":"https:\/\/www.manaus.am.gov.br\/semcom\/#\/schema\/person\/image\/","url":"https:\/\/secure.gravatar.com\/avatar\/9c2e2f00138fcd35401c748bd030d3b5?s=96&d=mm&r=g","contentUrl":"https:\/\/secure.gravatar.com\/avatar\/9c2e2f00138fcd35401c748bd030d3b5?s=96&d=mm&r=g","caption":"csilveira"}}]}},"_links":{"self":[{"href":"https:\/\/www.manaus.am.gov.br\/semcom\/wp-json\/wp\/v2\/posts\/228666"}],"collection":[{"href":"https:\/\/www.manaus.am.gov.br\/semcom\/wp-json\/wp\/v2\/posts"}],"about":[{"href":"https:\/\/www.manaus.am.gov.br\/semcom\/wp-json\/wp\/v2\/types\/post"}],"author":[{"embeddable":true,"href":"https:\/\/www.manaus.am.gov.br\/semcom\/wp-json\/wp\/v2\/users\/52"}],"replies":[{"embeddable":true,"href":"https:\/\/www.manaus.am.gov.br\/semcom\/wp-json\/wp\/v2\/comments?post=228666"}],"version-history":[{"count":0,"href":"https:\/\/www.manaus.am.gov.br\/semcom\/wp-json\/wp\/v2\/posts\/228666\/revisions"}],"wp:featuredmedia":[{"embeddable":true,"href":"https:\/\/www.manaus.am.gov.br\/semcom\/wp-json\/wp\/v2\/media\/228667"}],"wp:attachment":[{"href":"https:\/\/www.manaus.am.gov.br\/semcom\/wp-json\/wp\/v2\/media?parent=228666"}],"wp:term":[{"taxonomy":"category","embeddable":true,"href":"https:\/\/www.manaus.am.gov.br\/semcom\/wp-json\/wp\/v2\/categories?post=228666"},{"taxonomy":"post_tag","embeddable":true,"href":"https:\/\/www.manaus.am.gov.br\/semcom\/wp-json\/wp\/v2\/tags?post=228666"}],"curies":[{"name":"wp","href":"https:\/\/api.w.org\/{rel}","templated":true}]}}