{"id":228490,"date":"2024-05-03T14:22:59","date_gmt":"2024-05-03T17:22:59","guid":{"rendered":"https:\/\/www.manaus.am.gov.br\/semcom\/ageman-notifica-aguas-de-manaus-e-cobra-mais-qualidade-nas-obras-de-expansao0da-rede-de-esgoto\/"},"modified":"2024-05-03T14:23:00","modified_gmt":"2024-05-03T17:23:00","slug":"ageman-notifica-aguas-de-manaus-e-cobra-mais-qualidade-nas-obras-de-expansao0da-rede-de-esgoto","status":"publish","type":"post","link":"https:\/\/www.manaus.am.gov.br\/semcom\/ageman-notifica-aguas-de-manaus-e-cobra-mais-qualidade-nas-obras-de-expansao0da-rede-de-esgoto\/","title":{"rendered":"Ageman notifica \u00c1guas de Manaus e cobra mais qualidade nas obras de expans\u00e3o da rede de esgoto"},"content":{"rendered":"\n<p>A Ag\u00eancia Reguladora dos Servi\u00e7os P\u00fablicos Delegados do Munic\u00edpio de Manaus (Ageman) notificou a concession\u00e1ria \u00c1guas de Manaus, em decorr\u00eancia da qualidade do trabalho de recomposi\u00e7\u00e3o asf\u00e1ltica das vias onde est\u00e3o ocorrendo as obras de expans\u00e3o da rede de esgotamento sanit\u00e1rio.<\/p>\n\n\n\n<p>Nesta semana, t\u00e9cnicos da Ageman acompanharam a interven\u00e7\u00e3o emergencial no trecho da avenida Constantino Nery, onde, devido a um vazamento, um ve\u00edculo caiu sob a vala da rede de esgoto que estava aterrada, aguardando a pavimenta\u00e7\u00e3o asf\u00e1ltica por parte da concession\u00e1ria.<\/p>\n\n\n\n<p>Para o&nbsp;diretor-presidente&nbsp;da&nbsp;Ageman, Elson Andrade, a expans\u00e3o do servi\u00e7o de esgotamento sanit\u00e1rio, o qual tem como meta elevar de 30% para 90% o \u00edndice de cobertura do servi\u00e7o para a capital amazonense, \u00e9 um investimento necess\u00e1rio que, muitas vezes, poder\u00e1 ocasionar transtornos. No entanto, \u00e9 preciso que a empresa atente para a boa presta\u00e7\u00e3o do servi\u00e7o, conforme est\u00e1 assegurado no Contrato de Concess\u00e3o firmado com a Prefeitura de Manaus.<\/p>\n\n\n\n<p>\u201cA Ageman est\u00e1 acompanhando a execu\u00e7\u00e3o dessas obras, tem cobrado da empresa melhorias e feito diversas interfer\u00eancias. A concession\u00e1ria teve, inclusive, que retornar em alguns trechos j\u00e1 conclu\u00eddos, para refazer o servi\u00e7o, de forma que o pavimento fique adequado, conforme os padr\u00f5es t\u00e9cnicos exigidos e no mesmo n\u00edvel de qualidade do servi\u00e7o que \u00e9 realizado pela Seminf nas ruas e avenidas\u201d, afirmou Elson.<\/p>\n\n\n\n<p>Conforme a notifica\u00e7\u00e3o, a concession\u00e1ria ter\u00e1 um prazo de dez dias para informar as provid\u00eancias tomadas em rela\u00e7\u00e3o ao ressarcimento do propriet\u00e1rio do ve\u00edculo, bem como as medidas adotadas em fun\u00e7\u00e3o do ocorrido,&nbsp;a fim de evitar que o problema ocorra novamente.&nbsp;<\/p>\n\n\n\n<p>Ainda no documento, a Ageman recomenda, de forma incisiva, que a empresa \u00c1guas de Manaus zele pela presta\u00e7\u00e3o de servi\u00e7os ofertados, com rela\u00e7\u00e3o \u00e0 efici\u00eancia, com a execu\u00e7\u00e3o dos servi\u00e7os de acordo com as normas t\u00e9cnicas aplic\u00e1veis e em padr\u00f5es satisfat\u00f3rios. E mais: utiliza\u00e7\u00e3o de t\u00e9cnicas modernas que permitam o regular funcionamento dos equipamentos, das instala\u00e7\u00f5es e a sua conserva\u00e7\u00e3o e manuten\u00e7\u00e3o, proporcionando comprovada efici\u00eancia no sistema, bem como a melhoria e a expans\u00e3o dos servi\u00e7os, de acordo com as metas a serem atingidas pela concession\u00e1ria.<\/p>\n\n\n\n<p>No mesmo dia do incidente, a concession\u00e1ria \u00c1guas de Manaus concluiu o reparo do vazamento da rede de \u00e1gua que passa em cima da rede de esgoto, onde ocorreu o afundamento, na avenida Constantino Nery. O servi\u00e7o de reaterro da vala foi finalizado e a via foi liberada. A recomposi\u00e7\u00e3o asf\u00e1ltica do trecho ocorrer\u00e1 ao longo desta sexta-feira.<\/p>\n\n\n\n<p>A Ageman orienta aos usu\u00e1rios que nos casos de identifica\u00e7\u00e3o de n\u00e3o conformidade nas obras de expans\u00e3o da rede de esgoto, o problema pode ser comunicado diretamente nos canais da Ouvidoria, pelo Whatsapp 98842-2919, no site&nbsp;<a href=\"http:\/\/www.ageman.manaus.am.gov.br\/ouvidoria\" target=\"_blank\" rel=\"noreferrer noopener\">www.ageman.manaus.am.gov.br\/ouvidoria<\/a>&nbsp;e tamb\u00e9m pelos e-mails&nbsp;<a href=\"mailto:ouvidoria.ageman@manaus.am.gov.br,\" target=\"_blank\" rel=\"noreferrer noopener\">ouvidoria.ageman@manaus.am.gov.br,<\/a>&nbsp;<a href=\"mailto:ouvidoria.ageman@gmail.com\" target=\"_blank\" rel=\"noreferrer noopener\">ouvidoria.ageman@gmail.com<\/a>.<\/p>\n\n\n\n<p>&#8212;&#8211;<\/p>\n\n\n\n<p><strong>Texto:&nbsp;<\/strong>Tereza Te\u00f3filo \/ Ageman<\/p>\n\n\n\n<p><strong>Fotos:&nbsp;<\/strong>Divulga\u00e7\u00e3o \/ Ageman<\/p>\n","protected":false},"excerpt":{"rendered":"","protected":false},"author":52,"featured_media":228491,"comment_status":"closed","ping_status":"closed","sticky":false,"template":"","format":"standard","meta":{"footnotes":""},"categories":[2371],"tags":[215,218],"acf":[],"yoast_head":"<!-- This site is optimized with the Yoast SEO plugin v23.0 - https:\/\/yoast.com\/wordpress\/plugins\/seo\/ -->\n<title>Ageman notifica \u00c1guas de Manaus e cobra mais qualidade nas obras de expans\u00e3o da rede de esgoto<\/title>\n<meta name=\"description\" content=\"A Ag\u00eancia Reguladora dos Servi\u00e7os P\u00fablicos Delegados do Munic\u00edpio de Manaus (Ageman) notificou a concession\u00e1ria \u00c1guas de Manaus.\" \/>\n<meta name=\"robots\" content=\"index, follow, max-snippet:-1, max-image-preview:large, max-video-preview:-1\" \/>\n<link rel=\"canonical\" href=\"https:\/\/www.manaus.am.gov.br\/semcom\/ageman-notifica-aguas-de-manaus-e-cobra-mais-qualidade-nas-obras-de-expansao0da-rede-de-esgoto\/\" \/>\n<meta property=\"og:locale\" content=\"pt_BR\" \/>\n<meta property=\"og:type\" content=\"article\" \/>\n<meta property=\"og:title\" content=\"Ageman notifica \u00c1guas de Manaus e cobra mais qualidade nas obras de expans\u00e3o da rede de esgoto\" \/>\n<meta property=\"og:description\" content=\"A Ag\u00eancia Reguladora dos Servi\u00e7os P\u00fablicos Delegados do Munic\u00edpio de Manaus (Ageman) notificou a concession\u00e1ria \u00c1guas de Manaus.\" \/>\n<meta property=\"og:url\" content=\"https:\/\/www.manaus.am.gov.br\/semcom\/ageman-notifica-aguas-de-manaus-e-cobra-mais-qualidade-nas-obras-de-expansao0da-rede-de-esgoto\/\" \/>\n<meta property=\"og:site_name\" content=\"SEMCOM\" \/>\n<meta property=\"article:published_time\" content=\"2024-05-03T17:22:59+00:00\" \/>\n<meta property=\"article:modified_time\" content=\"2024-05-03T17:23:00+00:00\" \/>\n<meta property=\"og:image\" content=\"https:\/\/www.manaus.am.gov.br\/semcom\/wp-content\/uploads\/sites\/5\/2024\/05\/WhatsApp-Image-2024-05-02-at-10.55.36-1.jpeg\" \/>\n\t<meta property=\"og:image:width\" content=\"1600\" \/>\n\t<meta property=\"og:image:height\" content=\"1200\" \/>\n\t<meta property=\"og:image:type\" content=\"image\/jpeg\" \/>\n<meta name=\"author\" content=\"csilveira\" \/>\n<meta name=\"twitter:card\" content=\"summary_large_image\" \/>\n<meta name=\"twitter:label1\" content=\"Written by\" \/>\n\t<meta name=\"twitter:data1\" content=\"csilveira\" \/>\n\t<meta name=\"twitter:label2\" content=\"Est. reading time\" \/>\n\t<meta name=\"twitter:data2\" content=\"3 minutos\" \/>\n<script type=\"application\/ld+json\" class=\"yoast-schema-graph\">{\"@context\":\"https:\/\/schema.org\",\"@graph\":[{\"@type\":\"WebPage\",\"@id\":\"https:\/\/www.manaus.am.gov.br\/semcom\/ageman-notifica-aguas-de-manaus-e-cobra-mais-qualidade-nas-obras-de-expansao0da-rede-de-esgoto\/\",\"url\":\"https:\/\/www.manaus.am.gov.br\/semcom\/ageman-notifica-aguas-de-manaus-e-cobra-mais-qualidade-nas-obras-de-expansao0da-rede-de-esgoto\/\",\"name\":\"Ageman notifica \u00c1guas de Manaus e cobra mais qualidade nas obras de expans\u00e3o da rede de esgoto\",\"isPartOf\":{\"@id\":\"https:\/\/www.manaus.am.gov.br\/semcom\/#website\"},\"primaryImageOfPage\":{\"@id\":\"https:\/\/www.manaus.am.gov.br\/semcom\/ageman-notifica-aguas-de-manaus-e-cobra-mais-qualidade-nas-obras-de-expansao0da-rede-de-esgoto\/#primaryimage\"},\"image\":{\"@id\":\"https:\/\/www.manaus.am.gov.br\/semcom\/ageman-notifica-aguas-de-manaus-e-cobra-mais-qualidade-nas-obras-de-expansao0da-rede-de-esgoto\/#primaryimage\"},\"thumbnailUrl\":\"https:\/\/www.manaus.am.gov.br\/semcom\/wp-content\/uploads\/sites\/5\/2024\/05\/WhatsApp-Image-2024-05-02-at-10.55.36-1.jpeg\",\"datePublished\":\"2024-05-03T17:22:59+00:00\",\"dateModified\":\"2024-05-03T17:23:00+00:00\",\"author\":{\"@id\":\"https:\/\/www.manaus.am.gov.br\/semcom\/#\/schema\/person\/bfafc779be2e19b3d3ef4a59d418b606\"},\"description\":\"A Ag\u00eancia Reguladora dos Servi\u00e7os P\u00fablicos Delegados do Munic\u00edpio de Manaus (Ageman) notificou a concession\u00e1ria \u00c1guas de Manaus.\",\"inLanguage\":\"pt-BR\",\"potentialAction\":[{\"@type\":\"ReadAction\",\"target\":[\"https:\/\/www.manaus.am.gov.br\/semcom\/ageman-notifica-aguas-de-manaus-e-cobra-mais-qualidade-nas-obras-de-expansao0da-rede-de-esgoto\/\"]}]},{\"@type\":\"ImageObject\",\"inLanguage\":\"pt-BR\",\"@id\":\"https:\/\/www.manaus.am.gov.br\/semcom\/ageman-notifica-aguas-de-manaus-e-cobra-mais-qualidade-nas-obras-de-expansao0da-rede-de-esgoto\/#primaryimage\",\"url\":\"https:\/\/www.manaus.am.gov.br\/semcom\/wp-content\/uploads\/sites\/5\/2024\/05\/WhatsApp-Image-2024-05-02-at-10.55.36-1.jpeg\",\"contentUrl\":\"https:\/\/www.manaus.am.gov.br\/semcom\/wp-content\/uploads\/sites\/5\/2024\/05\/WhatsApp-Image-2024-05-02-at-10.55.36-1.jpeg\",\"width\":1600,\"height\":1200},{\"@type\":\"WebSite\",\"@id\":\"https:\/\/www.manaus.am.gov.br\/semcom\/#website\",\"url\":\"https:\/\/www.manaus.am.gov.br\/semcom\/\",\"name\":\"SEMCOM\",\"description\":\"Secretaria Municipal de Comunica\u00e7\u00e3o\",\"potentialAction\":[{\"@type\":\"SearchAction\",\"target\":{\"@type\":\"EntryPoint\",\"urlTemplate\":\"https:\/\/www.manaus.am.gov.br\/semcom\/?s={search_term_string}\"},\"query-input\":\"required name=search_term_string\"}],\"inLanguage\":\"pt-BR\"},{\"@type\":\"Person\",\"@id\":\"https:\/\/www.manaus.am.gov.br\/semcom\/#\/schema\/person\/bfafc779be2e19b3d3ef4a59d418b606\",\"name\":\"csilveira\",\"image\":{\"@type\":\"ImageObject\",\"inLanguage\":\"pt-BR\",\"@id\":\"https:\/\/www.manaus.am.gov.br\/semcom\/#\/schema\/person\/image\/\",\"url\":\"https:\/\/secure.gravatar.com\/avatar\/9c2e2f00138fcd35401c748bd030d3b5?s=96&d=mm&r=g\",\"contentUrl\":\"https:\/\/secure.gravatar.com\/avatar\/9c2e2f00138fcd35401c748bd030d3b5?s=96&d=mm&r=g\",\"caption\":\"csilveira\"}}]}<\/script>\n<!-- \/ Yoast SEO plugin. -->","yoast_head_json":{"title":"Ageman notifica \u00c1guas de Manaus e cobra mais qualidade nas obras de expans\u00e3o da rede de esgoto","description":"A Ag\u00eancia Reguladora dos Servi\u00e7os P\u00fablicos Delegados do Munic\u00edpio de Manaus (Ageman) notificou a concession\u00e1ria \u00c1guas de Manaus.","robots":{"index":"index","follow":"follow","max-snippet":"max-snippet:-1","max-image-preview":"max-image-preview:large","max-video-preview":"max-video-preview:-1"},"canonical":"https:\/\/www.manaus.am.gov.br\/semcom\/ageman-notifica-aguas-de-manaus-e-cobra-mais-qualidade-nas-obras-de-expansao0da-rede-de-esgoto\/","og_locale":"pt_BR","og_type":"article","og_title":"Ageman notifica \u00c1guas de Manaus e cobra mais qualidade nas obras de expans\u00e3o da rede de esgoto","og_description":"A Ag\u00eancia Reguladora dos Servi\u00e7os P\u00fablicos Delegados do Munic\u00edpio de Manaus (Ageman) notificou a concession\u00e1ria \u00c1guas de Manaus.","og_url":"https:\/\/www.manaus.am.gov.br\/semcom\/ageman-notifica-aguas-de-manaus-e-cobra-mais-qualidade-nas-obras-de-expansao0da-rede-de-esgoto\/","og_site_name":"SEMCOM","article_published_time":"2024-05-03T17:22:59+00:00","article_modified_time":"2024-05-03T17:23:00+00:00","og_image":[{"width":1600,"height":1200,"url":"https:\/\/www.manaus.am.gov.br\/semcom\/wp-content\/uploads\/sites\/5\/2024\/05\/WhatsApp-Image-2024-05-02-at-10.55.36-1.jpeg","type":"image\/jpeg"}],"author":"csilveira","twitter_card":"summary_large_image","twitter_misc":{"Written by":"csilveira","Est. reading time":"3 minutos"},"schema":{"@context":"https:\/\/schema.org","@graph":[{"@type":"WebPage","@id":"https:\/\/www.manaus.am.gov.br\/semcom\/ageman-notifica-aguas-de-manaus-e-cobra-mais-qualidade-nas-obras-de-expansao0da-rede-de-esgoto\/","url":"https:\/\/www.manaus.am.gov.br\/semcom\/ageman-notifica-aguas-de-manaus-e-cobra-mais-qualidade-nas-obras-de-expansao0da-rede-de-esgoto\/","name":"Ageman notifica \u00c1guas de Manaus e cobra mais qualidade nas obras de expans\u00e3o da rede de esgoto","isPartOf":{"@id":"https:\/\/www.manaus.am.gov.br\/semcom\/#website"},"primaryImageOfPage":{"@id":"https:\/\/www.manaus.am.gov.br\/semcom\/ageman-notifica-aguas-de-manaus-e-cobra-mais-qualidade-nas-obras-de-expansao0da-rede-de-esgoto\/#primaryimage"},"image":{"@id":"https:\/\/www.manaus.am.gov.br\/semcom\/ageman-notifica-aguas-de-manaus-e-cobra-mais-qualidade-nas-obras-de-expansao0da-rede-de-esgoto\/#primaryimage"},"thumbnailUrl":"https:\/\/www.manaus.am.gov.br\/semcom\/wp-content\/uploads\/sites\/5\/2024\/05\/WhatsApp-Image-2024-05-02-at-10.55.36-1.jpeg","datePublished":"2024-05-03T17:22:59+00:00","dateModified":"2024-05-03T17:23:00+00:00","author":{"@id":"https:\/\/www.manaus.am.gov.br\/semcom\/#\/schema\/person\/bfafc779be2e19b3d3ef4a59d418b606"},"description":"A Ag\u00eancia Reguladora dos Servi\u00e7os P\u00fablicos Delegados do Munic\u00edpio de Manaus (Ageman) notificou a concession\u00e1ria \u00c1guas de Manaus.","inLanguage":"pt-BR","potentialAction":[{"@type":"ReadAction","target":["https:\/\/www.manaus.am.gov.br\/semcom\/ageman-notifica-aguas-de-manaus-e-cobra-mais-qualidade-nas-obras-de-expansao0da-rede-de-esgoto\/"]}]},{"@type":"ImageObject","inLanguage":"pt-BR","@id":"https:\/\/www.manaus.am.gov.br\/semcom\/ageman-notifica-aguas-de-manaus-e-cobra-mais-qualidade-nas-obras-de-expansao0da-rede-de-esgoto\/#primaryimage","url":"https:\/\/www.manaus.am.gov.br\/semcom\/wp-content\/uploads\/sites\/5\/2024\/05\/WhatsApp-Image-2024-05-02-at-10.55.36-1.jpeg","contentUrl":"https:\/\/www.manaus.am.gov.br\/semcom\/wp-content\/uploads\/sites\/5\/2024\/05\/WhatsApp-Image-2024-05-02-at-10.55.36-1.jpeg","width":1600,"height":1200},{"@type":"WebSite","@id":"https:\/\/www.manaus.am.gov.br\/semcom\/#website","url":"https:\/\/www.manaus.am.gov.br\/semcom\/","name":"SEMCOM","description":"Secretaria Municipal de Comunica\u00e7\u00e3o","potentialAction":[{"@type":"SearchAction","target":{"@type":"EntryPoint","urlTemplate":"https:\/\/www.manaus.am.gov.br\/semcom\/?s={search_term_string}"},"query-input":"required name=search_term_string"}],"inLanguage":"pt-BR"},{"@type":"Person","@id":"https:\/\/www.manaus.am.gov.br\/semcom\/#\/schema\/person\/bfafc779be2e19b3d3ef4a59d418b606","name":"csilveira","image":{"@type":"ImageObject","inLanguage":"pt-BR","@id":"https:\/\/www.manaus.am.gov.br\/semcom\/#\/schema\/person\/image\/","url":"https:\/\/secure.gravatar.com\/avatar\/9c2e2f00138fcd35401c748bd030d3b5?s=96&d=mm&r=g","contentUrl":"https:\/\/secure.gravatar.com\/avatar\/9c2e2f00138fcd35401c748bd030d3b5?s=96&d=mm&r=g","caption":"csilveira"}}]}},"_links":{"self":[{"href":"https:\/\/www.manaus.am.gov.br\/semcom\/wp-json\/wp\/v2\/posts\/228490"}],"collection":[{"href":"https:\/\/www.manaus.am.gov.br\/semcom\/wp-json\/wp\/v2\/posts"}],"about":[{"href":"https:\/\/www.manaus.am.gov.br\/semcom\/wp-json\/wp\/v2\/types\/post"}],"author":[{"embeddable":true,"href":"https:\/\/www.manaus.am.gov.br\/semcom\/wp-json\/wp\/v2\/users\/52"}],"replies":[{"embeddable":true,"href":"https:\/\/www.manaus.am.gov.br\/semcom\/wp-json\/wp\/v2\/comments?post=228490"}],"version-history":[{"count":0,"href":"https:\/\/www.manaus.am.gov.br\/semcom\/wp-json\/wp\/v2\/posts\/228490\/revisions"}],"wp:featuredmedia":[{"embeddable":true,"href":"https:\/\/www.manaus.am.gov.br\/semcom\/wp-json\/wp\/v2\/media\/228491"}],"wp:attachment":[{"href":"https:\/\/www.manaus.am.gov.br\/semcom\/wp-json\/wp\/v2\/media?parent=228490"}],"wp:term":[{"taxonomy":"category","embeddable":true,"href":"https:\/\/www.manaus.am.gov.br\/semcom\/wp-json\/wp\/v2\/categories?post=228490"},{"taxonomy":"post_tag","embeddable":true,"href":"https:\/\/www.manaus.am.gov.br\/semcom\/wp-json\/wp\/v2\/tags?post=228490"}],"curies":[{"name":"wp","href":"https:\/\/api.w.org\/{rel}","templated":true}]}}