{"id":228387,"date":"2024-05-01T14:05:54","date_gmt":"2024-05-01T18:05:54","guid":{"rendered":"https:\/\/www.manaus.am.gov.br\/semcom\/prefeitura-de-manaus-inseriu\/"},"modified":"2024-05-01T15:11:47","modified_gmt":"2024-05-01T18:11:47","slug":"prefeitura-de-manaus-inseriu","status":"publish","type":"post","link":"https:\/\/www.manaus.am.gov.br\/semcom\/prefeitura-de-manaus-inseriu\/","title":{"rendered":"Prefeitura de Manaus j\u00e1 inseriu mais de 16 mil pessoas no mercado de trabalho desde 2021"},"content":{"rendered":"\n<p>No Dia do Trabalhador, comemorado em 1\u00ba de maio, a Prefeitura de Manaus destaca os resultados significativos em empregabilidade que, em tr\u00eas anos, fortaleceram um dos pilares da Secretaria Municipal do Trabalho, Empreendedorismo e Inova\u00e7\u00e3o (Semtepi). Mais de 16 mil pessoas j\u00e1 foram inseridas no mercado de trabalho, por meio do Sine Manaus, tornando a capital refer\u00eancia em efici\u00eancia para o pa\u00eds.<\/p>\n\n\n\n<p>De 2021 a 2024, o Sine Manaus j\u00e1 ofertou mais de 22 mil vagas de emprego, encaminhou 53.421 pessoas para entrevistas, e destas, 16.733 foram inseridas ou reintegradas no mercado de trabalho. Com isso, Manaus entrou para o p\u00f3dio nacional de efici\u00eancia no encaminhamento de pessoas e coloca\u00e7\u00e3o de profissionais nos postos.<\/p>\n\n\n\n<p>\u201cPara n\u00f3s, essa data \u00e9 sin\u00f4nimo de orgulho. Por interm\u00e9dio do trabalho, que \u00e9 um dos pilares da nossa secretaria, ganhamos uma not\u00e1vel relev\u00e2ncia em n\u00edvel nacional. O Sine Manaus, desde o in\u00edcio da gest\u00e3o, vem se destacando em todo o pa\u00eds, com vagas de emprego e indica\u00e7\u00e3o de pessoas ao mercado. Em nome da Prefeitura de Manaus, Semtepi e Sine Manaus, quero parabenizar a todos os trabalhadores que j\u00e1 se estabilizaram por meio do nosso sistema\u201d, afirmou o secret\u00e1rio da Semtepi, Wagno Oliveira.&nbsp;<\/p>\n\n\n\n<p>Atualmente, o Sine Manaus ocupa o 2\u00ba lugar no ranking nacional de efici\u00eancia na intermedia\u00e7\u00e3o de vagas, ficando atr\u00e1s somente da capital do Sudeste, S\u00e3o Paulo (SP). Al\u00e9m disso, o \u00f3rg\u00e3o tamb\u00e9m realizou parcerias com 1.640 empresas, tendo como destaques as multinacionais: BRF S.A, Marfrig S.A, Engecom, entre outras.&nbsp;<\/p>\n\n\n\n<p>\u201cN\u00f3s estamos exportando m\u00e3o de obra para diversas regi\u00f5es do Brasil. Esta data tem um significado especial para o Sine Manaus, pois refor\u00e7a nosso compromisso de servir \u00e0 comunidade, assegurando a empregabilidade por meio dos nossos servi\u00e7os de intermedia\u00e7\u00e3o de m\u00e3o de obra. Nossa miss\u00e3o \u00e9 encaminhar e reintegrar o maior n\u00famero poss\u00edvel de pessoas ao mercado de trabalho\u201d, declarou o diretor do Sine Manaus, Pedro Lima. \u00a0<\/p>\n\n\n\n<figure class=\"wp-block-image size-large\"><img loading=\"lazy\" decoding=\"async\" width=\"1024\" height=\"682\" src=\"https:\/\/www.manaus.am.gov.br\/semcom\/wp-content\/uploads\/sites\/5\/2024\/05\/Semtepi-1024x682.jpg\" alt=\"\" class=\"wp-image-228388\" srcset=\"https:\/\/www.manaus.am.gov.br\/semcom\/wp-content\/uploads\/sites\/5\/2024\/05\/Semtepi-1024x682.jpg 1024w, https:\/\/www.manaus.am.gov.br\/semcom\/wp-content\/uploads\/sites\/5\/2024\/05\/Semtepi-300x200.jpg 300w, https:\/\/www.manaus.am.gov.br\/semcom\/wp-content\/uploads\/sites\/5\/2024\/05\/Semtepi-768x512.jpg 768w, https:\/\/www.manaus.am.gov.br\/semcom\/wp-content\/uploads\/sites\/5\/2024\/05\/Semtepi-1536x1023.jpg 1536w, https:\/\/www.manaus.am.gov.br\/semcom\/wp-content\/uploads\/sites\/5\/2024\/05\/Semtepi.jpg 1600w\" sizes=\"(max-width: 1024px) 100vw, 1024px\" \/><\/figure>\n\n\n\n<p>Al\u00e9m dos postos fixos de atendimento, o projeto itinerante \u2018Sine nos Bairros\u201d j\u00e1 atendeu em bairros de todas as zonas da cidade, com 137 a\u00e7\u00f5es. A proposta emergiu da necessidade de expandir os atendimentos do Sine Manaus para al\u00e9m dos pr\u00e9dios e depend\u00eancias do \u00f3rg\u00e3o, a fim de facilitar o acesso aos servi\u00e7os para moradores dos bairros mais distantes da Prefeitura de Manaus.&nbsp;<\/p>\n\n\n\n<p>Empregado pelo Sine Manaus, Kennedy Lima j\u00e1 utilizou os servi\u00e7os do Sine mais de uma vez.&nbsp;<\/p>\n\n\n\n<p>\u201cPassei muitos dias perdendo o sono, atr\u00e1s de emprego. Quando cheguei ao Sine Manaus, recebi um \u00f3timo atendimento. Ia pessoalmente \u00e0s f\u00e1bricas entregar meu curr\u00edculo, mas n\u00e3o conseguia nada. Decidi ent\u00e3o voltar ao \u00f3rg\u00e3o, e em menos de uma semana, recebi duas cartas de oferta de emprego para vagas nas quais estou apto. Agrade\u00e7o imensamente \u00e0 equipe do shopping Phelippe Daou e \u00e0 Prefeitura de Manaus pela oportunidade\u201d, descreveu.&nbsp;<\/p>\n\n\n\n<p><strong>Data<\/strong><\/p>\n\n\n\n<p>O Dia do Trabalhador, celebrado em 1\u00ba de maio, tem suas ra\u00edzes nas lutas oper\u00e1rias do final do s\u00e9culo XIX. Originou-se da greve em Chicago, EUA, de 1886, onde os trabalhadores exigiam melhores condi\u00e7\u00f5es, incluindo a redu\u00e7\u00e3o da jornada para oito horas di\u00e1rias. Ap\u00f3s confrontos violentos entre manifestantes e a pol\u00edcia, a Segunda Internacional Socialista proclamou o 1\u00ba de maio como o Dia Internacional dos Trabalhadores em 1889, em Paris.<\/p>\n\n\n\n<p>Desde ent\u00e3o, a data \u00e9 um marco global de solidariedade, em reconhecimento \u00e0s contribui\u00e7\u00f5es dos trabalhadores e \u00e0 luta por direitos trabalhistas.<\/p>\n\n\n\n<p>&#8212;-<\/p>\n\n\n\n<p><strong>Texto e Fotos<\/strong>&nbsp;\u2013 Divulga\u00e7\u00e3o \/ Semtepi<\/p>\n","protected":false},"excerpt":{"rendered":"","protected":false},"author":52,"featured_media":228389,"comment_status":"closed","ping_status":"closed","sticky":false,"template":"","format":"standard","meta":{"footnotes":""},"categories":[3951],"tags":[676,22,23],"acf":[],"yoast_head":"<!-- This site is optimized with the Yoast SEO plugin v23.0 - https:\/\/yoast.com\/wordpress\/plugins\/seo\/ -->\n<title>Prefeitura de Manaus inseriu mais de 16 mil pessoas no mercado de trabalho de 2021 a 2024<\/title>\n<meta name=\"description\" content=\"No Dia do Trabalhador, comemorado em 1\u00ba de maio, a Prefeitura de Manaus destaca os resultados significativos em empregabilidade.\" \/>\n<meta name=\"robots\" content=\"index, follow, max-snippet:-1, max-image-preview:large, max-video-preview:-1\" \/>\n<link rel=\"canonical\" href=\"https:\/\/www.manaus.am.gov.br\/semcom\/prefeitura-de-manaus-inseriu\/\" \/>\n<meta property=\"og:locale\" content=\"pt_BR\" \/>\n<meta property=\"og:type\" content=\"article\" \/>\n<meta property=\"og:title\" content=\"Prefeitura de Manaus inseriu mais de 16 mil pessoas no mercado de trabalho de 2021 a 2024\" \/>\n<meta property=\"og:description\" content=\"No Dia do Trabalhador, comemorado em 1\u00ba de maio, a Prefeitura de Manaus destaca os resultados significativos em empregabilidade.\" \/>\n<meta property=\"og:url\" content=\"https:\/\/www.manaus.am.gov.br\/semcom\/prefeitura-de-manaus-inseriu\/\" \/>\n<meta property=\"og:site_name\" content=\"SEMCOM\" \/>\n<meta property=\"article:published_time\" content=\"2024-05-01T18:05:54+00:00\" \/>\n<meta property=\"article:modified_time\" content=\"2024-05-01T18:11:47+00:00\" \/>\n<meta property=\"og:image\" content=\"https:\/\/www.manaus.am.gov.br\/semcom\/wp-content\/uploads\/sites\/5\/2024\/05\/IMG_1291-1-1024x683.jpg\" \/>\n\t<meta property=\"og:image:width\" content=\"1024\" \/>\n\t<meta property=\"og:image:height\" content=\"683\" \/>\n\t<meta property=\"og:image:type\" content=\"image\/jpeg\" \/>\n<meta name=\"author\" content=\"csilveira\" \/>\n<meta name=\"twitter:card\" content=\"summary_large_image\" \/>\n<meta name=\"twitter:label1\" content=\"Written by\" \/>\n\t<meta name=\"twitter:data1\" content=\"csilveira\" \/>\n\t<meta name=\"twitter:label2\" content=\"Est. reading time\" \/>\n\t<meta name=\"twitter:data2\" content=\"4 minutos\" \/>\n<script type=\"application\/ld+json\" class=\"yoast-schema-graph\">{\"@context\":\"https:\/\/schema.org\",\"@graph\":[{\"@type\":\"WebPage\",\"@id\":\"https:\/\/www.manaus.am.gov.br\/semcom\/prefeitura-de-manaus-inseriu\/\",\"url\":\"https:\/\/www.manaus.am.gov.br\/semcom\/prefeitura-de-manaus-inseriu\/\",\"name\":\"Prefeitura de Manaus inseriu mais de 16 mil pessoas no mercado de trabalho de 2021 a 2024\",\"isPartOf\":{\"@id\":\"https:\/\/www.manaus.am.gov.br\/semcom\/#website\"},\"primaryImageOfPage\":{\"@id\":\"https:\/\/www.manaus.am.gov.br\/semcom\/prefeitura-de-manaus-inseriu\/#primaryimage\"},\"image\":{\"@id\":\"https:\/\/www.manaus.am.gov.br\/semcom\/prefeitura-de-manaus-inseriu\/#primaryimage\"},\"thumbnailUrl\":\"https:\/\/www.manaus.am.gov.br\/semcom\/wp-content\/uploads\/sites\/5\/2024\/05\/IMG_1291-1.jpg\",\"datePublished\":\"2024-05-01T18:05:54+00:00\",\"dateModified\":\"2024-05-01T18:11:47+00:00\",\"author\":{\"@id\":\"https:\/\/www.manaus.am.gov.br\/semcom\/#\/schema\/person\/bfafc779be2e19b3d3ef4a59d418b606\"},\"description\":\"No Dia do Trabalhador, comemorado em 1\u00ba de maio, a Prefeitura de Manaus destaca os resultados significativos em empregabilidade.\",\"inLanguage\":\"pt-BR\",\"potentialAction\":[{\"@type\":\"ReadAction\",\"target\":[\"https:\/\/www.manaus.am.gov.br\/semcom\/prefeitura-de-manaus-inseriu\/\"]}]},{\"@type\":\"ImageObject\",\"inLanguage\":\"pt-BR\",\"@id\":\"https:\/\/www.manaus.am.gov.br\/semcom\/prefeitura-de-manaus-inseriu\/#primaryimage\",\"url\":\"https:\/\/www.manaus.am.gov.br\/semcom\/wp-content\/uploads\/sites\/5\/2024\/05\/IMG_1291-1.jpg\",\"contentUrl\":\"https:\/\/www.manaus.am.gov.br\/semcom\/wp-content\/uploads\/sites\/5\/2024\/05\/IMG_1291-1.jpg\",\"width\":4464,\"height\":2976},{\"@type\":\"WebSite\",\"@id\":\"https:\/\/www.manaus.am.gov.br\/semcom\/#website\",\"url\":\"https:\/\/www.manaus.am.gov.br\/semcom\/\",\"name\":\"SEMCOM\",\"description\":\"Secretaria Municipal de Comunica\u00e7\u00e3o\",\"potentialAction\":[{\"@type\":\"SearchAction\",\"target\":{\"@type\":\"EntryPoint\",\"urlTemplate\":\"https:\/\/www.manaus.am.gov.br\/semcom\/?s={search_term_string}\"},\"query-input\":\"required name=search_term_string\"}],\"inLanguage\":\"pt-BR\"},{\"@type\":\"Person\",\"@id\":\"https:\/\/www.manaus.am.gov.br\/semcom\/#\/schema\/person\/bfafc779be2e19b3d3ef4a59d418b606\",\"name\":\"csilveira\",\"image\":{\"@type\":\"ImageObject\",\"inLanguage\":\"pt-BR\",\"@id\":\"https:\/\/www.manaus.am.gov.br\/semcom\/#\/schema\/person\/image\/\",\"url\":\"https:\/\/secure.gravatar.com\/avatar\/9c2e2f00138fcd35401c748bd030d3b5?s=96&d=mm&r=g\",\"contentUrl\":\"https:\/\/secure.gravatar.com\/avatar\/9c2e2f00138fcd35401c748bd030d3b5?s=96&d=mm&r=g\",\"caption\":\"csilveira\"}}]}<\/script>\n<!-- \/ Yoast SEO plugin. -->","yoast_head_json":{"title":"Prefeitura de Manaus inseriu mais de 16 mil pessoas no mercado de trabalho de 2021 a 2024","description":"No Dia do Trabalhador, comemorado em 1\u00ba de maio, a Prefeitura de Manaus destaca os resultados significativos em empregabilidade.","robots":{"index":"index","follow":"follow","max-snippet":"max-snippet:-1","max-image-preview":"max-image-preview:large","max-video-preview":"max-video-preview:-1"},"canonical":"https:\/\/www.manaus.am.gov.br\/semcom\/prefeitura-de-manaus-inseriu\/","og_locale":"pt_BR","og_type":"article","og_title":"Prefeitura de Manaus inseriu mais de 16 mil pessoas no mercado de trabalho de 2021 a 2024","og_description":"No Dia do Trabalhador, comemorado em 1\u00ba de maio, a Prefeitura de Manaus destaca os resultados significativos em empregabilidade.","og_url":"https:\/\/www.manaus.am.gov.br\/semcom\/prefeitura-de-manaus-inseriu\/","og_site_name":"SEMCOM","article_published_time":"2024-05-01T18:05:54+00:00","article_modified_time":"2024-05-01T18:11:47+00:00","og_image":[{"width":1024,"height":683,"url":"https:\/\/www.manaus.am.gov.br\/semcom\/wp-content\/uploads\/sites\/5\/2024\/05\/IMG_1291-1-1024x683.jpg","type":"image\/jpeg"}],"author":"csilveira","twitter_card":"summary_large_image","twitter_misc":{"Written by":"csilveira","Est. reading time":"4 minutos"},"schema":{"@context":"https:\/\/schema.org","@graph":[{"@type":"WebPage","@id":"https:\/\/www.manaus.am.gov.br\/semcom\/prefeitura-de-manaus-inseriu\/","url":"https:\/\/www.manaus.am.gov.br\/semcom\/prefeitura-de-manaus-inseriu\/","name":"Prefeitura de Manaus inseriu mais de 16 mil pessoas no mercado de trabalho de 2021 a 2024","isPartOf":{"@id":"https:\/\/www.manaus.am.gov.br\/semcom\/#website"},"primaryImageOfPage":{"@id":"https:\/\/www.manaus.am.gov.br\/semcom\/prefeitura-de-manaus-inseriu\/#primaryimage"},"image":{"@id":"https:\/\/www.manaus.am.gov.br\/semcom\/prefeitura-de-manaus-inseriu\/#primaryimage"},"thumbnailUrl":"https:\/\/www.manaus.am.gov.br\/semcom\/wp-content\/uploads\/sites\/5\/2024\/05\/IMG_1291-1.jpg","datePublished":"2024-05-01T18:05:54+00:00","dateModified":"2024-05-01T18:11:47+00:00","author":{"@id":"https:\/\/www.manaus.am.gov.br\/semcom\/#\/schema\/person\/bfafc779be2e19b3d3ef4a59d418b606"},"description":"No Dia do Trabalhador, comemorado em 1\u00ba de maio, a Prefeitura de Manaus destaca os resultados significativos em empregabilidade.","inLanguage":"pt-BR","potentialAction":[{"@type":"ReadAction","target":["https:\/\/www.manaus.am.gov.br\/semcom\/prefeitura-de-manaus-inseriu\/"]}]},{"@type":"ImageObject","inLanguage":"pt-BR","@id":"https:\/\/www.manaus.am.gov.br\/semcom\/prefeitura-de-manaus-inseriu\/#primaryimage","url":"https:\/\/www.manaus.am.gov.br\/semcom\/wp-content\/uploads\/sites\/5\/2024\/05\/IMG_1291-1.jpg","contentUrl":"https:\/\/www.manaus.am.gov.br\/semcom\/wp-content\/uploads\/sites\/5\/2024\/05\/IMG_1291-1.jpg","width":4464,"height":2976},{"@type":"WebSite","@id":"https:\/\/www.manaus.am.gov.br\/semcom\/#website","url":"https:\/\/www.manaus.am.gov.br\/semcom\/","name":"SEMCOM","description":"Secretaria Municipal de Comunica\u00e7\u00e3o","potentialAction":[{"@type":"SearchAction","target":{"@type":"EntryPoint","urlTemplate":"https:\/\/www.manaus.am.gov.br\/semcom\/?s={search_term_string}"},"query-input":"required name=search_term_string"}],"inLanguage":"pt-BR"},{"@type":"Person","@id":"https:\/\/www.manaus.am.gov.br\/semcom\/#\/schema\/person\/bfafc779be2e19b3d3ef4a59d418b606","name":"csilveira","image":{"@type":"ImageObject","inLanguage":"pt-BR","@id":"https:\/\/www.manaus.am.gov.br\/semcom\/#\/schema\/person\/image\/","url":"https:\/\/secure.gravatar.com\/avatar\/9c2e2f00138fcd35401c748bd030d3b5?s=96&d=mm&r=g","contentUrl":"https:\/\/secure.gravatar.com\/avatar\/9c2e2f00138fcd35401c748bd030d3b5?s=96&d=mm&r=g","caption":"csilveira"}}]}},"_links":{"self":[{"href":"https:\/\/www.manaus.am.gov.br\/semcom\/wp-json\/wp\/v2\/posts\/228387"}],"collection":[{"href":"https:\/\/www.manaus.am.gov.br\/semcom\/wp-json\/wp\/v2\/posts"}],"about":[{"href":"https:\/\/www.manaus.am.gov.br\/semcom\/wp-json\/wp\/v2\/types\/post"}],"author":[{"embeddable":true,"href":"https:\/\/www.manaus.am.gov.br\/semcom\/wp-json\/wp\/v2\/users\/52"}],"replies":[{"embeddable":true,"href":"https:\/\/www.manaus.am.gov.br\/semcom\/wp-json\/wp\/v2\/comments?post=228387"}],"version-history":[{"count":5,"href":"https:\/\/www.manaus.am.gov.br\/semcom\/wp-json\/wp\/v2\/posts\/228387\/revisions"}],"predecessor-version":[{"id":228394,"href":"https:\/\/www.manaus.am.gov.br\/semcom\/wp-json\/wp\/v2\/posts\/228387\/revisions\/228394"}],"wp:featuredmedia":[{"embeddable":true,"href":"https:\/\/www.manaus.am.gov.br\/semcom\/wp-json\/wp\/v2\/media\/228389"}],"wp:attachment":[{"href":"https:\/\/www.manaus.am.gov.br\/semcom\/wp-json\/wp\/v2\/media?parent=228387"}],"wp:term":[{"taxonomy":"category","embeddable":true,"href":"https:\/\/www.manaus.am.gov.br\/semcom\/wp-json\/wp\/v2\/categories?post=228387"},{"taxonomy":"post_tag","embeddable":true,"href":"https:\/\/www.manaus.am.gov.br\/semcom\/wp-json\/wp\/v2\/tags?post=228387"}],"curies":[{"name":"wp","href":"https:\/\/api.w.org\/{rel}","templated":true}]}}