{"id":228192,"date":"2024-04-26T13:04:47","date_gmt":"2024-04-26T16:04:47","guid":{"rendered":"https:\/\/www.manaus.am.gov.br\/semcom\/fiscalizacoes-de-posturas-tem-alta-68-marco\/"},"modified":"2024-04-26T13:04:49","modified_gmt":"2024-04-26T16:04:49","slug":"fiscalizacoes-de-posturas-tem-alta-68-marco","status":"publish","type":"post","link":"https:\/\/www.manaus.am.gov.br\/semcom\/fiscalizacoes-de-posturas-tem-alta-68-marco\/","title":{"rendered":"Fiscaliza\u00e7\u00f5es de posturas na capital realizadas prefeitura t\u00eam alta de 68% em mar\u00e7o deste ano"},"content":{"rendered":"\n<p>Apresentando alta de 68% nas fiscaliza\u00e7\u00f5es urbanas relacionadas \u00e0 Ger\u00eancia de Fiscaliza\u00e7\u00e3o de Postura (GFP), a&nbsp;Prefeitura de Manaus, por meio do Instituto Municipal de Planejamento Urbano (Implurb), realizou 114 a\u00e7\u00f5es fiscais na capital no m\u00eas de mar\u00e7o deste ano. No ano anterior foram 68 notifica\u00e7\u00f5es no mesmo per\u00edodo. No acumulado do trimestre foram feitas 407 a\u00e7\u00f5es fiscais, uma alta de 72% contra as 238 de 2023.<\/p>\n\n\n\n<p>As a\u00e7\u00f5es fiscais s\u00e3o da Divis\u00e3o de Controle, divididas em Ger\u00eancia de Postura (GFP) e Ger\u00eancia de&nbsp;Fiscaliza\u00e7\u00e3o&nbsp;de Obra (GFO). De janeiro de 2021 a mar\u00e7o de 2024, a ger\u00eancia soma 4.824 a\u00e7\u00f5es e as fiscaliza\u00e7\u00f5es na GFO totalizam 8.552 ocorr\u00eancias. Somando as ger\u00eancias, o Implurb j\u00e1 fez mais de 13,3 mil a\u00e7\u00f5es fiscais.<\/p>\n\n\n\n<p>\u201cA popula\u00e7\u00e3o \u00e9 um grande canal de apoio ao nosso trabalho, servindo de fiscal de irregularidades, estando nas ruas, sendo parte fundamental no processo de combate \u00e0s ilegalidades e obras sem licen\u00e7a que prejudicam a todos. N\u00e3o se pode ocupar \u00e1reas p\u00fablicas e nem construir ou obstruir cal\u00e7adas e at\u00e9 mesmo as ruas, impedindo o livre ir e vir das pessoas, prejudicando a todos\u201d, destacou o vice-presidente do Implurb, arquiteto e urbanista Claudemir Andrade.<\/p>\n\n\n\n<p>As fiscaliza\u00e7\u00f5es envolvem, desde a obstru\u00e7\u00e3o de logradouro, constru\u00e7\u00e3o em cal\u00e7adas p\u00fablicas, obras irregulares e sem licen\u00e7a, terrenos abandonados e baldios, depreda\u00e7\u00e3o de logradouro, aus\u00eancia de Habite-se, entre outras.<\/p>\n\n\n\n<p>Den\u00fancias sobre obras irregulares e afins s\u00e3o atendidas pelo n\u00famero do Disque Den\u00fancia, no (92) 3673-9305, e pelo 161, de segunda a sexta-feira, das 8h \u00e0s 14h, exceto feriados e pontos facultativos e, por e-mail, no&nbsp;<a href=\"mailto:disquedenuncia.implurb@manaus.am.gov.br\" target=\"_blank\" rel=\"noreferrer noopener\">disquedenuncia.implurb@manaus.am.gov.br<\/a><\/p>\n\n\n\n<p>As fiscaliza\u00e7\u00f5es s\u00e3o realizadas pelas ger\u00eancias da&nbsp;Divis\u00e3o de Controle (Dicon), por meio de den\u00fancias formalizadas, demandas de \u00f3rg\u00e3os municipais e estaduais, e rota di\u00e1ria da equipe de fiscais nas ruas, al\u00e9m de plant\u00f5es noturnos e nos finais de semana para integrar opera\u00e7\u00f5es.<\/p>\n\n\n\n<p>&#8212; &#8212; &#8212;<\/p>\n\n\n\n<p><strong>Texto<\/strong>&nbsp;\u2013 Claudia do Valle \/ Implurb<\/p>\n\n\n\n<p><strong>Fotos \u2013&nbsp;<\/strong>Divulga\u00e7\u00e3o \/ Semcom e Implurb<\/p>\n","protected":false},"excerpt":{"rendered":"","protected":false},"author":39,"featured_media":228193,"comment_status":"closed","ping_status":"closed","sticky":false,"template":"","format":"standard","meta":{"footnotes":""},"categories":[46],"tags":[11400,11401,11402,65,77],"acf":[],"yoast_head":"<!-- This site is optimized with the Yoast SEO plugin v23.0 - https:\/\/yoast.com\/wordpress\/plugins\/seo\/ -->\n<title>Fiscaliza\u00e7\u00f5es de posturas na capital t\u00eam alta de 68% em mar\u00e7o<\/title>\n<meta name=\"description\" content=\"Fiscaliza\u00e7\u00f5es de posturas na capital realizadas Prefeitura de Manaus t\u00eam alta de 68% em mar\u00e7o deste ano, com 114 a\u00e7\u00f5es fiscais.\" \/>\n<meta name=\"robots\" content=\"index, follow, max-snippet:-1, max-image-preview:large, max-video-preview:-1\" \/>\n<link rel=\"canonical\" href=\"https:\/\/www.manaus.am.gov.br\/semcom\/fiscalizacoes-de-posturas-tem-alta-68-marco\/\" \/>\n<meta property=\"og:locale\" content=\"pt_BR\" \/>\n<meta property=\"og:type\" content=\"article\" \/>\n<meta property=\"og:title\" content=\"Fiscaliza\u00e7\u00f5es de posturas na capital t\u00eam alta de 68% em mar\u00e7o\" \/>\n<meta property=\"og:description\" content=\"Fiscaliza\u00e7\u00f5es de posturas na capital realizadas Prefeitura de Manaus t\u00eam alta de 68% em mar\u00e7o deste ano, com 114 a\u00e7\u00f5es fiscais.\" \/>\n<meta property=\"og:url\" content=\"https:\/\/www.manaus.am.gov.br\/semcom\/fiscalizacoes-de-posturas-tem-alta-68-marco\/\" \/>\n<meta property=\"og:site_name\" content=\"SEMCOM\" \/>\n<meta property=\"article:published_time\" content=\"2024-04-26T16:04:47+00:00\" \/>\n<meta property=\"article:modified_time\" content=\"2024-04-26T16:04:49+00:00\" \/>\n<meta property=\"og:image\" content=\"https:\/\/www.manaus.am.gov.br\/semcom\/wp-content\/uploads\/sites\/5\/2024\/04\/Fiscalizacoes-1.jpg\" \/>\n\t<meta property=\"og:image:width\" content=\"2048\" \/>\n\t<meta property=\"og:image:height\" content=\"1365\" \/>\n\t<meta property=\"og:image:type\" content=\"image\/jpeg\" \/>\n<meta name=\"author\" content=\"Bruna Greco\" \/>\n<meta name=\"twitter:card\" content=\"summary_large_image\" \/>\n<meta name=\"twitter:label1\" content=\"Written by\" \/>\n\t<meta name=\"twitter:data1\" content=\"Bruna Greco\" \/>\n\t<meta name=\"twitter:label2\" content=\"Est. reading time\" \/>\n\t<meta name=\"twitter:data2\" content=\"2 minutos\" \/>\n<script type=\"application\/ld+json\" class=\"yoast-schema-graph\">{\"@context\":\"https:\/\/schema.org\",\"@graph\":[{\"@type\":\"WebPage\",\"@id\":\"https:\/\/www.manaus.am.gov.br\/semcom\/fiscalizacoes-de-posturas-tem-alta-68-marco\/\",\"url\":\"https:\/\/www.manaus.am.gov.br\/semcom\/fiscalizacoes-de-posturas-tem-alta-68-marco\/\",\"name\":\"Fiscaliza\u00e7\u00f5es de posturas na capital t\u00eam alta de 68% em mar\u00e7o\",\"isPartOf\":{\"@id\":\"https:\/\/www.manaus.am.gov.br\/semcom\/#website\"},\"primaryImageOfPage\":{\"@id\":\"https:\/\/www.manaus.am.gov.br\/semcom\/fiscalizacoes-de-posturas-tem-alta-68-marco\/#primaryimage\"},\"image\":{\"@id\":\"https:\/\/www.manaus.am.gov.br\/semcom\/fiscalizacoes-de-posturas-tem-alta-68-marco\/#primaryimage\"},\"thumbnailUrl\":\"https:\/\/www.manaus.am.gov.br\/semcom\/wp-content\/uploads\/sites\/5\/2024\/04\/Fiscalizacoes-1.jpg\",\"datePublished\":\"2024-04-26T16:04:47+00:00\",\"dateModified\":\"2024-04-26T16:04:49+00:00\",\"author\":{\"@id\":\"https:\/\/www.manaus.am.gov.br\/semcom\/#\/schema\/person\/05d223aea2bf115f9883a6ff3683d81b\"},\"description\":\"Fiscaliza\u00e7\u00f5es de posturas na capital realizadas Prefeitura de Manaus t\u00eam alta de 68% em mar\u00e7o deste ano, com 114 a\u00e7\u00f5es fiscais.\",\"inLanguage\":\"pt-BR\",\"potentialAction\":[{\"@type\":\"ReadAction\",\"target\":[\"https:\/\/www.manaus.am.gov.br\/semcom\/fiscalizacoes-de-posturas-tem-alta-68-marco\/\"]}]},{\"@type\":\"ImageObject\",\"inLanguage\":\"pt-BR\",\"@id\":\"https:\/\/www.manaus.am.gov.br\/semcom\/fiscalizacoes-de-posturas-tem-alta-68-marco\/#primaryimage\",\"url\":\"https:\/\/www.manaus.am.gov.br\/semcom\/wp-content\/uploads\/sites\/5\/2024\/04\/Fiscalizacoes-1.jpg\",\"contentUrl\":\"https:\/\/www.manaus.am.gov.br\/semcom\/wp-content\/uploads\/sites\/5\/2024\/04\/Fiscalizacoes-1.jpg\",\"width\":2048,\"height\":1365,\"caption\":\"#paratodosverem - Servidores do Implurb realizando a\u00e7\u00e3o de fiscaliza\u00e7\u00e3o\"},{\"@type\":\"WebSite\",\"@id\":\"https:\/\/www.manaus.am.gov.br\/semcom\/#website\",\"url\":\"https:\/\/www.manaus.am.gov.br\/semcom\/\",\"name\":\"SEMCOM\",\"description\":\"Secretaria Municipal de Comunica\u00e7\u00e3o\",\"potentialAction\":[{\"@type\":\"SearchAction\",\"target\":{\"@type\":\"EntryPoint\",\"urlTemplate\":\"https:\/\/www.manaus.am.gov.br\/semcom\/?s={search_term_string}\"},\"query-input\":\"required name=search_term_string\"}],\"inLanguage\":\"pt-BR\"},{\"@type\":\"Person\",\"@id\":\"https:\/\/www.manaus.am.gov.br\/semcom\/#\/schema\/person\/05d223aea2bf115f9883a6ff3683d81b\",\"name\":\"Bruna Greco\",\"image\":{\"@type\":\"ImageObject\",\"inLanguage\":\"pt-BR\",\"@id\":\"https:\/\/www.manaus.am.gov.br\/semcom\/#\/schema\/person\/image\/\",\"url\":\"https:\/\/secure.gravatar.com\/avatar\/9c877d1a6adc2a055330e5c09a8653ce?s=96&d=mm&r=g\",\"contentUrl\":\"https:\/\/secure.gravatar.com\/avatar\/9c877d1a6adc2a055330e5c09a8653ce?s=96&d=mm&r=g\",\"caption\":\"Bruna Greco\"}}]}<\/script>\n<!-- \/ Yoast SEO plugin. -->","yoast_head_json":{"title":"Fiscaliza\u00e7\u00f5es de posturas na capital t\u00eam alta de 68% em mar\u00e7o","description":"Fiscaliza\u00e7\u00f5es de posturas na capital realizadas Prefeitura de Manaus t\u00eam alta de 68% em mar\u00e7o deste ano, com 114 a\u00e7\u00f5es fiscais.","robots":{"index":"index","follow":"follow","max-snippet":"max-snippet:-1","max-image-preview":"max-image-preview:large","max-video-preview":"max-video-preview:-1"},"canonical":"https:\/\/www.manaus.am.gov.br\/semcom\/fiscalizacoes-de-posturas-tem-alta-68-marco\/","og_locale":"pt_BR","og_type":"article","og_title":"Fiscaliza\u00e7\u00f5es de posturas na capital t\u00eam alta de 68% em mar\u00e7o","og_description":"Fiscaliza\u00e7\u00f5es de posturas na capital realizadas Prefeitura de Manaus t\u00eam alta de 68% em mar\u00e7o deste ano, com 114 a\u00e7\u00f5es fiscais.","og_url":"https:\/\/www.manaus.am.gov.br\/semcom\/fiscalizacoes-de-posturas-tem-alta-68-marco\/","og_site_name":"SEMCOM","article_published_time":"2024-04-26T16:04:47+00:00","article_modified_time":"2024-04-26T16:04:49+00:00","og_image":[{"width":2048,"height":1365,"url":"https:\/\/www.manaus.am.gov.br\/semcom\/wp-content\/uploads\/sites\/5\/2024\/04\/Fiscalizacoes-1.jpg","type":"image\/jpeg"}],"author":"Bruna Greco","twitter_card":"summary_large_image","twitter_misc":{"Written by":"Bruna Greco","Est. reading time":"2 minutos"},"schema":{"@context":"https:\/\/schema.org","@graph":[{"@type":"WebPage","@id":"https:\/\/www.manaus.am.gov.br\/semcom\/fiscalizacoes-de-posturas-tem-alta-68-marco\/","url":"https:\/\/www.manaus.am.gov.br\/semcom\/fiscalizacoes-de-posturas-tem-alta-68-marco\/","name":"Fiscaliza\u00e7\u00f5es de posturas na capital t\u00eam alta de 68% em mar\u00e7o","isPartOf":{"@id":"https:\/\/www.manaus.am.gov.br\/semcom\/#website"},"primaryImageOfPage":{"@id":"https:\/\/www.manaus.am.gov.br\/semcom\/fiscalizacoes-de-posturas-tem-alta-68-marco\/#primaryimage"},"image":{"@id":"https:\/\/www.manaus.am.gov.br\/semcom\/fiscalizacoes-de-posturas-tem-alta-68-marco\/#primaryimage"},"thumbnailUrl":"https:\/\/www.manaus.am.gov.br\/semcom\/wp-content\/uploads\/sites\/5\/2024\/04\/Fiscalizacoes-1.jpg","datePublished":"2024-04-26T16:04:47+00:00","dateModified":"2024-04-26T16:04:49+00:00","author":{"@id":"https:\/\/www.manaus.am.gov.br\/semcom\/#\/schema\/person\/05d223aea2bf115f9883a6ff3683d81b"},"description":"Fiscaliza\u00e7\u00f5es de posturas na capital realizadas Prefeitura de Manaus t\u00eam alta de 68% em mar\u00e7o deste ano, com 114 a\u00e7\u00f5es fiscais.","inLanguage":"pt-BR","potentialAction":[{"@type":"ReadAction","target":["https:\/\/www.manaus.am.gov.br\/semcom\/fiscalizacoes-de-posturas-tem-alta-68-marco\/"]}]},{"@type":"ImageObject","inLanguage":"pt-BR","@id":"https:\/\/www.manaus.am.gov.br\/semcom\/fiscalizacoes-de-posturas-tem-alta-68-marco\/#primaryimage","url":"https:\/\/www.manaus.am.gov.br\/semcom\/wp-content\/uploads\/sites\/5\/2024\/04\/Fiscalizacoes-1.jpg","contentUrl":"https:\/\/www.manaus.am.gov.br\/semcom\/wp-content\/uploads\/sites\/5\/2024\/04\/Fiscalizacoes-1.jpg","width":2048,"height":1365,"caption":"#paratodosverem - Servidores do Implurb realizando a\u00e7\u00e3o de fiscaliza\u00e7\u00e3o"},{"@type":"WebSite","@id":"https:\/\/www.manaus.am.gov.br\/semcom\/#website","url":"https:\/\/www.manaus.am.gov.br\/semcom\/","name":"SEMCOM","description":"Secretaria Municipal de Comunica\u00e7\u00e3o","potentialAction":[{"@type":"SearchAction","target":{"@type":"EntryPoint","urlTemplate":"https:\/\/www.manaus.am.gov.br\/semcom\/?s={search_term_string}"},"query-input":"required name=search_term_string"}],"inLanguage":"pt-BR"},{"@type":"Person","@id":"https:\/\/www.manaus.am.gov.br\/semcom\/#\/schema\/person\/05d223aea2bf115f9883a6ff3683d81b","name":"Bruna Greco","image":{"@type":"ImageObject","inLanguage":"pt-BR","@id":"https:\/\/www.manaus.am.gov.br\/semcom\/#\/schema\/person\/image\/","url":"https:\/\/secure.gravatar.com\/avatar\/9c877d1a6adc2a055330e5c09a8653ce?s=96&d=mm&r=g","contentUrl":"https:\/\/secure.gravatar.com\/avatar\/9c877d1a6adc2a055330e5c09a8653ce?s=96&d=mm&r=g","caption":"Bruna Greco"}}]}},"_links":{"self":[{"href":"https:\/\/www.manaus.am.gov.br\/semcom\/wp-json\/wp\/v2\/posts\/228192"}],"collection":[{"href":"https:\/\/www.manaus.am.gov.br\/semcom\/wp-json\/wp\/v2\/posts"}],"about":[{"href":"https:\/\/www.manaus.am.gov.br\/semcom\/wp-json\/wp\/v2\/types\/post"}],"author":[{"embeddable":true,"href":"https:\/\/www.manaus.am.gov.br\/semcom\/wp-json\/wp\/v2\/users\/39"}],"replies":[{"embeddable":true,"href":"https:\/\/www.manaus.am.gov.br\/semcom\/wp-json\/wp\/v2\/comments?post=228192"}],"version-history":[{"count":0,"href":"https:\/\/www.manaus.am.gov.br\/semcom\/wp-json\/wp\/v2\/posts\/228192\/revisions"}],"wp:featuredmedia":[{"embeddable":true,"href":"https:\/\/www.manaus.am.gov.br\/semcom\/wp-json\/wp\/v2\/media\/228193"}],"wp:attachment":[{"href":"https:\/\/www.manaus.am.gov.br\/semcom\/wp-json\/wp\/v2\/media?parent=228192"}],"wp:term":[{"taxonomy":"category","embeddable":true,"href":"https:\/\/www.manaus.am.gov.br\/semcom\/wp-json\/wp\/v2\/categories?post=228192"},{"taxonomy":"post_tag","embeddable":true,"href":"https:\/\/www.manaus.am.gov.br\/semcom\/wp-json\/wp\/v2\/tags?post=228192"}],"curies":[{"name":"wp","href":"https:\/\/api.w.org\/{rel}","templated":true}]}}