{"id":228157,"date":"2024-04-25T21:34:16","date_gmt":"2024-04-26T01:34:16","guid":{"rendered":"https:\/\/www.manaus.am.gov.br\/semcom\/entrega-titulos-registros\/"},"modified":"2024-04-25T22:37:24","modified_gmt":"2024-04-26T01:37:24","slug":"entrega-titulos-registros","status":"publish","type":"post","link":"https:\/\/www.manaus.am.gov.br\/semcom\/entrega-titulos-registros\/","title":{"rendered":"Prefeito entrega t\u00edtulos de terra e registros de im\u00f3veis no bairro Santa In\u00eas"},"content":{"rendered":"\n<p>O prefeito de Manaus, David Almeida, acompanhado pelo secret\u00e1rio Jesus Alves, da Secretaria Municipal de Habita\u00e7\u00e3o e Assuntos Fundi\u00e1rios (Semhaf), entregou, na noite desta quinta-feira, 25\/4, t\u00edtulos definitivos de terras e registros de im\u00f3veis para 20 fam\u00edlias do bairro Santa In\u00eas, na zona Leste. A entrega da documenta\u00e7\u00e3o \u00e9 a conclus\u00e3o do trabalho feito pela Semhaf, por meio do programa &#8220;Manaus Legal&#8221;, que busca a regulariza\u00e7\u00e3o de cerca de 20 mil lotes na cidade, que n\u00e3o est\u00e3o localizados em \u00e1reas de risco.<\/p>\n\n\n\n<p>O chefe do Executivo municipal ressaltou que, a partir de agora, por meio deste programa da prefeitura, as fam\u00edlias passam a ter, de fato, a posse da terra onde vivem h\u00e1 anos.<\/p>\n\n\n\n<p>\u201cVoc\u00eas, que nesse momento s\u00e3o os donos da terra, voc\u00eas t\u00eam a posse de fato, mas n\u00e3o de direito, e com a vinda da prefeitura, trabalhando a regulariza\u00e7\u00e3o, voc\u00eas se tornar\u00e3o de fato e de direito donos da \u00e1rea onde est\u00e3o morando e residindo\u201d, explicou o prefeito.<\/p>\n\n\n\n<p>\u201cVoc\u00eas ter\u00e3o, exatamente, a certid\u00e3o de nascimento do im\u00f3vel que voc\u00eas residem e \u00e9 isso que n\u00f3s estamos fazendo: justi\u00e7a social por meio de moradias e regulariza\u00e7\u00e3o fundi\u00e1ria\u201d, disse o prefeito, durante lan\u00e7amento dos programas \u201cManaus Legal\u201d e \u201cCasa Manauara\u201d, no bairro Zumbi, tamb\u00e9m na zona Leste.<\/p>\n\n\n<div class=\"wp-block-image\">\n<figure class=\"aligncenter size-full\"><img loading=\"lazy\" decoding=\"async\" width=\"799\" height=\"533\" src=\"https:\/\/www.manaus.am.gov.br\/semcom\/wp-content\/uploads\/sites\/5\/2024\/04\/Prefeito-entrega-titulos-1.jpg\" alt=\"\" class=\"wp-image-228160\" srcset=\"https:\/\/www.manaus.am.gov.br\/semcom\/wp-content\/uploads\/sites\/5\/2024\/04\/Prefeito-entrega-titulos-1.jpg 799w, https:\/\/www.manaus.am.gov.br\/semcom\/wp-content\/uploads\/sites\/5\/2024\/04\/Prefeito-entrega-titulos-1-300x200.jpg 300w, https:\/\/www.manaus.am.gov.br\/semcom\/wp-content\/uploads\/sites\/5\/2024\/04\/Prefeito-entrega-titulos-1-768x512.jpg 768w\" sizes=\"(max-width: 799px) 100vw, 799px\" \/><figcaption class=\"wp-element-caption\">#paratodos verem &#8211; casal exibe o documento de propriedade do terreno e do im\u00f3vel<\/figcaption><\/figure><\/div>\n\n\n<p>O secret\u00e1rio Jesus Alves destacou que o bairro Santa In\u00eas agora \u00e9 uma comunidade que tem as suas resid\u00eancias regularizadas, o que garante civilidade para a popula\u00e7\u00e3o.<\/p>\n\n\n\n<p>\u201cA gente regularizou a comunidade Santa In\u00eas, com exce\u00e7\u00e3o das \u00e1reas de risco, que n\u00e3o s\u00e3o pass\u00edveis de ser regularizadas. O Santa In\u00eas \u00e9 uma comunidade que pode dizer: \u2018\u00f3, aqui tem registro, aqui tem garantias\u2019. Isso gera, sem d\u00favida alguma, um valor econ\u00f4mico significativo para a comunidade e com certeza \u00e9 um ato tamb\u00e9m de civilidade para aquela gente\u201d, destacou o titular da Semhaf.<\/p>\n\n\n\n<p>As fam\u00edlias beneficiadas com a entrega dos t\u00edtulos de terras e dos registros de im\u00f3veis ficaram agradecidas e at\u00e9 mesmo surpresas ao receber a documenta\u00e7\u00e3o das m\u00e3os do prefeito David Almeida.<\/p>\n\n\n\n<p>\u201c\u00c9 muito bom receber, principalmente com o prefeito vindo pessoalmente trazer. Muita gratid\u00e3o a Deus e ao prefeito por ter feito esse benef\u00edcio para os moradores aqui do Santa In\u00eas\u201d, disse Alrizane Fonseca.<\/p>\n\n\n\n<p>\u201cEu estava incr\u00e9dulo, pensando que n\u00e3o viria mais, que fosse mais uma daquelas promessas. Mas, gra\u00e7as a Deus, hoje veio, e recebendo das m\u00e3os do pr\u00f3prio prefeito. Sem explica\u00e7\u00f5es, s\u00f3 agradecer mesmo\u201d, contou Edson J\u00fanior.<\/p>\n\n\n\n<p>&#8212; &#8212; &#8212;<\/p>\n\n\n\n<p><strong>Texto<\/strong> &#8211; Geraldo Farias \/ Semcom<\/p>\n\n\n\n<p><strong>Fotos<\/strong> &#8211; Jo\u00e3o Viana e Dhyeizo Lemos \/ Semcom<\/p>\n","protected":false},"excerpt":{"rendered":"","protected":false},"author":61,"featured_media":228158,"comment_status":"closed","ping_status":"closed","sticky":false,"template":"","format":"standard","meta":{"footnotes":""},"categories":[9619],"tags":[35,6094,7904,77,6054,5352,11388],"acf":[],"yoast_head":"<!-- This site is optimized with the Yoast SEO plugin v23.0 - https:\/\/yoast.com\/wordpress\/plugins\/seo\/ -->\n<title>Prefeito entrega t\u00edtulos de terra e registros de im\u00f3veis<\/title>\n<meta name=\"description\" content=\"O prefeito David Almeida, e o secret\u00e1rio Jesus Alves, da Semhaf, entregaram, t\u00edtulos definitivos de terras e registros de im\u00f3veis para 20 fam\u00edlias do bairro Santa In\u00eas.\" \/>\n<meta name=\"robots\" content=\"index, follow, max-snippet:-1, max-image-preview:large, max-video-preview:-1\" \/>\n<link rel=\"canonical\" href=\"https:\/\/www.manaus.am.gov.br\/semcom\/entrega-titulos-registros\/\" \/>\n<meta property=\"og:locale\" content=\"pt_BR\" \/>\n<meta property=\"og:type\" content=\"article\" \/>\n<meta property=\"og:title\" content=\"Prefeito entrega t\u00edtulos de terra e registros de im\u00f3veis\" \/>\n<meta property=\"og:description\" content=\"O prefeito David Almeida, e o secret\u00e1rio Jesus Alves, da Semhaf, entregaram, t\u00edtulos definitivos de terras e registros de im\u00f3veis para 20 fam\u00edlias do bairro Santa In\u00eas.\" \/>\n<meta property=\"og:url\" content=\"https:\/\/www.manaus.am.gov.br\/semcom\/entrega-titulos-registros\/\" \/>\n<meta property=\"og:site_name\" content=\"SEMCOM\" \/>\n<meta property=\"article:published_time\" content=\"2024-04-26T01:34:16+00:00\" \/>\n<meta property=\"article:modified_time\" content=\"2024-04-26T01:37:24+00:00\" \/>\n<meta property=\"og:image\" content=\"https:\/\/www.manaus.am.gov.br\/semcom\/wp-content\/uploads\/sites\/5\/2024\/04\/Prefeito-entrega-titulos-2.jpg\" \/>\n\t<meta property=\"og:image:width\" content=\"799\" \/>\n\t<meta property=\"og:image:height\" content=\"533\" \/>\n\t<meta property=\"og:image:type\" content=\"image\/jpeg\" \/>\n<meta name=\"author\" content=\"smonteiro\" \/>\n<meta name=\"twitter:card\" content=\"summary_large_image\" \/>\n<meta name=\"twitter:label1\" content=\"Written by\" \/>\n\t<meta name=\"twitter:data1\" content=\"smonteiro\" \/>\n\t<meta name=\"twitter:label2\" content=\"Est. reading time\" \/>\n\t<meta name=\"twitter:data2\" content=\"3 minutos\" \/>\n<script type=\"application\/ld+json\" class=\"yoast-schema-graph\">{\"@context\":\"https:\/\/schema.org\",\"@graph\":[{\"@type\":\"WebPage\",\"@id\":\"https:\/\/www.manaus.am.gov.br\/semcom\/entrega-titulos-registros\/\",\"url\":\"https:\/\/www.manaus.am.gov.br\/semcom\/entrega-titulos-registros\/\",\"name\":\"Prefeito entrega t\u00edtulos de terra e registros de im\u00f3veis\",\"isPartOf\":{\"@id\":\"https:\/\/www.manaus.am.gov.br\/semcom\/#website\"},\"primaryImageOfPage\":{\"@id\":\"https:\/\/www.manaus.am.gov.br\/semcom\/entrega-titulos-registros\/#primaryimage\"},\"image\":{\"@id\":\"https:\/\/www.manaus.am.gov.br\/semcom\/entrega-titulos-registros\/#primaryimage\"},\"thumbnailUrl\":\"https:\/\/www.manaus.am.gov.br\/semcom\/wp-content\/uploads\/sites\/5\/2024\/04\/Prefeito-entrega-titulos-2.jpg\",\"datePublished\":\"2024-04-26T01:34:16+00:00\",\"dateModified\":\"2024-04-26T01:37:24+00:00\",\"author\":{\"@id\":\"https:\/\/www.manaus.am.gov.br\/semcom\/#\/schema\/person\/ab4dcf766a54dff74e8d267f5c591961\"},\"description\":\"O prefeito David Almeida, e o secret\u00e1rio Jesus Alves, da Semhaf, entregaram, t\u00edtulos definitivos de terras e registros de im\u00f3veis para 20 fam\u00edlias do bairro Santa In\u00eas.\",\"inLanguage\":\"pt-BR\",\"potentialAction\":[{\"@type\":\"ReadAction\",\"target\":[\"https:\/\/www.manaus.am.gov.br\/semcom\/entrega-titulos-registros\/\"]}]},{\"@type\":\"ImageObject\",\"inLanguage\":\"pt-BR\",\"@id\":\"https:\/\/www.manaus.am.gov.br\/semcom\/entrega-titulos-registros\/#primaryimage\",\"url\":\"https:\/\/www.manaus.am.gov.br\/semcom\/wp-content\/uploads\/sites\/5\/2024\/04\/Prefeito-entrega-titulos-2.jpg\",\"contentUrl\":\"https:\/\/www.manaus.am.gov.br\/semcom\/wp-content\/uploads\/sites\/5\/2024\/04\/Prefeito-entrega-titulos-2.jpg\",\"width\":799,\"height\":533,\"caption\":\"#paratodosverem - prefeito David Almeida fazendo a entrega dos documentos a morador do Santa In\u00eas\"},{\"@type\":\"WebSite\",\"@id\":\"https:\/\/www.manaus.am.gov.br\/semcom\/#website\",\"url\":\"https:\/\/www.manaus.am.gov.br\/semcom\/\",\"name\":\"SEMCOM\",\"description\":\"Secretaria Municipal de Comunica\u00e7\u00e3o\",\"potentialAction\":[{\"@type\":\"SearchAction\",\"target\":{\"@type\":\"EntryPoint\",\"urlTemplate\":\"https:\/\/www.manaus.am.gov.br\/semcom\/?s={search_term_string}\"},\"query-input\":\"required name=search_term_string\"}],\"inLanguage\":\"pt-BR\"},{\"@type\":\"Person\",\"@id\":\"https:\/\/www.manaus.am.gov.br\/semcom\/#\/schema\/person\/ab4dcf766a54dff74e8d267f5c591961\",\"name\":\"smonteiro\",\"image\":{\"@type\":\"ImageObject\",\"inLanguage\":\"pt-BR\",\"@id\":\"https:\/\/www.manaus.am.gov.br\/semcom\/#\/schema\/person\/image\/\",\"url\":\"https:\/\/secure.gravatar.com\/avatar\/21c8776ef61d9272c73322052e042d77?s=96&d=mm&r=g\",\"contentUrl\":\"https:\/\/secure.gravatar.com\/avatar\/21c8776ef61d9272c73322052e042d77?s=96&d=mm&r=g\",\"caption\":\"smonteiro\"}}]}<\/script>\n<!-- \/ Yoast SEO plugin. -->","yoast_head_json":{"title":"Prefeito entrega t\u00edtulos de terra e registros de im\u00f3veis","description":"O prefeito David Almeida, e o secret\u00e1rio Jesus Alves, da Semhaf, entregaram, t\u00edtulos definitivos de terras e registros de im\u00f3veis para 20 fam\u00edlias do bairro Santa In\u00eas.","robots":{"index":"index","follow":"follow","max-snippet":"max-snippet:-1","max-image-preview":"max-image-preview:large","max-video-preview":"max-video-preview:-1"},"canonical":"https:\/\/www.manaus.am.gov.br\/semcom\/entrega-titulos-registros\/","og_locale":"pt_BR","og_type":"article","og_title":"Prefeito entrega t\u00edtulos de terra e registros de im\u00f3veis","og_description":"O prefeito David Almeida, e o secret\u00e1rio Jesus Alves, da Semhaf, entregaram, t\u00edtulos definitivos de terras e registros de im\u00f3veis para 20 fam\u00edlias do bairro Santa In\u00eas.","og_url":"https:\/\/www.manaus.am.gov.br\/semcom\/entrega-titulos-registros\/","og_site_name":"SEMCOM","article_published_time":"2024-04-26T01:34:16+00:00","article_modified_time":"2024-04-26T01:37:24+00:00","og_image":[{"width":799,"height":533,"url":"https:\/\/www.manaus.am.gov.br\/semcom\/wp-content\/uploads\/sites\/5\/2024\/04\/Prefeito-entrega-titulos-2.jpg","type":"image\/jpeg"}],"author":"smonteiro","twitter_card":"summary_large_image","twitter_misc":{"Written by":"smonteiro","Est. reading time":"3 minutos"},"schema":{"@context":"https:\/\/schema.org","@graph":[{"@type":"WebPage","@id":"https:\/\/www.manaus.am.gov.br\/semcom\/entrega-titulos-registros\/","url":"https:\/\/www.manaus.am.gov.br\/semcom\/entrega-titulos-registros\/","name":"Prefeito entrega t\u00edtulos de terra e registros de im\u00f3veis","isPartOf":{"@id":"https:\/\/www.manaus.am.gov.br\/semcom\/#website"},"primaryImageOfPage":{"@id":"https:\/\/www.manaus.am.gov.br\/semcom\/entrega-titulos-registros\/#primaryimage"},"image":{"@id":"https:\/\/www.manaus.am.gov.br\/semcom\/entrega-titulos-registros\/#primaryimage"},"thumbnailUrl":"https:\/\/www.manaus.am.gov.br\/semcom\/wp-content\/uploads\/sites\/5\/2024\/04\/Prefeito-entrega-titulos-2.jpg","datePublished":"2024-04-26T01:34:16+00:00","dateModified":"2024-04-26T01:37:24+00:00","author":{"@id":"https:\/\/www.manaus.am.gov.br\/semcom\/#\/schema\/person\/ab4dcf766a54dff74e8d267f5c591961"},"description":"O prefeito David Almeida, e o secret\u00e1rio Jesus Alves, da Semhaf, entregaram, t\u00edtulos definitivos de terras e registros de im\u00f3veis para 20 fam\u00edlias do bairro Santa In\u00eas.","inLanguage":"pt-BR","potentialAction":[{"@type":"ReadAction","target":["https:\/\/www.manaus.am.gov.br\/semcom\/entrega-titulos-registros\/"]}]},{"@type":"ImageObject","inLanguage":"pt-BR","@id":"https:\/\/www.manaus.am.gov.br\/semcom\/entrega-titulos-registros\/#primaryimage","url":"https:\/\/www.manaus.am.gov.br\/semcom\/wp-content\/uploads\/sites\/5\/2024\/04\/Prefeito-entrega-titulos-2.jpg","contentUrl":"https:\/\/www.manaus.am.gov.br\/semcom\/wp-content\/uploads\/sites\/5\/2024\/04\/Prefeito-entrega-titulos-2.jpg","width":799,"height":533,"caption":"#paratodosverem - prefeito David Almeida fazendo a entrega dos documentos a morador do Santa In\u00eas"},{"@type":"WebSite","@id":"https:\/\/www.manaus.am.gov.br\/semcom\/#website","url":"https:\/\/www.manaus.am.gov.br\/semcom\/","name":"SEMCOM","description":"Secretaria Municipal de Comunica\u00e7\u00e3o","potentialAction":[{"@type":"SearchAction","target":{"@type":"EntryPoint","urlTemplate":"https:\/\/www.manaus.am.gov.br\/semcom\/?s={search_term_string}"},"query-input":"required name=search_term_string"}],"inLanguage":"pt-BR"},{"@type":"Person","@id":"https:\/\/www.manaus.am.gov.br\/semcom\/#\/schema\/person\/ab4dcf766a54dff74e8d267f5c591961","name":"smonteiro","image":{"@type":"ImageObject","inLanguage":"pt-BR","@id":"https:\/\/www.manaus.am.gov.br\/semcom\/#\/schema\/person\/image\/","url":"https:\/\/secure.gravatar.com\/avatar\/21c8776ef61d9272c73322052e042d77?s=96&d=mm&r=g","contentUrl":"https:\/\/secure.gravatar.com\/avatar\/21c8776ef61d9272c73322052e042d77?s=96&d=mm&r=g","caption":"smonteiro"}}]}},"_links":{"self":[{"href":"https:\/\/www.manaus.am.gov.br\/semcom\/wp-json\/wp\/v2\/posts\/228157"}],"collection":[{"href":"https:\/\/www.manaus.am.gov.br\/semcom\/wp-json\/wp\/v2\/posts"}],"about":[{"href":"https:\/\/www.manaus.am.gov.br\/semcom\/wp-json\/wp\/v2\/types\/post"}],"author":[{"embeddable":true,"href":"https:\/\/www.manaus.am.gov.br\/semcom\/wp-json\/wp\/v2\/users\/61"}],"replies":[{"embeddable":true,"href":"https:\/\/www.manaus.am.gov.br\/semcom\/wp-json\/wp\/v2\/comments?post=228157"}],"version-history":[{"count":2,"href":"https:\/\/www.manaus.am.gov.br\/semcom\/wp-json\/wp\/v2\/posts\/228157\/revisions"}],"predecessor-version":[{"id":228161,"href":"https:\/\/www.manaus.am.gov.br\/semcom\/wp-json\/wp\/v2\/posts\/228157\/revisions\/228161"}],"wp:featuredmedia":[{"embeddable":true,"href":"https:\/\/www.manaus.am.gov.br\/semcom\/wp-json\/wp\/v2\/media\/228158"}],"wp:attachment":[{"href":"https:\/\/www.manaus.am.gov.br\/semcom\/wp-json\/wp\/v2\/media?parent=228157"}],"wp:term":[{"taxonomy":"category","embeddable":true,"href":"https:\/\/www.manaus.am.gov.br\/semcom\/wp-json\/wp\/v2\/categories?post=228157"},{"taxonomy":"post_tag","embeddable":true,"href":"https:\/\/www.manaus.am.gov.br\/semcom\/wp-json\/wp\/v2\/tags?post=228157"}],"curies":[{"name":"wp","href":"https:\/\/api.w.org\/{rel}","templated":true}]}}