{"id":228132,"date":"2024-04-25T16:52:37","date_gmt":"2024-04-25T19:52:37","guid":{"rendered":"https:\/\/www.manaus.am.gov.br\/semcom\/paulo-ricardo-dubdogz-festa\/"},"modified":"2024-04-25T16:53:51","modified_gmt":"2024-04-25T19:53:51","slug":"paulo-ricardo-dubdogz-festa","status":"publish","type":"post","link":"https:\/\/www.manaus.am.gov.br\/semcom\/paulo-ricardo-dubdogz-festa\/","title":{"rendered":"Paulo Ricardo e DubDogz s\u00e3o atra\u00e7\u00f5es da Festa do Trabalhador 2024 na Ponta Negra"},"content":{"rendered":"\n<p>Em comemora\u00e7\u00e3o ao Dia do Trabalhador, 1\u00ba de maio, a Prefeitura de Manaus, por meio da Secretaria Municipal do Trabalho, Empreendedorismo e Inova\u00e7\u00e3o (Semtepi), promove, na v\u00e9spera, 30\/4, uma programa\u00e7\u00e3o especial, a partir das 16h, na Casa de Praia Zezinho Corr\u00eaa e no Anfiteatro da Ponta Negra, localizados na zona Oeste da capital. Entre as atra\u00e7\u00f5es principais est\u00e3o o cantor Paulo Ricardo, com sua turn\u00ea \u201cVoz e Viol\u00e3o\u201d, e o grupo de m\u00fasica eletr\u00f4nica DubDogz, formado pelos g\u00eameos Lucas e Marcos Ruback.<\/p>\n\n\n\n<p>Al\u00e9m da Festa do Trabalhador, o evento tamb\u00e9m comemora o primeiro ano de funcionamento da Casa de Praia Zezinho Corr\u00eaa, espa\u00e7o tur\u00edstico que foi totalmente revitalizado em 2023 e aqueceu o empreendedorismo no Complexo Tur\u00edstico da Ponta Negra. Ser\u00e3o montados dois palcos, sendo um no anfiteatro, que ir\u00e1 receber o grupo DubDogz, e outro na Casa de Praia, sediando o show de Paulo Ricardo e outros nomes do cen\u00e1rio musical amazonense.<\/p>\n\n\n<div class=\"wp-block-image\">\n<figure class=\"aligncenter size-full is-resized\"><img decoding=\"async\" src=\"https:\/\/www.manaus.am.gov.br\/wp-content\/uploads\/2024\/04\/DUB-DOGS.jpg\" alt=\"\" class=\"wp-image-243421\" style=\"width:560px;height:auto\" \/><figcaption class=\"wp-element-caption\">#paratodosverem &#8211; DubDogz ser\u00e1 mais uma atra\u00e7\u00e3o na comemora\u00e7\u00e3o do Dia do Trabalhador<\/figcaption><\/figure><\/div>\n\n\n<p>\u201cEstamos preparando uma grande festa para comemorar o Dia do Trabalhador em Manaus. Al\u00e9m disso, tamb\u00e9m vamos festejar o primeiro ano da Casa de Praia, que recebeu mais de 200 atra\u00e7\u00f5es regionais, nacionais e internacionais. Nossa cidade tem um grande protagonismo quando se trata de trabalho, exportando m\u00e3o de obra para o Brasil e tendo um dos melhores Sistemas de Empregabilidade (Sine) em efici\u00eancia nacional\u201d, afirmou Wagno Oliveira, titular da Secretaria Municipal do Trabalho, Empreendedorismo e Inova\u00e7\u00e3o (Semtepi).<\/p>\n\n\n\n<p>O evento \u00e9 gratuito e aberto ao p\u00fablico. Ao longo do dia tamb\u00e9m ser\u00e3o realizadas a\u00e7\u00f5es nas Galerias Populares, Shopping Phelippe Daou e nos postos do Sine Manaus.<\/p>\n\n\n\n<p>&#8212; &#8212; &#8212;<\/p>\n\n\n\n<p><strong>Texto<\/strong> \u2013 Luiza Maria \/ Semtepi<\/p>\n\n\n\n<p><strong>Fotos<\/strong> \u2013 Divulga\u00e7\u00e3o \/ Semtepi e Oficial Paulo Ricardo e DubDogz<\/p>\n","protected":false},"excerpt":{"rendered":"","protected":false},"author":61,"featured_media":228133,"comment_status":"closed","ping_status":"closed","sticky":false,"template":"","format":"standard","meta":{"footnotes":""},"categories":[127],"tags":[1885,3655,11380,9325,11381,77,22],"acf":[],"yoast_head":"<!-- This site is optimized with the Yoast SEO plugin v23.0 - https:\/\/yoast.com\/wordpress\/plugins\/seo\/ -->\n<title>Paulo Ricardo e DubDogz estar\u00e3o na Festa do Trabalhador 2024<\/title>\n<meta name=\"description\" content=\"Em comemora\u00e7\u00e3o ao Dia do Trabalhador, 1\u00ba de maio, a Prefeitura de Manaus promove programa\u00e7\u00e3o especial, a partir das 16h do dia 30\/4.\" \/>\n<meta name=\"robots\" content=\"index, follow, max-snippet:-1, max-image-preview:large, max-video-preview:-1\" \/>\n<link rel=\"canonical\" href=\"https:\/\/www.manaus.am.gov.br\/semcom\/paulo-ricardo-dubdogz-festa\/\" \/>\n<meta property=\"og:locale\" content=\"pt_BR\" \/>\n<meta property=\"og:type\" content=\"article\" \/>\n<meta property=\"og:title\" content=\"Paulo Ricardo e DubDogz estar\u00e3o na Festa do Trabalhador 2024\" \/>\n<meta property=\"og:description\" content=\"Em comemora\u00e7\u00e3o ao Dia do Trabalhador, 1\u00ba de maio, a Prefeitura de Manaus promove programa\u00e7\u00e3o especial, a partir das 16h do dia 30\/4.\" \/>\n<meta property=\"og:url\" content=\"https:\/\/www.manaus.am.gov.br\/semcom\/paulo-ricardo-dubdogz-festa\/\" \/>\n<meta property=\"og:site_name\" content=\"SEMCOM\" \/>\n<meta property=\"article:published_time\" content=\"2024-04-25T19:52:37+00:00\" \/>\n<meta property=\"article:modified_time\" content=\"2024-04-25T19:53:51+00:00\" \/>\n<meta property=\"og:image\" content=\"https:\/\/www.manaus.am.gov.br\/semcom\/wp-content\/uploads\/sites\/5\/2024\/04\/Paulo-Ricardo.jpg\" \/>\n\t<meta property=\"og:image:width\" content=\"860\" \/>\n\t<meta property=\"og:image:height\" content=\"573\" \/>\n\t<meta property=\"og:image:type\" content=\"image\/jpeg\" \/>\n<meta name=\"author\" content=\"smonteiro\" \/>\n<meta name=\"twitter:card\" content=\"summary_large_image\" \/>\n<meta name=\"twitter:label1\" content=\"Written by\" \/>\n\t<meta name=\"twitter:data1\" content=\"smonteiro\" \/>\n\t<meta name=\"twitter:label2\" content=\"Est. reading time\" \/>\n\t<meta name=\"twitter:data2\" content=\"2 minutos\" \/>\n<script type=\"application\/ld+json\" class=\"yoast-schema-graph\">{\"@context\":\"https:\/\/schema.org\",\"@graph\":[{\"@type\":\"WebPage\",\"@id\":\"https:\/\/www.manaus.am.gov.br\/semcom\/paulo-ricardo-dubdogz-festa\/\",\"url\":\"https:\/\/www.manaus.am.gov.br\/semcom\/paulo-ricardo-dubdogz-festa\/\",\"name\":\"Paulo Ricardo e DubDogz estar\u00e3o na Festa do Trabalhador 2024\",\"isPartOf\":{\"@id\":\"https:\/\/www.manaus.am.gov.br\/semcom\/#website\"},\"primaryImageOfPage\":{\"@id\":\"https:\/\/www.manaus.am.gov.br\/semcom\/paulo-ricardo-dubdogz-festa\/#primaryimage\"},\"image\":{\"@id\":\"https:\/\/www.manaus.am.gov.br\/semcom\/paulo-ricardo-dubdogz-festa\/#primaryimage\"},\"thumbnailUrl\":\"https:\/\/www.manaus.am.gov.br\/semcom\/wp-content\/uploads\/sites\/5\/2024\/04\/Paulo-Ricardo.jpg\",\"datePublished\":\"2024-04-25T19:52:37+00:00\",\"dateModified\":\"2024-04-25T19:53:51+00:00\",\"author\":{\"@id\":\"https:\/\/www.manaus.am.gov.br\/semcom\/#\/schema\/person\/ab4dcf766a54dff74e8d267f5c591961\"},\"description\":\"Em comemora\u00e7\u00e3o ao Dia do Trabalhador, 1\u00ba de maio, a Prefeitura de Manaus promove programa\u00e7\u00e3o especial, a partir das 16h do dia 30\/4.\",\"inLanguage\":\"pt-BR\",\"potentialAction\":[{\"@type\":\"ReadAction\",\"target\":[\"https:\/\/www.manaus.am.gov.br\/semcom\/paulo-ricardo-dubdogz-festa\/\"]}]},{\"@type\":\"ImageObject\",\"inLanguage\":\"pt-BR\",\"@id\":\"https:\/\/www.manaus.am.gov.br\/semcom\/paulo-ricardo-dubdogz-festa\/#primaryimage\",\"url\":\"https:\/\/www.manaus.am.gov.br\/semcom\/wp-content\/uploads\/sites\/5\/2024\/04\/Paulo-Ricardo.jpg\",\"contentUrl\":\"https:\/\/www.manaus.am.gov.br\/semcom\/wp-content\/uploads\/sites\/5\/2024\/04\/Paulo-Ricardo.jpg\",\"width\":860,\"height\":573,\"caption\":\"#paratodosverem - o roqueiro Paulo Ricardo ser\u00e1 uma das atra\u00e7\u00f5es na comemora\u00e7\u00e3o do Dia do Trabalhador\"},{\"@type\":\"WebSite\",\"@id\":\"https:\/\/www.manaus.am.gov.br\/semcom\/#website\",\"url\":\"https:\/\/www.manaus.am.gov.br\/semcom\/\",\"name\":\"SEMCOM\",\"description\":\"Secretaria Municipal de Comunica\u00e7\u00e3o\",\"potentialAction\":[{\"@type\":\"SearchAction\",\"target\":{\"@type\":\"EntryPoint\",\"urlTemplate\":\"https:\/\/www.manaus.am.gov.br\/semcom\/?s={search_term_string}\"},\"query-input\":\"required name=search_term_string\"}],\"inLanguage\":\"pt-BR\"},{\"@type\":\"Person\",\"@id\":\"https:\/\/www.manaus.am.gov.br\/semcom\/#\/schema\/person\/ab4dcf766a54dff74e8d267f5c591961\",\"name\":\"smonteiro\",\"image\":{\"@type\":\"ImageObject\",\"inLanguage\":\"pt-BR\",\"@id\":\"https:\/\/www.manaus.am.gov.br\/semcom\/#\/schema\/person\/image\/\",\"url\":\"https:\/\/secure.gravatar.com\/avatar\/21c8776ef61d9272c73322052e042d77?s=96&d=mm&r=g\",\"contentUrl\":\"https:\/\/secure.gravatar.com\/avatar\/21c8776ef61d9272c73322052e042d77?s=96&d=mm&r=g\",\"caption\":\"smonteiro\"}}]}<\/script>\n<!-- \/ Yoast SEO plugin. -->","yoast_head_json":{"title":"Paulo Ricardo e DubDogz estar\u00e3o na Festa do Trabalhador 2024","description":"Em comemora\u00e7\u00e3o ao Dia do Trabalhador, 1\u00ba de maio, a Prefeitura de Manaus promove programa\u00e7\u00e3o especial, a partir das 16h do dia 30\/4.","robots":{"index":"index","follow":"follow","max-snippet":"max-snippet:-1","max-image-preview":"max-image-preview:large","max-video-preview":"max-video-preview:-1"},"canonical":"https:\/\/www.manaus.am.gov.br\/semcom\/paulo-ricardo-dubdogz-festa\/","og_locale":"pt_BR","og_type":"article","og_title":"Paulo Ricardo e DubDogz estar\u00e3o na Festa do Trabalhador 2024","og_description":"Em comemora\u00e7\u00e3o ao Dia do Trabalhador, 1\u00ba de maio, a Prefeitura de Manaus promove programa\u00e7\u00e3o especial, a partir das 16h do dia 30\/4.","og_url":"https:\/\/www.manaus.am.gov.br\/semcom\/paulo-ricardo-dubdogz-festa\/","og_site_name":"SEMCOM","article_published_time":"2024-04-25T19:52:37+00:00","article_modified_time":"2024-04-25T19:53:51+00:00","og_image":[{"width":860,"height":573,"url":"https:\/\/www.manaus.am.gov.br\/semcom\/wp-content\/uploads\/sites\/5\/2024\/04\/Paulo-Ricardo.jpg","type":"image\/jpeg"}],"author":"smonteiro","twitter_card":"summary_large_image","twitter_misc":{"Written by":"smonteiro","Est. reading time":"2 minutos"},"schema":{"@context":"https:\/\/schema.org","@graph":[{"@type":"WebPage","@id":"https:\/\/www.manaus.am.gov.br\/semcom\/paulo-ricardo-dubdogz-festa\/","url":"https:\/\/www.manaus.am.gov.br\/semcom\/paulo-ricardo-dubdogz-festa\/","name":"Paulo Ricardo e DubDogz estar\u00e3o na Festa do Trabalhador 2024","isPartOf":{"@id":"https:\/\/www.manaus.am.gov.br\/semcom\/#website"},"primaryImageOfPage":{"@id":"https:\/\/www.manaus.am.gov.br\/semcom\/paulo-ricardo-dubdogz-festa\/#primaryimage"},"image":{"@id":"https:\/\/www.manaus.am.gov.br\/semcom\/paulo-ricardo-dubdogz-festa\/#primaryimage"},"thumbnailUrl":"https:\/\/www.manaus.am.gov.br\/semcom\/wp-content\/uploads\/sites\/5\/2024\/04\/Paulo-Ricardo.jpg","datePublished":"2024-04-25T19:52:37+00:00","dateModified":"2024-04-25T19:53:51+00:00","author":{"@id":"https:\/\/www.manaus.am.gov.br\/semcom\/#\/schema\/person\/ab4dcf766a54dff74e8d267f5c591961"},"description":"Em comemora\u00e7\u00e3o ao Dia do Trabalhador, 1\u00ba de maio, a Prefeitura de Manaus promove programa\u00e7\u00e3o especial, a partir das 16h do dia 30\/4.","inLanguage":"pt-BR","potentialAction":[{"@type":"ReadAction","target":["https:\/\/www.manaus.am.gov.br\/semcom\/paulo-ricardo-dubdogz-festa\/"]}]},{"@type":"ImageObject","inLanguage":"pt-BR","@id":"https:\/\/www.manaus.am.gov.br\/semcom\/paulo-ricardo-dubdogz-festa\/#primaryimage","url":"https:\/\/www.manaus.am.gov.br\/semcom\/wp-content\/uploads\/sites\/5\/2024\/04\/Paulo-Ricardo.jpg","contentUrl":"https:\/\/www.manaus.am.gov.br\/semcom\/wp-content\/uploads\/sites\/5\/2024\/04\/Paulo-Ricardo.jpg","width":860,"height":573,"caption":"#paratodosverem - o roqueiro Paulo Ricardo ser\u00e1 uma das atra\u00e7\u00f5es na comemora\u00e7\u00e3o do Dia do Trabalhador"},{"@type":"WebSite","@id":"https:\/\/www.manaus.am.gov.br\/semcom\/#website","url":"https:\/\/www.manaus.am.gov.br\/semcom\/","name":"SEMCOM","description":"Secretaria Municipal de Comunica\u00e7\u00e3o","potentialAction":[{"@type":"SearchAction","target":{"@type":"EntryPoint","urlTemplate":"https:\/\/www.manaus.am.gov.br\/semcom\/?s={search_term_string}"},"query-input":"required name=search_term_string"}],"inLanguage":"pt-BR"},{"@type":"Person","@id":"https:\/\/www.manaus.am.gov.br\/semcom\/#\/schema\/person\/ab4dcf766a54dff74e8d267f5c591961","name":"smonteiro","image":{"@type":"ImageObject","inLanguage":"pt-BR","@id":"https:\/\/www.manaus.am.gov.br\/semcom\/#\/schema\/person\/image\/","url":"https:\/\/secure.gravatar.com\/avatar\/21c8776ef61d9272c73322052e042d77?s=96&d=mm&r=g","contentUrl":"https:\/\/secure.gravatar.com\/avatar\/21c8776ef61d9272c73322052e042d77?s=96&d=mm&r=g","caption":"smonteiro"}}]}},"_links":{"self":[{"href":"https:\/\/www.manaus.am.gov.br\/semcom\/wp-json\/wp\/v2\/posts\/228132"}],"collection":[{"href":"https:\/\/www.manaus.am.gov.br\/semcom\/wp-json\/wp\/v2\/posts"}],"about":[{"href":"https:\/\/www.manaus.am.gov.br\/semcom\/wp-json\/wp\/v2\/types\/post"}],"author":[{"embeddable":true,"href":"https:\/\/www.manaus.am.gov.br\/semcom\/wp-json\/wp\/v2\/users\/61"}],"replies":[{"embeddable":true,"href":"https:\/\/www.manaus.am.gov.br\/semcom\/wp-json\/wp\/v2\/comments?post=228132"}],"version-history":[{"count":1,"href":"https:\/\/www.manaus.am.gov.br\/semcom\/wp-json\/wp\/v2\/posts\/228132\/revisions"}],"predecessor-version":[{"id":228134,"href":"https:\/\/www.manaus.am.gov.br\/semcom\/wp-json\/wp\/v2\/posts\/228132\/revisions\/228134"}],"wp:featuredmedia":[{"embeddable":true,"href":"https:\/\/www.manaus.am.gov.br\/semcom\/wp-json\/wp\/v2\/media\/228133"}],"wp:attachment":[{"href":"https:\/\/www.manaus.am.gov.br\/semcom\/wp-json\/wp\/v2\/media?parent=228132"}],"wp:term":[{"taxonomy":"category","embeddable":true,"href":"https:\/\/www.manaus.am.gov.br\/semcom\/wp-json\/wp\/v2\/categories?post=228132"},{"taxonomy":"post_tag","embeddable":true,"href":"https:\/\/www.manaus.am.gov.br\/semcom\/wp-json\/wp\/v2\/tags?post=228132"}],"curies":[{"name":"wp","href":"https:\/\/api.w.org\/{rel}","templated":true}]}}