{"id":227991,"date":"2024-04-22T19:02:17","date_gmt":"2024-04-22T23:02:17","guid":{"rendered":"https:\/\/www.manaus.am.gov.br\/semcom\/isabelle-nogueira-mirante\/"},"modified":"2024-04-22T19:02:17","modified_gmt":"2024-04-22T23:02:17","slug":"isabelle-nogueira-mirante","status":"publish","type":"post","link":"https:\/\/www.manaus.am.gov.br\/semcom\/isabelle-nogueira-mirante\/","title":{"rendered":"Prefeito de Manaus recebe Isabelle Nogueira no novo equipamento tur\u00edstico e cultural da cidade, o Mirante L\u00facia Almeida"},"content":{"rendered":"\n<p>O Prefeito de Manaus, David Almeida, recebeu a Cunh\u00e3-Poranga do Boi Garantido, Isabelle Nogueira, na tarde desta segunda-feira, 22\/4, em uma visita de cortesia ao novo equipamento tur\u00edstico e cultural da cidade, o Mirante L\u00facia Almeida, que fica localizado na Av. Sete de Setembro, n.\u00ba 8 \u2013 Centro Hist\u00f3rico.<\/p>\n\n\n\n<p>Natural de Manaus, Isabelle Nogueira, que alcan\u00e7ou o terceiro lugar na grande final do reality show, Big Brother Brasil 2024, foi parabenizada pelo prefeito David Almeida, pela sua representatividade e pelo destaque nacional dado \u00e0 capital do Amazonas, em todas as vezes que defendeu com muita propriedade a cultura, turismo, hist\u00f3ria e ancestralidade dos Amazonenses, durante sua trajet\u00f3ria dentro do programa.<\/p>\n\n\n\n<p>\u201cIsabelle hoje \u00e9 o retrato da nossa identidade cultural. Tenho certeza de que cada manauara, cada amazonense, assim como eu, tem muito orgulho pela forma como nos representou. Somos um povo guerreiro e carregamos em nosso DNA toda a nossa for\u00e7a, criatividade e integridade, caracter\u00edsticas que definem muito bem nosso povo. Os olhos do Brasil e do mundo est\u00e3o voltados para nossa cultura e potencialidades tur\u00edsticas. Ela nos representou muito bem e nada melhor que receb\u00ea-la no nosso novo cart\u00e3o postal\u201d, disse o Prefeito de Manaus, David Almeida.<\/p>\n\n\n\n<p>A ex-BBB, que caminhou pelos tr\u00eas pavimentos do Mirante L\u00facia Almeida, ficou encantada e exaltou o equipamento tur\u00edstico. \u201cLindo demais! \u2018\u00c9gua\u2019! Eu fiquei confinada tanto tempo assim? Mudou tanta coisa. Isso aqui est\u00e1 lindo!\u201d, exclamou Isabelle Nogueira.<\/p>\n\n\n<div class=\"wp-block-image\">\n<figure class=\"aligncenter size-full\"><img loading=\"lazy\" decoding=\"async\" width=\"799\" height=\"533\" src=\"https:\/\/www.manaus.am.gov.br\/semcom\/wp-content\/uploads\/sites\/5\/2024\/04\/Prefeito-recebe-Isabelle-Nogueira-2.jpg\" alt=\"\" class=\"wp-image-227992\" srcset=\"https:\/\/www.manaus.am.gov.br\/semcom\/wp-content\/uploads\/sites\/5\/2024\/04\/Prefeito-recebe-Isabelle-Nogueira-2.jpg 799w, https:\/\/www.manaus.am.gov.br\/semcom\/wp-content\/uploads\/sites\/5\/2024\/04\/Prefeito-recebe-Isabelle-Nogueira-2-300x200.jpg 300w, https:\/\/www.manaus.am.gov.br\/semcom\/wp-content\/uploads\/sites\/5\/2024\/04\/Prefeito-recebe-Isabelle-Nogueira-2-768x512.jpg 768w\" sizes=\"(max-width: 799px) 100vw, 799px\" \/><figcaption class=\"wp-element-caption\">Isabelle Nogueira, terceiro lugar no BBB24, posa para fotos no Mirante L\u00facia Almeida<\/figcaption><\/figure><\/div>\n\n\n<p>Ap\u00f3s conhecer todos os espa\u00e7os do Mirante e tirar fotos com f\u00e3s presentes no local, Isabelle Nogueira e comitiva, almo\u00e7ou com o prefeito David Almeida, que estava acompanhado por sua noiva, Izabelle Fontenele, e pelo Secret\u00e1rio Municipal de Comunica\u00e7\u00e3o, Jack Serafim.<\/p>\n\n\n\n<p><strong>Mirante L\u00facia Almeida<\/strong><\/p>\n\n\n\n<p>Com projeto arquitet\u00f4nico do Instituto Municipal de Planejamento Urbano (Implurb) e Gest\u00e3o da Funda\u00e7\u00e3o Municipal de Cultura, Turismo e Eventos (Manauscult), o mirante L\u00facia Almeida \u00e9 o primeiro espa\u00e7o p\u00fablico vertical da cidade. O pr\u00e9dio tem mais de cinco mil metros de \u00e1rea constru\u00edda, 58 metros de comprimento e quatro andares (t\u00e9rreo e mais tr\u00eas pavimentos).<\/p>\n\n\n\n<p>Localizado no largo de S\u00e3o Vicente, no in\u00edcio da Av. Sete de Setembro, no Centro Hist\u00f3rico, o espa\u00e7o \u00e9 acess\u00edvel e se conecta as obras do \u201cNosso Centro\u201d, tendo estacionamento exclusivo para portadores de necessidades especiais, idosos, gr\u00e1vidas e afins.<\/p>\n\n\n\n<p>&#8212; &#8212; &#8212;<\/p>\n\n\n\n<p><strong>Texto<\/strong> &#8211; Emanuelle Baires \/ Semcom<\/p>\n\n\n\n<p><strong>Fotos<\/strong> \u2013 Dhyeizo Lemos \/ Semcom<\/p>\n","protected":false},"excerpt":{"rendered":"","protected":false},"author":61,"featured_media":227993,"comment_status":"closed","ping_status":"closed","sticky":false,"template":"","format":"standard","meta":{"footnotes":""},"categories":[9619],"tags":[11336,35,11337,469,611],"acf":[],"yoast_head":"<!-- This site is optimized with the Yoast SEO plugin v23.0 - https:\/\/yoast.com\/wordpress\/plugins\/seo\/ -->\n<title>Prefeito recebe Isabelle Nogueira no Mirante L\u00facia Almeida<\/title>\n<meta name=\"description\" content=\"O Prefeito de Manaus, David Almeida, recebeu a Cunh\u00e3-Poranga do Boi Garantido, Isabelle Nogueira, na tarde desta segunda-feira, 22\/4.\" \/>\n<meta name=\"robots\" content=\"index, follow, max-snippet:-1, max-image-preview:large, max-video-preview:-1\" \/>\n<link rel=\"canonical\" href=\"https:\/\/www.manaus.am.gov.br\/semcom\/isabelle-nogueira-mirante\/\" \/>\n<meta property=\"og:locale\" content=\"pt_BR\" \/>\n<meta property=\"og:type\" content=\"article\" \/>\n<meta property=\"og:title\" content=\"Prefeito recebe Isabelle Nogueira no Mirante L\u00facia Almeida\" \/>\n<meta property=\"og:description\" content=\"O Prefeito de Manaus, David Almeida, recebeu a Cunh\u00e3-Poranga do Boi Garantido, Isabelle Nogueira, na tarde desta segunda-feira, 22\/4.\" \/>\n<meta property=\"og:url\" content=\"https:\/\/www.manaus.am.gov.br\/semcom\/isabelle-nogueira-mirante\/\" \/>\n<meta property=\"og:site_name\" content=\"SEMCOM\" \/>\n<meta property=\"article:published_time\" content=\"2024-04-22T23:02:17+00:00\" \/>\n<meta property=\"og:image\" content=\"https:\/\/www.manaus.am.gov.br\/semcom\/wp-content\/uploads\/sites\/5\/2024\/04\/Prefeito-recebe-Isabelle-Nogueira-3.jpg\" \/>\n\t<meta property=\"og:image:width\" content=\"799\" \/>\n\t<meta property=\"og:image:height\" content=\"533\" \/>\n\t<meta property=\"og:image:type\" content=\"image\/jpeg\" \/>\n<meta name=\"author\" content=\"smonteiro\" \/>\n<meta name=\"twitter:card\" content=\"summary_large_image\" \/>\n<meta name=\"twitter:label1\" content=\"Written by\" \/>\n\t<meta name=\"twitter:data1\" content=\"smonteiro\" \/>\n\t<meta name=\"twitter:label2\" content=\"Est. reading time\" \/>\n\t<meta name=\"twitter:data2\" content=\"3 minutos\" \/>\n<script type=\"application\/ld+json\" class=\"yoast-schema-graph\">{\"@context\":\"https:\/\/schema.org\",\"@graph\":[{\"@type\":\"WebPage\",\"@id\":\"https:\/\/www.manaus.am.gov.br\/semcom\/isabelle-nogueira-mirante\/\",\"url\":\"https:\/\/www.manaus.am.gov.br\/semcom\/isabelle-nogueira-mirante\/\",\"name\":\"Prefeito recebe Isabelle Nogueira no Mirante L\u00facia Almeida\",\"isPartOf\":{\"@id\":\"https:\/\/www.manaus.am.gov.br\/semcom\/#website\"},\"primaryImageOfPage\":{\"@id\":\"https:\/\/www.manaus.am.gov.br\/semcom\/isabelle-nogueira-mirante\/#primaryimage\"},\"image\":{\"@id\":\"https:\/\/www.manaus.am.gov.br\/semcom\/isabelle-nogueira-mirante\/#primaryimage\"},\"thumbnailUrl\":\"https:\/\/www.manaus.am.gov.br\/semcom\/wp-content\/uploads\/sites\/5\/2024\/04\/Prefeito-recebe-Isabelle-Nogueira-3.jpg\",\"datePublished\":\"2024-04-22T23:02:17+00:00\",\"dateModified\":\"2024-04-22T23:02:17+00:00\",\"author\":{\"@id\":\"https:\/\/www.manaus.am.gov.br\/semcom\/#\/schema\/person\/ab4dcf766a54dff74e8d267f5c591961\"},\"description\":\"O Prefeito de Manaus, David Almeida, recebeu a Cunh\u00e3-Poranga do Boi Garantido, Isabelle Nogueira, na tarde desta segunda-feira, 22\/4.\",\"inLanguage\":\"pt-BR\",\"potentialAction\":[{\"@type\":\"ReadAction\",\"target\":[\"https:\/\/www.manaus.am.gov.br\/semcom\/isabelle-nogueira-mirante\/\"]}]},{\"@type\":\"ImageObject\",\"inLanguage\":\"pt-BR\",\"@id\":\"https:\/\/www.manaus.am.gov.br\/semcom\/isabelle-nogueira-mirante\/#primaryimage\",\"url\":\"https:\/\/www.manaus.am.gov.br\/semcom\/wp-content\/uploads\/sites\/5\/2024\/04\/Prefeito-recebe-Isabelle-Nogueira-3.jpg\",\"contentUrl\":\"https:\/\/www.manaus.am.gov.br\/semcom\/wp-content\/uploads\/sites\/5\/2024\/04\/Prefeito-recebe-Isabelle-Nogueira-3.jpg\",\"width\":799,\"height\":533,\"caption\":\"#paratodosverem - Prefeito recebe Isabelle Nogueira no Mirante L\u00facia Almeida\"},{\"@type\":\"WebSite\",\"@id\":\"https:\/\/www.manaus.am.gov.br\/semcom\/#website\",\"url\":\"https:\/\/www.manaus.am.gov.br\/semcom\/\",\"name\":\"SEMCOM\",\"description\":\"Secretaria Municipal de Comunica\u00e7\u00e3o\",\"potentialAction\":[{\"@type\":\"SearchAction\",\"target\":{\"@type\":\"EntryPoint\",\"urlTemplate\":\"https:\/\/www.manaus.am.gov.br\/semcom\/?s={search_term_string}\"},\"query-input\":\"required name=search_term_string\"}],\"inLanguage\":\"pt-BR\"},{\"@type\":\"Person\",\"@id\":\"https:\/\/www.manaus.am.gov.br\/semcom\/#\/schema\/person\/ab4dcf766a54dff74e8d267f5c591961\",\"name\":\"smonteiro\",\"image\":{\"@type\":\"ImageObject\",\"inLanguage\":\"pt-BR\",\"@id\":\"https:\/\/www.manaus.am.gov.br\/semcom\/#\/schema\/person\/image\/\",\"url\":\"https:\/\/secure.gravatar.com\/avatar\/21c8776ef61d9272c73322052e042d77?s=96&d=mm&r=g\",\"contentUrl\":\"https:\/\/secure.gravatar.com\/avatar\/21c8776ef61d9272c73322052e042d77?s=96&d=mm&r=g\",\"caption\":\"smonteiro\"}}]}<\/script>\n<!-- \/ Yoast SEO plugin. -->","yoast_head_json":{"title":"Prefeito recebe Isabelle Nogueira no Mirante L\u00facia Almeida","description":"O Prefeito de Manaus, David Almeida, recebeu a Cunh\u00e3-Poranga do Boi Garantido, Isabelle Nogueira, na tarde desta segunda-feira, 22\/4.","robots":{"index":"index","follow":"follow","max-snippet":"max-snippet:-1","max-image-preview":"max-image-preview:large","max-video-preview":"max-video-preview:-1"},"canonical":"https:\/\/www.manaus.am.gov.br\/semcom\/isabelle-nogueira-mirante\/","og_locale":"pt_BR","og_type":"article","og_title":"Prefeito recebe Isabelle Nogueira no Mirante L\u00facia Almeida","og_description":"O Prefeito de Manaus, David Almeida, recebeu a Cunh\u00e3-Poranga do Boi Garantido, Isabelle Nogueira, na tarde desta segunda-feira, 22\/4.","og_url":"https:\/\/www.manaus.am.gov.br\/semcom\/isabelle-nogueira-mirante\/","og_site_name":"SEMCOM","article_published_time":"2024-04-22T23:02:17+00:00","og_image":[{"width":799,"height":533,"url":"https:\/\/www.manaus.am.gov.br\/semcom\/wp-content\/uploads\/sites\/5\/2024\/04\/Prefeito-recebe-Isabelle-Nogueira-3.jpg","type":"image\/jpeg"}],"author":"smonteiro","twitter_card":"summary_large_image","twitter_misc":{"Written by":"smonteiro","Est. reading time":"3 minutos"},"schema":{"@context":"https:\/\/schema.org","@graph":[{"@type":"WebPage","@id":"https:\/\/www.manaus.am.gov.br\/semcom\/isabelle-nogueira-mirante\/","url":"https:\/\/www.manaus.am.gov.br\/semcom\/isabelle-nogueira-mirante\/","name":"Prefeito recebe Isabelle Nogueira no Mirante L\u00facia Almeida","isPartOf":{"@id":"https:\/\/www.manaus.am.gov.br\/semcom\/#website"},"primaryImageOfPage":{"@id":"https:\/\/www.manaus.am.gov.br\/semcom\/isabelle-nogueira-mirante\/#primaryimage"},"image":{"@id":"https:\/\/www.manaus.am.gov.br\/semcom\/isabelle-nogueira-mirante\/#primaryimage"},"thumbnailUrl":"https:\/\/www.manaus.am.gov.br\/semcom\/wp-content\/uploads\/sites\/5\/2024\/04\/Prefeito-recebe-Isabelle-Nogueira-3.jpg","datePublished":"2024-04-22T23:02:17+00:00","dateModified":"2024-04-22T23:02:17+00:00","author":{"@id":"https:\/\/www.manaus.am.gov.br\/semcom\/#\/schema\/person\/ab4dcf766a54dff74e8d267f5c591961"},"description":"O Prefeito de Manaus, David Almeida, recebeu a Cunh\u00e3-Poranga do Boi Garantido, Isabelle Nogueira, na tarde desta segunda-feira, 22\/4.","inLanguage":"pt-BR","potentialAction":[{"@type":"ReadAction","target":["https:\/\/www.manaus.am.gov.br\/semcom\/isabelle-nogueira-mirante\/"]}]},{"@type":"ImageObject","inLanguage":"pt-BR","@id":"https:\/\/www.manaus.am.gov.br\/semcom\/isabelle-nogueira-mirante\/#primaryimage","url":"https:\/\/www.manaus.am.gov.br\/semcom\/wp-content\/uploads\/sites\/5\/2024\/04\/Prefeito-recebe-Isabelle-Nogueira-3.jpg","contentUrl":"https:\/\/www.manaus.am.gov.br\/semcom\/wp-content\/uploads\/sites\/5\/2024\/04\/Prefeito-recebe-Isabelle-Nogueira-3.jpg","width":799,"height":533,"caption":"#paratodosverem - Prefeito recebe Isabelle Nogueira no Mirante L\u00facia Almeida"},{"@type":"WebSite","@id":"https:\/\/www.manaus.am.gov.br\/semcom\/#website","url":"https:\/\/www.manaus.am.gov.br\/semcom\/","name":"SEMCOM","description":"Secretaria Municipal de Comunica\u00e7\u00e3o","potentialAction":[{"@type":"SearchAction","target":{"@type":"EntryPoint","urlTemplate":"https:\/\/www.manaus.am.gov.br\/semcom\/?s={search_term_string}"},"query-input":"required name=search_term_string"}],"inLanguage":"pt-BR"},{"@type":"Person","@id":"https:\/\/www.manaus.am.gov.br\/semcom\/#\/schema\/person\/ab4dcf766a54dff74e8d267f5c591961","name":"smonteiro","image":{"@type":"ImageObject","inLanguage":"pt-BR","@id":"https:\/\/www.manaus.am.gov.br\/semcom\/#\/schema\/person\/image\/","url":"https:\/\/secure.gravatar.com\/avatar\/21c8776ef61d9272c73322052e042d77?s=96&d=mm&r=g","contentUrl":"https:\/\/secure.gravatar.com\/avatar\/21c8776ef61d9272c73322052e042d77?s=96&d=mm&r=g","caption":"smonteiro"}}]}},"_links":{"self":[{"href":"https:\/\/www.manaus.am.gov.br\/semcom\/wp-json\/wp\/v2\/posts\/227991"}],"collection":[{"href":"https:\/\/www.manaus.am.gov.br\/semcom\/wp-json\/wp\/v2\/posts"}],"about":[{"href":"https:\/\/www.manaus.am.gov.br\/semcom\/wp-json\/wp\/v2\/types\/post"}],"author":[{"embeddable":true,"href":"https:\/\/www.manaus.am.gov.br\/semcom\/wp-json\/wp\/v2\/users\/61"}],"replies":[{"embeddable":true,"href":"https:\/\/www.manaus.am.gov.br\/semcom\/wp-json\/wp\/v2\/comments?post=227991"}],"version-history":[{"count":1,"href":"https:\/\/www.manaus.am.gov.br\/semcom\/wp-json\/wp\/v2\/posts\/227991\/revisions"}],"predecessor-version":[{"id":227994,"href":"https:\/\/www.manaus.am.gov.br\/semcom\/wp-json\/wp\/v2\/posts\/227991\/revisions\/227994"}],"wp:featuredmedia":[{"embeddable":true,"href":"https:\/\/www.manaus.am.gov.br\/semcom\/wp-json\/wp\/v2\/media\/227993"}],"wp:attachment":[{"href":"https:\/\/www.manaus.am.gov.br\/semcom\/wp-json\/wp\/v2\/media?parent=227991"}],"wp:term":[{"taxonomy":"category","embeddable":true,"href":"https:\/\/www.manaus.am.gov.br\/semcom\/wp-json\/wp\/v2\/categories?post=227991"},{"taxonomy":"post_tag","embeddable":true,"href":"https:\/\/www.manaus.am.gov.br\/semcom\/wp-json\/wp\/v2\/tags?post=227991"}],"curies":[{"name":"wp","href":"https:\/\/api.w.org\/{rel}","templated":true}]}}