{"id":227543,"date":"2024-04-11T20:38:18","date_gmt":"2024-04-11T23:38:18","guid":{"rendered":"https:\/\/www.manaus.am.gov.br\/semcom\/redes-sociais-prefeituta\/"},"modified":"2024-04-11T21:10:50","modified_gmt":"2024-04-12T00:10:50","slug":"redes-sociais-prefeituta","status":"publish","type":"post","link":"https:\/\/www.manaus.am.gov.br\/semcom\/redes-sociais-prefeituta\/","title":{"rendered":"Prefeitura de Manaus \u00e9 l\u00edder nacional em engajamento em suas redes sociais"},"content":{"rendered":"\n<p>A Prefeitura de Manaus est\u00e1 em primeiro lugar entre as prefeituras do pa\u00eds com mais engajamento em suas redes sociais na semana de 4 a 11 de abril. A consolida\u00e7\u00e3o da lideran\u00e7a foi divulgada pela plataforma SocialMediaGov e mostra que a soma dos perfis da prefeitura nas redes sociais atingiu mais de 149,1 mil engajamentos, ficando \u00e0 frente das prefeituras de Curitiba e do Rio de Janeiro.<\/p>\n\n\n\n<p>\u201cEstamos fazendo uma gest\u00e3o relevante e n\u00e3o tem nada mais importante do que um bom trabalho. Esta lideran\u00e7a em engajamento mostra que Manaus gosta de quem trabalha\u201d, afirmou o prefeito David Almeida.<\/p>\n\n\n\n<p>No in\u00edcio do ano, a Prefeitura de Manaus estava em quarto lugar no ranking da plataforma SocialMediaGov e, em pouco mais de quatro meses, chegou ao topo da lista de prefeituras com mais de 200 mil habitantes analisadas.<\/p>\n\n\n\n<p>\u201cEsse \u00e9 o reconhecimento do trabalho da nossa equipe de comunica\u00e7\u00e3o em entregar, por meio das nossas redes sociais, os servi\u00e7os que a gest\u00e3o da Prefeitura de Manaus oferece. Sob a lideran\u00e7a do prefeito David Almeida, fazemos uma comunica\u00e7\u00e3o humanizada e que corresponde aos anseios dos manauaras\u201d, comenta o secret\u00e1rio de Comunica\u00e7\u00e3o, Jack Serafim.<\/p>\n\n\n\n<p>Al\u00e9m do Instagram, a plataforma SocialMediaGov leva em considera\u00e7\u00e3o os dados de intera\u00e7\u00f5es dos perfis da prefeitura no Youtube, Facebook, Twitter e TikTok.<\/p>\n\n\n\n<p>Somados todos os perfis, a Prefeitura de Manaus acumulou na semana analisada o total de 149.120 mil engajamentos, ficando \u00e0 frente das prefeituras de Curitiba (107 mil) e do Rio de Janeiro (105 mil).<\/p>\n\n\n\n<p>A lista mostra ainda as prefeituras de Niter\u00f3i (78 mil); Salvador (73 mil); Maca\u00e9 (36 mil); Itapevi (33 mil); Jaboat\u00e3o dos Guararapes (32 mil); Belo Horizonte (29 mil) e S\u00e3o Gon\u00e7alo (26 mil).&nbsp;&nbsp;<\/p>\n\n\n\n<p>&#8212; &#8212; &#8212;<\/p>\n\n\n\n<p><strong>Texto &#8211;<\/strong> Divulga\u00e7\u00e3o \/ Semcom<\/p>\n\n\n\n<p><strong>Foto &#8211;<\/strong> Clovis Miranda \/ Semcom<\/p>\n","protected":false},"excerpt":{"rendered":"","protected":false},"author":57,"featured_media":227544,"comment_status":"closed","ping_status":"closed","sticky":false,"template":"","format":"standard","meta":{"footnotes":""},"categories":[67],"tags":[4299,10440,77,143,71],"acf":[],"yoast_head":"<!-- This site is optimized with the Yoast SEO plugin v23.0 - https:\/\/yoast.com\/wordpress\/plugins\/seo\/ -->\n<title>Prefeitura de Manaus \u00e9 l\u00edder nacional em engajamento nas redes sociais<\/title>\n<meta name=\"description\" content=\"A PMM est\u00e1 em primeiro lugar entre as prefeituras do pa\u00eds com mais engajamento em suas redes sociais na semana de 4 a 11 de abril.\" \/>\n<meta name=\"robots\" content=\"index, follow, max-snippet:-1, max-image-preview:large, max-video-preview:-1\" \/>\n<link rel=\"canonical\" href=\"https:\/\/www.manaus.am.gov.br\/semcom\/redes-sociais-prefeituta\/\" \/>\n<meta property=\"og:locale\" content=\"pt_BR\" \/>\n<meta property=\"og:type\" content=\"article\" \/>\n<meta property=\"og:title\" content=\"Prefeitura de Manaus \u00e9 l\u00edder nacional em engajamento nas redes sociais\" \/>\n<meta property=\"og:description\" content=\"A PMM est\u00e1 em primeiro lugar entre as prefeituras do pa\u00eds com mais engajamento em suas redes sociais na semana de 4 a 11 de abril.\" \/>\n<meta property=\"og:url\" content=\"https:\/\/www.manaus.am.gov.br\/semcom\/redes-sociais-prefeituta\/\" \/>\n<meta property=\"og:site_name\" content=\"SEMCOM\" \/>\n<meta property=\"article:published_time\" content=\"2024-04-11T23:38:18+00:00\" \/>\n<meta property=\"article:modified_time\" content=\"2024-04-12T00:10:50+00:00\" \/>\n<meta property=\"og:image\" content=\"https:\/\/www.manaus.am.gov.br\/semcom\/wp-content\/uploads\/sites\/5\/2024\/04\/WhatsApp-Image-2024-04-11-at-19.12.33.jpeg\" \/>\n\t<meta property=\"og:image:width\" content=\"2560\" \/>\n\t<meta property=\"og:image:height\" content=\"1706\" \/>\n\t<meta property=\"og:image:type\" content=\"image\/jpeg\" \/>\n<meta name=\"author\" content=\"Thiago Fernando\" \/>\n<meta name=\"twitter:card\" content=\"summary_large_image\" \/>\n<meta name=\"twitter:label1\" content=\"Written by\" \/>\n\t<meta name=\"twitter:data1\" content=\"Thiago Fernando\" \/>\n\t<meta name=\"twitter:label2\" content=\"Est. reading time\" \/>\n\t<meta name=\"twitter:data2\" content=\"2 minutos\" \/>\n<script type=\"application\/ld+json\" class=\"yoast-schema-graph\">{\"@context\":\"https:\/\/schema.org\",\"@graph\":[{\"@type\":\"WebPage\",\"@id\":\"https:\/\/www.manaus.am.gov.br\/semcom\/redes-sociais-prefeituta\/\",\"url\":\"https:\/\/www.manaus.am.gov.br\/semcom\/redes-sociais-prefeituta\/\",\"name\":\"Prefeitura de Manaus \u00e9 l\u00edder nacional em engajamento nas redes sociais\",\"isPartOf\":{\"@id\":\"https:\/\/www.manaus.am.gov.br\/semcom\/#website\"},\"primaryImageOfPage\":{\"@id\":\"https:\/\/www.manaus.am.gov.br\/semcom\/redes-sociais-prefeituta\/#primaryimage\"},\"image\":{\"@id\":\"https:\/\/www.manaus.am.gov.br\/semcom\/redes-sociais-prefeituta\/#primaryimage\"},\"thumbnailUrl\":\"https:\/\/www.manaus.am.gov.br\/semcom\/wp-content\/uploads\/sites\/5\/2024\/04\/WhatsApp-Image-2024-04-11-at-19.12.33.jpeg\",\"datePublished\":\"2024-04-11T23:38:18+00:00\",\"dateModified\":\"2024-04-12T00:10:50+00:00\",\"author\":{\"@id\":\"https:\/\/www.manaus.am.gov.br\/semcom\/#\/schema\/person\/a5ee5376db6e21af026374b369f30882\"},\"description\":\"A PMM est\u00e1 em primeiro lugar entre as prefeituras do pa\u00eds com mais engajamento em suas redes sociais na semana de 4 a 11 de abril.\",\"inLanguage\":\"pt-BR\",\"potentialAction\":[{\"@type\":\"ReadAction\",\"target\":[\"https:\/\/www.manaus.am.gov.br\/semcom\/redes-sociais-prefeituta\/\"]}]},{\"@type\":\"ImageObject\",\"inLanguage\":\"pt-BR\",\"@id\":\"https:\/\/www.manaus.am.gov.br\/semcom\/redes-sociais-prefeituta\/#primaryimage\",\"url\":\"https:\/\/www.manaus.am.gov.br\/semcom\/wp-content\/uploads\/sites\/5\/2024\/04\/WhatsApp-Image-2024-04-11-at-19.12.33.jpeg\",\"contentUrl\":\"https:\/\/www.manaus.am.gov.br\/semcom\/wp-content\/uploads\/sites\/5\/2024\/04\/WhatsApp-Image-2024-04-11-at-19.12.33.jpeg\",\"width\":2560,\"height\":1706,\"caption\":\"#paratodosverem - Mulher segurando o celular com o perfil da Prefeitura de Manaus no Instagram\"},{\"@type\":\"WebSite\",\"@id\":\"https:\/\/www.manaus.am.gov.br\/semcom\/#website\",\"url\":\"https:\/\/www.manaus.am.gov.br\/semcom\/\",\"name\":\"SEMCOM\",\"description\":\"Secretaria Municipal de Comunica\u00e7\u00e3o\",\"potentialAction\":[{\"@type\":\"SearchAction\",\"target\":{\"@type\":\"EntryPoint\",\"urlTemplate\":\"https:\/\/www.manaus.am.gov.br\/semcom\/?s={search_term_string}\"},\"query-input\":\"required name=search_term_string\"}],\"inLanguage\":\"pt-BR\"},{\"@type\":\"Person\",\"@id\":\"https:\/\/www.manaus.am.gov.br\/semcom\/#\/schema\/person\/a5ee5376db6e21af026374b369f30882\",\"name\":\"Thiago Fernando\",\"image\":{\"@type\":\"ImageObject\",\"inLanguage\":\"pt-BR\",\"@id\":\"https:\/\/www.manaus.am.gov.br\/semcom\/#\/schema\/person\/image\/\",\"url\":\"https:\/\/secure.gravatar.com\/avatar\/f5aab8722444041451501c077052ac07?s=96&d=mm&r=g\",\"contentUrl\":\"https:\/\/secure.gravatar.com\/avatar\/f5aab8722444041451501c077052ac07?s=96&d=mm&r=g\",\"caption\":\"Thiago Fernando\"}}]}<\/script>\n<!-- \/ Yoast SEO plugin. -->","yoast_head_json":{"title":"Prefeitura de Manaus \u00e9 l\u00edder nacional em engajamento nas redes sociais","description":"A PMM est\u00e1 em primeiro lugar entre as prefeituras do pa\u00eds com mais engajamento em suas redes sociais na semana de 4 a 11 de abril.","robots":{"index":"index","follow":"follow","max-snippet":"max-snippet:-1","max-image-preview":"max-image-preview:large","max-video-preview":"max-video-preview:-1"},"canonical":"https:\/\/www.manaus.am.gov.br\/semcom\/redes-sociais-prefeituta\/","og_locale":"pt_BR","og_type":"article","og_title":"Prefeitura de Manaus \u00e9 l\u00edder nacional em engajamento nas redes sociais","og_description":"A PMM est\u00e1 em primeiro lugar entre as prefeituras do pa\u00eds com mais engajamento em suas redes sociais na semana de 4 a 11 de abril.","og_url":"https:\/\/www.manaus.am.gov.br\/semcom\/redes-sociais-prefeituta\/","og_site_name":"SEMCOM","article_published_time":"2024-04-11T23:38:18+00:00","article_modified_time":"2024-04-12T00:10:50+00:00","og_image":[{"width":2560,"height":1706,"url":"https:\/\/www.manaus.am.gov.br\/semcom\/wp-content\/uploads\/sites\/5\/2024\/04\/WhatsApp-Image-2024-04-11-at-19.12.33.jpeg","type":"image\/jpeg"}],"author":"Thiago Fernando","twitter_card":"summary_large_image","twitter_misc":{"Written by":"Thiago Fernando","Est. reading time":"2 minutos"},"schema":{"@context":"https:\/\/schema.org","@graph":[{"@type":"WebPage","@id":"https:\/\/www.manaus.am.gov.br\/semcom\/redes-sociais-prefeituta\/","url":"https:\/\/www.manaus.am.gov.br\/semcom\/redes-sociais-prefeituta\/","name":"Prefeitura de Manaus \u00e9 l\u00edder nacional em engajamento nas redes sociais","isPartOf":{"@id":"https:\/\/www.manaus.am.gov.br\/semcom\/#website"},"primaryImageOfPage":{"@id":"https:\/\/www.manaus.am.gov.br\/semcom\/redes-sociais-prefeituta\/#primaryimage"},"image":{"@id":"https:\/\/www.manaus.am.gov.br\/semcom\/redes-sociais-prefeituta\/#primaryimage"},"thumbnailUrl":"https:\/\/www.manaus.am.gov.br\/semcom\/wp-content\/uploads\/sites\/5\/2024\/04\/WhatsApp-Image-2024-04-11-at-19.12.33.jpeg","datePublished":"2024-04-11T23:38:18+00:00","dateModified":"2024-04-12T00:10:50+00:00","author":{"@id":"https:\/\/www.manaus.am.gov.br\/semcom\/#\/schema\/person\/a5ee5376db6e21af026374b369f30882"},"description":"A PMM est\u00e1 em primeiro lugar entre as prefeituras do pa\u00eds com mais engajamento em suas redes sociais na semana de 4 a 11 de abril.","inLanguage":"pt-BR","potentialAction":[{"@type":"ReadAction","target":["https:\/\/www.manaus.am.gov.br\/semcom\/redes-sociais-prefeituta\/"]}]},{"@type":"ImageObject","inLanguage":"pt-BR","@id":"https:\/\/www.manaus.am.gov.br\/semcom\/redes-sociais-prefeituta\/#primaryimage","url":"https:\/\/www.manaus.am.gov.br\/semcom\/wp-content\/uploads\/sites\/5\/2024\/04\/WhatsApp-Image-2024-04-11-at-19.12.33.jpeg","contentUrl":"https:\/\/www.manaus.am.gov.br\/semcom\/wp-content\/uploads\/sites\/5\/2024\/04\/WhatsApp-Image-2024-04-11-at-19.12.33.jpeg","width":2560,"height":1706,"caption":"#paratodosverem - Mulher segurando o celular com o perfil da Prefeitura de Manaus no Instagram"},{"@type":"WebSite","@id":"https:\/\/www.manaus.am.gov.br\/semcom\/#website","url":"https:\/\/www.manaus.am.gov.br\/semcom\/","name":"SEMCOM","description":"Secretaria Municipal de Comunica\u00e7\u00e3o","potentialAction":[{"@type":"SearchAction","target":{"@type":"EntryPoint","urlTemplate":"https:\/\/www.manaus.am.gov.br\/semcom\/?s={search_term_string}"},"query-input":"required name=search_term_string"}],"inLanguage":"pt-BR"},{"@type":"Person","@id":"https:\/\/www.manaus.am.gov.br\/semcom\/#\/schema\/person\/a5ee5376db6e21af026374b369f30882","name":"Thiago Fernando","image":{"@type":"ImageObject","inLanguage":"pt-BR","@id":"https:\/\/www.manaus.am.gov.br\/semcom\/#\/schema\/person\/image\/","url":"https:\/\/secure.gravatar.com\/avatar\/f5aab8722444041451501c077052ac07?s=96&d=mm&r=g","contentUrl":"https:\/\/secure.gravatar.com\/avatar\/f5aab8722444041451501c077052ac07?s=96&d=mm&r=g","caption":"Thiago Fernando"}}]}},"_links":{"self":[{"href":"https:\/\/www.manaus.am.gov.br\/semcom\/wp-json\/wp\/v2\/posts\/227543"}],"collection":[{"href":"https:\/\/www.manaus.am.gov.br\/semcom\/wp-json\/wp\/v2\/posts"}],"about":[{"href":"https:\/\/www.manaus.am.gov.br\/semcom\/wp-json\/wp\/v2\/types\/post"}],"author":[{"embeddable":true,"href":"https:\/\/www.manaus.am.gov.br\/semcom\/wp-json\/wp\/v2\/users\/57"}],"replies":[{"embeddable":true,"href":"https:\/\/www.manaus.am.gov.br\/semcom\/wp-json\/wp\/v2\/comments?post=227543"}],"version-history":[{"count":1,"href":"https:\/\/www.manaus.am.gov.br\/semcom\/wp-json\/wp\/v2\/posts\/227543\/revisions"}],"predecessor-version":[{"id":227545,"href":"https:\/\/www.manaus.am.gov.br\/semcom\/wp-json\/wp\/v2\/posts\/227543\/revisions\/227545"}],"wp:featuredmedia":[{"embeddable":true,"href":"https:\/\/www.manaus.am.gov.br\/semcom\/wp-json\/wp\/v2\/media\/227544"}],"wp:attachment":[{"href":"https:\/\/www.manaus.am.gov.br\/semcom\/wp-json\/wp\/v2\/media?parent=227543"}],"wp:term":[{"taxonomy":"category","embeddable":true,"href":"https:\/\/www.manaus.am.gov.br\/semcom\/wp-json\/wp\/v2\/categories?post=227543"},{"taxonomy":"post_tag","embeddable":true,"href":"https:\/\/www.manaus.am.gov.br\/semcom\/wp-json\/wp\/v2\/tags?post=227543"}],"curies":[{"name":"wp","href":"https:\/\/api.w.org\/{rel}","templated":true}]}}