{"id":227455,"date":"2024-04-09T17:40:14","date_gmt":"2024-04-09T20:40:14","guid":{"rendered":"https:\/\/www.manaus.am.gov.br\/semcom\/convenio-novas-moradias\/"},"modified":"2024-04-09T17:50:38","modified_gmt":"2024-04-09T20:50:38","slug":"convenio-novas-moradias","status":"publish","type":"post","link":"https:\/\/www.manaus.am.gov.br\/semcom\/convenio-novas-moradias\/","title":{"rendered":"Prefeito de Manaus assina conv\u00eanio que garantir\u00e1 1.056 moradias na comunidade Pingo D\u2019\u00c1gua"},"content":{"rendered":"\n<p>O prefeito de Manaus, David Almeida, assinou, nesta ter\u00e7a-feira, 9\/4, durante reuni\u00e3o com o ministro das Cidades, Jader Filho, em Bras\u00edlia (DF), conv\u00eanio com o Governo Federal que garantir\u00e1 a constru\u00e7\u00e3o de 1.056 novas moradias para v\u00edtimas de calamidade na comunidade Pingo D\u2019\u00c1gua, no bairro Jorge Teixeira, zona Norte da capital.&nbsp;<\/p>\n\n\n\n<p>A reuni\u00e3o teve a participa\u00e7\u00e3o do secret\u00e1rio municipal de Habita\u00e7\u00e3o e Assuntos Fundi\u00e1rios, Jesus Alves, e do senador Eduardo Braga.<\/p>\n\n\n\n<p>O prefeito David Almeida explicou que as moradias ser\u00e3o constru\u00eddas por meio do Programa de Acelera\u00e7\u00e3o do Crescimento (PAC) Calamidade e que teve articula\u00e7\u00e3o do senador Eduardo Braga para assinatura do conv\u00eanio.&nbsp;<\/p>\n\n\n\n<p>\u201cMais moradias e dignidade para a popula\u00e7\u00e3o. Esse aqui \u00e9 o PAC Calamidade, em fun\u00e7\u00e3o do que aconteceu no ano passado na comunidade Pingo D\u2019\u00c1gua. Com a articula\u00e7\u00e3o do senador Eduardo Braga junto ao ministro Jader, n\u00f3s estamos aqui e assinamos hoje mais 1.056 moradias para Manaus\u201d, comemorou o prefeito.<\/p>\n\n\n\n<p>As 1.056 unidades habitacionais fomentam a implanta\u00e7\u00e3o do maior programa habitacional da capital amazonense realizado por uma gest\u00e3o municipal.&nbsp;<\/p>\n\n\n\n<p>\u201cEm Manaus &#8211; como eu, o prefeito David e o secret\u00e1rio Jesus j\u00e1 hav\u00edamos anunciado -, come\u00e7a o maior programa habitacional da sua hist\u00f3ria com o novo Minha Casa, Minha Vida. S\u00e3o 3.680 unidades que j\u00e1 estavam sendo assinadas pelo FAR (Fundo de Arrendamento Residencial) e, agora, mais 1.056 unidades de calamidade para ajudar o povo de Manaus\u201d, disse Braga.<\/p>\n\n\n\n<p><strong>Minha Casa, Minha Vida<\/strong><\/p>\n\n\n\n<p>A assinatura do conv\u00eanio garante recursos para constru\u00e7\u00e3o de 1.056 unidades habitacionais para a comunidade Pingo D\u2019\u00c1gua, com Manaus sendo a capital com o maior n\u00famero de moradias liberadas do novo programa Minha Casa, Minha Vida, pelo Governo Federal, com um total de 4.736 casas garantidas at\u00e9 o momento.<\/p>\n\n\n\n<p>Para o secret\u00e1rio Jesus Alves, o conv\u00eanio \u00e9 mais uma grande vit\u00f3ria da gest\u00e3o que tem buscado melhorar as condi\u00e7\u00f5es da popula\u00e7\u00e3o mais humilde da capital.&nbsp;<\/p>\n\n\n\n<p>\u201cN\u00f3s tivemos, infelizmente, uma cat\u00e1strofe no dia 12 de mar\u00e7o do ano passado, na comunidade Pingo D&#8217;\u00e1gua. Ent\u00e3o, essas 1.056 unidades se somam as 3.680 unidades que j\u00e1 foram assinados na portaria anterior. J\u00e1 s\u00e3o quase 5 mil unidades habitacionais que ser\u00e3o constru\u00eddas na nossa cidade. Estamos com uma expectativa muito boa de iniciarmos essas obras com a m\u00e1xima urg\u00eancia poss\u00edvel, para que as fam\u00edlias beneficiadas possam, finalmente, realizar o sonho da casa pr\u00f3pria em um local seguro e totalmente estruturado\u201d, finalizou Alves.&nbsp;<\/p>\n\n\n\n<p>\u2014 \u2014 \u2014<\/p>\n\n\n\n<p><strong>Texto &#8211; <\/strong>Geraldo Farias \/ Semcom<\/p>\n\n\n\n<p><strong>Fotos &#8211; <\/strong>Jonas Carvalho \/ Divulga\u00e7\u00e3o<\/p>\n","protected":false},"excerpt":{"rendered":"","protected":false},"author":68,"featured_media":227456,"comment_status":"closed","ping_status":"closed","sticky":false,"template":"","format":"standard","meta":{"footnotes":""},"categories":[2162],"tags":[35,2724,2149,5352],"acf":[],"yoast_head":"<!-- This site is optimized with the Yoast SEO plugin v23.0 - https:\/\/yoast.com\/wordpress\/plugins\/seo\/ -->\n<title>Prefeito assina conv\u00eanio que garantir\u00e1 1.056 moradias<\/title>\n<meta name=\"description\" content=\"O prefeito de Manaus, David Almeida, assinou, conv\u00eanio com o Governo Federal que garantir\u00e1 a constru\u00e7\u00e3o de 1.056 novas moradias.\" \/>\n<meta name=\"robots\" content=\"index, follow, max-snippet:-1, max-image-preview:large, max-video-preview:-1\" \/>\n<link rel=\"canonical\" href=\"https:\/\/www.manaus.am.gov.br\/semcom\/convenio-novas-moradias\/\" \/>\n<meta property=\"og:locale\" content=\"pt_BR\" \/>\n<meta property=\"og:type\" content=\"article\" \/>\n<meta property=\"og:title\" content=\"Prefeito assina conv\u00eanio que garantir\u00e1 1.056 moradias\" \/>\n<meta property=\"og:description\" content=\"O prefeito de Manaus, David Almeida, assinou, conv\u00eanio com o Governo Federal que garantir\u00e1 a constru\u00e7\u00e3o de 1.056 novas moradias.\" \/>\n<meta property=\"og:url\" content=\"https:\/\/www.manaus.am.gov.br\/semcom\/convenio-novas-moradias\/\" \/>\n<meta property=\"og:site_name\" content=\"SEMCOM\" \/>\n<meta property=\"article:published_time\" content=\"2024-04-09T20:40:14+00:00\" \/>\n<meta property=\"article:modified_time\" content=\"2024-04-09T20:50:38+00:00\" \/>\n<meta property=\"og:image\" content=\"https:\/\/www.manaus.am.gov.br\/semcom\/wp-content\/uploads\/sites\/5\/2024\/04\/WhatsApp-Image-2024-04-09-at-16.35.02.jpeg\" \/>\n\t<meta property=\"og:image:width\" content=\"3648\" \/>\n\t<meta property=\"og:image:height\" content=\"2432\" \/>\n\t<meta property=\"og:image:type\" content=\"image\/jpeg\" \/>\n<meta name=\"author\" content=\"bvalente\" \/>\n<meta name=\"twitter:card\" content=\"summary_large_image\" \/>\n<meta name=\"twitter:label1\" content=\"Written by\" \/>\n\t<meta name=\"twitter:data1\" content=\"bvalente\" \/>\n\t<meta name=\"twitter:label2\" content=\"Est. reading time\" \/>\n\t<meta name=\"twitter:data2\" content=\"3 minutos\" \/>\n<script type=\"application\/ld+json\" class=\"yoast-schema-graph\">{\"@context\":\"https:\/\/schema.org\",\"@graph\":[{\"@type\":\"WebPage\",\"@id\":\"https:\/\/www.manaus.am.gov.br\/semcom\/convenio-novas-moradias\/\",\"url\":\"https:\/\/www.manaus.am.gov.br\/semcom\/convenio-novas-moradias\/\",\"name\":\"Prefeito assina conv\u00eanio que garantir\u00e1 1.056 moradias\",\"isPartOf\":{\"@id\":\"https:\/\/www.manaus.am.gov.br\/semcom\/#website\"},\"primaryImageOfPage\":{\"@id\":\"https:\/\/www.manaus.am.gov.br\/semcom\/convenio-novas-moradias\/#primaryimage\"},\"image\":{\"@id\":\"https:\/\/www.manaus.am.gov.br\/semcom\/convenio-novas-moradias\/#primaryimage\"},\"thumbnailUrl\":\"https:\/\/www.manaus.am.gov.br\/semcom\/wp-content\/uploads\/sites\/5\/2024\/04\/WhatsApp-Image-2024-04-09-at-16.35.02.jpeg\",\"datePublished\":\"2024-04-09T20:40:14+00:00\",\"dateModified\":\"2024-04-09T20:50:38+00:00\",\"author\":{\"@id\":\"https:\/\/www.manaus.am.gov.br\/semcom\/#\/schema\/person\/466a0e03ae4b6062809046bd560ac955\"},\"description\":\"O prefeito de Manaus, David Almeida, assinou, conv\u00eanio com o Governo Federal que garantir\u00e1 a constru\u00e7\u00e3o de 1.056 novas moradias.\",\"inLanguage\":\"pt-BR\",\"potentialAction\":[{\"@type\":\"ReadAction\",\"target\":[\"https:\/\/www.manaus.am.gov.br\/semcom\/convenio-novas-moradias\/\"]}]},{\"@type\":\"ImageObject\",\"inLanguage\":\"pt-BR\",\"@id\":\"https:\/\/www.manaus.am.gov.br\/semcom\/convenio-novas-moradias\/#primaryimage\",\"url\":\"https:\/\/www.manaus.am.gov.br\/semcom\/wp-content\/uploads\/sites\/5\/2024\/04\/WhatsApp-Image-2024-04-09-at-16.35.02.jpeg\",\"contentUrl\":\"https:\/\/www.manaus.am.gov.br\/semcom\/wp-content\/uploads\/sites\/5\/2024\/04\/WhatsApp-Image-2024-04-09-at-16.35.02.jpeg\",\"width\":3648,\"height\":2432},{\"@type\":\"WebSite\",\"@id\":\"https:\/\/www.manaus.am.gov.br\/semcom\/#website\",\"url\":\"https:\/\/www.manaus.am.gov.br\/semcom\/\",\"name\":\"SEMCOM\",\"description\":\"Secretaria Municipal de Comunica\u00e7\u00e3o\",\"potentialAction\":[{\"@type\":\"SearchAction\",\"target\":{\"@type\":\"EntryPoint\",\"urlTemplate\":\"https:\/\/www.manaus.am.gov.br\/semcom\/?s={search_term_string}\"},\"query-input\":\"required name=search_term_string\"}],\"inLanguage\":\"pt-BR\"},{\"@type\":\"Person\",\"@id\":\"https:\/\/www.manaus.am.gov.br\/semcom\/#\/schema\/person\/466a0e03ae4b6062809046bd560ac955\",\"name\":\"bvalente\",\"image\":{\"@type\":\"ImageObject\",\"inLanguage\":\"pt-BR\",\"@id\":\"https:\/\/www.manaus.am.gov.br\/semcom\/#\/schema\/person\/image\/\",\"url\":\"https:\/\/secure.gravatar.com\/avatar\/3e69bc2b014bdad41adfec3a39de07d2?s=96&d=mm&r=g\",\"contentUrl\":\"https:\/\/secure.gravatar.com\/avatar\/3e69bc2b014bdad41adfec3a39de07d2?s=96&d=mm&r=g\",\"caption\":\"bvalente\"}}]}<\/script>\n<!-- \/ Yoast SEO plugin. -->","yoast_head_json":{"title":"Prefeito assina conv\u00eanio que garantir\u00e1 1.056 moradias","description":"O prefeito de Manaus, David Almeida, assinou, conv\u00eanio com o Governo Federal que garantir\u00e1 a constru\u00e7\u00e3o de 1.056 novas moradias.","robots":{"index":"index","follow":"follow","max-snippet":"max-snippet:-1","max-image-preview":"max-image-preview:large","max-video-preview":"max-video-preview:-1"},"canonical":"https:\/\/www.manaus.am.gov.br\/semcom\/convenio-novas-moradias\/","og_locale":"pt_BR","og_type":"article","og_title":"Prefeito assina conv\u00eanio que garantir\u00e1 1.056 moradias","og_description":"O prefeito de Manaus, David Almeida, assinou, conv\u00eanio com o Governo Federal que garantir\u00e1 a constru\u00e7\u00e3o de 1.056 novas moradias.","og_url":"https:\/\/www.manaus.am.gov.br\/semcom\/convenio-novas-moradias\/","og_site_name":"SEMCOM","article_published_time":"2024-04-09T20:40:14+00:00","article_modified_time":"2024-04-09T20:50:38+00:00","og_image":[{"width":3648,"height":2432,"url":"https:\/\/www.manaus.am.gov.br\/semcom\/wp-content\/uploads\/sites\/5\/2024\/04\/WhatsApp-Image-2024-04-09-at-16.35.02.jpeg","type":"image\/jpeg"}],"author":"bvalente","twitter_card":"summary_large_image","twitter_misc":{"Written by":"bvalente","Est. reading time":"3 minutos"},"schema":{"@context":"https:\/\/schema.org","@graph":[{"@type":"WebPage","@id":"https:\/\/www.manaus.am.gov.br\/semcom\/convenio-novas-moradias\/","url":"https:\/\/www.manaus.am.gov.br\/semcom\/convenio-novas-moradias\/","name":"Prefeito assina conv\u00eanio que garantir\u00e1 1.056 moradias","isPartOf":{"@id":"https:\/\/www.manaus.am.gov.br\/semcom\/#website"},"primaryImageOfPage":{"@id":"https:\/\/www.manaus.am.gov.br\/semcom\/convenio-novas-moradias\/#primaryimage"},"image":{"@id":"https:\/\/www.manaus.am.gov.br\/semcom\/convenio-novas-moradias\/#primaryimage"},"thumbnailUrl":"https:\/\/www.manaus.am.gov.br\/semcom\/wp-content\/uploads\/sites\/5\/2024\/04\/WhatsApp-Image-2024-04-09-at-16.35.02.jpeg","datePublished":"2024-04-09T20:40:14+00:00","dateModified":"2024-04-09T20:50:38+00:00","author":{"@id":"https:\/\/www.manaus.am.gov.br\/semcom\/#\/schema\/person\/466a0e03ae4b6062809046bd560ac955"},"description":"O prefeito de Manaus, David Almeida, assinou, conv\u00eanio com o Governo Federal que garantir\u00e1 a constru\u00e7\u00e3o de 1.056 novas moradias.","inLanguage":"pt-BR","potentialAction":[{"@type":"ReadAction","target":["https:\/\/www.manaus.am.gov.br\/semcom\/convenio-novas-moradias\/"]}]},{"@type":"ImageObject","inLanguage":"pt-BR","@id":"https:\/\/www.manaus.am.gov.br\/semcom\/convenio-novas-moradias\/#primaryimage","url":"https:\/\/www.manaus.am.gov.br\/semcom\/wp-content\/uploads\/sites\/5\/2024\/04\/WhatsApp-Image-2024-04-09-at-16.35.02.jpeg","contentUrl":"https:\/\/www.manaus.am.gov.br\/semcom\/wp-content\/uploads\/sites\/5\/2024\/04\/WhatsApp-Image-2024-04-09-at-16.35.02.jpeg","width":3648,"height":2432},{"@type":"WebSite","@id":"https:\/\/www.manaus.am.gov.br\/semcom\/#website","url":"https:\/\/www.manaus.am.gov.br\/semcom\/","name":"SEMCOM","description":"Secretaria Municipal de Comunica\u00e7\u00e3o","potentialAction":[{"@type":"SearchAction","target":{"@type":"EntryPoint","urlTemplate":"https:\/\/www.manaus.am.gov.br\/semcom\/?s={search_term_string}"},"query-input":"required name=search_term_string"}],"inLanguage":"pt-BR"},{"@type":"Person","@id":"https:\/\/www.manaus.am.gov.br\/semcom\/#\/schema\/person\/466a0e03ae4b6062809046bd560ac955","name":"bvalente","image":{"@type":"ImageObject","inLanguage":"pt-BR","@id":"https:\/\/www.manaus.am.gov.br\/semcom\/#\/schema\/person\/image\/","url":"https:\/\/secure.gravatar.com\/avatar\/3e69bc2b014bdad41adfec3a39de07d2?s=96&d=mm&r=g","contentUrl":"https:\/\/secure.gravatar.com\/avatar\/3e69bc2b014bdad41adfec3a39de07d2?s=96&d=mm&r=g","caption":"bvalente"}}]}},"_links":{"self":[{"href":"https:\/\/www.manaus.am.gov.br\/semcom\/wp-json\/wp\/v2\/posts\/227455"}],"collection":[{"href":"https:\/\/www.manaus.am.gov.br\/semcom\/wp-json\/wp\/v2\/posts"}],"about":[{"href":"https:\/\/www.manaus.am.gov.br\/semcom\/wp-json\/wp\/v2\/types\/post"}],"author":[{"embeddable":true,"href":"https:\/\/www.manaus.am.gov.br\/semcom\/wp-json\/wp\/v2\/users\/68"}],"replies":[{"embeddable":true,"href":"https:\/\/www.manaus.am.gov.br\/semcom\/wp-json\/wp\/v2\/comments?post=227455"}],"version-history":[{"count":1,"href":"https:\/\/www.manaus.am.gov.br\/semcom\/wp-json\/wp\/v2\/posts\/227455\/revisions"}],"predecessor-version":[{"id":227457,"href":"https:\/\/www.manaus.am.gov.br\/semcom\/wp-json\/wp\/v2\/posts\/227455\/revisions\/227457"}],"wp:featuredmedia":[{"embeddable":true,"href":"https:\/\/www.manaus.am.gov.br\/semcom\/wp-json\/wp\/v2\/media\/227456"}],"wp:attachment":[{"href":"https:\/\/www.manaus.am.gov.br\/semcom\/wp-json\/wp\/v2\/media?parent=227455"}],"wp:term":[{"taxonomy":"category","embeddable":true,"href":"https:\/\/www.manaus.am.gov.br\/semcom\/wp-json\/wp\/v2\/categories?post=227455"},{"taxonomy":"post_tag","embeddable":true,"href":"https:\/\/www.manaus.am.gov.br\/semcom\/wp-json\/wp\/v2\/tags?post=227455"}],"curies":[{"name":"wp","href":"https:\/\/api.w.org\/{rel}","templated":true}]}}