{"id":227257,"date":"2024-04-04T13:22:08","date_gmt":"2024-04-04T16:22:08","guid":{"rendered":"https:\/\/www.manaus.am.gov.br\/semcom\/vencimento-alvara\/"},"modified":"2024-04-04T13:22:10","modified_gmt":"2024-04-04T16:22:10","slug":"vencimento-alvara","status":"publish","type":"post","link":"https:\/\/www.manaus.am.gov.br\/semcom\/vencimento-alvara\/","title":{"rendered":"Taxa do Alvar\u00e1 vence nesta sexta-feira sem incid\u00eancia de juros e multa"},"content":{"rendered":"\n<p>A Taxa de Verifica\u00e7\u00e3o de Funcionamento, o Alvar\u00e1, \u00e9 um licenciamento mercantil da Prefeitura de Manaus importante. Em dia com o documento, o contribuinte evita juros, multa e inscri\u00e7\u00e3o junto \u00e0 D\u00edvida Ativa municipal, o que pode inviabilizar opera\u00e7\u00f5es de cr\u00e9dito e o bom relacionamento banc\u00e1rio de um neg\u00f3cio, por exemplo. O alerta \u00e9 do subsecret\u00e1rio da Receita, da Secretaria Municipal de Finan\u00e7as e Tecnologia da Informa\u00e7\u00e3o (Semef), Arm\u00ednio Pontes.<\/p>\n\n\n\n<p>\u201cAlertamos aos contribuintes do Alvar\u00e1 de Funcionamento que, neste dia 5, vence a cota \u00fanica com a grande oportunidade de pagar com desconto de 10%. Os contribuintes tamb\u00e9m podem optar pelo pagamento em at\u00e9 quatro parcelas\u201d, disse Pontes, ao informar que o vencimento da primeira parcela tamb\u00e9m se dar\u00e1 nesta sexta-feira, 5\/4.<\/p>\n\n\n\n<p>A segunda via da guia de pagamento, segundo o subsecret\u00e1rio da Semef, tamb\u00e9m est\u00e1 dispon\u00edvel no portal de servi\u00e7os tribut\u00e1rios Manaus Atende \u2013&nbsp;<a href=\"http:\/\/manausatende.manaus.am.gov.br\/\" target=\"_blank\" rel=\"noreferrer noopener\">manausatende.manaus.am.gov.br<\/a>.<\/p>\n\n\n\n<p>Na p\u00e1gina principal do portal, \u00e9 s\u00f3 clicar na logo da Semef e, em seguida, no menu \u201cempresa\u201d. Na p\u00e1gina seguinte, no menu \u201cAlvar\u00e1\u201d, basta escolher as op\u00e7\u00f5es dispon\u00edveis, entre elas: \u201cConsulta de Dados Cadastrais Mercantil\u201d e \u201cPagamento de Alvar\u00e1\u201d. \u00c9 necess\u00e1rio ter em m\u00e3os o n\u00famero de inscri\u00e7\u00e3o municipal da empresa.<\/p>\n\n\n\n<p>Para este exerc\u00edcio, a Prefeitura de Manaus, por meio da Secretaria de Finan\u00e7as, contabilizou mais de 244 mil empresas lan\u00e7adas em sua base de dados do Alvar\u00e1, somando um lan\u00e7amento de R$ 83,5 milh\u00f5es.<\/p>\n\n\n\n<p>&#8212;<br><strong>Texto<\/strong>&nbsp;&#8211; Anderson Farias \/ Semef<br><strong>Fotos<\/strong>&nbsp;&#8211; Phil Limma \/ Semcom<\/p>\n","protected":false},"excerpt":{"rendered":"","protected":false},"author":23,"featured_media":227258,"comment_status":"closed","ping_status":"closed","sticky":false,"template":"","format":"standard","meta":{"footnotes":""},"categories":[1495],"tags":[5210,1359,1498,77,157,423,2196],"acf":[],"yoast_head":"<!-- This site is optimized with the Yoast SEO plugin v23.0 - https:\/\/yoast.com\/wordpress\/plugins\/seo\/ -->\n<title>Taxa do Alvar\u00e1 vence nesta sexta-feira sem incid\u00eancia de juros e multa<\/title>\n<meta name=\"description\" content=\"A Taxa de Verifica\u00e7\u00e3o de Funcionamento, o Alvar\u00e1, \u00e9 um licenciamento mercantil da Prefeitura de Manaus importante. Em dia com o documento, o contribuinte evita juros, multa e inscri\u00e7\u00e3o junto \u00e0 D\u00edvida Ativa municipal, o que pode inviabilizar opera\u00e7\u00f5es de cr\u00e9dito e o bom relacionamento banc\u00e1rio de um neg\u00f3cio, por exemplo. O alerta \u00e9 do subsecret\u00e1rio da Receita, da Secretaria Municipal de Finan\u00e7as e Tecnologia da Informa\u00e7\u00e3o (Semef), Arm\u00ednio Pontes.\" \/>\n<meta name=\"robots\" content=\"index, follow, max-snippet:-1, max-image-preview:large, max-video-preview:-1\" \/>\n<link rel=\"canonical\" href=\"https:\/\/www.manaus.am.gov.br\/semcom\/vencimento-alvara\/\" \/>\n<meta property=\"og:locale\" content=\"pt_BR\" \/>\n<meta property=\"og:type\" content=\"article\" \/>\n<meta property=\"og:title\" content=\"Taxa do Alvar\u00e1 vence nesta sexta-feira sem incid\u00eancia de juros e multa\" \/>\n<meta property=\"og:description\" content=\"A Taxa de Verifica\u00e7\u00e3o de Funcionamento, o Alvar\u00e1, \u00e9 um licenciamento mercantil da Prefeitura de Manaus importante. Em dia com o documento, o contribuinte evita juros, multa e inscri\u00e7\u00e3o junto \u00e0 D\u00edvida Ativa municipal, o que pode inviabilizar opera\u00e7\u00f5es de cr\u00e9dito e o bom relacionamento banc\u00e1rio de um neg\u00f3cio, por exemplo. O alerta \u00e9 do subsecret\u00e1rio da Receita, da Secretaria Municipal de Finan\u00e7as e Tecnologia da Informa\u00e7\u00e3o (Semef), Arm\u00ednio Pontes.\" \/>\n<meta property=\"og:url\" content=\"https:\/\/www.manaus.am.gov.br\/semcom\/vencimento-alvara\/\" \/>\n<meta property=\"og:site_name\" content=\"SEMCOM\" \/>\n<meta property=\"article:published_time\" content=\"2024-04-04T16:22:08+00:00\" \/>\n<meta property=\"article:modified_time\" content=\"2024-04-04T16:22:10+00:00\" \/>\n<meta property=\"og:image\" content=\"https:\/\/www.manaus.am.gov.br\/semcom\/wp-content\/uploads\/sites\/5\/2024\/04\/53630052604_5c5353c4cd_o.jpg\" \/>\n\t<meta property=\"og:image:width\" content=\"4464\" \/>\n\t<meta property=\"og:image:height\" content=\"2976\" \/>\n\t<meta property=\"og:image:type\" content=\"image\/jpeg\" \/>\n<meta name=\"author\" content=\"Adriana Costa\" \/>\n<meta name=\"twitter:card\" content=\"summary_large_image\" \/>\n<meta name=\"twitter:label1\" content=\"Written by\" \/>\n\t<meta name=\"twitter:data1\" content=\"Adriana Costa\" \/>\n\t<meta name=\"twitter:label2\" content=\"Est. reading time\" \/>\n\t<meta name=\"twitter:data2\" content=\"2 minutos\" \/>\n<script type=\"application\/ld+json\" class=\"yoast-schema-graph\">{\"@context\":\"https:\/\/schema.org\",\"@graph\":[{\"@type\":\"WebPage\",\"@id\":\"https:\/\/www.manaus.am.gov.br\/semcom\/vencimento-alvara\/\",\"url\":\"https:\/\/www.manaus.am.gov.br\/semcom\/vencimento-alvara\/\",\"name\":\"Taxa do Alvar\u00e1 vence nesta sexta-feira sem incid\u00eancia de juros e multa\",\"isPartOf\":{\"@id\":\"https:\/\/www.manaus.am.gov.br\/semcom\/#website\"},\"primaryImageOfPage\":{\"@id\":\"https:\/\/www.manaus.am.gov.br\/semcom\/vencimento-alvara\/#primaryimage\"},\"image\":{\"@id\":\"https:\/\/www.manaus.am.gov.br\/semcom\/vencimento-alvara\/#primaryimage\"},\"thumbnailUrl\":\"https:\/\/www.manaus.am.gov.br\/semcom\/wp-content\/uploads\/sites\/5\/2024\/04\/53630052604_5c5353c4cd_o.jpg\",\"datePublished\":\"2024-04-04T16:22:08+00:00\",\"dateModified\":\"2024-04-04T16:22:10+00:00\",\"author\":{\"@id\":\"https:\/\/www.manaus.am.gov.br\/semcom\/#\/schema\/person\/4e49f4e267757a06ca072ec61b2b9968\"},\"description\":\"A Taxa de Verifica\u00e7\u00e3o de Funcionamento, o Alvar\u00e1, \u00e9 um licenciamento mercantil da Prefeitura de Manaus importante. Em dia com o documento, o contribuinte evita juros, multa e inscri\u00e7\u00e3o junto \u00e0 D\u00edvida Ativa municipal, o que pode inviabilizar opera\u00e7\u00f5es de cr\u00e9dito e o bom relacionamento banc\u00e1rio de um neg\u00f3cio, por exemplo. O alerta \u00e9 do subsecret\u00e1rio da Receita, da Secretaria Municipal de Finan\u00e7as e Tecnologia da Informa\u00e7\u00e3o (Semef), Arm\u00ednio Pontes.\",\"inLanguage\":\"pt-BR\",\"potentialAction\":[{\"@type\":\"ReadAction\",\"target\":[\"https:\/\/www.manaus.am.gov.br\/semcom\/vencimento-alvara\/\"]}]},{\"@type\":\"ImageObject\",\"inLanguage\":\"pt-BR\",\"@id\":\"https:\/\/www.manaus.am.gov.br\/semcom\/vencimento-alvara\/#primaryimage\",\"url\":\"https:\/\/www.manaus.am.gov.br\/semcom\/wp-content\/uploads\/sites\/5\/2024\/04\/53630052604_5c5353c4cd_o.jpg\",\"contentUrl\":\"https:\/\/www.manaus.am.gov.br\/semcom\/wp-content\/uploads\/sites\/5\/2024\/04\/53630052604_5c5353c4cd_o.jpg\",\"width\":4464,\"height\":2976},{\"@type\":\"WebSite\",\"@id\":\"https:\/\/www.manaus.am.gov.br\/semcom\/#website\",\"url\":\"https:\/\/www.manaus.am.gov.br\/semcom\/\",\"name\":\"SEMCOM\",\"description\":\"Secretaria Municipal de Comunica\u00e7\u00e3o\",\"potentialAction\":[{\"@type\":\"SearchAction\",\"target\":{\"@type\":\"EntryPoint\",\"urlTemplate\":\"https:\/\/www.manaus.am.gov.br\/semcom\/?s={search_term_string}\"},\"query-input\":\"required name=search_term_string\"}],\"inLanguage\":\"pt-BR\"},{\"@type\":\"Person\",\"@id\":\"https:\/\/www.manaus.am.gov.br\/semcom\/#\/schema\/person\/4e49f4e267757a06ca072ec61b2b9968\",\"name\":\"Adriana Costa\",\"image\":{\"@type\":\"ImageObject\",\"inLanguage\":\"pt-BR\",\"@id\":\"https:\/\/www.manaus.am.gov.br\/semcom\/#\/schema\/person\/image\/\",\"url\":\"https:\/\/secure.gravatar.com\/avatar\/576258617ef7194f718179e766d57bd4?s=96&d=mm&r=g\",\"contentUrl\":\"https:\/\/secure.gravatar.com\/avatar\/576258617ef7194f718179e766d57bd4?s=96&d=mm&r=g\",\"caption\":\"Adriana Costa\"}}]}<\/script>\n<!-- \/ Yoast SEO plugin. -->","yoast_head_json":{"title":"Taxa do Alvar\u00e1 vence nesta sexta-feira sem incid\u00eancia de juros e multa","description":"A Taxa de Verifica\u00e7\u00e3o de Funcionamento, o Alvar\u00e1, \u00e9 um licenciamento mercantil da Prefeitura de Manaus importante. Em dia com o documento, o contribuinte evita juros, multa e inscri\u00e7\u00e3o junto \u00e0 D\u00edvida Ativa municipal, o que pode inviabilizar opera\u00e7\u00f5es de cr\u00e9dito e o bom relacionamento banc\u00e1rio de um neg\u00f3cio, por exemplo. O alerta \u00e9 do subsecret\u00e1rio da Receita, da Secretaria Municipal de Finan\u00e7as e Tecnologia da Informa\u00e7\u00e3o (Semef), Arm\u00ednio Pontes.","robots":{"index":"index","follow":"follow","max-snippet":"max-snippet:-1","max-image-preview":"max-image-preview:large","max-video-preview":"max-video-preview:-1"},"canonical":"https:\/\/www.manaus.am.gov.br\/semcom\/vencimento-alvara\/","og_locale":"pt_BR","og_type":"article","og_title":"Taxa do Alvar\u00e1 vence nesta sexta-feira sem incid\u00eancia de juros e multa","og_description":"A Taxa de Verifica\u00e7\u00e3o de Funcionamento, o Alvar\u00e1, \u00e9 um licenciamento mercantil da Prefeitura de Manaus importante. Em dia com o documento, o contribuinte evita juros, multa e inscri\u00e7\u00e3o junto \u00e0 D\u00edvida Ativa municipal, o que pode inviabilizar opera\u00e7\u00f5es de cr\u00e9dito e o bom relacionamento banc\u00e1rio de um neg\u00f3cio, por exemplo. O alerta \u00e9 do subsecret\u00e1rio da Receita, da Secretaria Municipal de Finan\u00e7as e Tecnologia da Informa\u00e7\u00e3o (Semef), Arm\u00ednio Pontes.","og_url":"https:\/\/www.manaus.am.gov.br\/semcom\/vencimento-alvara\/","og_site_name":"SEMCOM","article_published_time":"2024-04-04T16:22:08+00:00","article_modified_time":"2024-04-04T16:22:10+00:00","og_image":[{"width":4464,"height":2976,"url":"https:\/\/www.manaus.am.gov.br\/semcom\/wp-content\/uploads\/sites\/5\/2024\/04\/53630052604_5c5353c4cd_o.jpg","type":"image\/jpeg"}],"author":"Adriana Costa","twitter_card":"summary_large_image","twitter_misc":{"Written by":"Adriana Costa","Est. reading time":"2 minutos"},"schema":{"@context":"https:\/\/schema.org","@graph":[{"@type":"WebPage","@id":"https:\/\/www.manaus.am.gov.br\/semcom\/vencimento-alvara\/","url":"https:\/\/www.manaus.am.gov.br\/semcom\/vencimento-alvara\/","name":"Taxa do Alvar\u00e1 vence nesta sexta-feira sem incid\u00eancia de juros e multa","isPartOf":{"@id":"https:\/\/www.manaus.am.gov.br\/semcom\/#website"},"primaryImageOfPage":{"@id":"https:\/\/www.manaus.am.gov.br\/semcom\/vencimento-alvara\/#primaryimage"},"image":{"@id":"https:\/\/www.manaus.am.gov.br\/semcom\/vencimento-alvara\/#primaryimage"},"thumbnailUrl":"https:\/\/www.manaus.am.gov.br\/semcom\/wp-content\/uploads\/sites\/5\/2024\/04\/53630052604_5c5353c4cd_o.jpg","datePublished":"2024-04-04T16:22:08+00:00","dateModified":"2024-04-04T16:22:10+00:00","author":{"@id":"https:\/\/www.manaus.am.gov.br\/semcom\/#\/schema\/person\/4e49f4e267757a06ca072ec61b2b9968"},"description":"A Taxa de Verifica\u00e7\u00e3o de Funcionamento, o Alvar\u00e1, \u00e9 um licenciamento mercantil da Prefeitura de Manaus importante. Em dia com o documento, o contribuinte evita juros, multa e inscri\u00e7\u00e3o junto \u00e0 D\u00edvida Ativa municipal, o que pode inviabilizar opera\u00e7\u00f5es de cr\u00e9dito e o bom relacionamento banc\u00e1rio de um neg\u00f3cio, por exemplo. O alerta \u00e9 do subsecret\u00e1rio da Receita, da Secretaria Municipal de Finan\u00e7as e Tecnologia da Informa\u00e7\u00e3o (Semef), Arm\u00ednio Pontes.","inLanguage":"pt-BR","potentialAction":[{"@type":"ReadAction","target":["https:\/\/www.manaus.am.gov.br\/semcom\/vencimento-alvara\/"]}]},{"@type":"ImageObject","inLanguage":"pt-BR","@id":"https:\/\/www.manaus.am.gov.br\/semcom\/vencimento-alvara\/#primaryimage","url":"https:\/\/www.manaus.am.gov.br\/semcom\/wp-content\/uploads\/sites\/5\/2024\/04\/53630052604_5c5353c4cd_o.jpg","contentUrl":"https:\/\/www.manaus.am.gov.br\/semcom\/wp-content\/uploads\/sites\/5\/2024\/04\/53630052604_5c5353c4cd_o.jpg","width":4464,"height":2976},{"@type":"WebSite","@id":"https:\/\/www.manaus.am.gov.br\/semcom\/#website","url":"https:\/\/www.manaus.am.gov.br\/semcom\/","name":"SEMCOM","description":"Secretaria Municipal de Comunica\u00e7\u00e3o","potentialAction":[{"@type":"SearchAction","target":{"@type":"EntryPoint","urlTemplate":"https:\/\/www.manaus.am.gov.br\/semcom\/?s={search_term_string}"},"query-input":"required name=search_term_string"}],"inLanguage":"pt-BR"},{"@type":"Person","@id":"https:\/\/www.manaus.am.gov.br\/semcom\/#\/schema\/person\/4e49f4e267757a06ca072ec61b2b9968","name":"Adriana Costa","image":{"@type":"ImageObject","inLanguage":"pt-BR","@id":"https:\/\/www.manaus.am.gov.br\/semcom\/#\/schema\/person\/image\/","url":"https:\/\/secure.gravatar.com\/avatar\/576258617ef7194f718179e766d57bd4?s=96&d=mm&r=g","contentUrl":"https:\/\/secure.gravatar.com\/avatar\/576258617ef7194f718179e766d57bd4?s=96&d=mm&r=g","caption":"Adriana Costa"}}]}},"_links":{"self":[{"href":"https:\/\/www.manaus.am.gov.br\/semcom\/wp-json\/wp\/v2\/posts\/227257"}],"collection":[{"href":"https:\/\/www.manaus.am.gov.br\/semcom\/wp-json\/wp\/v2\/posts"}],"about":[{"href":"https:\/\/www.manaus.am.gov.br\/semcom\/wp-json\/wp\/v2\/types\/post"}],"author":[{"embeddable":true,"href":"https:\/\/www.manaus.am.gov.br\/semcom\/wp-json\/wp\/v2\/users\/23"}],"replies":[{"embeddable":true,"href":"https:\/\/www.manaus.am.gov.br\/semcom\/wp-json\/wp\/v2\/comments?post=227257"}],"version-history":[{"count":0,"href":"https:\/\/www.manaus.am.gov.br\/semcom\/wp-json\/wp\/v2\/posts\/227257\/revisions"}],"wp:featuredmedia":[{"embeddable":true,"href":"https:\/\/www.manaus.am.gov.br\/semcom\/wp-json\/wp\/v2\/media\/227258"}],"wp:attachment":[{"href":"https:\/\/www.manaus.am.gov.br\/semcom\/wp-json\/wp\/v2\/media?parent=227257"}],"wp:term":[{"taxonomy":"category","embeddable":true,"href":"https:\/\/www.manaus.am.gov.br\/semcom\/wp-json\/wp\/v2\/categories?post=227257"},{"taxonomy":"post_tag","embeddable":true,"href":"https:\/\/www.manaus.am.gov.br\/semcom\/wp-json\/wp\/v2\/tags?post=227257"}],"curies":[{"name":"wp","href":"https:\/\/api.w.org\/{rel}","templated":true}]}}