{"id":227254,"date":"2024-04-04T11:17:09","date_gmt":"2024-04-04T14:17:09","guid":{"rendered":"https:\/\/www.manaus.am.gov.br\/semcom\/mirante-funcionamento\/"},"modified":"2024-04-04T11:17:11","modified_gmt":"2024-04-04T14:17:11","slug":"mirante-funcionamento","status":"publish","type":"post","link":"https:\/\/www.manaus.am.gov.br\/semcom\/mirante-funcionamento\/","title":{"rendered":"Prefeitura entrega mirante L\u00facia Almeida com oferta de servi\u00e7os e 11 opera\u00e7\u00f5es comerciais"},"content":{"rendered":"\n<p>Com seus quatro andares e mais de 5 mil metros de \u00e1rea constru\u00edda, a popula\u00e7\u00e3o que for visitar e conhecer as novas obras de reabilita\u00e7\u00e3o do centro hist\u00f3rico, realizadas pela Prefeitura de Manaus, na avenida 7 de Setembro, contar\u00e1 com uma s\u00e9rie de servi\u00e7os e opera\u00e7\u00f5es comerciais para atender ao p\u00fablico j\u00e1 a partir da inaugura\u00e7\u00e3o, nesta quinta-feira, 4\/4.<\/p>\n\n\n\n<p>A inaugura\u00e7\u00e3o do complexo mirante L\u00facia Almeida e do largo de S\u00e3o Vicente ser\u00e1 feita pelo prefeito de Manaus, David Almeida, acompanhado do diretor-presidente do Instituto Municipal de Planejamento Urbano (Implurb), Carlos Valente, e demais autoridades, \u00e0s 17h.<\/p>\n\n\n\n<p>O mirante conta com 11 opera\u00e7\u00f5es comerciais, desde caf\u00e9 da manh\u00e3 at\u00e9 lanches, restaurantes, sorveteria e drinks, e come\u00e7a a funcionar com um hor\u00e1rio de teste para os atendimentos, uma fase de ajustes e adapta\u00e7\u00e3o dos empreendimentos comerciais, com hor\u00e1rios durante todo o dia e \u00e0 noite.<\/p>\n\n\n\n<p>De segunda a quinta-feira, das 10h \u00e0s 23h, v\u00e3o funcionar os dois restaurantes do espa\u00e7o (segundo pavimento), os quiosques de petisco, boteco e hamburgueria (todos no terceiro pavimento), sorveteria (t\u00e9rreo), e uma loja estilo&nbsp;<em>pub<\/em>&nbsp;(t\u00e9rreo). J\u00e1 na sexta e s\u00e1bado, o hor\u00e1rio ser\u00e1 das 10h \u00e0 meia-noite. No domingo, o mirante estar\u00e1 funcionando das 10h \u00e0s 22h.<\/p>\n\n\n\n<p>A \u00fanica exce\u00e7\u00e3o nos hor\u00e1rios \u00e9 para o quiosque de caf\u00e9, que fica no terceiro pavimento, abrindo de segunda a sexta-feira, das 8h \u00e0s 12h e das 15h \u00e0s 20h. Aos s\u00e1bados e domingos atender\u00e1 das 7h \u00e0s 12h e das 15h \u00e0s 21h.<\/p>\n\n\n\n<p>O projeto arquitet\u00f4nico \u00e9 do Implurb e os recursos investidos&nbsp;s\u00e3o&nbsp;da prefeitura, com mais de R$ 60 milh\u00f5es \u2013 incluindo o casar\u00e3o Thiago de Mello e o p\u00eder tur\u00edstico.<\/p>\n\n\n\n<p>\u201cS\u00e3o projetos impactantes para a cidade de Manaus, que o prefeito David Almeida est\u00e1 entregando com enorme felicidade e realiza\u00e7\u00e3o, e que j\u00e1 s\u00e3o sucesso. As obras est\u00e3o reabilitando espa\u00e7os p\u00fablicos antes abandonados, melhorando a qualidade de vida, turismo, lazer, esporte, cultura e bem-estar, al\u00e9m de aumentar a autoestima da popula\u00e7\u00e3o\u201d, disse o diretor-presidente do Implurb, Carlos Valente.<\/p>\n\n\n\n<p><strong>Ocupa\u00e7\u00e3o<\/strong><\/p>\n\n\n\n<p>A prefeitura promove a ocupa\u00e7\u00e3o n\u00e3o s\u00f3 art\u00edstica, cultural e p\u00fablica do mirante, mas tamb\u00e9m comercial, tendo licitado diversas opera\u00e7\u00f5es para a diversifica\u00e7\u00e3o do novo espa\u00e7o. A base do \u201cNosso Centro\u201d envolve a\u00e7\u00f5es de economia, turismo, hist\u00f3ria, empreendedorismo, cultura, arte e habita\u00e7\u00e3o, com tr\u00eas etapas de implanta\u00e7\u00e3o.<\/p>\n\n\n\n<p>A partir de concorr\u00eancia p\u00fablica, o mirante j\u00e1 conta com permission\u00e1rios, empres\u00e1rios, empreendedores e comerciantes, que v\u00e3o atuar em lojas, quiosques, lanches e restaurantes.<\/p>\n\n\n\n<p><strong>O largo<\/strong><\/p>\n\n\n\n<p>O largo de S\u00e3o Vicente tem mais de 3,5 mil metros quadrados, uma \u00e1rea constru\u00edda do zero, com piso acess\u00edvel e cal\u00e7adas em pedra S\u00e3o Thom\u00e9. No largo ainda tem um espa\u00e7o exclusivo para os animais de estima\u00e7\u00e3o, um&nbsp;<em>playpet<\/em>, em \u00e1rea sombreada e debaixo de \u00e1rvores para&nbsp;momentos de lazer com seus donos e tutores.<\/p>\n\n\n\n<p>E, sem parar o trabalho, a prefeitura reabilitou o espa\u00e7o antes ocioso, vazio, abandonado e at\u00e9 insalubre, dando uma nova visibilidade, fun\u00e7\u00e3o e vivacidade, construindo \u00e1reas p\u00fablicas com acessibilidade e equipamentos urbanos \u00fanicos para Manaus.<\/p>\n\n\n\n<p>&#8212; &#8212; &#8212;<\/p>\n\n\n\n<p><strong>Texto &#8211;&nbsp;<\/strong>Claudia do Valle\/Implurb<\/p>\n\n\n\n<p><strong>Fotos<\/strong>&nbsp;&#8211; &nbsp;Phil Limma\/Semcom<\/p>\n\n\n\n<p><strong>Dispon\u00edveis em &#8211;&nbsp;<\/strong><a href=\"https:\/\/flic.kr\/s\/aHBqjBjUAR\" target=\"_blank\" rel=\"noreferrer noopener\">https:\/\/flic.kr\/s\/aHBqjBjUAR<\/a><\/p>\n","protected":false},"excerpt":{"rendered":"","protected":false},"author":23,"featured_media":227255,"comment_status":"closed","ping_status":"closed","sticky":false,"template":"","format":"standard","meta":{"footnotes":""},"categories":[424],"tags":[1733,65,468,469,11144,77],"acf":[],"yoast_head":"<!-- This site is optimized with the Yoast SEO plugin v23.0 - https:\/\/yoast.com\/wordpress\/plugins\/seo\/ -->\n<title>Prefeitura entrega mirante L\u00facia Almeida com oferta de servi\u00e7os e 11 opera\u00e7\u00f5es comerciais<\/title>\n<meta name=\"description\" content=\"Com seus quatro andares e mais de 5 mil metros de \u00e1rea constru\u00edda, a popula\u00e7\u00e3o que for visitar e conhecer as novas obras de reabilita\u00e7\u00e3o do centro hist\u00f3rico, realizadas pela Prefeitura de Manaus, na avenida 7 de Setembro, contar\u00e1 com uma s\u00e9rie de servi\u00e7os e opera\u00e7\u00f5es comerciais para atender ao p\u00fablico j\u00e1 a partir da inaugura\u00e7\u00e3o, nesta quinta-feira, 4\/4.\" \/>\n<meta name=\"robots\" content=\"index, follow, max-snippet:-1, max-image-preview:large, max-video-preview:-1\" \/>\n<link rel=\"canonical\" href=\"https:\/\/www.manaus.am.gov.br\/semcom\/mirante-funcionamento\/\" \/>\n<meta property=\"og:locale\" content=\"pt_BR\" \/>\n<meta property=\"og:type\" content=\"article\" \/>\n<meta property=\"og:title\" content=\"Prefeitura entrega mirante L\u00facia Almeida com oferta de servi\u00e7os e 11 opera\u00e7\u00f5es comerciais\" \/>\n<meta property=\"og:description\" content=\"Com seus quatro andares e mais de 5 mil metros de \u00e1rea constru\u00edda, a popula\u00e7\u00e3o que for visitar e conhecer as novas obras de reabilita\u00e7\u00e3o do centro hist\u00f3rico, realizadas pela Prefeitura de Manaus, na avenida 7 de Setembro, contar\u00e1 com uma s\u00e9rie de servi\u00e7os e opera\u00e7\u00f5es comerciais para atender ao p\u00fablico j\u00e1 a partir da inaugura\u00e7\u00e3o, nesta quinta-feira, 4\/4.\" \/>\n<meta property=\"og:url\" content=\"https:\/\/www.manaus.am.gov.br\/semcom\/mirante-funcionamento\/\" \/>\n<meta property=\"og:site_name\" content=\"SEMCOM\" \/>\n<meta property=\"article:published_time\" content=\"2024-04-04T14:17:09+00:00\" \/>\n<meta property=\"article:modified_time\" content=\"2024-04-04T14:17:11+00:00\" \/>\n<meta property=\"og:image\" content=\"https:\/\/www.manaus.am.gov.br\/semcom\/wp-content\/uploads\/sites\/5\/2024\/04\/53626922762_243b0db357_c.jpg\" \/>\n\t<meta property=\"og:image:width\" content=\"799\" \/>\n\t<meta property=\"og:image:height\" content=\"533\" \/>\n\t<meta property=\"og:image:type\" content=\"image\/jpeg\" \/>\n<meta name=\"author\" content=\"Adriana Costa\" \/>\n<meta name=\"twitter:card\" content=\"summary_large_image\" \/>\n<meta name=\"twitter:label1\" content=\"Written by\" \/>\n\t<meta name=\"twitter:data1\" content=\"Adriana Costa\" \/>\n\t<meta name=\"twitter:label2\" content=\"Est. reading time\" \/>\n\t<meta name=\"twitter:data2\" content=\"3 minutos\" \/>\n<script type=\"application\/ld+json\" class=\"yoast-schema-graph\">{\"@context\":\"https:\/\/schema.org\",\"@graph\":[{\"@type\":\"WebPage\",\"@id\":\"https:\/\/www.manaus.am.gov.br\/semcom\/mirante-funcionamento\/\",\"url\":\"https:\/\/www.manaus.am.gov.br\/semcom\/mirante-funcionamento\/\",\"name\":\"Prefeitura entrega mirante L\u00facia Almeida com oferta de servi\u00e7os e 11 opera\u00e7\u00f5es comerciais\",\"isPartOf\":{\"@id\":\"https:\/\/www.manaus.am.gov.br\/semcom\/#website\"},\"primaryImageOfPage\":{\"@id\":\"https:\/\/www.manaus.am.gov.br\/semcom\/mirante-funcionamento\/#primaryimage\"},\"image\":{\"@id\":\"https:\/\/www.manaus.am.gov.br\/semcom\/mirante-funcionamento\/#primaryimage\"},\"thumbnailUrl\":\"https:\/\/www.manaus.am.gov.br\/semcom\/wp-content\/uploads\/sites\/5\/2024\/04\/53626922762_243b0db357_c.jpg\",\"datePublished\":\"2024-04-04T14:17:09+00:00\",\"dateModified\":\"2024-04-04T14:17:11+00:00\",\"author\":{\"@id\":\"https:\/\/www.manaus.am.gov.br\/semcom\/#\/schema\/person\/4e49f4e267757a06ca072ec61b2b9968\"},\"description\":\"Com seus quatro andares e mais de 5 mil metros de \u00e1rea constru\u00edda, a popula\u00e7\u00e3o que for visitar e conhecer as novas obras de reabilita\u00e7\u00e3o do centro hist\u00f3rico, realizadas pela Prefeitura de Manaus, na avenida 7 de Setembro, contar\u00e1 com uma s\u00e9rie de servi\u00e7os e opera\u00e7\u00f5es comerciais para atender ao p\u00fablico j\u00e1 a partir da inaugura\u00e7\u00e3o, nesta quinta-feira, 4\/4.\",\"inLanguage\":\"pt-BR\",\"potentialAction\":[{\"@type\":\"ReadAction\",\"target\":[\"https:\/\/www.manaus.am.gov.br\/semcom\/mirante-funcionamento\/\"]}]},{\"@type\":\"ImageObject\",\"inLanguage\":\"pt-BR\",\"@id\":\"https:\/\/www.manaus.am.gov.br\/semcom\/mirante-funcionamento\/#primaryimage\",\"url\":\"https:\/\/www.manaus.am.gov.br\/semcom\/wp-content\/uploads\/sites\/5\/2024\/04\/53626922762_243b0db357_c.jpg\",\"contentUrl\":\"https:\/\/www.manaus.am.gov.br\/semcom\/wp-content\/uploads\/sites\/5\/2024\/04\/53626922762_243b0db357_c.jpg\",\"width\":799,\"height\":533},{\"@type\":\"WebSite\",\"@id\":\"https:\/\/www.manaus.am.gov.br\/semcom\/#website\",\"url\":\"https:\/\/www.manaus.am.gov.br\/semcom\/\",\"name\":\"SEMCOM\",\"description\":\"Secretaria Municipal de Comunica\u00e7\u00e3o\",\"potentialAction\":[{\"@type\":\"SearchAction\",\"target\":{\"@type\":\"EntryPoint\",\"urlTemplate\":\"https:\/\/www.manaus.am.gov.br\/semcom\/?s={search_term_string}\"},\"query-input\":\"required name=search_term_string\"}],\"inLanguage\":\"pt-BR\"},{\"@type\":\"Person\",\"@id\":\"https:\/\/www.manaus.am.gov.br\/semcom\/#\/schema\/person\/4e49f4e267757a06ca072ec61b2b9968\",\"name\":\"Adriana Costa\",\"image\":{\"@type\":\"ImageObject\",\"inLanguage\":\"pt-BR\",\"@id\":\"https:\/\/www.manaus.am.gov.br\/semcom\/#\/schema\/person\/image\/\",\"url\":\"https:\/\/secure.gravatar.com\/avatar\/576258617ef7194f718179e766d57bd4?s=96&d=mm&r=g\",\"contentUrl\":\"https:\/\/secure.gravatar.com\/avatar\/576258617ef7194f718179e766d57bd4?s=96&d=mm&r=g\",\"caption\":\"Adriana Costa\"}}]}<\/script>\n<!-- \/ Yoast SEO plugin. -->","yoast_head_json":{"title":"Prefeitura entrega mirante L\u00facia Almeida com oferta de servi\u00e7os e 11 opera\u00e7\u00f5es comerciais","description":"Com seus quatro andares e mais de 5 mil metros de \u00e1rea constru\u00edda, a popula\u00e7\u00e3o que for visitar e conhecer as novas obras de reabilita\u00e7\u00e3o do centro hist\u00f3rico, realizadas pela Prefeitura de Manaus, na avenida 7 de Setembro, contar\u00e1 com uma s\u00e9rie de servi\u00e7os e opera\u00e7\u00f5es comerciais para atender ao p\u00fablico j\u00e1 a partir da inaugura\u00e7\u00e3o, nesta quinta-feira, 4\/4.","robots":{"index":"index","follow":"follow","max-snippet":"max-snippet:-1","max-image-preview":"max-image-preview:large","max-video-preview":"max-video-preview:-1"},"canonical":"https:\/\/www.manaus.am.gov.br\/semcom\/mirante-funcionamento\/","og_locale":"pt_BR","og_type":"article","og_title":"Prefeitura entrega mirante L\u00facia Almeida com oferta de servi\u00e7os e 11 opera\u00e7\u00f5es comerciais","og_description":"Com seus quatro andares e mais de 5 mil metros de \u00e1rea constru\u00edda, a popula\u00e7\u00e3o que for visitar e conhecer as novas obras de reabilita\u00e7\u00e3o do centro hist\u00f3rico, realizadas pela Prefeitura de Manaus, na avenida 7 de Setembro, contar\u00e1 com uma s\u00e9rie de servi\u00e7os e opera\u00e7\u00f5es comerciais para atender ao p\u00fablico j\u00e1 a partir da inaugura\u00e7\u00e3o, nesta quinta-feira, 4\/4.","og_url":"https:\/\/www.manaus.am.gov.br\/semcom\/mirante-funcionamento\/","og_site_name":"SEMCOM","article_published_time":"2024-04-04T14:17:09+00:00","article_modified_time":"2024-04-04T14:17:11+00:00","og_image":[{"width":799,"height":533,"url":"https:\/\/www.manaus.am.gov.br\/semcom\/wp-content\/uploads\/sites\/5\/2024\/04\/53626922762_243b0db357_c.jpg","type":"image\/jpeg"}],"author":"Adriana Costa","twitter_card":"summary_large_image","twitter_misc":{"Written by":"Adriana Costa","Est. reading time":"3 minutos"},"schema":{"@context":"https:\/\/schema.org","@graph":[{"@type":"WebPage","@id":"https:\/\/www.manaus.am.gov.br\/semcom\/mirante-funcionamento\/","url":"https:\/\/www.manaus.am.gov.br\/semcom\/mirante-funcionamento\/","name":"Prefeitura entrega mirante L\u00facia Almeida com oferta de servi\u00e7os e 11 opera\u00e7\u00f5es comerciais","isPartOf":{"@id":"https:\/\/www.manaus.am.gov.br\/semcom\/#website"},"primaryImageOfPage":{"@id":"https:\/\/www.manaus.am.gov.br\/semcom\/mirante-funcionamento\/#primaryimage"},"image":{"@id":"https:\/\/www.manaus.am.gov.br\/semcom\/mirante-funcionamento\/#primaryimage"},"thumbnailUrl":"https:\/\/www.manaus.am.gov.br\/semcom\/wp-content\/uploads\/sites\/5\/2024\/04\/53626922762_243b0db357_c.jpg","datePublished":"2024-04-04T14:17:09+00:00","dateModified":"2024-04-04T14:17:11+00:00","author":{"@id":"https:\/\/www.manaus.am.gov.br\/semcom\/#\/schema\/person\/4e49f4e267757a06ca072ec61b2b9968"},"description":"Com seus quatro andares e mais de 5 mil metros de \u00e1rea constru\u00edda, a popula\u00e7\u00e3o que for visitar e conhecer as novas obras de reabilita\u00e7\u00e3o do centro hist\u00f3rico, realizadas pela Prefeitura de Manaus, na avenida 7 de Setembro, contar\u00e1 com uma s\u00e9rie de servi\u00e7os e opera\u00e7\u00f5es comerciais para atender ao p\u00fablico j\u00e1 a partir da inaugura\u00e7\u00e3o, nesta quinta-feira, 4\/4.","inLanguage":"pt-BR","potentialAction":[{"@type":"ReadAction","target":["https:\/\/www.manaus.am.gov.br\/semcom\/mirante-funcionamento\/"]}]},{"@type":"ImageObject","inLanguage":"pt-BR","@id":"https:\/\/www.manaus.am.gov.br\/semcom\/mirante-funcionamento\/#primaryimage","url":"https:\/\/www.manaus.am.gov.br\/semcom\/wp-content\/uploads\/sites\/5\/2024\/04\/53626922762_243b0db357_c.jpg","contentUrl":"https:\/\/www.manaus.am.gov.br\/semcom\/wp-content\/uploads\/sites\/5\/2024\/04\/53626922762_243b0db357_c.jpg","width":799,"height":533},{"@type":"WebSite","@id":"https:\/\/www.manaus.am.gov.br\/semcom\/#website","url":"https:\/\/www.manaus.am.gov.br\/semcom\/","name":"SEMCOM","description":"Secretaria Municipal de Comunica\u00e7\u00e3o","potentialAction":[{"@type":"SearchAction","target":{"@type":"EntryPoint","urlTemplate":"https:\/\/www.manaus.am.gov.br\/semcom\/?s={search_term_string}"},"query-input":"required name=search_term_string"}],"inLanguage":"pt-BR"},{"@type":"Person","@id":"https:\/\/www.manaus.am.gov.br\/semcom\/#\/schema\/person\/4e49f4e267757a06ca072ec61b2b9968","name":"Adriana Costa","image":{"@type":"ImageObject","inLanguage":"pt-BR","@id":"https:\/\/www.manaus.am.gov.br\/semcom\/#\/schema\/person\/image\/","url":"https:\/\/secure.gravatar.com\/avatar\/576258617ef7194f718179e766d57bd4?s=96&d=mm&r=g","contentUrl":"https:\/\/secure.gravatar.com\/avatar\/576258617ef7194f718179e766d57bd4?s=96&d=mm&r=g","caption":"Adriana Costa"}}]}},"_links":{"self":[{"href":"https:\/\/www.manaus.am.gov.br\/semcom\/wp-json\/wp\/v2\/posts\/227254"}],"collection":[{"href":"https:\/\/www.manaus.am.gov.br\/semcom\/wp-json\/wp\/v2\/posts"}],"about":[{"href":"https:\/\/www.manaus.am.gov.br\/semcom\/wp-json\/wp\/v2\/types\/post"}],"author":[{"embeddable":true,"href":"https:\/\/www.manaus.am.gov.br\/semcom\/wp-json\/wp\/v2\/users\/23"}],"replies":[{"embeddable":true,"href":"https:\/\/www.manaus.am.gov.br\/semcom\/wp-json\/wp\/v2\/comments?post=227254"}],"version-history":[{"count":0,"href":"https:\/\/www.manaus.am.gov.br\/semcom\/wp-json\/wp\/v2\/posts\/227254\/revisions"}],"wp:featuredmedia":[{"embeddable":true,"href":"https:\/\/www.manaus.am.gov.br\/semcom\/wp-json\/wp\/v2\/media\/227255"}],"wp:attachment":[{"href":"https:\/\/www.manaus.am.gov.br\/semcom\/wp-json\/wp\/v2\/media?parent=227254"}],"wp:term":[{"taxonomy":"category","embeddable":true,"href":"https:\/\/www.manaus.am.gov.br\/semcom\/wp-json\/wp\/v2\/categories?post=227254"},{"taxonomy":"post_tag","embeddable":true,"href":"https:\/\/www.manaus.am.gov.br\/semcom\/wp-json\/wp\/v2\/tags?post=227254"}],"curies":[{"name":"wp","href":"https:\/\/api.w.org\/{rel}","templated":true}]}}