{"id":227117,"date":"2024-04-01T13:09:11","date_gmt":"2024-04-01T16:09:11","guid":{"rendered":"https:\/\/www.manaus.am.gov.br\/semcom\/prorrogacao-pbi\/"},"modified":"2024-04-01T13:09:13","modified_gmt":"2024-04-01T16:09:13","slug":"prorrogacao-pbi","status":"publish","type":"post","link":"https:\/\/www.manaus.am.gov.br\/semcom\/prorrogacao-pbi\/","title":{"rendered":"Prefeitura de Manaus prorroga inscri\u00e7\u00f5es para o Bolsa Idiomas at\u00e9 esta ter\u00e7a-feira"},"content":{"rendered":"\n<p>A Prefeitura de Manaus, por meio da Escola de Servi\u00e7o P\u00fablico Municipal e Inclus\u00e3o Socioeducacional (Espi), vinculada \u00e0 Secretaria Municipal de Administra\u00e7\u00e3o, Planejamento e Gest\u00e3o (Semad),&nbsp;prorrogou, at\u00e9 as 14h desta ter\u00e7a-feira, 2\/4, o prazo para participar do processo seletivo do Programa Bolsa Idiomas (PBI). As inscri\u00e7\u00f5es foram abertas no dia 26\/3 e at\u00e9 as 9h desta segunda-feira, 1\u00ba\/4, 11,5 mil candidatos j\u00e1 haviam conclu\u00eddo o cadastro.<\/p>\n\n\n\n<p>Para este ano, s\u00e3o oferecidas 38.264 bolsas em cursos de l\u00edngua estrangeira em institui\u00e7\u00f5es particulares, com descontos que variam entre 50%, 75% e 100%.<\/p>\n\n\n\n<p>\u201cDe acordo com nosso cronograma, o prazo encerraria \u00e0s 14h de hoje (segunda-feira, 1\u00ba\/4). Como tivemos, nesse per\u00edodo, a Semana Santa, com feriado seguido de s\u00e1bado e domingo, o prefeito David Almeida orientou que estend\u00eassemos o calend\u00e1rio para que mais pessoas possam aproveitar essa oportunidade\u201d, explica o diretor-presidente da Espi, J\u00fanior Nunes.<\/p>\n\n\n\n<p>Para o PBI 2024, a prefeitura teve ades\u00e3o de 16 escolas particulares de l\u00ednguas estrangeiras, com unidades em todas as zonas da cidade, ofertando sete idiomas: ingl\u00eas, espanhol, alem\u00e3o, franc\u00eas, italiano, japon\u00eas e mandarim.<\/p>\n\n\n\n<p>Podem concorrer ao benef\u00edcio, estudantes a partir dos 10 anos de idade, residentes em Manaus. Segundo a legisla\u00e7\u00e3o do programa, \u00e9 necess\u00e1rio estar cursando, ou ter conclu\u00eddo, o ensino fundamental; ter renda per capita (por pessoa residente no im\u00f3vel) n\u00e3o superior a 2,5 sal\u00e1rios m\u00ednimos (R$ 3.530, em valores atuais); e n\u00e3o ser benefici\u00e1rio de programa similar mantido pelo poder p\u00fablico. Benefici\u00e1rios do Bolsa Fam\u00edlia podem se inscrever. N\u00e3o h\u00e1 limita\u00e7\u00e3o de idade m\u00e1xima para participar. &nbsp;&nbsp;&nbsp;<\/p>\n\n\n\n<p>&#8212; &#8212; &#8212;<\/p>\n\n\n\n<p><strong>Texto<\/strong>&nbsp;\u2013 Sandra Monteiro\/Semad<\/p>\n\n\n\n<p><strong>Foto<\/strong>&nbsp;\u2013 Arquivo\/Semad<\/p>\n","protected":false},"excerpt":{"rendered":"","protected":false},"author":23,"featured_media":227118,"comment_status":"closed","ping_status":"closed","sticky":false,"template":"","format":"standard","meta":{"footnotes":""},"categories":[904],"tags":[934,757,77,2299,11112,838],"acf":[],"yoast_head":"<!-- This site is optimized with the Yoast SEO plugin v23.0 - https:\/\/yoast.com\/wordpress\/plugins\/seo\/ -->\n<title>Prefeitura de Manaus prorroga inscri\u00e7\u00f5es para o Bolsa Idiomas at\u00e9 esta ter\u00e7a-feira<\/title>\n<meta name=\"description\" content=\"A Prefeitura de Manaus, por meio da Escola de Servi\u00e7o P\u00fablico Municipal e Inclus\u00e3o Socioeducacional (Espi), vinculada \u00e0 Secretaria Municipal de Administra\u00e7\u00e3o, Planejamento e Gest\u00e3o (Semad), prorrogou, at\u00e9 as 14h desta ter\u00e7a-feira, 2\/4, o prazo para participar do processo seletivo do Programa Bolsa Idiomas (PBI).\" \/>\n<meta name=\"robots\" content=\"index, follow, max-snippet:-1, max-image-preview:large, max-video-preview:-1\" \/>\n<link rel=\"canonical\" href=\"https:\/\/www.manaus.am.gov.br\/semcom\/prorrogacao-pbi\/\" \/>\n<meta property=\"og:locale\" content=\"pt_BR\" \/>\n<meta property=\"og:type\" content=\"article\" \/>\n<meta property=\"og:title\" content=\"Prefeitura de Manaus prorroga inscri\u00e7\u00f5es para o Bolsa Idiomas at\u00e9 esta ter\u00e7a-feira\" \/>\n<meta property=\"og:description\" content=\"A Prefeitura de Manaus, por meio da Escola de Servi\u00e7o P\u00fablico Municipal e Inclus\u00e3o Socioeducacional (Espi), vinculada \u00e0 Secretaria Municipal de Administra\u00e7\u00e3o, Planejamento e Gest\u00e3o (Semad), prorrogou, at\u00e9 as 14h desta ter\u00e7a-feira, 2\/4, o prazo para participar do processo seletivo do Programa Bolsa Idiomas (PBI).\" \/>\n<meta property=\"og:url\" content=\"https:\/\/www.manaus.am.gov.br\/semcom\/prorrogacao-pbi\/\" \/>\n<meta property=\"og:site_name\" content=\"SEMCOM\" \/>\n<meta property=\"article:published_time\" content=\"2024-04-01T16:09:11+00:00\" \/>\n<meta property=\"article:modified_time\" content=\"2024-04-01T16:09:13+00:00\" \/>\n<meta property=\"og:image\" content=\"https:\/\/www.manaus.am.gov.br\/semcom\/wp-content\/uploads\/sites\/5\/2024\/04\/Prorroga-PBI.jpg\" \/>\n\t<meta property=\"og:image:width\" content=\"1620\" \/>\n\t<meta property=\"og:image:height\" content=\"1080\" \/>\n\t<meta property=\"og:image:type\" content=\"image\/jpeg\" \/>\n<meta name=\"author\" content=\"Adriana Costa\" \/>\n<meta name=\"twitter:card\" content=\"summary_large_image\" \/>\n<meta name=\"twitter:label1\" content=\"Written by\" \/>\n\t<meta name=\"twitter:data1\" content=\"Adriana Costa\" \/>\n\t<meta name=\"twitter:label2\" content=\"Est. reading time\" \/>\n\t<meta name=\"twitter:data2\" content=\"2 minutos\" \/>\n<script type=\"application\/ld+json\" class=\"yoast-schema-graph\">{\"@context\":\"https:\/\/schema.org\",\"@graph\":[{\"@type\":\"WebPage\",\"@id\":\"https:\/\/www.manaus.am.gov.br\/semcom\/prorrogacao-pbi\/\",\"url\":\"https:\/\/www.manaus.am.gov.br\/semcom\/prorrogacao-pbi\/\",\"name\":\"Prefeitura de Manaus prorroga inscri\u00e7\u00f5es para o Bolsa Idiomas at\u00e9 esta ter\u00e7a-feira\",\"isPartOf\":{\"@id\":\"https:\/\/www.manaus.am.gov.br\/semcom\/#website\"},\"primaryImageOfPage\":{\"@id\":\"https:\/\/www.manaus.am.gov.br\/semcom\/prorrogacao-pbi\/#primaryimage\"},\"image\":{\"@id\":\"https:\/\/www.manaus.am.gov.br\/semcom\/prorrogacao-pbi\/#primaryimage\"},\"thumbnailUrl\":\"https:\/\/www.manaus.am.gov.br\/semcom\/wp-content\/uploads\/sites\/5\/2024\/04\/Prorroga-PBI.jpg\",\"datePublished\":\"2024-04-01T16:09:11+00:00\",\"dateModified\":\"2024-04-01T16:09:13+00:00\",\"author\":{\"@id\":\"https:\/\/www.manaus.am.gov.br\/semcom\/#\/schema\/person\/4e49f4e267757a06ca072ec61b2b9968\"},\"description\":\"A Prefeitura de Manaus, por meio da Escola de Servi\u00e7o P\u00fablico Municipal e Inclus\u00e3o Socioeducacional (Espi), vinculada \u00e0 Secretaria Municipal de Administra\u00e7\u00e3o, Planejamento e Gest\u00e3o (Semad), prorrogou, at\u00e9 as 14h desta ter\u00e7a-feira, 2\/4, o prazo para participar do processo seletivo do Programa Bolsa Idiomas (PBI).\",\"inLanguage\":\"pt-BR\",\"potentialAction\":[{\"@type\":\"ReadAction\",\"target\":[\"https:\/\/www.manaus.am.gov.br\/semcom\/prorrogacao-pbi\/\"]}]},{\"@type\":\"ImageObject\",\"inLanguage\":\"pt-BR\",\"@id\":\"https:\/\/www.manaus.am.gov.br\/semcom\/prorrogacao-pbi\/#primaryimage\",\"url\":\"https:\/\/www.manaus.am.gov.br\/semcom\/wp-content\/uploads\/sites\/5\/2024\/04\/Prorroga-PBI.jpg\",\"contentUrl\":\"https:\/\/www.manaus.am.gov.br\/semcom\/wp-content\/uploads\/sites\/5\/2024\/04\/Prorroga-PBI.jpg\",\"width\":1620,\"height\":1080},{\"@type\":\"WebSite\",\"@id\":\"https:\/\/www.manaus.am.gov.br\/semcom\/#website\",\"url\":\"https:\/\/www.manaus.am.gov.br\/semcom\/\",\"name\":\"SEMCOM\",\"description\":\"Secretaria Municipal de Comunica\u00e7\u00e3o\",\"potentialAction\":[{\"@type\":\"SearchAction\",\"target\":{\"@type\":\"EntryPoint\",\"urlTemplate\":\"https:\/\/www.manaus.am.gov.br\/semcom\/?s={search_term_string}\"},\"query-input\":\"required name=search_term_string\"}],\"inLanguage\":\"pt-BR\"},{\"@type\":\"Person\",\"@id\":\"https:\/\/www.manaus.am.gov.br\/semcom\/#\/schema\/person\/4e49f4e267757a06ca072ec61b2b9968\",\"name\":\"Adriana Costa\",\"image\":{\"@type\":\"ImageObject\",\"inLanguage\":\"pt-BR\",\"@id\":\"https:\/\/www.manaus.am.gov.br\/semcom\/#\/schema\/person\/image\/\",\"url\":\"https:\/\/secure.gravatar.com\/avatar\/576258617ef7194f718179e766d57bd4?s=96&d=mm&r=g\",\"contentUrl\":\"https:\/\/secure.gravatar.com\/avatar\/576258617ef7194f718179e766d57bd4?s=96&d=mm&r=g\",\"caption\":\"Adriana Costa\"}}]}<\/script>\n<!-- \/ Yoast SEO plugin. -->","yoast_head_json":{"title":"Prefeitura de Manaus prorroga inscri\u00e7\u00f5es para o Bolsa Idiomas at\u00e9 esta ter\u00e7a-feira","description":"A Prefeitura de Manaus, por meio da Escola de Servi\u00e7o P\u00fablico Municipal e Inclus\u00e3o Socioeducacional (Espi), vinculada \u00e0 Secretaria Municipal de Administra\u00e7\u00e3o, Planejamento e Gest\u00e3o (Semad), prorrogou, at\u00e9 as 14h desta ter\u00e7a-feira, 2\/4, o prazo para participar do processo seletivo do Programa Bolsa Idiomas (PBI).","robots":{"index":"index","follow":"follow","max-snippet":"max-snippet:-1","max-image-preview":"max-image-preview:large","max-video-preview":"max-video-preview:-1"},"canonical":"https:\/\/www.manaus.am.gov.br\/semcom\/prorrogacao-pbi\/","og_locale":"pt_BR","og_type":"article","og_title":"Prefeitura de Manaus prorroga inscri\u00e7\u00f5es para o Bolsa Idiomas at\u00e9 esta ter\u00e7a-feira","og_description":"A Prefeitura de Manaus, por meio da Escola de Servi\u00e7o P\u00fablico Municipal e Inclus\u00e3o Socioeducacional (Espi), vinculada \u00e0 Secretaria Municipal de Administra\u00e7\u00e3o, Planejamento e Gest\u00e3o (Semad), prorrogou, at\u00e9 as 14h desta ter\u00e7a-feira, 2\/4, o prazo para participar do processo seletivo do Programa Bolsa Idiomas (PBI).","og_url":"https:\/\/www.manaus.am.gov.br\/semcom\/prorrogacao-pbi\/","og_site_name":"SEMCOM","article_published_time":"2024-04-01T16:09:11+00:00","article_modified_time":"2024-04-01T16:09:13+00:00","og_image":[{"width":1620,"height":1080,"url":"https:\/\/www.manaus.am.gov.br\/semcom\/wp-content\/uploads\/sites\/5\/2024\/04\/Prorroga-PBI.jpg","type":"image\/jpeg"}],"author":"Adriana Costa","twitter_card":"summary_large_image","twitter_misc":{"Written by":"Adriana Costa","Est. reading time":"2 minutos"},"schema":{"@context":"https:\/\/schema.org","@graph":[{"@type":"WebPage","@id":"https:\/\/www.manaus.am.gov.br\/semcom\/prorrogacao-pbi\/","url":"https:\/\/www.manaus.am.gov.br\/semcom\/prorrogacao-pbi\/","name":"Prefeitura de Manaus prorroga inscri\u00e7\u00f5es para o Bolsa Idiomas at\u00e9 esta ter\u00e7a-feira","isPartOf":{"@id":"https:\/\/www.manaus.am.gov.br\/semcom\/#website"},"primaryImageOfPage":{"@id":"https:\/\/www.manaus.am.gov.br\/semcom\/prorrogacao-pbi\/#primaryimage"},"image":{"@id":"https:\/\/www.manaus.am.gov.br\/semcom\/prorrogacao-pbi\/#primaryimage"},"thumbnailUrl":"https:\/\/www.manaus.am.gov.br\/semcom\/wp-content\/uploads\/sites\/5\/2024\/04\/Prorroga-PBI.jpg","datePublished":"2024-04-01T16:09:11+00:00","dateModified":"2024-04-01T16:09:13+00:00","author":{"@id":"https:\/\/www.manaus.am.gov.br\/semcom\/#\/schema\/person\/4e49f4e267757a06ca072ec61b2b9968"},"description":"A Prefeitura de Manaus, por meio da Escola de Servi\u00e7o P\u00fablico Municipal e Inclus\u00e3o Socioeducacional (Espi), vinculada \u00e0 Secretaria Municipal de Administra\u00e7\u00e3o, Planejamento e Gest\u00e3o (Semad), prorrogou, at\u00e9 as 14h desta ter\u00e7a-feira, 2\/4, o prazo para participar do processo seletivo do Programa Bolsa Idiomas (PBI).","inLanguage":"pt-BR","potentialAction":[{"@type":"ReadAction","target":["https:\/\/www.manaus.am.gov.br\/semcom\/prorrogacao-pbi\/"]}]},{"@type":"ImageObject","inLanguage":"pt-BR","@id":"https:\/\/www.manaus.am.gov.br\/semcom\/prorrogacao-pbi\/#primaryimage","url":"https:\/\/www.manaus.am.gov.br\/semcom\/wp-content\/uploads\/sites\/5\/2024\/04\/Prorroga-PBI.jpg","contentUrl":"https:\/\/www.manaus.am.gov.br\/semcom\/wp-content\/uploads\/sites\/5\/2024\/04\/Prorroga-PBI.jpg","width":1620,"height":1080},{"@type":"WebSite","@id":"https:\/\/www.manaus.am.gov.br\/semcom\/#website","url":"https:\/\/www.manaus.am.gov.br\/semcom\/","name":"SEMCOM","description":"Secretaria Municipal de Comunica\u00e7\u00e3o","potentialAction":[{"@type":"SearchAction","target":{"@type":"EntryPoint","urlTemplate":"https:\/\/www.manaus.am.gov.br\/semcom\/?s={search_term_string}"},"query-input":"required name=search_term_string"}],"inLanguage":"pt-BR"},{"@type":"Person","@id":"https:\/\/www.manaus.am.gov.br\/semcom\/#\/schema\/person\/4e49f4e267757a06ca072ec61b2b9968","name":"Adriana Costa","image":{"@type":"ImageObject","inLanguage":"pt-BR","@id":"https:\/\/www.manaus.am.gov.br\/semcom\/#\/schema\/person\/image\/","url":"https:\/\/secure.gravatar.com\/avatar\/576258617ef7194f718179e766d57bd4?s=96&d=mm&r=g","contentUrl":"https:\/\/secure.gravatar.com\/avatar\/576258617ef7194f718179e766d57bd4?s=96&d=mm&r=g","caption":"Adriana Costa"}}]}},"_links":{"self":[{"href":"https:\/\/www.manaus.am.gov.br\/semcom\/wp-json\/wp\/v2\/posts\/227117"}],"collection":[{"href":"https:\/\/www.manaus.am.gov.br\/semcom\/wp-json\/wp\/v2\/posts"}],"about":[{"href":"https:\/\/www.manaus.am.gov.br\/semcom\/wp-json\/wp\/v2\/types\/post"}],"author":[{"embeddable":true,"href":"https:\/\/www.manaus.am.gov.br\/semcom\/wp-json\/wp\/v2\/users\/23"}],"replies":[{"embeddable":true,"href":"https:\/\/www.manaus.am.gov.br\/semcom\/wp-json\/wp\/v2\/comments?post=227117"}],"version-history":[{"count":0,"href":"https:\/\/www.manaus.am.gov.br\/semcom\/wp-json\/wp\/v2\/posts\/227117\/revisions"}],"wp:featuredmedia":[{"embeddable":true,"href":"https:\/\/www.manaus.am.gov.br\/semcom\/wp-json\/wp\/v2\/media\/227118"}],"wp:attachment":[{"href":"https:\/\/www.manaus.am.gov.br\/semcom\/wp-json\/wp\/v2\/media?parent=227117"}],"wp:term":[{"taxonomy":"category","embeddable":true,"href":"https:\/\/www.manaus.am.gov.br\/semcom\/wp-json\/wp\/v2\/categories?post=227117"},{"taxonomy":"post_tag","embeddable":true,"href":"https:\/\/www.manaus.am.gov.br\/semcom\/wp-json\/wp\/v2\/tags?post=227117"}],"curies":[{"name":"wp","href":"https:\/\/api.w.org\/{rel}","templated":true}]}}