{"id":226921,"date":"2024-03-25T15:33:19","date_gmt":"2024-03-25T18:33:19","guid":{"rendered":"https:\/\/www.manaus.am.gov.br\/semcom\/bolsa-idioma-inscricao\/"},"modified":"2024-03-25T15:33:19","modified_gmt":"2024-03-25T18:33:19","slug":"bolsa-idioma-inscricao","status":"publish","type":"post","link":"https:\/\/www.manaus.am.gov.br\/semcom\/bolsa-idioma-inscricao\/","title":{"rendered":"Prefeitura de Manaus abre inscri\u00e7\u00f5es para o Bolsa Idiomas 2024 nesta ter\u00e7a-feira"},"content":{"rendered":"\n<p>A Prefeitura de Manaus abre, \u00e0s 10h, nesta ter\u00e7a-feira, 26\/3, as inscri\u00e7\u00f5es para a edi\u00e7\u00e3o de 2024, do Programa Bolsa Idiomas (PBI). At\u00e9 as 14h do dia 1\u00ba de abril, os interessados em participar do processo seletivo coordenado pela Escola de Servi\u00e7o P\u00fablico Municipal e Inclus\u00e3o Socioeducacional (Espi), \u00f3rg\u00e3o vinculado \u00e0 Secretaria Municipal de administra\u00e7\u00e3o, Planejamento e Gest\u00e3o (Semad), poder\u00e3o acessar o link https:\/\/sgbi.manaus.am.gov.br\/inscricao para preencher as informa\u00e7\u00f5es necess\u00e1rias para a confirma\u00e7\u00e3o da inscri\u00e7\u00e3o.<\/p>\n\n\n\n<p>Poder\u00e3o concorrer ao benef\u00edcio, estudantes a partir dos 10 anos de idade, residentes em Manaus. Segundo a legisla\u00e7\u00e3o do programa, \u00e9 necess\u00e1rio estar cursando, ou ter conclu\u00eddo o ensino fundamental; ter renda per capita n\u00e3o superior a 2,5 sal\u00e1rios m\u00ednimos (R$ 3.530, em valores atuais); e n\u00e3o ser benefici\u00e1rio de programa similar mantido pelo poder p\u00fablico. N\u00e3o h\u00e1 limita\u00e7\u00e3o de idade m\u00e1xima para participar.<\/p>\n\n\n\n<p>O titular da Semad, Ebenezer Bezerra, destaca a import\u00e2ncia dos interessados lerem o edital do PBI, que est\u00e1 dispon\u00edvel para consulta no Di\u00e1rio Oficial do Munic\u00edpio (DOM) do dia 21 de mar\u00e7o.<\/p>\n\n\n\n<p>\u201cO edital \u00e9 como um guia, um \u2018manual de instru\u00e7\u00f5es\u2019 que cont\u00e9m todas as informa\u00e7\u00f5es e orienta\u00e7\u00f5es sobre documenta\u00e7\u00e3o e tudo o que \u00e9 necess\u00e1rio para a pessoa interessada poder preencher adequadamente o formul\u00e1rio de inscri\u00e7\u00e3o, sem correr o risco de n\u00e3o ser classificada. O objetivo do prefeito David Almeida \u00e9 que o maior n\u00famero poss\u00edvel de pessoas, dentro do quantitativo de bolsas, sejam beneficiadas. Por isso, meu conselho \u00e9 para que todos leiam atentamente o edital do programa\u201d, refor\u00e7a o secret\u00e1rio.<\/p>\n\n\n\n<p>Para o PBI 2024, a prefeitura teve ades\u00e3o de 16 escolas particulares de l\u00ednguas estrangeiras, com unidades em todas as zonas da cidade, com a oferta de sete idiomas: ingl\u00eas, espanhol, alem\u00e3o, franc\u00eas, italiano, japon\u00eas e mandarim. Juntas, elas est\u00e3o disponibilizando 38.264 bolsas para cursos de l\u00edngua estrangeira em institui\u00e7\u00f5es particulares, com descontos que variam entre 50%, 75% e 100%.<\/p>\n\n\n\n<p>&#8212; &#8212; &#8212;<\/p>\n\n\n\n<p><strong>Texto<\/strong> \u2013 Sandra Monteiro \/ Semad-Espi<\/p>\n\n\n\n<p><strong>Foto<\/strong> \u2013 Arquivo \/ Semad<\/p>\n","protected":false},"excerpt":{"rendered":"","protected":false},"author":68,"featured_media":226922,"comment_status":"closed","ping_status":"closed","sticky":false,"template":"","format":"standard","meta":{"footnotes":""},"categories":[904],"tags":[148,2299,11058],"acf":[],"yoast_head":"<!-- This site is optimized with the Yoast SEO plugin v23.0 - https:\/\/yoast.com\/wordpress\/plugins\/seo\/ -->\n<title>Prefeitura abre inscri\u00e7\u00f5es para o Bolsa Idiomas 2024<\/title>\n<meta name=\"description\" content=\"A Prefeitura de Manaus abre, \u00e0s 10h, nesta ter\u00e7a-feira, 26\/3, as inscri\u00e7\u00f5es para a edi\u00e7\u00e3o de 2024, do Programa Bolsa Idiomas (PBI).\" \/>\n<meta name=\"robots\" content=\"index, follow, max-snippet:-1, max-image-preview:large, max-video-preview:-1\" \/>\n<link rel=\"canonical\" href=\"https:\/\/www.manaus.am.gov.br\/semcom\/bolsa-idioma-inscricao\/\" \/>\n<meta property=\"og:locale\" content=\"pt_BR\" \/>\n<meta property=\"og:type\" content=\"article\" \/>\n<meta property=\"og:title\" content=\"Prefeitura abre inscri\u00e7\u00f5es para o Bolsa Idiomas 2024\" \/>\n<meta property=\"og:description\" content=\"A Prefeitura de Manaus abre, \u00e0s 10h, nesta ter\u00e7a-feira, 26\/3, as inscri\u00e7\u00f5es para a edi\u00e7\u00e3o de 2024, do Programa Bolsa Idiomas (PBI).\" \/>\n<meta property=\"og:url\" content=\"https:\/\/www.manaus.am.gov.br\/semcom\/bolsa-idioma-inscricao\/\" \/>\n<meta property=\"og:site_name\" content=\"SEMCOM\" \/>\n<meta property=\"article:published_time\" content=\"2024-03-25T18:33:19+00:00\" \/>\n<meta property=\"og:image\" content=\"https:\/\/www.manaus.am.gov.br\/semcom\/wp-content\/uploads\/sites\/5\/2024\/03\/PROCESSO-SELETIVO.jpg\" \/>\n\t<meta property=\"og:image:width\" content=\"800\" \/>\n\t<meta property=\"og:image:height\" content=\"600\" \/>\n\t<meta property=\"og:image:type\" content=\"image\/jpeg\" \/>\n<meta name=\"author\" content=\"bvalente\" \/>\n<meta name=\"twitter:card\" content=\"summary_large_image\" \/>\n<meta name=\"twitter:label1\" content=\"Written by\" \/>\n\t<meta name=\"twitter:data1\" content=\"bvalente\" \/>\n\t<meta name=\"twitter:label2\" content=\"Est. reading time\" \/>\n\t<meta name=\"twitter:data2\" content=\"2 minutos\" \/>\n<script type=\"application\/ld+json\" class=\"yoast-schema-graph\">{\"@context\":\"https:\/\/schema.org\",\"@graph\":[{\"@type\":\"WebPage\",\"@id\":\"https:\/\/www.manaus.am.gov.br\/semcom\/bolsa-idioma-inscricao\/\",\"url\":\"https:\/\/www.manaus.am.gov.br\/semcom\/bolsa-idioma-inscricao\/\",\"name\":\"Prefeitura abre inscri\u00e7\u00f5es para o Bolsa Idiomas 2024\",\"isPartOf\":{\"@id\":\"https:\/\/www.manaus.am.gov.br\/semcom\/#website\"},\"primaryImageOfPage\":{\"@id\":\"https:\/\/www.manaus.am.gov.br\/semcom\/bolsa-idioma-inscricao\/#primaryimage\"},\"image\":{\"@id\":\"https:\/\/www.manaus.am.gov.br\/semcom\/bolsa-idioma-inscricao\/#primaryimage\"},\"thumbnailUrl\":\"https:\/\/www.manaus.am.gov.br\/semcom\/wp-content\/uploads\/sites\/5\/2024\/03\/PROCESSO-SELETIVO.jpg\",\"datePublished\":\"2024-03-25T18:33:19+00:00\",\"dateModified\":\"2024-03-25T18:33:19+00:00\",\"author\":{\"@id\":\"https:\/\/www.manaus.am.gov.br\/semcom\/#\/schema\/person\/466a0e03ae4b6062809046bd560ac955\"},\"description\":\"A Prefeitura de Manaus abre, \u00e0s 10h, nesta ter\u00e7a-feira, 26\/3, as inscri\u00e7\u00f5es para a edi\u00e7\u00e3o de 2024, do Programa Bolsa Idiomas (PBI).\",\"inLanguage\":\"pt-BR\",\"potentialAction\":[{\"@type\":\"ReadAction\",\"target\":[\"https:\/\/www.manaus.am.gov.br\/semcom\/bolsa-idioma-inscricao\/\"]}]},{\"@type\":\"ImageObject\",\"inLanguage\":\"pt-BR\",\"@id\":\"https:\/\/www.manaus.am.gov.br\/semcom\/bolsa-idioma-inscricao\/#primaryimage\",\"url\":\"https:\/\/www.manaus.am.gov.br\/semcom\/wp-content\/uploads\/sites\/5\/2024\/03\/PROCESSO-SELETIVO.jpg\",\"contentUrl\":\"https:\/\/www.manaus.am.gov.br\/semcom\/wp-content\/uploads\/sites\/5\/2024\/03\/PROCESSO-SELETIVO.jpg\",\"width\":800,\"height\":600},{\"@type\":\"WebSite\",\"@id\":\"https:\/\/www.manaus.am.gov.br\/semcom\/#website\",\"url\":\"https:\/\/www.manaus.am.gov.br\/semcom\/\",\"name\":\"SEMCOM\",\"description\":\"Secretaria Municipal de Comunica\u00e7\u00e3o\",\"potentialAction\":[{\"@type\":\"SearchAction\",\"target\":{\"@type\":\"EntryPoint\",\"urlTemplate\":\"https:\/\/www.manaus.am.gov.br\/semcom\/?s={search_term_string}\"},\"query-input\":\"required name=search_term_string\"}],\"inLanguage\":\"pt-BR\"},{\"@type\":\"Person\",\"@id\":\"https:\/\/www.manaus.am.gov.br\/semcom\/#\/schema\/person\/466a0e03ae4b6062809046bd560ac955\",\"name\":\"bvalente\",\"image\":{\"@type\":\"ImageObject\",\"inLanguage\":\"pt-BR\",\"@id\":\"https:\/\/www.manaus.am.gov.br\/semcom\/#\/schema\/person\/image\/\",\"url\":\"https:\/\/secure.gravatar.com\/avatar\/3e69bc2b014bdad41adfec3a39de07d2?s=96&d=mm&r=g\",\"contentUrl\":\"https:\/\/secure.gravatar.com\/avatar\/3e69bc2b014bdad41adfec3a39de07d2?s=96&d=mm&r=g\",\"caption\":\"bvalente\"}}]}<\/script>\n<!-- \/ Yoast SEO plugin. -->","yoast_head_json":{"title":"Prefeitura abre inscri\u00e7\u00f5es para o Bolsa Idiomas 2024","description":"A Prefeitura de Manaus abre, \u00e0s 10h, nesta ter\u00e7a-feira, 26\/3, as inscri\u00e7\u00f5es para a edi\u00e7\u00e3o de 2024, do Programa Bolsa Idiomas (PBI).","robots":{"index":"index","follow":"follow","max-snippet":"max-snippet:-1","max-image-preview":"max-image-preview:large","max-video-preview":"max-video-preview:-1"},"canonical":"https:\/\/www.manaus.am.gov.br\/semcom\/bolsa-idioma-inscricao\/","og_locale":"pt_BR","og_type":"article","og_title":"Prefeitura abre inscri\u00e7\u00f5es para o Bolsa Idiomas 2024","og_description":"A Prefeitura de Manaus abre, \u00e0s 10h, nesta ter\u00e7a-feira, 26\/3, as inscri\u00e7\u00f5es para a edi\u00e7\u00e3o de 2024, do Programa Bolsa Idiomas (PBI).","og_url":"https:\/\/www.manaus.am.gov.br\/semcom\/bolsa-idioma-inscricao\/","og_site_name":"SEMCOM","article_published_time":"2024-03-25T18:33:19+00:00","og_image":[{"width":800,"height":600,"url":"https:\/\/www.manaus.am.gov.br\/semcom\/wp-content\/uploads\/sites\/5\/2024\/03\/PROCESSO-SELETIVO.jpg","type":"image\/jpeg"}],"author":"bvalente","twitter_card":"summary_large_image","twitter_misc":{"Written by":"bvalente","Est. reading time":"2 minutos"},"schema":{"@context":"https:\/\/schema.org","@graph":[{"@type":"WebPage","@id":"https:\/\/www.manaus.am.gov.br\/semcom\/bolsa-idioma-inscricao\/","url":"https:\/\/www.manaus.am.gov.br\/semcom\/bolsa-idioma-inscricao\/","name":"Prefeitura abre inscri\u00e7\u00f5es para o Bolsa Idiomas 2024","isPartOf":{"@id":"https:\/\/www.manaus.am.gov.br\/semcom\/#website"},"primaryImageOfPage":{"@id":"https:\/\/www.manaus.am.gov.br\/semcom\/bolsa-idioma-inscricao\/#primaryimage"},"image":{"@id":"https:\/\/www.manaus.am.gov.br\/semcom\/bolsa-idioma-inscricao\/#primaryimage"},"thumbnailUrl":"https:\/\/www.manaus.am.gov.br\/semcom\/wp-content\/uploads\/sites\/5\/2024\/03\/PROCESSO-SELETIVO.jpg","datePublished":"2024-03-25T18:33:19+00:00","dateModified":"2024-03-25T18:33:19+00:00","author":{"@id":"https:\/\/www.manaus.am.gov.br\/semcom\/#\/schema\/person\/466a0e03ae4b6062809046bd560ac955"},"description":"A Prefeitura de Manaus abre, \u00e0s 10h, nesta ter\u00e7a-feira, 26\/3, as inscri\u00e7\u00f5es para a edi\u00e7\u00e3o de 2024, do Programa Bolsa Idiomas (PBI).","inLanguage":"pt-BR","potentialAction":[{"@type":"ReadAction","target":["https:\/\/www.manaus.am.gov.br\/semcom\/bolsa-idioma-inscricao\/"]}]},{"@type":"ImageObject","inLanguage":"pt-BR","@id":"https:\/\/www.manaus.am.gov.br\/semcom\/bolsa-idioma-inscricao\/#primaryimage","url":"https:\/\/www.manaus.am.gov.br\/semcom\/wp-content\/uploads\/sites\/5\/2024\/03\/PROCESSO-SELETIVO.jpg","contentUrl":"https:\/\/www.manaus.am.gov.br\/semcom\/wp-content\/uploads\/sites\/5\/2024\/03\/PROCESSO-SELETIVO.jpg","width":800,"height":600},{"@type":"WebSite","@id":"https:\/\/www.manaus.am.gov.br\/semcom\/#website","url":"https:\/\/www.manaus.am.gov.br\/semcom\/","name":"SEMCOM","description":"Secretaria Municipal de Comunica\u00e7\u00e3o","potentialAction":[{"@type":"SearchAction","target":{"@type":"EntryPoint","urlTemplate":"https:\/\/www.manaus.am.gov.br\/semcom\/?s={search_term_string}"},"query-input":"required name=search_term_string"}],"inLanguage":"pt-BR"},{"@type":"Person","@id":"https:\/\/www.manaus.am.gov.br\/semcom\/#\/schema\/person\/466a0e03ae4b6062809046bd560ac955","name":"bvalente","image":{"@type":"ImageObject","inLanguage":"pt-BR","@id":"https:\/\/www.manaus.am.gov.br\/semcom\/#\/schema\/person\/image\/","url":"https:\/\/secure.gravatar.com\/avatar\/3e69bc2b014bdad41adfec3a39de07d2?s=96&d=mm&r=g","contentUrl":"https:\/\/secure.gravatar.com\/avatar\/3e69bc2b014bdad41adfec3a39de07d2?s=96&d=mm&r=g","caption":"bvalente"}}]}},"_links":{"self":[{"href":"https:\/\/www.manaus.am.gov.br\/semcom\/wp-json\/wp\/v2\/posts\/226921"}],"collection":[{"href":"https:\/\/www.manaus.am.gov.br\/semcom\/wp-json\/wp\/v2\/posts"}],"about":[{"href":"https:\/\/www.manaus.am.gov.br\/semcom\/wp-json\/wp\/v2\/types\/post"}],"author":[{"embeddable":true,"href":"https:\/\/www.manaus.am.gov.br\/semcom\/wp-json\/wp\/v2\/users\/68"}],"replies":[{"embeddable":true,"href":"https:\/\/www.manaus.am.gov.br\/semcom\/wp-json\/wp\/v2\/comments?post=226921"}],"version-history":[{"count":0,"href":"https:\/\/www.manaus.am.gov.br\/semcom\/wp-json\/wp\/v2\/posts\/226921\/revisions"}],"wp:featuredmedia":[{"embeddable":true,"href":"https:\/\/www.manaus.am.gov.br\/semcom\/wp-json\/wp\/v2\/media\/226922"}],"wp:attachment":[{"href":"https:\/\/www.manaus.am.gov.br\/semcom\/wp-json\/wp\/v2\/media?parent=226921"}],"wp:term":[{"taxonomy":"category","embeddable":true,"href":"https:\/\/www.manaus.am.gov.br\/semcom\/wp-json\/wp\/v2\/categories?post=226921"},{"taxonomy":"post_tag","embeddable":true,"href":"https:\/\/www.manaus.am.gov.br\/semcom\/wp-json\/wp\/v2\/tags?post=226921"}],"curies":[{"name":"wp","href":"https:\/\/api.w.org\/{rel}","templated":true}]}}