{"id":226882,"date":"2024-03-23T15:47:57","date_gmt":"2024-03-23T18:47:57","guid":{"rendered":"https:\/\/www.manaus.am.gov.br\/semcom\/ocorrencias-sabado-23-3\/"},"modified":"2024-03-23T15:47:57","modified_gmt":"2024-03-23T18:47:57","slug":"ocorrencias-sabado-23-3","status":"publish","type":"post","link":"https:\/\/www.manaus.am.gov.br\/semcom\/ocorrencias-sabado-23-3\/","title":{"rendered":"Prefeitura de Manaus atende sete ocorr\u00eancias de chuva na manh\u00e3 deste s\u00e1bado, 23\/3"},"content":{"rendered":"\n<p>A Prefeitura de Manaus, por meio do Centro de Coopera\u00e7\u00e3o da Cidade (CCC), atendeu sete chamadas de ocorr\u00eancias ap\u00f3s as chuvas que atingiram a cidade na manh\u00e3 deste s\u00e1bado, 23\/3.<\/p>\n\n\n\n<p>As demandas foram recebidas pelo Disque 199, um canal direto de comunica\u00e7\u00e3o com a Defesa Civil, operado 24 horas na sede do CCC.<\/p>\n\n\n\n<p>As requisi\u00e7\u00f5es foram repassadas para as equipes de campo da Secretaria Executiva de Prote\u00e7\u00e3o e Defesa Civil Municipal (Sepdec), vinculada \u00e0 Secretaria Municipal de Seguran\u00e7a P\u00fablica e Defesa Social (Semseg), que respondem rapidamente \u00e0s \u00e1reas impactadas.<\/p>\n\n\n\n<p>Com a a\u00e7\u00e3o imediata das autoridades, as ocorr\u00eancias registradas envolvem uma eros\u00e3o e quatro alaga\u00e7\u00f5es na zona Leste, uma solicita\u00e7\u00e3o de vistoria na zona Norte e um rompimento de bueiro na zona Sul.<\/p>\n\n\n\n<p><strong>Atendimento cont\u00ednuo 24 horas<\/strong><\/p>\n\n\n\n<p>A Prefeitura de Manaus enfatiza a permanente disponibilidade do Disque 199 (Defesa Civil), operado no Centro de Coopera\u00e7\u00e3o da Cidade (CCC), para atender prontamente as demandas da comunidade em situa\u00e7\u00f5es emergenciais, funcionando ininterruptamente, 24 horas por dia.<\/p>\n\n\n\n<p>As equipes da Defesa Civil permanecem em atividade para garantir a seguran\u00e7a e o bem-estar dos cidad\u00e3os diante de condi\u00e7\u00f5es clim\u00e1ticas adversas.<\/p>\n\n\n\n<p>&#8212; &#8212; &#8212;<\/p>\n\n\n\n<p><strong>Texto &#8211;<\/strong> Samira El Kebbe \/ CCC<\/p>\n","protected":false},"excerpt":{"rendered":"","protected":false},"author":57,"featured_media":208039,"comment_status":"closed","ping_status":"closed","sticky":false,"template":"","format":"standard","meta":{"footnotes":""},"categories":[6005],"tags":[146,7968,2076,77],"acf":[],"yoast_head":"<!-- This site is optimized with the Yoast SEO plugin v23.0 - https:\/\/yoast.com\/wordpress\/plugins\/seo\/ -->\n<title>PMM atende sete ocorr\u00eancias de chuva na manh\u00e3 deste s\u00e1bado<\/title>\n<meta name=\"description\" content=\"A Prefeitura de Manaus atendeu sete chamadas de ocorr\u00eancias ap\u00f3s as chuvas que atingiram a cidade na manh\u00e3 deste s\u00e1bado, 23\/3.\" \/>\n<meta name=\"robots\" content=\"index, follow, max-snippet:-1, max-image-preview:large, max-video-preview:-1\" \/>\n<link rel=\"canonical\" href=\"https:\/\/www.manaus.am.gov.br\/semcom\/ocorrencias-sabado-23-3\/\" \/>\n<meta property=\"og:locale\" content=\"pt_BR\" \/>\n<meta property=\"og:type\" content=\"article\" \/>\n<meta property=\"og:title\" content=\"PMM atende sete ocorr\u00eancias de chuva na manh\u00e3 deste s\u00e1bado\" \/>\n<meta property=\"og:description\" content=\"A Prefeitura de Manaus atendeu sete chamadas de ocorr\u00eancias ap\u00f3s as chuvas que atingiram a cidade na manh\u00e3 deste s\u00e1bado, 23\/3.\" \/>\n<meta property=\"og:url\" content=\"https:\/\/www.manaus.am.gov.br\/semcom\/ocorrencias-sabado-23-3\/\" \/>\n<meta property=\"og:site_name\" content=\"SEMCOM\" \/>\n<meta property=\"article:published_time\" content=\"2024-03-23T18:47:57+00:00\" \/>\n<meta property=\"og:image\" content=\"https:\/\/www.manaus.am.gov.br\/semcom\/wp-content\/uploads\/sites\/5\/2023\/01\/Nota-1.png\" \/>\n\t<meta property=\"og:image:width\" content=\"900\" \/>\n\t<meta property=\"og:image:height\" content=\"509\" \/>\n\t<meta property=\"og:image:type\" content=\"image\/png\" \/>\n<meta name=\"author\" content=\"Thiago Fernando\" \/>\n<meta name=\"twitter:card\" content=\"summary_large_image\" \/>\n<meta name=\"twitter:label1\" content=\"Written by\" \/>\n\t<meta name=\"twitter:data1\" content=\"Thiago Fernando\" \/>\n\t<meta name=\"twitter:label2\" content=\"Est. reading time\" \/>\n\t<meta name=\"twitter:data2\" content=\"2 minutos\" \/>\n<script type=\"application\/ld+json\" class=\"yoast-schema-graph\">{\"@context\":\"https:\/\/schema.org\",\"@graph\":[{\"@type\":\"WebPage\",\"@id\":\"https:\/\/www.manaus.am.gov.br\/semcom\/ocorrencias-sabado-23-3\/\",\"url\":\"https:\/\/www.manaus.am.gov.br\/semcom\/ocorrencias-sabado-23-3\/\",\"name\":\"PMM atende sete ocorr\u00eancias de chuva na manh\u00e3 deste s\u00e1bado\",\"isPartOf\":{\"@id\":\"https:\/\/www.manaus.am.gov.br\/semcom\/#website\"},\"primaryImageOfPage\":{\"@id\":\"https:\/\/www.manaus.am.gov.br\/semcom\/ocorrencias-sabado-23-3\/#primaryimage\"},\"image\":{\"@id\":\"https:\/\/www.manaus.am.gov.br\/semcom\/ocorrencias-sabado-23-3\/#primaryimage\"},\"thumbnailUrl\":\"https:\/\/www.manaus.am.gov.br\/semcom\/wp-content\/uploads\/sites\/5\/2023\/01\/Nota-1.png\",\"datePublished\":\"2024-03-23T18:47:57+00:00\",\"dateModified\":\"2024-03-23T18:47:57+00:00\",\"author\":{\"@id\":\"https:\/\/www.manaus.am.gov.br\/semcom\/#\/schema\/person\/a5ee5376db6e21af026374b369f30882\"},\"description\":\"A Prefeitura de Manaus atendeu sete chamadas de ocorr\u00eancias ap\u00f3s as chuvas que atingiram a cidade na manh\u00e3 deste s\u00e1bado, 23\/3.\",\"inLanguage\":\"pt-BR\",\"potentialAction\":[{\"@type\":\"ReadAction\",\"target\":[\"https:\/\/www.manaus.am.gov.br\/semcom\/ocorrencias-sabado-23-3\/\"]}]},{\"@type\":\"ImageObject\",\"inLanguage\":\"pt-BR\",\"@id\":\"https:\/\/www.manaus.am.gov.br\/semcom\/ocorrencias-sabado-23-3\/#primaryimage\",\"url\":\"https:\/\/www.manaus.am.gov.br\/semcom\/wp-content\/uploads\/sites\/5\/2023\/01\/Nota-1.png\",\"contentUrl\":\"https:\/\/www.manaus.am.gov.br\/semcom\/wp-content\/uploads\/sites\/5\/2023\/01\/Nota-1.png\",\"width\":900,\"height\":509},{\"@type\":\"WebSite\",\"@id\":\"https:\/\/www.manaus.am.gov.br\/semcom\/#website\",\"url\":\"https:\/\/www.manaus.am.gov.br\/semcom\/\",\"name\":\"SEMCOM\",\"description\":\"Secretaria Municipal de Comunica\u00e7\u00e3o\",\"potentialAction\":[{\"@type\":\"SearchAction\",\"target\":{\"@type\":\"EntryPoint\",\"urlTemplate\":\"https:\/\/www.manaus.am.gov.br\/semcom\/?s={search_term_string}\"},\"query-input\":\"required name=search_term_string\"}],\"inLanguage\":\"pt-BR\"},{\"@type\":\"Person\",\"@id\":\"https:\/\/www.manaus.am.gov.br\/semcom\/#\/schema\/person\/a5ee5376db6e21af026374b369f30882\",\"name\":\"Thiago Fernando\",\"image\":{\"@type\":\"ImageObject\",\"inLanguage\":\"pt-BR\",\"@id\":\"https:\/\/www.manaus.am.gov.br\/semcom\/#\/schema\/person\/image\/\",\"url\":\"https:\/\/secure.gravatar.com\/avatar\/f5aab8722444041451501c077052ac07?s=96&d=mm&r=g\",\"contentUrl\":\"https:\/\/secure.gravatar.com\/avatar\/f5aab8722444041451501c077052ac07?s=96&d=mm&r=g\",\"caption\":\"Thiago Fernando\"}}]}<\/script>\n<!-- \/ Yoast SEO plugin. -->","yoast_head_json":{"title":"PMM atende sete ocorr\u00eancias de chuva na manh\u00e3 deste s\u00e1bado","description":"A Prefeitura de Manaus atendeu sete chamadas de ocorr\u00eancias ap\u00f3s as chuvas que atingiram a cidade na manh\u00e3 deste s\u00e1bado, 23\/3.","robots":{"index":"index","follow":"follow","max-snippet":"max-snippet:-1","max-image-preview":"max-image-preview:large","max-video-preview":"max-video-preview:-1"},"canonical":"https:\/\/www.manaus.am.gov.br\/semcom\/ocorrencias-sabado-23-3\/","og_locale":"pt_BR","og_type":"article","og_title":"PMM atende sete ocorr\u00eancias de chuva na manh\u00e3 deste s\u00e1bado","og_description":"A Prefeitura de Manaus atendeu sete chamadas de ocorr\u00eancias ap\u00f3s as chuvas que atingiram a cidade na manh\u00e3 deste s\u00e1bado, 23\/3.","og_url":"https:\/\/www.manaus.am.gov.br\/semcom\/ocorrencias-sabado-23-3\/","og_site_name":"SEMCOM","article_published_time":"2024-03-23T18:47:57+00:00","og_image":[{"width":900,"height":509,"url":"https:\/\/www.manaus.am.gov.br\/semcom\/wp-content\/uploads\/sites\/5\/2023\/01\/Nota-1.png","type":"image\/png"}],"author":"Thiago Fernando","twitter_card":"summary_large_image","twitter_misc":{"Written by":"Thiago Fernando","Est. reading time":"2 minutos"},"schema":{"@context":"https:\/\/schema.org","@graph":[{"@type":"WebPage","@id":"https:\/\/www.manaus.am.gov.br\/semcom\/ocorrencias-sabado-23-3\/","url":"https:\/\/www.manaus.am.gov.br\/semcom\/ocorrencias-sabado-23-3\/","name":"PMM atende sete ocorr\u00eancias de chuva na manh\u00e3 deste s\u00e1bado","isPartOf":{"@id":"https:\/\/www.manaus.am.gov.br\/semcom\/#website"},"primaryImageOfPage":{"@id":"https:\/\/www.manaus.am.gov.br\/semcom\/ocorrencias-sabado-23-3\/#primaryimage"},"image":{"@id":"https:\/\/www.manaus.am.gov.br\/semcom\/ocorrencias-sabado-23-3\/#primaryimage"},"thumbnailUrl":"https:\/\/www.manaus.am.gov.br\/semcom\/wp-content\/uploads\/sites\/5\/2023\/01\/Nota-1.png","datePublished":"2024-03-23T18:47:57+00:00","dateModified":"2024-03-23T18:47:57+00:00","author":{"@id":"https:\/\/www.manaus.am.gov.br\/semcom\/#\/schema\/person\/a5ee5376db6e21af026374b369f30882"},"description":"A Prefeitura de Manaus atendeu sete chamadas de ocorr\u00eancias ap\u00f3s as chuvas que atingiram a cidade na manh\u00e3 deste s\u00e1bado, 23\/3.","inLanguage":"pt-BR","potentialAction":[{"@type":"ReadAction","target":["https:\/\/www.manaus.am.gov.br\/semcom\/ocorrencias-sabado-23-3\/"]}]},{"@type":"ImageObject","inLanguage":"pt-BR","@id":"https:\/\/www.manaus.am.gov.br\/semcom\/ocorrencias-sabado-23-3\/#primaryimage","url":"https:\/\/www.manaus.am.gov.br\/semcom\/wp-content\/uploads\/sites\/5\/2023\/01\/Nota-1.png","contentUrl":"https:\/\/www.manaus.am.gov.br\/semcom\/wp-content\/uploads\/sites\/5\/2023\/01\/Nota-1.png","width":900,"height":509},{"@type":"WebSite","@id":"https:\/\/www.manaus.am.gov.br\/semcom\/#website","url":"https:\/\/www.manaus.am.gov.br\/semcom\/","name":"SEMCOM","description":"Secretaria Municipal de Comunica\u00e7\u00e3o","potentialAction":[{"@type":"SearchAction","target":{"@type":"EntryPoint","urlTemplate":"https:\/\/www.manaus.am.gov.br\/semcom\/?s={search_term_string}"},"query-input":"required name=search_term_string"}],"inLanguage":"pt-BR"},{"@type":"Person","@id":"https:\/\/www.manaus.am.gov.br\/semcom\/#\/schema\/person\/a5ee5376db6e21af026374b369f30882","name":"Thiago Fernando","image":{"@type":"ImageObject","inLanguage":"pt-BR","@id":"https:\/\/www.manaus.am.gov.br\/semcom\/#\/schema\/person\/image\/","url":"https:\/\/secure.gravatar.com\/avatar\/f5aab8722444041451501c077052ac07?s=96&d=mm&r=g","contentUrl":"https:\/\/secure.gravatar.com\/avatar\/f5aab8722444041451501c077052ac07?s=96&d=mm&r=g","caption":"Thiago Fernando"}}]}},"_links":{"self":[{"href":"https:\/\/www.manaus.am.gov.br\/semcom\/wp-json\/wp\/v2\/posts\/226882"}],"collection":[{"href":"https:\/\/www.manaus.am.gov.br\/semcom\/wp-json\/wp\/v2\/posts"}],"about":[{"href":"https:\/\/www.manaus.am.gov.br\/semcom\/wp-json\/wp\/v2\/types\/post"}],"author":[{"embeddable":true,"href":"https:\/\/www.manaus.am.gov.br\/semcom\/wp-json\/wp\/v2\/users\/57"}],"replies":[{"embeddable":true,"href":"https:\/\/www.manaus.am.gov.br\/semcom\/wp-json\/wp\/v2\/comments?post=226882"}],"version-history":[{"count":0,"href":"https:\/\/www.manaus.am.gov.br\/semcom\/wp-json\/wp\/v2\/posts\/226882\/revisions"}],"wp:featuredmedia":[{"embeddable":true,"href":"https:\/\/www.manaus.am.gov.br\/semcom\/wp-json\/wp\/v2\/media\/208039"}],"wp:attachment":[{"href":"https:\/\/www.manaus.am.gov.br\/semcom\/wp-json\/wp\/v2\/media?parent=226882"}],"wp:term":[{"taxonomy":"category","embeddable":true,"href":"https:\/\/www.manaus.am.gov.br\/semcom\/wp-json\/wp\/v2\/categories?post=226882"},{"taxonomy":"post_tag","embeddable":true,"href":"https:\/\/www.manaus.am.gov.br\/semcom\/wp-json\/wp\/v2\/tags?post=226882"}],"curies":[{"name":"wp","href":"https:\/\/api.w.org\/{rel}","templated":true}]}}