{"id":226825,"date":"2024-03-22T13:09:47","date_gmt":"2024-03-22T17:09:47","guid":{"rendered":"https:\/\/www.manaus.am.gov.br\/semcom\/500-toneladas-asfalto-rua-do-bairro-flores\/"},"modified":"2024-03-22T13:09:47","modified_gmt":"2024-03-22T17:09:47","slug":"500-toneladas-asfalto-rua-do-bairro-flores","status":"publish","type":"post","link":"https:\/\/www.manaus.am.gov.br\/semcom\/500-toneladas-asfalto-rua-do-bairro-flores\/","title":{"rendered":"Prefeitura aplica 500 toneladas de asfalto em rua do bairro Flores ap\u00f3s 15 anos sem manuten\u00e7\u00e3o"},"content":{"rendered":"\n<p>A Prefeitura de Manaus, por meio da Secretaria Municipal de Infraestrutura (Seminf), recapeia, nesta sexta-feira, 22\/3, a rua Parneiras, localizada no bairro Flores, zona Centro-Sul. A a\u00e7\u00e3o faz parte do programa \u201cAsfalta Manaus\u201d, que aplica cerca de 500 toneladas de massa asf\u00e1ltica na via, de 480 metros de extens\u00e3o, ap\u00f3s 15 anos sem manuten\u00e7\u00e3o.<\/p>\n\n\n\n<p>\u201cO prefeito David Almeida determina que as equipes da secretaria de Obras levem asfalto de qualidade para as ruas, como essa de Flores. Os moradores contam que entre 15 e 20 anos nunca viram asfalto, agora imagine as condi\u00e7\u00f5es prec\u00e1rias por onde tinham que passar. \u00c9 nessa miss\u00e3o que trabalhamos todos os dias, levando asfalto por onde ele nunca passou\u201d, afirma o secret\u00e1rio de Obras, Renato Junior.<\/p>\n\n\n\n<p>O aposentado Erivaldo Santana, de 66 anos, mora desde 2010 na \u00e1rea, e s\u00f3 conseguia andar pelas ruas paralelas.<\/p>\n\n\n\n<p>\u201cEu tinha que sair da rua onde eu moro para poder andar nas paralelas, que aqui nem \u00f4nibus passava mais. Est\u00e1vamos desde 2010 nessa dificuldade. Essa \u00e9 a primeira vez que estou vendo asfalto. Obrigado prefeito David Almeida e secret\u00e1rio Renato Junior. Com essa nova gest\u00e3o, a cidade melhorou muito\u201d, relata o morador.<\/p>\n\n\n\n<figure class=\"wp-block-image size-large\"><img loading=\"lazy\" decoding=\"async\" width=\"1024\" height=\"683\" src=\"https:\/\/www.manaus.am.gov.br\/semcom\/wp-content\/uploads\/sites\/5\/2024\/03\/53603899726_cc3bf4453c_k-1024x683.jpg\" alt=\"\" class=\"wp-image-226827\" srcset=\"https:\/\/www.manaus.am.gov.br\/semcom\/wp-content\/uploads\/sites\/5\/2024\/03\/53603899726_cc3bf4453c_k-1024x683.jpg 1024w, https:\/\/www.manaus.am.gov.br\/semcom\/wp-content\/uploads\/sites\/5\/2024\/03\/53603899726_cc3bf4453c_k-300x200.jpg 300w, https:\/\/www.manaus.am.gov.br\/semcom\/wp-content\/uploads\/sites\/5\/2024\/03\/53603899726_cc3bf4453c_k-768x512.jpg 768w, https:\/\/www.manaus.am.gov.br\/semcom\/wp-content\/uploads\/sites\/5\/2024\/03\/53603899726_cc3bf4453c_k-1536x1024.jpg 1536w, https:\/\/www.manaus.am.gov.br\/semcom\/wp-content\/uploads\/sites\/5\/2024\/03\/53603899726_cc3bf4453c_k.jpg 2048w\" sizes=\"(max-width: 1024px) 100vw, 1024px\" \/><\/figure>\n\n\n\n<p>De acordo com a \u00faltima atualiza\u00e7\u00e3o da plataforma on-line \u201cAsfalt\u00f4metro\u201d, 83 ruas foram contempladas no bairro Flores, por meio do programa \u201cAsfalta Manaus\u201d, que recuperou, at\u00e9 o momento, 2.794 ruas na capital.<\/p>\n\n\n\n<p>&#8212; &#8212; &#8212;<\/p>\n\n\n\n<p><strong>Texto<\/strong> &#8211; Rayana Coutinho \/ Seminf<\/p>\n\n\n\n<p><strong>Fotos<\/strong> &#8211; Stephanny Maciel e M\u00e1rcio Melo \/ Seminf<\/p>\n\n\n\n<p><strong>Dispon\u00edvel em<\/strong> &#8211;&nbsp;<a href=\"https:\/\/flic.kr\/s\/aHBqjBinCa\">https:\/\/flic.kr\/s\/aHBqjBinCa<\/a><\/p>\n","protected":false},"excerpt":{"rendered":"","protected":false},"author":39,"featured_media":226826,"comment_status":"closed","ping_status":"closed","sticky":false,"template":"","format":"standard","meta":{"footnotes":""},"categories":[201],"tags":[655,11026,1716,77,1500,11027,33],"acf":[],"yoast_head":"<!-- This site is optimized with the Yoast SEO plugin v23.0 - https:\/\/yoast.com\/wordpress\/plugins\/seo\/ -->\n<title>Prefeitura aplica 500 toneladas de asfalto em rua do bairro Flores<\/title>\n<meta name=\"description\" content=\"Prefeitura de Manaus aplica 500 toneladas de asfalto na rua Parneiras, localizada no bairro Flores, ap\u00f3s 15 anos sem manuten\u00e7\u00e3o.\" \/>\n<meta name=\"robots\" content=\"index, follow, max-snippet:-1, max-image-preview:large, max-video-preview:-1\" \/>\n<link rel=\"canonical\" href=\"https:\/\/www.manaus.am.gov.br\/semcom\/500-toneladas-asfalto-rua-do-bairro-flores\/\" \/>\n<meta property=\"og:locale\" content=\"pt_BR\" \/>\n<meta property=\"og:type\" content=\"article\" \/>\n<meta property=\"og:title\" content=\"Prefeitura aplica 500 toneladas de asfalto em rua do bairro Flores\" \/>\n<meta property=\"og:description\" content=\"Prefeitura de Manaus aplica 500 toneladas de asfalto na rua Parneiras, localizada no bairro Flores, ap\u00f3s 15 anos sem manuten\u00e7\u00e3o.\" \/>\n<meta property=\"og:url\" content=\"https:\/\/www.manaus.am.gov.br\/semcom\/500-toneladas-asfalto-rua-do-bairro-flores\/\" \/>\n<meta property=\"og:site_name\" content=\"SEMCOM\" \/>\n<meta property=\"article:published_time\" content=\"2024-03-22T17:09:47+00:00\" \/>\n<meta property=\"og:image\" content=\"https:\/\/www.manaus.am.gov.br\/semcom\/wp-content\/uploads\/sites\/5\/2024\/03\/53603900221_d1b9890ddb_k.jpg\" \/>\n\t<meta property=\"og:image:width\" content=\"2048\" \/>\n\t<meta property=\"og:image:height\" content=\"1152\" \/>\n\t<meta property=\"og:image:type\" content=\"image\/jpeg\" \/>\n<meta name=\"author\" content=\"Bruna Greco\" \/>\n<meta name=\"twitter:card\" content=\"summary_large_image\" \/>\n<meta name=\"twitter:label1\" content=\"Written by\" \/>\n\t<meta name=\"twitter:data1\" content=\"Bruna Greco\" \/>\n\t<meta name=\"twitter:label2\" content=\"Est. reading time\" \/>\n\t<meta name=\"twitter:data2\" content=\"2 minutos\" \/>\n<script type=\"application\/ld+json\" class=\"yoast-schema-graph\">{\"@context\":\"https:\/\/schema.org\",\"@graph\":[{\"@type\":\"WebPage\",\"@id\":\"https:\/\/www.manaus.am.gov.br\/semcom\/500-toneladas-asfalto-rua-do-bairro-flores\/\",\"url\":\"https:\/\/www.manaus.am.gov.br\/semcom\/500-toneladas-asfalto-rua-do-bairro-flores\/\",\"name\":\"Prefeitura aplica 500 toneladas de asfalto em rua do bairro Flores\",\"isPartOf\":{\"@id\":\"https:\/\/www.manaus.am.gov.br\/semcom\/#website\"},\"primaryImageOfPage\":{\"@id\":\"https:\/\/www.manaus.am.gov.br\/semcom\/500-toneladas-asfalto-rua-do-bairro-flores\/#primaryimage\"},\"image\":{\"@id\":\"https:\/\/www.manaus.am.gov.br\/semcom\/500-toneladas-asfalto-rua-do-bairro-flores\/#primaryimage\"},\"thumbnailUrl\":\"https:\/\/www.manaus.am.gov.br\/semcom\/wp-content\/uploads\/sites\/5\/2024\/03\/53603900221_d1b9890ddb_k.jpg\",\"datePublished\":\"2024-03-22T17:09:47+00:00\",\"dateModified\":\"2024-03-22T17:09:47+00:00\",\"author\":{\"@id\":\"https:\/\/www.manaus.am.gov.br\/semcom\/#\/schema\/person\/05d223aea2bf115f9883a6ff3683d81b\"},\"description\":\"Prefeitura de Manaus aplica 500 toneladas de asfalto na rua Parneiras, localizada no bairro Flores, ap\u00f3s 15 anos sem manuten\u00e7\u00e3o.\",\"inLanguage\":\"pt-BR\",\"potentialAction\":[{\"@type\":\"ReadAction\",\"target\":[\"https:\/\/www.manaus.am.gov.br\/semcom\/500-toneladas-asfalto-rua-do-bairro-flores\/\"]}]},{\"@type\":\"ImageObject\",\"inLanguage\":\"pt-BR\",\"@id\":\"https:\/\/www.manaus.am.gov.br\/semcom\/500-toneladas-asfalto-rua-do-bairro-flores\/#primaryimage\",\"url\":\"https:\/\/www.manaus.am.gov.br\/semcom\/wp-content\/uploads\/sites\/5\/2024\/03\/53603900221_d1b9890ddb_k.jpg\",\"contentUrl\":\"https:\/\/www.manaus.am.gov.br\/semcom\/wp-content\/uploads\/sites\/5\/2024\/03\/53603900221_d1b9890ddb_k.jpg\",\"width\":2048,\"height\":1152,\"caption\":\"#paratodosverem - Imagem a\u00e9rea da rua Parneiras, no bairro Flores, zona Centro-Sul, recebendo servi\u00e7os de recapeamento do programa \\\"Asfalta Manaus\\\"\"},{\"@type\":\"WebSite\",\"@id\":\"https:\/\/www.manaus.am.gov.br\/semcom\/#website\",\"url\":\"https:\/\/www.manaus.am.gov.br\/semcom\/\",\"name\":\"SEMCOM\",\"description\":\"Secretaria Municipal de Comunica\u00e7\u00e3o\",\"potentialAction\":[{\"@type\":\"SearchAction\",\"target\":{\"@type\":\"EntryPoint\",\"urlTemplate\":\"https:\/\/www.manaus.am.gov.br\/semcom\/?s={search_term_string}\"},\"query-input\":\"required name=search_term_string\"}],\"inLanguage\":\"pt-BR\"},{\"@type\":\"Person\",\"@id\":\"https:\/\/www.manaus.am.gov.br\/semcom\/#\/schema\/person\/05d223aea2bf115f9883a6ff3683d81b\",\"name\":\"Bruna Greco\",\"image\":{\"@type\":\"ImageObject\",\"inLanguage\":\"pt-BR\",\"@id\":\"https:\/\/www.manaus.am.gov.br\/semcom\/#\/schema\/person\/image\/\",\"url\":\"https:\/\/secure.gravatar.com\/avatar\/9c877d1a6adc2a055330e5c09a8653ce?s=96&d=mm&r=g\",\"contentUrl\":\"https:\/\/secure.gravatar.com\/avatar\/9c877d1a6adc2a055330e5c09a8653ce?s=96&d=mm&r=g\",\"caption\":\"Bruna Greco\"}}]}<\/script>\n<!-- \/ Yoast SEO plugin. -->","yoast_head_json":{"title":"Prefeitura aplica 500 toneladas de asfalto em rua do bairro Flores","description":"Prefeitura de Manaus aplica 500 toneladas de asfalto na rua Parneiras, localizada no bairro Flores, ap\u00f3s 15 anos sem manuten\u00e7\u00e3o.","robots":{"index":"index","follow":"follow","max-snippet":"max-snippet:-1","max-image-preview":"max-image-preview:large","max-video-preview":"max-video-preview:-1"},"canonical":"https:\/\/www.manaus.am.gov.br\/semcom\/500-toneladas-asfalto-rua-do-bairro-flores\/","og_locale":"pt_BR","og_type":"article","og_title":"Prefeitura aplica 500 toneladas de asfalto em rua do bairro Flores","og_description":"Prefeitura de Manaus aplica 500 toneladas de asfalto na rua Parneiras, localizada no bairro Flores, ap\u00f3s 15 anos sem manuten\u00e7\u00e3o.","og_url":"https:\/\/www.manaus.am.gov.br\/semcom\/500-toneladas-asfalto-rua-do-bairro-flores\/","og_site_name":"SEMCOM","article_published_time":"2024-03-22T17:09:47+00:00","og_image":[{"width":2048,"height":1152,"url":"https:\/\/www.manaus.am.gov.br\/semcom\/wp-content\/uploads\/sites\/5\/2024\/03\/53603900221_d1b9890ddb_k.jpg","type":"image\/jpeg"}],"author":"Bruna Greco","twitter_card":"summary_large_image","twitter_misc":{"Written by":"Bruna Greco","Est. reading time":"2 minutos"},"schema":{"@context":"https:\/\/schema.org","@graph":[{"@type":"WebPage","@id":"https:\/\/www.manaus.am.gov.br\/semcom\/500-toneladas-asfalto-rua-do-bairro-flores\/","url":"https:\/\/www.manaus.am.gov.br\/semcom\/500-toneladas-asfalto-rua-do-bairro-flores\/","name":"Prefeitura aplica 500 toneladas de asfalto em rua do bairro Flores","isPartOf":{"@id":"https:\/\/www.manaus.am.gov.br\/semcom\/#website"},"primaryImageOfPage":{"@id":"https:\/\/www.manaus.am.gov.br\/semcom\/500-toneladas-asfalto-rua-do-bairro-flores\/#primaryimage"},"image":{"@id":"https:\/\/www.manaus.am.gov.br\/semcom\/500-toneladas-asfalto-rua-do-bairro-flores\/#primaryimage"},"thumbnailUrl":"https:\/\/www.manaus.am.gov.br\/semcom\/wp-content\/uploads\/sites\/5\/2024\/03\/53603900221_d1b9890ddb_k.jpg","datePublished":"2024-03-22T17:09:47+00:00","dateModified":"2024-03-22T17:09:47+00:00","author":{"@id":"https:\/\/www.manaus.am.gov.br\/semcom\/#\/schema\/person\/05d223aea2bf115f9883a6ff3683d81b"},"description":"Prefeitura de Manaus aplica 500 toneladas de asfalto na rua Parneiras, localizada no bairro Flores, ap\u00f3s 15 anos sem manuten\u00e7\u00e3o.","inLanguage":"pt-BR","potentialAction":[{"@type":"ReadAction","target":["https:\/\/www.manaus.am.gov.br\/semcom\/500-toneladas-asfalto-rua-do-bairro-flores\/"]}]},{"@type":"ImageObject","inLanguage":"pt-BR","@id":"https:\/\/www.manaus.am.gov.br\/semcom\/500-toneladas-asfalto-rua-do-bairro-flores\/#primaryimage","url":"https:\/\/www.manaus.am.gov.br\/semcom\/wp-content\/uploads\/sites\/5\/2024\/03\/53603900221_d1b9890ddb_k.jpg","contentUrl":"https:\/\/www.manaus.am.gov.br\/semcom\/wp-content\/uploads\/sites\/5\/2024\/03\/53603900221_d1b9890ddb_k.jpg","width":2048,"height":1152,"caption":"#paratodosverem - Imagem a\u00e9rea da rua Parneiras, no bairro Flores, zona Centro-Sul, recebendo servi\u00e7os de recapeamento do programa \"Asfalta Manaus\""},{"@type":"WebSite","@id":"https:\/\/www.manaus.am.gov.br\/semcom\/#website","url":"https:\/\/www.manaus.am.gov.br\/semcom\/","name":"SEMCOM","description":"Secretaria Municipal de Comunica\u00e7\u00e3o","potentialAction":[{"@type":"SearchAction","target":{"@type":"EntryPoint","urlTemplate":"https:\/\/www.manaus.am.gov.br\/semcom\/?s={search_term_string}"},"query-input":"required name=search_term_string"}],"inLanguage":"pt-BR"},{"@type":"Person","@id":"https:\/\/www.manaus.am.gov.br\/semcom\/#\/schema\/person\/05d223aea2bf115f9883a6ff3683d81b","name":"Bruna Greco","image":{"@type":"ImageObject","inLanguage":"pt-BR","@id":"https:\/\/www.manaus.am.gov.br\/semcom\/#\/schema\/person\/image\/","url":"https:\/\/secure.gravatar.com\/avatar\/9c877d1a6adc2a055330e5c09a8653ce?s=96&d=mm&r=g","contentUrl":"https:\/\/secure.gravatar.com\/avatar\/9c877d1a6adc2a055330e5c09a8653ce?s=96&d=mm&r=g","caption":"Bruna Greco"}}]}},"_links":{"self":[{"href":"https:\/\/www.manaus.am.gov.br\/semcom\/wp-json\/wp\/v2\/posts\/226825"}],"collection":[{"href":"https:\/\/www.manaus.am.gov.br\/semcom\/wp-json\/wp\/v2\/posts"}],"about":[{"href":"https:\/\/www.manaus.am.gov.br\/semcom\/wp-json\/wp\/v2\/types\/post"}],"author":[{"embeddable":true,"href":"https:\/\/www.manaus.am.gov.br\/semcom\/wp-json\/wp\/v2\/users\/39"}],"replies":[{"embeddable":true,"href":"https:\/\/www.manaus.am.gov.br\/semcom\/wp-json\/wp\/v2\/comments?post=226825"}],"version-history":[{"count":1,"href":"https:\/\/www.manaus.am.gov.br\/semcom\/wp-json\/wp\/v2\/posts\/226825\/revisions"}],"predecessor-version":[{"id":226828,"href":"https:\/\/www.manaus.am.gov.br\/semcom\/wp-json\/wp\/v2\/posts\/226825\/revisions\/226828"}],"wp:featuredmedia":[{"embeddable":true,"href":"https:\/\/www.manaus.am.gov.br\/semcom\/wp-json\/wp\/v2\/media\/226826"}],"wp:attachment":[{"href":"https:\/\/www.manaus.am.gov.br\/semcom\/wp-json\/wp\/v2\/media?parent=226825"}],"wp:term":[{"taxonomy":"category","embeddable":true,"href":"https:\/\/www.manaus.am.gov.br\/semcom\/wp-json\/wp\/v2\/categories?post=226825"},{"taxonomy":"post_tag","embeddable":true,"href":"https:\/\/www.manaus.am.gov.br\/semcom\/wp-json\/wp\/v2\/tags?post=226825"}],"curies":[{"name":"wp","href":"https:\/\/api.w.org\/{rel}","templated":true}]}}