{"id":226786,"date":"2016-03-14T18:00:20","date_gmt":"2016-03-14T21:00:20","guid":{"rendered":"https:\/\/www.manaus.am.gov.br\/semcom\/procon-manaus-faz-pesquisa-e-aponta-diferenca-de-ate-104-nos-precos-dos-ovos-de-pascoa\/"},"modified":"2024-03-22T09:26:22","modified_gmt":"2024-03-22T12:26:22","slug":"procon-manaus-faz-pesquisa-e-aponta-diferenca-de-ate-104-nos-precos-dos-ovos-de-pascoa","status":"publish","type":"post","link":"https:\/\/www.manaus.am.gov.br\/semcom\/procon-manaus-faz-pesquisa-e-aponta-diferenca-de-ate-104-nos-precos-dos-ovos-de-pascoa\/","title":{"rendered":"Procon Manaus faz pesquisa e aponta diferen\u00e7a de at\u00e9 104% nos pre\u00e7os dos Ovos de P\u00e1scoa"},"content":{"rendered":"<div class=\"wp-block-image\">\n<figure class=\"aligncenter\"><img decoding=\"async\" src=\"https:\/\/www.manaus.am.gov.br\/wp-content\/uploads\/2016\/03\/ovospascoavenda-2.jpg\" alt=\"ovospascoavenda (2)\" class=\"wp-image-21902\"\/><\/figure><\/div>\n\n\n<p>Com a proximidade de uma das principais celebra\u00e7\u00f5es do calend\u00e1rio crist\u00e3o \u2013 a Semana Santa \u2013, a popula\u00e7\u00e3o se depara com uma grande variedade de Ovos de P\u00e1scoa nos supermercados e lojas especializadas. Por isso, a Ouvidoria e Prote\u00e7\u00e3o ao Consumidor (Procon Manaus) realizou pesquisa de pre\u00e7os para orientar os consumidores, detectando uma varia\u00e7\u00e3o de at\u00e9 104% nos ovos de P\u00e1scoa nos estabelecimentos comerciais (ver tabela em anexo).<\/p>\n\n\n\n<p>Com a diversidade de marcas no mercado \u00e9 necess\u00e1rio uma pesquisa por parte do consumidor. \u201cSempre orientamos a pesquisa de pre\u00e7os, pois h\u00e1 varia\u00e7\u00f5es de valores de um estabelecimento para o outro, al\u00e9m disso, o consumidor deve ficar alerta aos prazos de validade. \u00c9 importante que a precifica\u00e7\u00e3o n\u00e3o supere a diferen\u00e7a entre o ovo mais barato e o mais caro, entre 20%\u201d, alertou o coordenador do Procon Manaus, Alessandro Cohen.<\/p>\n\n\n\n<p>Se depender do gosto da crian\u00e7ada, as aten\u00e7\u00f5es se voltam para os que possuem os famosos \u201cbrinquedos-surpresa\u201d. Por\u00e9m, os cuidados devem ser redobrados, inclusive verificando as indica\u00e7\u00f5es da faixa et\u00e1ria, se o brinde n\u00e3o possui pe\u00e7as pequenas demais que ofere\u00e7am riscos \u00e0 sa\u00fade e, principalmente, se h\u00e1 o selo de inspe\u00e7\u00e3o do Inmetro (Instituto de Pesos e Medidas), pois \u00e9 ele que atesta se o produto possui especifica\u00e7\u00f5es para garantir a prote\u00e7\u00e3o e seguran\u00e7a das crian\u00e7as.<\/p>\n\n\n\n<p>A dona de casa, Samara Moutinho Sales, 28, m\u00e3e de Danilo Gabriel de apenas um ano e cinco meses, escolheu um ovo que trazia um brinde, no valor de R$ 34,00. Para ela, o chocolate de tamanho m\u00e9dio valeu o pre\u00e7o por causa do brinquedo. \u201cS\u00f3 o carrinho que veio com o ovo valia o pre\u00e7o. Eu n\u00e3o pagaria esse valor somente por poucas gramas de chocolate. Al\u00e9m do mais, meu filho \u00e9 pequeno e n\u00e3o come chocolate. Ent\u00e3o comemos e dei o brinquedo a ele\u201d, disse.<\/p>\n\n\n\n<p>Em tempos de crise, muitos consumidores tamb\u00e9m d\u00e3o prefer\u00eancia aos Ovos de P\u00e1scoa caseiros por serem os mais baratos. Mas de acordo com o Procon Manaus, \u00e9 necess\u00e1rio sempre saber a proced\u00eancia, higiene, qualidade da mat\u00e9ria-prima e dar prefer\u00eancia aos artes\u00e3os conhecidos ou recomendados.<\/p>\n\n\n\n<h2 class=\"wp-block-heading\">Ovos especiais<\/h2>\n\n\n\n<p>Um alerta importante \u00e9 para as pessoas que possuem intoler\u00e2ncia \u00e0 lactose e ao gl\u00faten. Existem no mercado produtos sem esses ingredientes, assim como para os diab\u00e9ticos. O importante \u00e9 sempre ler no r\u00f3tulo a composi\u00e7\u00e3o dos produtos.<\/p>\n\n\n\n<h2 class=\"wp-block-heading\">Formas de pagamento<\/h2>\n\n\n\n<p>O Procon Manaus tamb\u00e9m orienta que pagamento \u00e0 vista, d\u00e9bito, cr\u00e9dito ou em cheque dever\u00e3o ser cobrados o valor de \u00e0 vista. O comerciante n\u00e3o pode fixar valores m\u00ednimos para a modalidade dos cart\u00f5es ou cheque, orienta o Procon Manaus.<\/p>\n\n\n\n<p>Em caso de d\u00favidas ou den\u00fancias, o consumidor poder\u00e1 dirigir-se a sede da Ouvidoria e Prote\u00e7\u00e3o ao Consumidor (Procon Manaus), localizada na rua Afonso Pena, 38 \u2013 Centro ou ligar 0800 092 0111.<\/p>\n\n\n\n<h2 class=\"wp-block-heading\"><a href=\"https:\/\/www.manaus.am.gov.br\/wp-content\/uploads\/2016\/03\/Ovos-P--scoa-Pre--o-Gramatura.pdf\" rel=\"\">Ovos P\u00e1scoa &#8211; Pre\u00e7o Gramatura<\/a><\/h2>\n\n\n\n<p><strong>Fotos:<\/strong> T\u00e1cio Melo \/ Semcom<\/p>\n","protected":false},"excerpt":{"rendered":"","protected":false},"author":8,"featured_media":0,"comment_status":"closed","ping_status":"open","sticky":false,"template":"","format":"standard","meta":{"footnotes":""},"categories":[44,14],"tags":[],"acf":[],"yoast_head":"<!-- This site is optimized with the Yoast SEO plugin v23.0 - https:\/\/yoast.com\/wordpress\/plugins\/seo\/ -->\n<title>Procon Manaus faz pesquisa e aponta diferen\u00e7a de at\u00e9 104% nos pre\u00e7os dos Ovos de P\u00e1scoa - SEMCOM<\/title>\n<meta name=\"robots\" content=\"index, follow, max-snippet:-1, max-image-preview:large, max-video-preview:-1\" \/>\n<link rel=\"canonical\" href=\"https:\/\/www.manaus.am.gov.br\/semcom\/procon-manaus-faz-pesquisa-e-aponta-diferenca-de-ate-104-nos-precos-dos-ovos-de-pascoa\/\" \/>\n<meta property=\"og:locale\" content=\"pt_BR\" \/>\n<meta property=\"og:type\" content=\"article\" \/>\n<meta property=\"og:title\" content=\"Procon Manaus faz pesquisa e aponta diferen\u00e7a de at\u00e9 104% nos pre\u00e7os dos Ovos de P\u00e1scoa - SEMCOM\" \/>\n<meta property=\"og:url\" content=\"https:\/\/www.manaus.am.gov.br\/semcom\/procon-manaus-faz-pesquisa-e-aponta-diferenca-de-ate-104-nos-precos-dos-ovos-de-pascoa\/\" \/>\n<meta property=\"og:site_name\" content=\"SEMCOM\" \/>\n<meta property=\"article:published_time\" content=\"2016-03-14T21:00:20+00:00\" \/>\n<meta property=\"article:modified_time\" content=\"2024-03-22T12:26:22+00:00\" \/>\n<meta property=\"og:image\" content=\"https:\/\/www.manaus.am.gov.br\/wp-content\/uploads\/2016\/03\/ovospascoavenda-2.jpg\" \/>\n<meta name=\"author\" content=\"Glauber Farias\" \/>\n<meta name=\"twitter:card\" content=\"summary_large_image\" \/>\n<meta name=\"twitter:label1\" content=\"Written by\" \/>\n\t<meta name=\"twitter:data1\" content=\"Glauber Farias\" \/>\n\t<meta name=\"twitter:label2\" content=\"Est. reading time\" \/>\n\t<meta name=\"twitter:data2\" content=\"3 minutos\" \/>\n<script type=\"application\/ld+json\" class=\"yoast-schema-graph\">{\"@context\":\"https:\/\/schema.org\",\"@graph\":[{\"@type\":\"WebPage\",\"@id\":\"https:\/\/www.manaus.am.gov.br\/semcom\/procon-manaus-faz-pesquisa-e-aponta-diferenca-de-ate-104-nos-precos-dos-ovos-de-pascoa\/\",\"url\":\"https:\/\/www.manaus.am.gov.br\/semcom\/procon-manaus-faz-pesquisa-e-aponta-diferenca-de-ate-104-nos-precos-dos-ovos-de-pascoa\/\",\"name\":\"Procon Manaus faz pesquisa e aponta diferen\u00e7a de at\u00e9 104% nos pre\u00e7os dos Ovos de P\u00e1scoa - SEMCOM\",\"isPartOf\":{\"@id\":\"https:\/\/www.manaus.am.gov.br\/semcom\/#website\"},\"primaryImageOfPage\":{\"@id\":\"https:\/\/www.manaus.am.gov.br\/semcom\/procon-manaus-faz-pesquisa-e-aponta-diferenca-de-ate-104-nos-precos-dos-ovos-de-pascoa\/#primaryimage\"},\"image\":{\"@id\":\"https:\/\/www.manaus.am.gov.br\/semcom\/procon-manaus-faz-pesquisa-e-aponta-diferenca-de-ate-104-nos-precos-dos-ovos-de-pascoa\/#primaryimage\"},\"thumbnailUrl\":\"https:\/\/www.manaus.am.gov.br\/wp-content\/uploads\/2016\/03\/ovospascoavenda-2.jpg\",\"datePublished\":\"2016-03-14T21:00:20+00:00\",\"dateModified\":\"2024-03-22T12:26:22+00:00\",\"author\":{\"@id\":\"https:\/\/www.manaus.am.gov.br\/semcom\/#\/schema\/person\/fe69d2249d78e7a3112d42bc34c44a58\"},\"inLanguage\":\"pt-BR\",\"potentialAction\":[{\"@type\":\"ReadAction\",\"target\":[\"https:\/\/www.manaus.am.gov.br\/semcom\/procon-manaus-faz-pesquisa-e-aponta-diferenca-de-ate-104-nos-precos-dos-ovos-de-pascoa\/\"]}]},{\"@type\":\"ImageObject\",\"inLanguage\":\"pt-BR\",\"@id\":\"https:\/\/www.manaus.am.gov.br\/semcom\/procon-manaus-faz-pesquisa-e-aponta-diferenca-de-ate-104-nos-precos-dos-ovos-de-pascoa\/#primaryimage\",\"url\":\"https:\/\/www.manaus.am.gov.br\/wp-content\/uploads\/2016\/03\/ovospascoavenda-2.jpg\",\"contentUrl\":\"https:\/\/www.manaus.am.gov.br\/wp-content\/uploads\/2016\/03\/ovospascoavenda-2.jpg\"},{\"@type\":\"WebSite\",\"@id\":\"https:\/\/www.manaus.am.gov.br\/semcom\/#website\",\"url\":\"https:\/\/www.manaus.am.gov.br\/semcom\/\",\"name\":\"SEMCOM\",\"description\":\"Secretaria Municipal de Comunica\u00e7\u00e3o\",\"potentialAction\":[{\"@type\":\"SearchAction\",\"target\":{\"@type\":\"EntryPoint\",\"urlTemplate\":\"https:\/\/www.manaus.am.gov.br\/semcom\/?s={search_term_string}\"},\"query-input\":\"required name=search_term_string\"}],\"inLanguage\":\"pt-BR\"},{\"@type\":\"Person\",\"@id\":\"https:\/\/www.manaus.am.gov.br\/semcom\/#\/schema\/person\/fe69d2249d78e7a3112d42bc34c44a58\",\"name\":\"Glauber Farias\",\"image\":{\"@type\":\"ImageObject\",\"inLanguage\":\"pt-BR\",\"@id\":\"https:\/\/www.manaus.am.gov.br\/semcom\/#\/schema\/person\/image\/\",\"url\":\"https:\/\/secure.gravatar.com\/avatar\/eb33200ffd19538372f635b2165531c0?s=96&d=mm&r=g\",\"contentUrl\":\"https:\/\/secure.gravatar.com\/avatar\/eb33200ffd19538372f635b2165531c0?s=96&d=mm&r=g\",\"caption\":\"Glauber Farias\"}}]}<\/script>\n<!-- \/ Yoast SEO plugin. -->","yoast_head_json":{"title":"Procon Manaus faz pesquisa e aponta diferen\u00e7a de at\u00e9 104% nos pre\u00e7os dos Ovos de P\u00e1scoa - SEMCOM","robots":{"index":"index","follow":"follow","max-snippet":"max-snippet:-1","max-image-preview":"max-image-preview:large","max-video-preview":"max-video-preview:-1"},"canonical":"https:\/\/www.manaus.am.gov.br\/semcom\/procon-manaus-faz-pesquisa-e-aponta-diferenca-de-ate-104-nos-precos-dos-ovos-de-pascoa\/","og_locale":"pt_BR","og_type":"article","og_title":"Procon Manaus faz pesquisa e aponta diferen\u00e7a de at\u00e9 104% nos pre\u00e7os dos Ovos de P\u00e1scoa - SEMCOM","og_url":"https:\/\/www.manaus.am.gov.br\/semcom\/procon-manaus-faz-pesquisa-e-aponta-diferenca-de-ate-104-nos-precos-dos-ovos-de-pascoa\/","og_site_name":"SEMCOM","article_published_time":"2016-03-14T21:00:20+00:00","article_modified_time":"2024-03-22T12:26:22+00:00","og_image":[{"url":"https:\/\/www.manaus.am.gov.br\/wp-content\/uploads\/2016\/03\/ovospascoavenda-2.jpg"}],"author":"Glauber Farias","twitter_card":"summary_large_image","twitter_misc":{"Written by":"Glauber Farias","Est. reading time":"3 minutos"},"schema":{"@context":"https:\/\/schema.org","@graph":[{"@type":"WebPage","@id":"https:\/\/www.manaus.am.gov.br\/semcom\/procon-manaus-faz-pesquisa-e-aponta-diferenca-de-ate-104-nos-precos-dos-ovos-de-pascoa\/","url":"https:\/\/www.manaus.am.gov.br\/semcom\/procon-manaus-faz-pesquisa-e-aponta-diferenca-de-ate-104-nos-precos-dos-ovos-de-pascoa\/","name":"Procon Manaus faz pesquisa e aponta diferen\u00e7a de at\u00e9 104% nos pre\u00e7os dos Ovos de P\u00e1scoa - SEMCOM","isPartOf":{"@id":"https:\/\/www.manaus.am.gov.br\/semcom\/#website"},"primaryImageOfPage":{"@id":"https:\/\/www.manaus.am.gov.br\/semcom\/procon-manaus-faz-pesquisa-e-aponta-diferenca-de-ate-104-nos-precos-dos-ovos-de-pascoa\/#primaryimage"},"image":{"@id":"https:\/\/www.manaus.am.gov.br\/semcom\/procon-manaus-faz-pesquisa-e-aponta-diferenca-de-ate-104-nos-precos-dos-ovos-de-pascoa\/#primaryimage"},"thumbnailUrl":"https:\/\/www.manaus.am.gov.br\/wp-content\/uploads\/2016\/03\/ovospascoavenda-2.jpg","datePublished":"2016-03-14T21:00:20+00:00","dateModified":"2024-03-22T12:26:22+00:00","author":{"@id":"https:\/\/www.manaus.am.gov.br\/semcom\/#\/schema\/person\/fe69d2249d78e7a3112d42bc34c44a58"},"inLanguage":"pt-BR","potentialAction":[{"@type":"ReadAction","target":["https:\/\/www.manaus.am.gov.br\/semcom\/procon-manaus-faz-pesquisa-e-aponta-diferenca-de-ate-104-nos-precos-dos-ovos-de-pascoa\/"]}]},{"@type":"ImageObject","inLanguage":"pt-BR","@id":"https:\/\/www.manaus.am.gov.br\/semcom\/procon-manaus-faz-pesquisa-e-aponta-diferenca-de-ate-104-nos-precos-dos-ovos-de-pascoa\/#primaryimage","url":"https:\/\/www.manaus.am.gov.br\/wp-content\/uploads\/2016\/03\/ovospascoavenda-2.jpg","contentUrl":"https:\/\/www.manaus.am.gov.br\/wp-content\/uploads\/2016\/03\/ovospascoavenda-2.jpg"},{"@type":"WebSite","@id":"https:\/\/www.manaus.am.gov.br\/semcom\/#website","url":"https:\/\/www.manaus.am.gov.br\/semcom\/","name":"SEMCOM","description":"Secretaria Municipal de Comunica\u00e7\u00e3o","potentialAction":[{"@type":"SearchAction","target":{"@type":"EntryPoint","urlTemplate":"https:\/\/www.manaus.am.gov.br\/semcom\/?s={search_term_string}"},"query-input":"required name=search_term_string"}],"inLanguage":"pt-BR"},{"@type":"Person","@id":"https:\/\/www.manaus.am.gov.br\/semcom\/#\/schema\/person\/fe69d2249d78e7a3112d42bc34c44a58","name":"Glauber Farias","image":{"@type":"ImageObject","inLanguage":"pt-BR","@id":"https:\/\/www.manaus.am.gov.br\/semcom\/#\/schema\/person\/image\/","url":"https:\/\/secure.gravatar.com\/avatar\/eb33200ffd19538372f635b2165531c0?s=96&d=mm&r=g","contentUrl":"https:\/\/secure.gravatar.com\/avatar\/eb33200ffd19538372f635b2165531c0?s=96&d=mm&r=g","caption":"Glauber Farias"}}]}},"_links":{"self":[{"href":"https:\/\/www.manaus.am.gov.br\/semcom\/wp-json\/wp\/v2\/posts\/226786"}],"collection":[{"href":"https:\/\/www.manaus.am.gov.br\/semcom\/wp-json\/wp\/v2\/posts"}],"about":[{"href":"https:\/\/www.manaus.am.gov.br\/semcom\/wp-json\/wp\/v2\/types\/post"}],"author":[{"embeddable":true,"href":"https:\/\/www.manaus.am.gov.br\/semcom\/wp-json\/wp\/v2\/users\/8"}],"replies":[{"embeddable":true,"href":"https:\/\/www.manaus.am.gov.br\/semcom\/wp-json\/wp\/v2\/comments?post=226786"}],"version-history":[{"count":0,"href":"https:\/\/www.manaus.am.gov.br\/semcom\/wp-json\/wp\/v2\/posts\/226786\/revisions"}],"wp:attachment":[{"href":"https:\/\/www.manaus.am.gov.br\/semcom\/wp-json\/wp\/v2\/media?parent=226786"}],"wp:term":[{"taxonomy":"category","embeddable":true,"href":"https:\/\/www.manaus.am.gov.br\/semcom\/wp-json\/wp\/v2\/categories?post=226786"},{"taxonomy":"post_tag","embeddable":true,"href":"https:\/\/www.manaus.am.gov.br\/semcom\/wp-json\/wp\/v2\/tags?post=226786"}],"curies":[{"name":"wp","href":"https:\/\/api.w.org\/{rel}","templated":true}]}}