{"id":226693,"date":"2020-04-09T12:47:08","date_gmt":"2020-04-09T15:47:08","guid":{"rendered":"https:\/\/www.manaus.am.gov.br\/semcom\/consumidores-tem-novo-numero-de-atendimento-por-whatsapp-no-procon-manaus\/"},"modified":"2024-03-21T12:24:15","modified_gmt":"2024-03-21T15:24:15","slug":"consumidores-tem-novo-numero-de-atendimento-por-whatsapp-no-procon-manaus","status":"publish","type":"post","link":"https:\/\/www.manaus.am.gov.br\/semcom\/consumidores-tem-novo-numero-de-atendimento-por-whatsapp-no-procon-manaus\/","title":{"rendered":"Consumidores t\u00eam novo n\u00famero de atendimento por WhatsApp no Procon Manaus"},"content":{"rendered":"\n<p>A Prefeitura de Manaus, por meio da Secretaria Municipal de Defesa do Consumidor e Ouvidoria \u2013 Procon Manaus (Semdec), informa que est\u00e1 com novo n\u00famero para atendimento ao p\u00fablico para retirar d\u00favidas e receber demandas voltadas para a ouvidoria municipal, o (92) 98264-8541. Este n\u00famero recebe apenas mensagens. Para den\u00fancias de consumidores sobre estabelecimentos e outras demandas relacionadas a pre\u00e7os abusivos, o \u00f3rg\u00e3o est\u00e1 disponibilizando o (92) 98842-3030, tamb\u00e9m somente para mensagens de WhatsApp.<\/p>\n\n\n\n<p>Consumidores tamb\u00e9m podem fazer reclama\u00e7\u00f5es on-line em caso de algum preju\u00edzo nas rela\u00e7\u00f5es de consumo entre empresas e servi\u00e7os. Para ter acesso, o usu\u00e1rio precisa acessar o link&nbsp;<a href=\"http:\/\/bit.ly\/ReclamacaoProconManaus\" data-saferedirecturl=\"https:\/\/www.google.com\/url?q=http:\/\/bit.ly\/ReclamacaoProconManaus&amp;source=gmail&amp;ust=1586532181761000&amp;usg=AFQjCNElK-CRuDcnJjiAhOBkp-qWzr_5OA\">bit.ly\/ReclamacaoProconManaus<\/a>, ou acessar o site da Prefeitura de Manaus e verificar o banner do Procon Manaus na barra de servi\u00e7os. O consumidor preenche um formul\u00e1rio com dados pessoais e contato, relatando tamb\u00e9m a situa\u00e7\u00e3o. A partir da\u00ed, um respons\u00e1vel pelo atendimento ir\u00e1 entrar em contato e realizar o procedimento administrativo.<\/p>\n\n\n\n<p>A pasta, por conta do&nbsp;Decreto Municipal n\u00ba 4.789 de 24\/3, que disp\u00f5e sobre o regime de teletrabalho aos agentes p\u00fablicos no \u00e2mbito da Administra\u00e7\u00e3o P\u00fablica Municipal, n\u00e3o est\u00e1 realizando atendimento ao p\u00fablico.<\/p>\n","protected":false},"excerpt":{"rendered":"","protected":false},"author":24,"featured_media":208146,"comment_status":"closed","ping_status":"closed","sticky":false,"template":"","format":"standard","meta":{"footnotes":""},"categories":[9823],"tags":[10983,9825,10984,3142],"acf":[],"yoast_head":"<!-- This site is optimized with the Yoast SEO plugin v23.0 - https:\/\/yoast.com\/wordpress\/plugins\/seo\/ -->\n<title>Consumidores t\u00eam novo n\u00famero de atendimento por WhatsApp no Procon Manaus - SEMCOM<\/title>\n<meta name=\"robots\" content=\"index, follow, max-snippet:-1, max-image-preview:large, max-video-preview:-1\" \/>\n<link rel=\"canonical\" href=\"https:\/\/www.manaus.am.gov.br\/semcom\/consumidores-tem-novo-numero-de-atendimento-por-whatsapp-no-procon-manaus\/\" \/>\n<meta property=\"og:locale\" content=\"pt_BR\" \/>\n<meta property=\"og:type\" content=\"article\" \/>\n<meta property=\"og:title\" content=\"Consumidores t\u00eam novo n\u00famero de atendimento por WhatsApp no Procon Manaus - SEMCOM\" \/>\n<meta property=\"og:url\" content=\"https:\/\/www.manaus.am.gov.br\/semcom\/consumidores-tem-novo-numero-de-atendimento-por-whatsapp-no-procon-manaus\/\" \/>\n<meta property=\"og:site_name\" content=\"SEMCOM\" \/>\n<meta property=\"article:published_time\" content=\"2020-04-09T15:47:08+00:00\" \/>\n<meta property=\"article:modified_time\" content=\"2024-03-21T15:24:15+00:00\" \/>\n<meta property=\"og:image\" content=\"https:\/\/www.manaus.am.gov.br\/semcom\/wp-content\/uploads\/sites\/5\/2023\/01\/Nota.png\" \/>\n\t<meta property=\"og:image:width\" content=\"900\" \/>\n\t<meta property=\"og:image:height\" content=\"509\" \/>\n\t<meta property=\"og:image:type\" content=\"image\/png\" \/>\n<meta name=\"author\" content=\"Cl\u00e1udia Barbosa\" \/>\n<meta name=\"twitter:card\" content=\"summary_large_image\" \/>\n<meta name=\"twitter:label1\" content=\"Written by\" \/>\n\t<meta name=\"twitter:data1\" content=\"Cl\u00e1udia Barbosa\" \/>\n\t<meta name=\"twitter:label2\" content=\"Est. reading time\" \/>\n\t<meta name=\"twitter:data2\" content=\"2 minutos\" \/>\n<script type=\"application\/ld+json\" class=\"yoast-schema-graph\">{\"@context\":\"https:\/\/schema.org\",\"@graph\":[{\"@type\":\"WebPage\",\"@id\":\"https:\/\/www.manaus.am.gov.br\/semcom\/consumidores-tem-novo-numero-de-atendimento-por-whatsapp-no-procon-manaus\/\",\"url\":\"https:\/\/www.manaus.am.gov.br\/semcom\/consumidores-tem-novo-numero-de-atendimento-por-whatsapp-no-procon-manaus\/\",\"name\":\"Consumidores t\u00eam novo n\u00famero de atendimento por WhatsApp no Procon Manaus - SEMCOM\",\"isPartOf\":{\"@id\":\"https:\/\/www.manaus.am.gov.br\/semcom\/#website\"},\"primaryImageOfPage\":{\"@id\":\"https:\/\/www.manaus.am.gov.br\/semcom\/consumidores-tem-novo-numero-de-atendimento-por-whatsapp-no-procon-manaus\/#primaryimage\"},\"image\":{\"@id\":\"https:\/\/www.manaus.am.gov.br\/semcom\/consumidores-tem-novo-numero-de-atendimento-por-whatsapp-no-procon-manaus\/#primaryimage\"},\"thumbnailUrl\":\"https:\/\/www.manaus.am.gov.br\/semcom\/wp-content\/uploads\/sites\/5\/2023\/01\/Nota.png\",\"datePublished\":\"2020-04-09T15:47:08+00:00\",\"dateModified\":\"2024-03-21T15:24:15+00:00\",\"author\":{\"@id\":\"https:\/\/www.manaus.am.gov.br\/semcom\/#\/schema\/person\/d0a166b5031154c33c77794ddc9a827e\"},\"inLanguage\":\"pt-BR\",\"potentialAction\":[{\"@type\":\"ReadAction\",\"target\":[\"https:\/\/www.manaus.am.gov.br\/semcom\/consumidores-tem-novo-numero-de-atendimento-por-whatsapp-no-procon-manaus\/\"]}]},{\"@type\":\"ImageObject\",\"inLanguage\":\"pt-BR\",\"@id\":\"https:\/\/www.manaus.am.gov.br\/semcom\/consumidores-tem-novo-numero-de-atendimento-por-whatsapp-no-procon-manaus\/#primaryimage\",\"url\":\"https:\/\/www.manaus.am.gov.br\/semcom\/wp-content\/uploads\/sites\/5\/2023\/01\/Nota.png\",\"contentUrl\":\"https:\/\/www.manaus.am.gov.br\/semcom\/wp-content\/uploads\/sites\/5\/2023\/01\/Nota.png\",\"width\":900,\"height\":509,\"caption\":\"Nota da Prefeitura de Manaus\"},{\"@type\":\"WebSite\",\"@id\":\"https:\/\/www.manaus.am.gov.br\/semcom\/#website\",\"url\":\"https:\/\/www.manaus.am.gov.br\/semcom\/\",\"name\":\"SEMCOM\",\"description\":\"Secretaria Municipal de Comunica\u00e7\u00e3o\",\"potentialAction\":[{\"@type\":\"SearchAction\",\"target\":{\"@type\":\"EntryPoint\",\"urlTemplate\":\"https:\/\/www.manaus.am.gov.br\/semcom\/?s={search_term_string}\"},\"query-input\":\"required name=search_term_string\"}],\"inLanguage\":\"pt-BR\"},{\"@type\":\"Person\",\"@id\":\"https:\/\/www.manaus.am.gov.br\/semcom\/#\/schema\/person\/d0a166b5031154c33c77794ddc9a827e\",\"name\":\"Cl\u00e1udia Barbosa\",\"image\":{\"@type\":\"ImageObject\",\"inLanguage\":\"pt-BR\",\"@id\":\"https:\/\/www.manaus.am.gov.br\/semcom\/#\/schema\/person\/image\/\",\"url\":\"https:\/\/secure.gravatar.com\/avatar\/42958a1cf007f1a00534009218c72590?s=96&d=mm&r=g\",\"contentUrl\":\"https:\/\/secure.gravatar.com\/avatar\/42958a1cf007f1a00534009218c72590?s=96&d=mm&r=g\",\"caption\":\"Cl\u00e1udia Barbosa\"}}]}<\/script>\n<!-- \/ Yoast SEO plugin. -->","yoast_head_json":{"title":"Consumidores t\u00eam novo n\u00famero de atendimento por WhatsApp no Procon Manaus - SEMCOM","robots":{"index":"index","follow":"follow","max-snippet":"max-snippet:-1","max-image-preview":"max-image-preview:large","max-video-preview":"max-video-preview:-1"},"canonical":"https:\/\/www.manaus.am.gov.br\/semcom\/consumidores-tem-novo-numero-de-atendimento-por-whatsapp-no-procon-manaus\/","og_locale":"pt_BR","og_type":"article","og_title":"Consumidores t\u00eam novo n\u00famero de atendimento por WhatsApp no Procon Manaus - SEMCOM","og_url":"https:\/\/www.manaus.am.gov.br\/semcom\/consumidores-tem-novo-numero-de-atendimento-por-whatsapp-no-procon-manaus\/","og_site_name":"SEMCOM","article_published_time":"2020-04-09T15:47:08+00:00","article_modified_time":"2024-03-21T15:24:15+00:00","og_image":[{"width":900,"height":509,"url":"https:\/\/www.manaus.am.gov.br\/semcom\/wp-content\/uploads\/sites\/5\/2023\/01\/Nota.png","type":"image\/png"}],"author":"Cl\u00e1udia Barbosa","twitter_card":"summary_large_image","twitter_misc":{"Written by":"Cl\u00e1udia Barbosa","Est. reading time":"2 minutos"},"schema":{"@context":"https:\/\/schema.org","@graph":[{"@type":"WebPage","@id":"https:\/\/www.manaus.am.gov.br\/semcom\/consumidores-tem-novo-numero-de-atendimento-por-whatsapp-no-procon-manaus\/","url":"https:\/\/www.manaus.am.gov.br\/semcom\/consumidores-tem-novo-numero-de-atendimento-por-whatsapp-no-procon-manaus\/","name":"Consumidores t\u00eam novo n\u00famero de atendimento por WhatsApp no Procon Manaus - SEMCOM","isPartOf":{"@id":"https:\/\/www.manaus.am.gov.br\/semcom\/#website"},"primaryImageOfPage":{"@id":"https:\/\/www.manaus.am.gov.br\/semcom\/consumidores-tem-novo-numero-de-atendimento-por-whatsapp-no-procon-manaus\/#primaryimage"},"image":{"@id":"https:\/\/www.manaus.am.gov.br\/semcom\/consumidores-tem-novo-numero-de-atendimento-por-whatsapp-no-procon-manaus\/#primaryimage"},"thumbnailUrl":"https:\/\/www.manaus.am.gov.br\/semcom\/wp-content\/uploads\/sites\/5\/2023\/01\/Nota.png","datePublished":"2020-04-09T15:47:08+00:00","dateModified":"2024-03-21T15:24:15+00:00","author":{"@id":"https:\/\/www.manaus.am.gov.br\/semcom\/#\/schema\/person\/d0a166b5031154c33c77794ddc9a827e"},"inLanguage":"pt-BR","potentialAction":[{"@type":"ReadAction","target":["https:\/\/www.manaus.am.gov.br\/semcom\/consumidores-tem-novo-numero-de-atendimento-por-whatsapp-no-procon-manaus\/"]}]},{"@type":"ImageObject","inLanguage":"pt-BR","@id":"https:\/\/www.manaus.am.gov.br\/semcom\/consumidores-tem-novo-numero-de-atendimento-por-whatsapp-no-procon-manaus\/#primaryimage","url":"https:\/\/www.manaus.am.gov.br\/semcom\/wp-content\/uploads\/sites\/5\/2023\/01\/Nota.png","contentUrl":"https:\/\/www.manaus.am.gov.br\/semcom\/wp-content\/uploads\/sites\/5\/2023\/01\/Nota.png","width":900,"height":509,"caption":"Nota da Prefeitura de Manaus"},{"@type":"WebSite","@id":"https:\/\/www.manaus.am.gov.br\/semcom\/#website","url":"https:\/\/www.manaus.am.gov.br\/semcom\/","name":"SEMCOM","description":"Secretaria Municipal de Comunica\u00e7\u00e3o","potentialAction":[{"@type":"SearchAction","target":{"@type":"EntryPoint","urlTemplate":"https:\/\/www.manaus.am.gov.br\/semcom\/?s={search_term_string}"},"query-input":"required name=search_term_string"}],"inLanguage":"pt-BR"},{"@type":"Person","@id":"https:\/\/www.manaus.am.gov.br\/semcom\/#\/schema\/person\/d0a166b5031154c33c77794ddc9a827e","name":"Cl\u00e1udia Barbosa","image":{"@type":"ImageObject","inLanguage":"pt-BR","@id":"https:\/\/www.manaus.am.gov.br\/semcom\/#\/schema\/person\/image\/","url":"https:\/\/secure.gravatar.com\/avatar\/42958a1cf007f1a00534009218c72590?s=96&d=mm&r=g","contentUrl":"https:\/\/secure.gravatar.com\/avatar\/42958a1cf007f1a00534009218c72590?s=96&d=mm&r=g","caption":"Cl\u00e1udia Barbosa"}}]}},"_links":{"self":[{"href":"https:\/\/www.manaus.am.gov.br\/semcom\/wp-json\/wp\/v2\/posts\/226693"}],"collection":[{"href":"https:\/\/www.manaus.am.gov.br\/semcom\/wp-json\/wp\/v2\/posts"}],"about":[{"href":"https:\/\/www.manaus.am.gov.br\/semcom\/wp-json\/wp\/v2\/types\/post"}],"author":[{"embeddable":true,"href":"https:\/\/www.manaus.am.gov.br\/semcom\/wp-json\/wp\/v2\/users\/24"}],"replies":[{"embeddable":true,"href":"https:\/\/www.manaus.am.gov.br\/semcom\/wp-json\/wp\/v2\/comments?post=226693"}],"version-history":[{"count":1,"href":"https:\/\/www.manaus.am.gov.br\/semcom\/wp-json\/wp\/v2\/posts\/226693\/revisions"}],"predecessor-version":[{"id":226702,"href":"https:\/\/www.manaus.am.gov.br\/semcom\/wp-json\/wp\/v2\/posts\/226693\/revisions\/226702"}],"wp:featuredmedia":[{"embeddable":true,"href":"https:\/\/www.manaus.am.gov.br\/semcom\/wp-json\/wp\/v2\/media\/208146"}],"wp:attachment":[{"href":"https:\/\/www.manaus.am.gov.br\/semcom\/wp-json\/wp\/v2\/media?parent=226693"}],"wp:term":[{"taxonomy":"category","embeddable":true,"href":"https:\/\/www.manaus.am.gov.br\/semcom\/wp-json\/wp\/v2\/categories?post=226693"},{"taxonomy":"post_tag","embeddable":true,"href":"https:\/\/www.manaus.am.gov.br\/semcom\/wp-json\/wp\/v2\/tags?post=226693"}],"curies":[{"name":"wp","href":"https:\/\/api.w.org\/{rel}","templated":true}]}}