{"id":225934,"date":"2024-03-05T20:57:26","date_gmt":"2024-03-05T23:57:26","guid":{"rendered":"https:\/\/www.manaus.am.gov.br\/semcom\/manausmed-quase-dobra-numero-de-atendimentos-de-urgencia-realizados-nos-primeiros-meses-de-2024\/"},"modified":"2024-03-05T21:03:06","modified_gmt":"2024-03-06T00:03:06","slug":"manausmed-atendimentos-urgencia-2024","status":"publish","type":"post","link":"https:\/\/www.manaus.am.gov.br\/semcom\/manausmed-atendimentos-urgencia-2024\/","title":{"rendered":"Manausmed quase dobra n\u00famero de atendimentos de urg\u00eancia realizados nos primeiros meses de 2024"},"content":{"rendered":"\n<p>O Servi\u00e7o de Assist\u00eancia \u00e0 Sa\u00fade do Munic\u00edpio de Manaus (Manausmed) registrou aumento na demanda de atendimentos nos primeiros meses de 2024. O n\u00famero de consultas de urg\u00eancia realizadas quase dobrou, saltando de 3.566 realizadas no \u00faltimo bimestre de 2023, para 7.282 no primeiro bimestre deste ano.<\/p>\n\n\n\n<p>No n\u00famero de consultas eletivas, as pr\u00e9-agendadas, tamb\u00e9m houve um aumento significativo, saltando de 16.935 em novembro e dezembro do ano passado, para 18.316 consultas em janeiro e fevereiro deste ano.<\/p>\n\n\n\n<p>O aumento na demanda dos atendimentos de urg\u00eancia tem rela\u00e7\u00e3o com casos de pacientes com quadro de doen\u00e7as card\u00edacas, neurol\u00f3gicas e tamb\u00e9m relacionadas \u00e0 assist\u00eancia pedi\u00e1trica. J\u00e1 o aumento da demanda de consultas eletivas foi ocasionado pelas arboviroses, como dengue, Zika, Chikungunya, al\u00e9m de Covid-19 e H1N1, como explica o subsecret\u00e1rio da Manausmed, C\u00e9sar Marques.<\/p>\n\n\n\n<p>\u201cTivemos um aumento muito grande da quest\u00e3o das doen\u00e7as, tanto das doen\u00e7as autoimunes, como as doen\u00e7as de valor tropical, e tamb\u00e9m as doen\u00e7as respirat\u00f3rias. A gente teve o Covid-19 muito alto, n\u00f3s tivemos H1N1 e, agora, veio a dengue, que ainda n\u00e3o passou. Tivemos, tamb\u00e9m, muitos casos de cirurgias card\u00edacas e neurais\u201d, ressalta Marques.<\/p>\n\n\n\n<p>A virada de ano foi o per\u00edodo que a Manausmed registrou maior impacto no quantitativo de atendimentos, pois o n\u00famero de consultas de urg\u00eancia mais que dobrou, sendo de 114%, saltando de 1.810 realizadas em dezembro, para 3.888 em janeiro. A alta de consultas eletivas foi de 44,8%, saindo de 7.194 para 10.417, no mesmo per\u00edodo.<\/p>\n\n\n\n<p>Em fevereiro, o cen\u00e1rio mudou, com 7.899 consultas eletivas realizadas e 3.394 consultas de urg\u00eancia. Apesar da redu\u00e7\u00e3o, ainda existe uma demanda considerada alta para o per\u00edodo, mas os mais de 28 mil servidores segurados e os mais de 12,7 mil dependentes seguem recebendo toda a assist\u00eancia da Manausmed.<\/p>\n\n\n\n<p>\u201cPortanto, estamos tendo uma demanda muito alta, mas conseguimos dar o tratamento adequado e de qualidade para estar salvando vidas dos nossos segurados\u201d, acrescentou o subsecret\u00e1rio C\u00e9sar Marques.<\/p>\n\n\n\n<p><strong>Cirurgias<\/strong><\/p>\n\n\n\n<p>O n\u00famero de cirurgias autorizadas pelo Manausmed, em 2024, foi de 425, com 203 realizadas em janeiro e 222 em fevereiro. Deste total, 246 s\u00e3o cirurgias eletivas, que s\u00e3o agendadas previamente, e 179 se referem a cirurgias liberadas na urg\u00eancia do pronto-socorro credenciado. Em todo o ano de 2023, a autarquia liberou a realiza\u00e7\u00e3o de 1.521 cirurgias de alta e m\u00e9dia complexidade.<\/p>\n\n\n\n<p>&#8212; &#8212; &#8212;<\/p>\n\n\n\n<p><strong>Texto<\/strong> \u2013 Geral Farias \/ Semcom<\/p>\n\n\n\n<p><strong>Fotos<\/strong> \u2013 Thelson Souza \/ Semad-Manausmed<\/p>\n","protected":false},"excerpt":{"rendered":"","protected":false},"author":61,"featured_media":225935,"comment_status":"closed","ping_status":"closed","sticky":false,"template":"","format":"standard","meta":{"footnotes":""},"categories":[8100],"tags":[1991,1891,77,5089],"acf":[],"yoast_head":"<!-- This site is optimized with the Yoast SEO plugin v23.0 - https:\/\/yoast.com\/wordpress\/plugins\/seo\/ -->\n<title>Manausmed dobra n\u00famero de atendimentos de urg\u00eancia em 2024<\/title>\n<meta name=\"description\" content=\"O Servi\u00e7o de Assist\u00eancia \u00e0 Sa\u00fade do Munic\u00edpio de Manaus (Manausmed) registrou aumento na demanda de atendimentos nos primeiros meses de 2024.\" \/>\n<meta name=\"robots\" content=\"index, follow, max-snippet:-1, max-image-preview:large, max-video-preview:-1\" \/>\n<link rel=\"canonical\" href=\"https:\/\/www.manaus.am.gov.br\/semcom\/manausmed-atendimentos-urgencia-2024\/\" \/>\n<meta property=\"og:locale\" content=\"pt_BR\" \/>\n<meta property=\"og:type\" content=\"article\" \/>\n<meta property=\"og:title\" content=\"Manausmed dobra n\u00famero de atendimentos de urg\u00eancia em 2024\" \/>\n<meta property=\"og:description\" content=\"O Servi\u00e7o de Assist\u00eancia \u00e0 Sa\u00fade do Munic\u00edpio de Manaus (Manausmed) registrou aumento na demanda de atendimentos nos primeiros meses de 2024.\" \/>\n<meta property=\"og:url\" content=\"https:\/\/www.manaus.am.gov.br\/semcom\/manausmed-atendimentos-urgencia-2024\/\" \/>\n<meta property=\"og:site_name\" content=\"SEMCOM\" \/>\n<meta property=\"article:published_time\" content=\"2024-03-05T23:57:26+00:00\" \/>\n<meta property=\"article:modified_time\" content=\"2024-03-06T00:03:06+00:00\" \/>\n<meta property=\"og:image\" content=\"https:\/\/www.manaus.am.gov.br\/semcom\/wp-content\/uploads\/sites\/5\/2024\/03\/Manausmed-1.jpeg\" \/>\n\t<meta property=\"og:image:width\" content=\"1280\" \/>\n\t<meta property=\"og:image:height\" content=\"960\" \/>\n\t<meta property=\"og:image:type\" content=\"image\/jpeg\" \/>\n<meta name=\"author\" content=\"smonteiro\" \/>\n<meta name=\"twitter:card\" content=\"summary_large_image\" \/>\n<meta name=\"twitter:label1\" content=\"Written by\" \/>\n\t<meta name=\"twitter:data1\" content=\"smonteiro\" \/>\n\t<meta name=\"twitter:label2\" content=\"Est. reading time\" \/>\n\t<meta name=\"twitter:data2\" content=\"3 minutos\" \/>\n<script type=\"application\/ld+json\" class=\"yoast-schema-graph\">{\"@context\":\"https:\/\/schema.org\",\"@graph\":[{\"@type\":\"WebPage\",\"@id\":\"https:\/\/www.manaus.am.gov.br\/semcom\/manausmed-atendimentos-urgencia-2024\/\",\"url\":\"https:\/\/www.manaus.am.gov.br\/semcom\/manausmed-atendimentos-urgencia-2024\/\",\"name\":\"Manausmed dobra n\u00famero de atendimentos de urg\u00eancia em 2024\",\"isPartOf\":{\"@id\":\"https:\/\/www.manaus.am.gov.br\/semcom\/#website\"},\"primaryImageOfPage\":{\"@id\":\"https:\/\/www.manaus.am.gov.br\/semcom\/manausmed-atendimentos-urgencia-2024\/#primaryimage\"},\"image\":{\"@id\":\"https:\/\/www.manaus.am.gov.br\/semcom\/manausmed-atendimentos-urgencia-2024\/#primaryimage\"},\"thumbnailUrl\":\"https:\/\/www.manaus.am.gov.br\/semcom\/wp-content\/uploads\/sites\/5\/2024\/03\/Manausmed-1.jpeg\",\"datePublished\":\"2024-03-05T23:57:26+00:00\",\"dateModified\":\"2024-03-06T00:03:06+00:00\",\"author\":{\"@id\":\"https:\/\/www.manaus.am.gov.br\/semcom\/#\/schema\/person\/ab4dcf766a54dff74e8d267f5c591961\"},\"description\":\"O Servi\u00e7o de Assist\u00eancia \u00e0 Sa\u00fade do Munic\u00edpio de Manaus (Manausmed) registrou aumento na demanda de atendimentos nos primeiros meses de 2024.\",\"inLanguage\":\"pt-BR\",\"potentialAction\":[{\"@type\":\"ReadAction\",\"target\":[\"https:\/\/www.manaus.am.gov.br\/semcom\/manausmed-atendimentos-urgencia-2024\/\"]}]},{\"@type\":\"ImageObject\",\"inLanguage\":\"pt-BR\",\"@id\":\"https:\/\/www.manaus.am.gov.br\/semcom\/manausmed-atendimentos-urgencia-2024\/#primaryimage\",\"url\":\"https:\/\/www.manaus.am.gov.br\/semcom\/wp-content\/uploads\/sites\/5\/2024\/03\/Manausmed-1.jpeg\",\"contentUrl\":\"https:\/\/www.manaus.am.gov.br\/semcom\/wp-content\/uploads\/sites\/5\/2024\/03\/Manausmed-1.jpeg\",\"width\":1280,\"height\":960,\"caption\":\"#paratodosverem - fachada do pr\u00e9dio da Semad, onde funciona o Manausmed\"},{\"@type\":\"WebSite\",\"@id\":\"https:\/\/www.manaus.am.gov.br\/semcom\/#website\",\"url\":\"https:\/\/www.manaus.am.gov.br\/semcom\/\",\"name\":\"SEMCOM\",\"description\":\"Secretaria Municipal de Comunica\u00e7\u00e3o\",\"potentialAction\":[{\"@type\":\"SearchAction\",\"target\":{\"@type\":\"EntryPoint\",\"urlTemplate\":\"https:\/\/www.manaus.am.gov.br\/semcom\/?s={search_term_string}\"},\"query-input\":\"required name=search_term_string\"}],\"inLanguage\":\"pt-BR\"},{\"@type\":\"Person\",\"@id\":\"https:\/\/www.manaus.am.gov.br\/semcom\/#\/schema\/person\/ab4dcf766a54dff74e8d267f5c591961\",\"name\":\"smonteiro\",\"image\":{\"@type\":\"ImageObject\",\"inLanguage\":\"pt-BR\",\"@id\":\"https:\/\/www.manaus.am.gov.br\/semcom\/#\/schema\/person\/image\/\",\"url\":\"https:\/\/secure.gravatar.com\/avatar\/21c8776ef61d9272c73322052e042d77?s=96&d=mm&r=g\",\"contentUrl\":\"https:\/\/secure.gravatar.com\/avatar\/21c8776ef61d9272c73322052e042d77?s=96&d=mm&r=g\",\"caption\":\"smonteiro\"}}]}<\/script>\n<!-- \/ Yoast SEO plugin. -->","yoast_head_json":{"title":"Manausmed dobra n\u00famero de atendimentos de urg\u00eancia em 2024","description":"O Servi\u00e7o de Assist\u00eancia \u00e0 Sa\u00fade do Munic\u00edpio de Manaus (Manausmed) registrou aumento na demanda de atendimentos nos primeiros meses de 2024.","robots":{"index":"index","follow":"follow","max-snippet":"max-snippet:-1","max-image-preview":"max-image-preview:large","max-video-preview":"max-video-preview:-1"},"canonical":"https:\/\/www.manaus.am.gov.br\/semcom\/manausmed-atendimentos-urgencia-2024\/","og_locale":"pt_BR","og_type":"article","og_title":"Manausmed dobra n\u00famero de atendimentos de urg\u00eancia em 2024","og_description":"O Servi\u00e7o de Assist\u00eancia \u00e0 Sa\u00fade do Munic\u00edpio de Manaus (Manausmed) registrou aumento na demanda de atendimentos nos primeiros meses de 2024.","og_url":"https:\/\/www.manaus.am.gov.br\/semcom\/manausmed-atendimentos-urgencia-2024\/","og_site_name":"SEMCOM","article_published_time":"2024-03-05T23:57:26+00:00","article_modified_time":"2024-03-06T00:03:06+00:00","og_image":[{"width":1280,"height":960,"url":"https:\/\/www.manaus.am.gov.br\/semcom\/wp-content\/uploads\/sites\/5\/2024\/03\/Manausmed-1.jpeg","type":"image\/jpeg"}],"author":"smonteiro","twitter_card":"summary_large_image","twitter_misc":{"Written by":"smonteiro","Est. reading time":"3 minutos"},"schema":{"@context":"https:\/\/schema.org","@graph":[{"@type":"WebPage","@id":"https:\/\/www.manaus.am.gov.br\/semcom\/manausmed-atendimentos-urgencia-2024\/","url":"https:\/\/www.manaus.am.gov.br\/semcom\/manausmed-atendimentos-urgencia-2024\/","name":"Manausmed dobra n\u00famero de atendimentos de urg\u00eancia em 2024","isPartOf":{"@id":"https:\/\/www.manaus.am.gov.br\/semcom\/#website"},"primaryImageOfPage":{"@id":"https:\/\/www.manaus.am.gov.br\/semcom\/manausmed-atendimentos-urgencia-2024\/#primaryimage"},"image":{"@id":"https:\/\/www.manaus.am.gov.br\/semcom\/manausmed-atendimentos-urgencia-2024\/#primaryimage"},"thumbnailUrl":"https:\/\/www.manaus.am.gov.br\/semcom\/wp-content\/uploads\/sites\/5\/2024\/03\/Manausmed-1.jpeg","datePublished":"2024-03-05T23:57:26+00:00","dateModified":"2024-03-06T00:03:06+00:00","author":{"@id":"https:\/\/www.manaus.am.gov.br\/semcom\/#\/schema\/person\/ab4dcf766a54dff74e8d267f5c591961"},"description":"O Servi\u00e7o de Assist\u00eancia \u00e0 Sa\u00fade do Munic\u00edpio de Manaus (Manausmed) registrou aumento na demanda de atendimentos nos primeiros meses de 2024.","inLanguage":"pt-BR","potentialAction":[{"@type":"ReadAction","target":["https:\/\/www.manaus.am.gov.br\/semcom\/manausmed-atendimentos-urgencia-2024\/"]}]},{"@type":"ImageObject","inLanguage":"pt-BR","@id":"https:\/\/www.manaus.am.gov.br\/semcom\/manausmed-atendimentos-urgencia-2024\/#primaryimage","url":"https:\/\/www.manaus.am.gov.br\/semcom\/wp-content\/uploads\/sites\/5\/2024\/03\/Manausmed-1.jpeg","contentUrl":"https:\/\/www.manaus.am.gov.br\/semcom\/wp-content\/uploads\/sites\/5\/2024\/03\/Manausmed-1.jpeg","width":1280,"height":960,"caption":"#paratodosverem - fachada do pr\u00e9dio da Semad, onde funciona o Manausmed"},{"@type":"WebSite","@id":"https:\/\/www.manaus.am.gov.br\/semcom\/#website","url":"https:\/\/www.manaus.am.gov.br\/semcom\/","name":"SEMCOM","description":"Secretaria Municipal de Comunica\u00e7\u00e3o","potentialAction":[{"@type":"SearchAction","target":{"@type":"EntryPoint","urlTemplate":"https:\/\/www.manaus.am.gov.br\/semcom\/?s={search_term_string}"},"query-input":"required name=search_term_string"}],"inLanguage":"pt-BR"},{"@type":"Person","@id":"https:\/\/www.manaus.am.gov.br\/semcom\/#\/schema\/person\/ab4dcf766a54dff74e8d267f5c591961","name":"smonteiro","image":{"@type":"ImageObject","inLanguage":"pt-BR","@id":"https:\/\/www.manaus.am.gov.br\/semcom\/#\/schema\/person\/image\/","url":"https:\/\/secure.gravatar.com\/avatar\/21c8776ef61d9272c73322052e042d77?s=96&d=mm&r=g","contentUrl":"https:\/\/secure.gravatar.com\/avatar\/21c8776ef61d9272c73322052e042d77?s=96&d=mm&r=g","caption":"smonteiro"}}]}},"_links":{"self":[{"href":"https:\/\/www.manaus.am.gov.br\/semcom\/wp-json\/wp\/v2\/posts\/225934"}],"collection":[{"href":"https:\/\/www.manaus.am.gov.br\/semcom\/wp-json\/wp\/v2\/posts"}],"about":[{"href":"https:\/\/www.manaus.am.gov.br\/semcom\/wp-json\/wp\/v2\/types\/post"}],"author":[{"embeddable":true,"href":"https:\/\/www.manaus.am.gov.br\/semcom\/wp-json\/wp\/v2\/users\/61"}],"replies":[{"embeddable":true,"href":"https:\/\/www.manaus.am.gov.br\/semcom\/wp-json\/wp\/v2\/comments?post=225934"}],"version-history":[{"count":2,"href":"https:\/\/www.manaus.am.gov.br\/semcom\/wp-json\/wp\/v2\/posts\/225934\/revisions"}],"predecessor-version":[{"id":225937,"href":"https:\/\/www.manaus.am.gov.br\/semcom\/wp-json\/wp\/v2\/posts\/225934\/revisions\/225937"}],"wp:featuredmedia":[{"embeddable":true,"href":"https:\/\/www.manaus.am.gov.br\/semcom\/wp-json\/wp\/v2\/media\/225935"}],"wp:attachment":[{"href":"https:\/\/www.manaus.am.gov.br\/semcom\/wp-json\/wp\/v2\/media?parent=225934"}],"wp:term":[{"taxonomy":"category","embeddable":true,"href":"https:\/\/www.manaus.am.gov.br\/semcom\/wp-json\/wp\/v2\/categories?post=225934"},{"taxonomy":"post_tag","embeddable":true,"href":"https:\/\/www.manaus.am.gov.br\/semcom\/wp-json\/wp\/v2\/tags?post=225934"}],"curies":[{"name":"wp","href":"https:\/\/api.w.org\/{rel}","templated":true}]}}