{"id":225166,"date":"2024-02-11T10:38:19","date_gmt":"2024-02-11T13:38:19","guid":{"rendered":"https:\/\/www.manaus.am.gov.br\/semcom\/prefeitura-divulga-edital-de-convocacao\/"},"modified":"2024-02-11T10:41:26","modified_gmt":"2024-02-11T13:41:26","slug":"prefeitura-divulga-edital-de-convocacao","status":"publish","type":"post","link":"https:\/\/www.manaus.am.gov.br\/semcom\/prefeitura-divulga-edital-de-convocacao\/","title":{"rendered":"Prefeitura divulga edital de convoca\u00e7\u00e3o para as provas da primeira etapa do concurso da Guarda Municipal de Manaus"},"content":{"rendered":"\n<p>A Prefeitura de Manaus, por meio da Secretaria Municipal de Administra\u00e7\u00e3o, Planejamento e Gest\u00e3o (Semad), divulgou, na edi\u00e7\u00e3o n\u00ba 5.764 do\u00a0<a href=\"http:\/\/dom.manaus.am.gov.br\/\" target=\"_blank\" rel=\"noreferrer noopener\">Di\u00e1rio Oficial do Munic\u00edpio<\/a>\u00a0(DOM) do dia 9\/2, o edital de convoca\u00e7\u00e3o para as provas da primeira etapa do concurso para a Guarda Municipal de Manaus (GMM), que ser\u00e3o realizadas no dia 18\/2.<\/p>\n\n\n\n<p>O certame disponibilizou 200 vagas, sendo 190 para disputa em ampla concorr\u00eancia e dez para pessoas com defici\u00eancia. O sal\u00e1rio, com os benef\u00edcios, pode chegar a R$ 4.700, para uma jornada de trabalho de 40 horas.<\/p>\n\n\n\n<p>Conforme o edital, o Cart\u00e3o de Convoca\u00e7\u00e3o estar\u00e1 dispon\u00edvel no dia 12\/2, na aba \u201cLocal de Prova\u201d, no site do Instituto Brasileiro de Forma\u00e7\u00e3o e Capacita\u00e7\u00e3o (IBFC), no link&nbsp;<a href=\"http:\/\/www.ibfc.org.br\/\" target=\"_blank\" rel=\"noreferrer noopener\">www.ibfc.org.br<\/a>.<\/p>\n\n\n\n<p>O titular da Semad, Ebenezer Bezerra, orienta os candidatos que confiram todas as informa\u00e7\u00f5es constantes no cart\u00e3o. \u201c\u00c9 muito importante que as pessoas que ir\u00e3o prestar o concurso observem o endere\u00e7o do local onde dever\u00e3o comparecer para realizar as provas, e, principalmente, se atentem aos hor\u00e1rios indicados para evitar transtornos. O ideal \u00e9 que cheguem aos seus locais de prova ao menos uma hora antes do hor\u00e1rio de fechamento dos port\u00f5es\u201d, destaca.<\/p>\n\n\n\n<p>Nessa etapa, ser\u00e3o realizadas as provas objetiva e de reda\u00e7\u00e3o. O in\u00edcio previsto \u00e9 \u00e0s 13h, hor\u00e1rio local. Para isso, os port\u00f5es ser\u00e3o abertos \u00e0s 12h e fechados \u00e0s 12h45. Os candidatos ter\u00e3o 4h30 para a leitura das instru\u00e7\u00f5es, coleta de digital e preenchimento das folhas de respostas.<\/p>\n\n\n\n<p>Ser\u00e1 necess\u00e1rio apresentar documento de identidade com foto, juntamente com o Cart\u00e3o de Convoca\u00e7\u00e3o para a Prova. S\u00f3 ser\u00e3o aceitas canetas esferogr\u00e1ficas de tinta azul ou preta.<\/p>\n\n\n\n<p>A comiss\u00e3o da Semad, respons\u00e1vel pela organiza\u00e7\u00e3o do concurso, e o IBFC destacam que, durante o per\u00edodo de realiza\u00e7\u00e3o das provas, n\u00e3o ser\u00e1 permitido ao candidato o uso de \u00f3culos escuros, bon\u00e9, chap\u00e9u, gorro, len\u00e7o, qualquer tipo de arma ou objetos similares, fazer uso ou portar, mesmo que desligados, telefone celular, rel\u00f3gio, controle de alarme de carro, pendrive, fone de ouvido, calculadora, notebook, iPod, tablet, gravador, ponto eletr\u00f4nico, transmissor\/receptor de mensagens de qualquer tipo ou qualquer outro equipamento eletr\u00f4nico.<\/p>\n\n\n\n<p>O \u00faltimo certame da corpora\u00e7\u00e3o, que em 2023 completou 74 anos de cria\u00e7\u00e3o, ocorreu em 2012. Atualmente, o efetivo \u00e9 de 374 servidores.<\/p>\n\n\n\n<p>&#8212; &#8212; &#8212;<\/p>\n\n\n\n<p><strong>Texto&nbsp;<\/strong>\u2013 Sandra Monteiro \/ Semad<\/p>\n\n\n\n<p><strong>Fotos&nbsp;<\/strong>\u2013 Arquivo \/ Semcom<\/p>\n","protected":false},"excerpt":{"rendered":"","protected":false},"author":52,"featured_media":225167,"comment_status":"closed","ping_status":"closed","sticky":false,"template":"","format":"standard","meta":{"footnotes":""},"categories":[2911],"tags":[282,720,1491,77],"acf":[],"yoast_head":"<!-- This site is optimized with the Yoast SEO plugin v23.0 - https:\/\/yoast.com\/wordpress\/plugins\/seo\/ -->\n<title>Prefeitura divulga edital de convoca\u00e7\u00e3o para as provas da primeira etapa do concurso da Guarda Municipal de Manaus<\/title>\n<meta name=\"description\" content=\"A prefeitura, por meio da Secretaria Municipal de Administra\u00e7\u00e3o, Planejamento e Gest\u00e3o (Semad), divulgou, na edi\u00e7\u00e3o n\u00ba 5.764.\" \/>\n<meta name=\"robots\" content=\"index, follow, max-snippet:-1, max-image-preview:large, max-video-preview:-1\" \/>\n<link rel=\"canonical\" href=\"https:\/\/www.manaus.am.gov.br\/semcom\/prefeitura-divulga-edital-de-convocacao\/\" \/>\n<meta property=\"og:locale\" content=\"pt_BR\" \/>\n<meta property=\"og:type\" content=\"article\" \/>\n<meta property=\"og:title\" content=\"Prefeitura divulga edital de convoca\u00e7\u00e3o para as provas da primeira etapa do concurso da Guarda Municipal de Manaus\" \/>\n<meta property=\"og:description\" content=\"A prefeitura, por meio da Secretaria Municipal de Administra\u00e7\u00e3o, Planejamento e Gest\u00e3o (Semad), divulgou, na edi\u00e7\u00e3o n\u00ba 5.764.\" \/>\n<meta property=\"og:url\" content=\"https:\/\/www.manaus.am.gov.br\/semcom\/prefeitura-divulga-edital-de-convocacao\/\" \/>\n<meta property=\"og:site_name\" content=\"SEMCOM\" \/>\n<meta property=\"article:published_time\" content=\"2024-02-11T13:38:19+00:00\" \/>\n<meta property=\"article:modified_time\" content=\"2024-02-11T13:41:26+00:00\" \/>\n<meta property=\"og:image\" content=\"https:\/\/www.manaus.am.gov.br\/semcom\/wp-content\/uploads\/sites\/5\/2024\/02\/53297834823_87212c4b51_c.jpg\" \/>\n\t<meta property=\"og:image:width\" content=\"799\" \/>\n\t<meta property=\"og:image:height\" content=\"533\" \/>\n\t<meta property=\"og:image:type\" content=\"image\/jpeg\" \/>\n<meta name=\"author\" content=\"csilveira\" \/>\n<meta name=\"twitter:card\" content=\"summary_large_image\" \/>\n<meta name=\"twitter:label1\" content=\"Written by\" \/>\n\t<meta name=\"twitter:data1\" content=\"csilveira\" \/>\n\t<meta name=\"twitter:label2\" content=\"Est. reading time\" \/>\n\t<meta name=\"twitter:data2\" content=\"3 minutos\" \/>\n<script type=\"application\/ld+json\" class=\"yoast-schema-graph\">{\"@context\":\"https:\/\/schema.org\",\"@graph\":[{\"@type\":\"WebPage\",\"@id\":\"https:\/\/www.manaus.am.gov.br\/semcom\/prefeitura-divulga-edital-de-convocacao\/\",\"url\":\"https:\/\/www.manaus.am.gov.br\/semcom\/prefeitura-divulga-edital-de-convocacao\/\",\"name\":\"Prefeitura divulga edital de convoca\u00e7\u00e3o para as provas da primeira etapa do concurso da Guarda Municipal de Manaus\",\"isPartOf\":{\"@id\":\"https:\/\/www.manaus.am.gov.br\/semcom\/#website\"},\"primaryImageOfPage\":{\"@id\":\"https:\/\/www.manaus.am.gov.br\/semcom\/prefeitura-divulga-edital-de-convocacao\/#primaryimage\"},\"image\":{\"@id\":\"https:\/\/www.manaus.am.gov.br\/semcom\/prefeitura-divulga-edital-de-convocacao\/#primaryimage\"},\"thumbnailUrl\":\"https:\/\/www.manaus.am.gov.br\/semcom\/wp-content\/uploads\/sites\/5\/2024\/02\/53297834823_87212c4b51_c.jpg\",\"datePublished\":\"2024-02-11T13:38:19+00:00\",\"dateModified\":\"2024-02-11T13:41:26+00:00\",\"author\":{\"@id\":\"https:\/\/www.manaus.am.gov.br\/semcom\/#\/schema\/person\/bfafc779be2e19b3d3ef4a59d418b606\"},\"description\":\"A prefeitura, por meio da Secretaria Municipal de Administra\u00e7\u00e3o, Planejamento e Gest\u00e3o (Semad), divulgou, na edi\u00e7\u00e3o n\u00ba 5.764.\",\"inLanguage\":\"pt-BR\",\"potentialAction\":[{\"@type\":\"ReadAction\",\"target\":[\"https:\/\/www.manaus.am.gov.br\/semcom\/prefeitura-divulga-edital-de-convocacao\/\"]}]},{\"@type\":\"ImageObject\",\"inLanguage\":\"pt-BR\",\"@id\":\"https:\/\/www.manaus.am.gov.br\/semcom\/prefeitura-divulga-edital-de-convocacao\/#primaryimage\",\"url\":\"https:\/\/www.manaus.am.gov.br\/semcom\/wp-content\/uploads\/sites\/5\/2024\/02\/53297834823_87212c4b51_c.jpg\",\"contentUrl\":\"https:\/\/www.manaus.am.gov.br\/semcom\/wp-content\/uploads\/sites\/5\/2024\/02\/53297834823_87212c4b51_c.jpg\",\"width\":799,\"height\":533},{\"@type\":\"WebSite\",\"@id\":\"https:\/\/www.manaus.am.gov.br\/semcom\/#website\",\"url\":\"https:\/\/www.manaus.am.gov.br\/semcom\/\",\"name\":\"SEMCOM\",\"description\":\"Secretaria Municipal de Comunica\u00e7\u00e3o\",\"potentialAction\":[{\"@type\":\"SearchAction\",\"target\":{\"@type\":\"EntryPoint\",\"urlTemplate\":\"https:\/\/www.manaus.am.gov.br\/semcom\/?s={search_term_string}\"},\"query-input\":\"required name=search_term_string\"}],\"inLanguage\":\"pt-BR\"},{\"@type\":\"Person\",\"@id\":\"https:\/\/www.manaus.am.gov.br\/semcom\/#\/schema\/person\/bfafc779be2e19b3d3ef4a59d418b606\",\"name\":\"csilveira\",\"image\":{\"@type\":\"ImageObject\",\"inLanguage\":\"pt-BR\",\"@id\":\"https:\/\/www.manaus.am.gov.br\/semcom\/#\/schema\/person\/image\/\",\"url\":\"https:\/\/secure.gravatar.com\/avatar\/9c2e2f00138fcd35401c748bd030d3b5?s=96&d=mm&r=g\",\"contentUrl\":\"https:\/\/secure.gravatar.com\/avatar\/9c2e2f00138fcd35401c748bd030d3b5?s=96&d=mm&r=g\",\"caption\":\"csilveira\"}}]}<\/script>\n<!-- \/ Yoast SEO plugin. -->","yoast_head_json":{"title":"Prefeitura divulga edital de convoca\u00e7\u00e3o para as provas da primeira etapa do concurso da Guarda Municipal de Manaus","description":"A prefeitura, por meio da Secretaria Municipal de Administra\u00e7\u00e3o, Planejamento e Gest\u00e3o (Semad), divulgou, na edi\u00e7\u00e3o n\u00ba 5.764.","robots":{"index":"index","follow":"follow","max-snippet":"max-snippet:-1","max-image-preview":"max-image-preview:large","max-video-preview":"max-video-preview:-1"},"canonical":"https:\/\/www.manaus.am.gov.br\/semcom\/prefeitura-divulga-edital-de-convocacao\/","og_locale":"pt_BR","og_type":"article","og_title":"Prefeitura divulga edital de convoca\u00e7\u00e3o para as provas da primeira etapa do concurso da Guarda Municipal de Manaus","og_description":"A prefeitura, por meio da Secretaria Municipal de Administra\u00e7\u00e3o, Planejamento e Gest\u00e3o (Semad), divulgou, na edi\u00e7\u00e3o n\u00ba 5.764.","og_url":"https:\/\/www.manaus.am.gov.br\/semcom\/prefeitura-divulga-edital-de-convocacao\/","og_site_name":"SEMCOM","article_published_time":"2024-02-11T13:38:19+00:00","article_modified_time":"2024-02-11T13:41:26+00:00","og_image":[{"width":799,"height":533,"url":"https:\/\/www.manaus.am.gov.br\/semcom\/wp-content\/uploads\/sites\/5\/2024\/02\/53297834823_87212c4b51_c.jpg","type":"image\/jpeg"}],"author":"csilveira","twitter_card":"summary_large_image","twitter_misc":{"Written by":"csilveira","Est. reading time":"3 minutos"},"schema":{"@context":"https:\/\/schema.org","@graph":[{"@type":"WebPage","@id":"https:\/\/www.manaus.am.gov.br\/semcom\/prefeitura-divulga-edital-de-convocacao\/","url":"https:\/\/www.manaus.am.gov.br\/semcom\/prefeitura-divulga-edital-de-convocacao\/","name":"Prefeitura divulga edital de convoca\u00e7\u00e3o para as provas da primeira etapa do concurso da Guarda Municipal de Manaus","isPartOf":{"@id":"https:\/\/www.manaus.am.gov.br\/semcom\/#website"},"primaryImageOfPage":{"@id":"https:\/\/www.manaus.am.gov.br\/semcom\/prefeitura-divulga-edital-de-convocacao\/#primaryimage"},"image":{"@id":"https:\/\/www.manaus.am.gov.br\/semcom\/prefeitura-divulga-edital-de-convocacao\/#primaryimage"},"thumbnailUrl":"https:\/\/www.manaus.am.gov.br\/semcom\/wp-content\/uploads\/sites\/5\/2024\/02\/53297834823_87212c4b51_c.jpg","datePublished":"2024-02-11T13:38:19+00:00","dateModified":"2024-02-11T13:41:26+00:00","author":{"@id":"https:\/\/www.manaus.am.gov.br\/semcom\/#\/schema\/person\/bfafc779be2e19b3d3ef4a59d418b606"},"description":"A prefeitura, por meio da Secretaria Municipal de Administra\u00e7\u00e3o, Planejamento e Gest\u00e3o (Semad), divulgou, na edi\u00e7\u00e3o n\u00ba 5.764.","inLanguage":"pt-BR","potentialAction":[{"@type":"ReadAction","target":["https:\/\/www.manaus.am.gov.br\/semcom\/prefeitura-divulga-edital-de-convocacao\/"]}]},{"@type":"ImageObject","inLanguage":"pt-BR","@id":"https:\/\/www.manaus.am.gov.br\/semcom\/prefeitura-divulga-edital-de-convocacao\/#primaryimage","url":"https:\/\/www.manaus.am.gov.br\/semcom\/wp-content\/uploads\/sites\/5\/2024\/02\/53297834823_87212c4b51_c.jpg","contentUrl":"https:\/\/www.manaus.am.gov.br\/semcom\/wp-content\/uploads\/sites\/5\/2024\/02\/53297834823_87212c4b51_c.jpg","width":799,"height":533},{"@type":"WebSite","@id":"https:\/\/www.manaus.am.gov.br\/semcom\/#website","url":"https:\/\/www.manaus.am.gov.br\/semcom\/","name":"SEMCOM","description":"Secretaria Municipal de Comunica\u00e7\u00e3o","potentialAction":[{"@type":"SearchAction","target":{"@type":"EntryPoint","urlTemplate":"https:\/\/www.manaus.am.gov.br\/semcom\/?s={search_term_string}"},"query-input":"required name=search_term_string"}],"inLanguage":"pt-BR"},{"@type":"Person","@id":"https:\/\/www.manaus.am.gov.br\/semcom\/#\/schema\/person\/bfafc779be2e19b3d3ef4a59d418b606","name":"csilveira","image":{"@type":"ImageObject","inLanguage":"pt-BR","@id":"https:\/\/www.manaus.am.gov.br\/semcom\/#\/schema\/person\/image\/","url":"https:\/\/secure.gravatar.com\/avatar\/9c2e2f00138fcd35401c748bd030d3b5?s=96&d=mm&r=g","contentUrl":"https:\/\/secure.gravatar.com\/avatar\/9c2e2f00138fcd35401c748bd030d3b5?s=96&d=mm&r=g","caption":"csilveira"}}]}},"_links":{"self":[{"href":"https:\/\/www.manaus.am.gov.br\/semcom\/wp-json\/wp\/v2\/posts\/225166"}],"collection":[{"href":"https:\/\/www.manaus.am.gov.br\/semcom\/wp-json\/wp\/v2\/posts"}],"about":[{"href":"https:\/\/www.manaus.am.gov.br\/semcom\/wp-json\/wp\/v2\/types\/post"}],"author":[{"embeddable":true,"href":"https:\/\/www.manaus.am.gov.br\/semcom\/wp-json\/wp\/v2\/users\/52"}],"replies":[{"embeddable":true,"href":"https:\/\/www.manaus.am.gov.br\/semcom\/wp-json\/wp\/v2\/comments?post=225166"}],"version-history":[{"count":1,"href":"https:\/\/www.manaus.am.gov.br\/semcom\/wp-json\/wp\/v2\/posts\/225166\/revisions"}],"predecessor-version":[{"id":225168,"href":"https:\/\/www.manaus.am.gov.br\/semcom\/wp-json\/wp\/v2\/posts\/225166\/revisions\/225168"}],"wp:featuredmedia":[{"embeddable":true,"href":"https:\/\/www.manaus.am.gov.br\/semcom\/wp-json\/wp\/v2\/media\/225167"}],"wp:attachment":[{"href":"https:\/\/www.manaus.am.gov.br\/semcom\/wp-json\/wp\/v2\/media?parent=225166"}],"wp:term":[{"taxonomy":"category","embeddable":true,"href":"https:\/\/www.manaus.am.gov.br\/semcom\/wp-json\/wp\/v2\/categories?post=225166"},{"taxonomy":"post_tag","embeddable":true,"href":"https:\/\/www.manaus.am.gov.br\/semcom\/wp-json\/wp\/v2\/tags?post=225166"}],"curies":[{"name":"wp","href":"https:\/\/api.w.org\/{rel}","templated":true}]}}