{"id":225138,"date":"2024-02-09T13:08:24","date_gmt":"2024-02-09T16:08:24","guid":{"rendered":"https:\/\/www.manaus.am.gov.br\/semcom\/prefeitura-rede-brasileira-urbanismo\/"},"modified":"2024-02-09T13:09:04","modified_gmt":"2024-02-09T16:09:04","slug":"prefeitura-rede-brasileira-urbanismo","status":"publish","type":"post","link":"https:\/\/www.manaus.am.gov.br\/semcom\/prefeitura-rede-brasileira-urbanismo\/","title":{"rendered":"Prefeitura de Manaus passa a integrar Rede Brasileira de Urbanismo em \u00c1reas Centrais"},"content":{"rendered":"\n<p>Com foco na troca de experi\u00eancias e coopera\u00e7\u00e3o m\u00fatua entre cidades com programas focados na reabilita\u00e7\u00e3o e revitaliza\u00e7\u00e3o de centros hist\u00f3ricos, a Prefeitura de Manaus est\u00e1 integrando a nova Rede Brasileira de Urbanismo em \u00c1reas Centrais, que re\u00fane secret\u00e1rios e gestores de 9 capitais de todas as regi\u00f5es do Brasil.<\/p>\n\n\n\n<p>Manaus, via Instituto Municipal de Planejamento Urbano (Implurb), participa da iniciativa com reuni\u00f5es virtuais e apresenta\u00e7\u00e3o de&nbsp;<em>cases<\/em>&nbsp;e projetos. A rede dever\u00e1 ser formalizada durante o primeiro encontro do grupo, no m\u00eas de abril, em Recife (PE).<\/p>\n\n\n\n<p>A rede brasileira tem foco, de in\u00edcio, em uma coopera\u00e7\u00e3o entre as cidades Recife, Manaus, Salvador (BA), S\u00e3o Lu\u00eds (MA), Belo Horizonte (MG), Campo Grande (MS), Rio de Janeiro (RJ), S\u00e3o Paulo (SP) e Porto Alegre (RS). Contudo, no decorrer do projeto, outras cidades brasileiras poder\u00e3o se somar \u00e0 iniciativa.<\/p>\n\n\n\n<p><strong>Grupo t\u00e9cnico<\/strong><\/p>\n\n\n\n<p>A forma\u00e7\u00e3o do grupo t\u00e9cnico e de gest\u00e3o foi idealizada pela Prefeitura de Recife, buscando investigar e mapear programas de interven\u00e7\u00e3o urban\u00edsticas em \u00e1reas centrais de cidades brasileiras. A capital de Pernambuco desenvolve o programa Recentro, de revitaliza\u00e7\u00e3o e moderniza\u00e7\u00e3o da \u00e1rea central da cidade.<\/p>\n\n\n\n<p>J\u00e1 em Manaus, o destaque e o&nbsp;<em>case<\/em>&nbsp;apresentado \u00e9 o \u201cNosso Centro\u201d, que visa o resgate do centro hist\u00f3rico da capital amazonense,&nbsp;envolvendo a\u00e7\u00f5es de economia, turismo, hist\u00f3ria, empreendedorismo, cultura, arte e habita\u00e7\u00e3o. S\u00e3o&nbsp;tr\u00eas&nbsp;eixos&nbsp;de atua\u00e7\u00e3o \u2013 \u201cMais Vida\u201d, \u201cMais Neg\u00f3cios\u201d e \u201cMais Hist\u00f3ria\u201d \u2013; quatro obras em execu\u00e7\u00e3o: mirante L\u00facia Almeida, casar\u00e3o Thiago de Mello, largo de S\u00e3o Vicente e p\u00eder tur\u00edstico; e, ao menos, tr\u00eas etapas de implanta\u00e7\u00e3o e matriz de responsabilidade.<\/p>\n\n\n\n<p>Em comum, os programas t\u00eam atua\u00e7\u00e3o em&nbsp;governan\u00e7a, incentivos fiscais, inova\u00e7\u00e3o e investimentos p\u00fablicos. As iniciativas t\u00eam previs\u00e3o de planos de manuten\u00e7\u00e3o, de cuidado, desenvolvimento das potencialidades econ\u00f4micas, arquitet\u00f4nicas, hist\u00f3ricas e culturais de forma integrada na regi\u00e3o, com a\u00e7\u00f5es de curto, m\u00e9dio e longo prazos.<\/p>\n\n\n\n<p>\u201cQuando o prefeito David Almeida montou seu plano de governo, ele deu destaque ao&nbsp;Centro&nbsp;e teve in\u00edcio o \u2018Nosso&nbsp;Centro\u2019, com seus eixos. Estamos na fase de finaliza\u00e7\u00e3o das primeiras obras, oferecendo novas instala\u00e7\u00f5es, atra\u00e7\u00e3o para o turismo, opera\u00e7\u00f5es de gastronomia, lazer e cultura naquele ponto. Outro eixo \u00e9 o de desenvolver programas habitacionais e contamos com a Secretaria Municipal de Habita\u00e7\u00e3o e Regulariza\u00e7\u00e3o Fundi\u00e1ria (Semhaf); e um terceiro tem foco na melhoria do potencial construtivo para a \u00e1rea\u201d, explicou o diretor-presidente do Implurb, engenheiro Carlos Valente.<\/p>\n\n\n\n<p>Para o engenheiro, \u00e9 fundamental criar mais vida e viv\u00eancia no territ\u00f3rio, que \u00e9 uma \u00e1rea bonita e bastante interessante arquitetonicamente e urbanisticamente, al\u00e9m de toda hist\u00f3ria que contempla.<\/p>\n\n\n\n<p>De acordo com a chefe do Gabinete do Centro do Recife, Ana Paula Vila\u00e7a, a ideia da rede surgiu ap\u00f3s a realiza\u00e7\u00e3o de reuni\u00f5es virtuais e visitas a v\u00e1rios Estados, observando programas, desafios e estrat\u00e9gias semelhantes. \u201cA Rede ir\u00e1 estreitar as conex\u00f5es de coopera\u00e7\u00e3o m\u00fatua entre as cidades com programas focados na reabilita\u00e7\u00e3o de centros hist\u00f3ricos, de modo a compartilhar viv\u00eancias e contribuir com o crescimento de todos os locais\u201d, explicou.<\/p>\n\n\n\n<p>&#8212; &#8212; &#8212;<\/p>\n\n\n\n<p><strong>Texto<\/strong>&nbsp;\u2013 Claudia do Valle \/ Implurb<\/p>\n\n\n\n<p><strong>Fotos\u00a0<\/strong>\u2013 Phil Limma\/\u00a0Semcom<\/p>\n\n\n\n<p><strong>Dispon\u00edveis em<\/strong>&nbsp;&#8211;&nbsp;<a href=\"https:\/\/flic.kr\/s\/aHBqjBcykr\" target=\"_blank\" rel=\"noreferrer noopener\">https:\/\/flic.kr\/s\/aHBqjBcykr<\/a><\/p>\n","protected":false},"excerpt":{"rendered":"","protected":false},"author":23,"featured_media":225139,"comment_status":"closed","ping_status":"closed","sticky":false,"template":"","format":"standard","meta":{"footnotes":""},"categories":[1156],"tags":[638,6256,65,537,77,10462],"acf":[],"yoast_head":"<!-- This site is optimized with the Yoast SEO plugin v23.0 - https:\/\/yoast.com\/wordpress\/plugins\/seo\/ -->\n<title>Prefeitura de Manaus passa a integrar Rede Brasileira de Urbanismo em \u00c1reas Centrais<\/title>\n<meta name=\"description\" content=\"Com foco na troca de experi\u00eancias e coopera\u00e7\u00e3o m\u00fatua entre cidades com programas focados na reabilita\u00e7\u00e3o e revitaliza\u00e7\u00e3o de centros hist\u00f3ricos, a Prefeitura de Manaus est\u00e1 integrando a nova Rede Brasileira de Urbanismo em \u00c1reas Centrais, que re\u00fane secret\u00e1rios e gestores de 9 capitais de todas as regi\u00f5es do Brasil.\" \/>\n<meta name=\"robots\" content=\"index, follow, max-snippet:-1, max-image-preview:large, max-video-preview:-1\" \/>\n<link rel=\"canonical\" href=\"https:\/\/www.manaus.am.gov.br\/semcom\/prefeitura-rede-brasileira-urbanismo\/\" \/>\n<meta property=\"og:locale\" content=\"pt_BR\" \/>\n<meta property=\"og:type\" content=\"article\" \/>\n<meta property=\"og:title\" content=\"Prefeitura de Manaus passa a integrar Rede Brasileira de Urbanismo em \u00c1reas Centrais\" \/>\n<meta property=\"og:description\" content=\"Com foco na troca de experi\u00eancias e coopera\u00e7\u00e3o m\u00fatua entre cidades com programas focados na reabilita\u00e7\u00e3o e revitaliza\u00e7\u00e3o de centros hist\u00f3ricos, a Prefeitura de Manaus est\u00e1 integrando a nova Rede Brasileira de Urbanismo em \u00c1reas Centrais, que re\u00fane secret\u00e1rios e gestores de 9 capitais de todas as regi\u00f5es do Brasil.\" \/>\n<meta property=\"og:url\" content=\"https:\/\/www.manaus.am.gov.br\/semcom\/prefeitura-rede-brasileira-urbanismo\/\" \/>\n<meta property=\"og:site_name\" content=\"SEMCOM\" \/>\n<meta property=\"article:published_time\" content=\"2024-02-09T16:08:24+00:00\" \/>\n<meta property=\"article:modified_time\" content=\"2024-02-09T16:09:04+00:00\" \/>\n<meta property=\"og:image\" content=\"https:\/\/www.manaus.am.gov.br\/semcom\/wp-content\/uploads\/sites\/5\/2024\/02\/53501516525_60c8b49baf_c-1.jpg\" \/>\n\t<meta property=\"og:image:width\" content=\"799\" \/>\n\t<meta property=\"og:image:height\" content=\"533\" \/>\n\t<meta property=\"og:image:type\" content=\"image\/jpeg\" \/>\n<meta name=\"author\" content=\"Adriana Costa\" \/>\n<meta name=\"twitter:card\" content=\"summary_large_image\" \/>\n<meta name=\"twitter:label1\" content=\"Written by\" \/>\n\t<meta name=\"twitter:data1\" content=\"Adriana Costa\" \/>\n\t<meta name=\"twitter:label2\" content=\"Est. reading time\" \/>\n\t<meta name=\"twitter:data2\" content=\"3 minutos\" \/>\n<script type=\"application\/ld+json\" class=\"yoast-schema-graph\">{\"@context\":\"https:\/\/schema.org\",\"@graph\":[{\"@type\":\"WebPage\",\"@id\":\"https:\/\/www.manaus.am.gov.br\/semcom\/prefeitura-rede-brasileira-urbanismo\/\",\"url\":\"https:\/\/www.manaus.am.gov.br\/semcom\/prefeitura-rede-brasileira-urbanismo\/\",\"name\":\"Prefeitura de Manaus passa a integrar Rede Brasileira de Urbanismo em \u00c1reas Centrais\",\"isPartOf\":{\"@id\":\"https:\/\/www.manaus.am.gov.br\/semcom\/#website\"},\"primaryImageOfPage\":{\"@id\":\"https:\/\/www.manaus.am.gov.br\/semcom\/prefeitura-rede-brasileira-urbanismo\/#primaryimage\"},\"image\":{\"@id\":\"https:\/\/www.manaus.am.gov.br\/semcom\/prefeitura-rede-brasileira-urbanismo\/#primaryimage\"},\"thumbnailUrl\":\"https:\/\/www.manaus.am.gov.br\/semcom\/wp-content\/uploads\/sites\/5\/2024\/02\/53501516525_60c8b49baf_c-1.jpg\",\"datePublished\":\"2024-02-09T16:08:24+00:00\",\"dateModified\":\"2024-02-09T16:09:04+00:00\",\"author\":{\"@id\":\"https:\/\/www.manaus.am.gov.br\/semcom\/#\/schema\/person\/4e49f4e267757a06ca072ec61b2b9968\"},\"description\":\"Com foco na troca de experi\u00eancias e coopera\u00e7\u00e3o m\u00fatua entre cidades com programas focados na reabilita\u00e7\u00e3o e revitaliza\u00e7\u00e3o de centros hist\u00f3ricos, a Prefeitura de Manaus est\u00e1 integrando a nova Rede Brasileira de Urbanismo em \u00c1reas Centrais, que re\u00fane secret\u00e1rios e gestores de 9 capitais de todas as regi\u00f5es do Brasil.\",\"inLanguage\":\"pt-BR\",\"potentialAction\":[{\"@type\":\"ReadAction\",\"target\":[\"https:\/\/www.manaus.am.gov.br\/semcom\/prefeitura-rede-brasileira-urbanismo\/\"]}]},{\"@type\":\"ImageObject\",\"inLanguage\":\"pt-BR\",\"@id\":\"https:\/\/www.manaus.am.gov.br\/semcom\/prefeitura-rede-brasileira-urbanismo\/#primaryimage\",\"url\":\"https:\/\/www.manaus.am.gov.br\/semcom\/wp-content\/uploads\/sites\/5\/2024\/02\/53501516525_60c8b49baf_c-1.jpg\",\"contentUrl\":\"https:\/\/www.manaus.am.gov.br\/semcom\/wp-content\/uploads\/sites\/5\/2024\/02\/53501516525_60c8b49baf_c-1.jpg\",\"width\":799,\"height\":533},{\"@type\":\"WebSite\",\"@id\":\"https:\/\/www.manaus.am.gov.br\/semcom\/#website\",\"url\":\"https:\/\/www.manaus.am.gov.br\/semcom\/\",\"name\":\"SEMCOM\",\"description\":\"Secretaria Municipal de Comunica\u00e7\u00e3o\",\"potentialAction\":[{\"@type\":\"SearchAction\",\"target\":{\"@type\":\"EntryPoint\",\"urlTemplate\":\"https:\/\/www.manaus.am.gov.br\/semcom\/?s={search_term_string}\"},\"query-input\":\"required name=search_term_string\"}],\"inLanguage\":\"pt-BR\"},{\"@type\":\"Person\",\"@id\":\"https:\/\/www.manaus.am.gov.br\/semcom\/#\/schema\/person\/4e49f4e267757a06ca072ec61b2b9968\",\"name\":\"Adriana Costa\",\"image\":{\"@type\":\"ImageObject\",\"inLanguage\":\"pt-BR\",\"@id\":\"https:\/\/www.manaus.am.gov.br\/semcom\/#\/schema\/person\/image\/\",\"url\":\"https:\/\/secure.gravatar.com\/avatar\/576258617ef7194f718179e766d57bd4?s=96&d=mm&r=g\",\"contentUrl\":\"https:\/\/secure.gravatar.com\/avatar\/576258617ef7194f718179e766d57bd4?s=96&d=mm&r=g\",\"caption\":\"Adriana Costa\"}}]}<\/script>\n<!-- \/ Yoast SEO plugin. -->","yoast_head_json":{"title":"Prefeitura de Manaus passa a integrar Rede Brasileira de Urbanismo em \u00c1reas Centrais","description":"Com foco na troca de experi\u00eancias e coopera\u00e7\u00e3o m\u00fatua entre cidades com programas focados na reabilita\u00e7\u00e3o e revitaliza\u00e7\u00e3o de centros hist\u00f3ricos, a Prefeitura de Manaus est\u00e1 integrando a nova Rede Brasileira de Urbanismo em \u00c1reas Centrais, que re\u00fane secret\u00e1rios e gestores de 9 capitais de todas as regi\u00f5es do Brasil.","robots":{"index":"index","follow":"follow","max-snippet":"max-snippet:-1","max-image-preview":"max-image-preview:large","max-video-preview":"max-video-preview:-1"},"canonical":"https:\/\/www.manaus.am.gov.br\/semcom\/prefeitura-rede-brasileira-urbanismo\/","og_locale":"pt_BR","og_type":"article","og_title":"Prefeitura de Manaus passa a integrar Rede Brasileira de Urbanismo em \u00c1reas Centrais","og_description":"Com foco na troca de experi\u00eancias e coopera\u00e7\u00e3o m\u00fatua entre cidades com programas focados na reabilita\u00e7\u00e3o e revitaliza\u00e7\u00e3o de centros hist\u00f3ricos, a Prefeitura de Manaus est\u00e1 integrando a nova Rede Brasileira de Urbanismo em \u00c1reas Centrais, que re\u00fane secret\u00e1rios e gestores de 9 capitais de todas as regi\u00f5es do Brasil.","og_url":"https:\/\/www.manaus.am.gov.br\/semcom\/prefeitura-rede-brasileira-urbanismo\/","og_site_name":"SEMCOM","article_published_time":"2024-02-09T16:08:24+00:00","article_modified_time":"2024-02-09T16:09:04+00:00","og_image":[{"width":799,"height":533,"url":"https:\/\/www.manaus.am.gov.br\/semcom\/wp-content\/uploads\/sites\/5\/2024\/02\/53501516525_60c8b49baf_c-1.jpg","type":"image\/jpeg"}],"author":"Adriana Costa","twitter_card":"summary_large_image","twitter_misc":{"Written by":"Adriana Costa","Est. reading time":"3 minutos"},"schema":{"@context":"https:\/\/schema.org","@graph":[{"@type":"WebPage","@id":"https:\/\/www.manaus.am.gov.br\/semcom\/prefeitura-rede-brasileira-urbanismo\/","url":"https:\/\/www.manaus.am.gov.br\/semcom\/prefeitura-rede-brasileira-urbanismo\/","name":"Prefeitura de Manaus passa a integrar Rede Brasileira de Urbanismo em \u00c1reas Centrais","isPartOf":{"@id":"https:\/\/www.manaus.am.gov.br\/semcom\/#website"},"primaryImageOfPage":{"@id":"https:\/\/www.manaus.am.gov.br\/semcom\/prefeitura-rede-brasileira-urbanismo\/#primaryimage"},"image":{"@id":"https:\/\/www.manaus.am.gov.br\/semcom\/prefeitura-rede-brasileira-urbanismo\/#primaryimage"},"thumbnailUrl":"https:\/\/www.manaus.am.gov.br\/semcom\/wp-content\/uploads\/sites\/5\/2024\/02\/53501516525_60c8b49baf_c-1.jpg","datePublished":"2024-02-09T16:08:24+00:00","dateModified":"2024-02-09T16:09:04+00:00","author":{"@id":"https:\/\/www.manaus.am.gov.br\/semcom\/#\/schema\/person\/4e49f4e267757a06ca072ec61b2b9968"},"description":"Com foco na troca de experi\u00eancias e coopera\u00e7\u00e3o m\u00fatua entre cidades com programas focados na reabilita\u00e7\u00e3o e revitaliza\u00e7\u00e3o de centros hist\u00f3ricos, a Prefeitura de Manaus est\u00e1 integrando a nova Rede Brasileira de Urbanismo em \u00c1reas Centrais, que re\u00fane secret\u00e1rios e gestores de 9 capitais de todas as regi\u00f5es do Brasil.","inLanguage":"pt-BR","potentialAction":[{"@type":"ReadAction","target":["https:\/\/www.manaus.am.gov.br\/semcom\/prefeitura-rede-brasileira-urbanismo\/"]}]},{"@type":"ImageObject","inLanguage":"pt-BR","@id":"https:\/\/www.manaus.am.gov.br\/semcom\/prefeitura-rede-brasileira-urbanismo\/#primaryimage","url":"https:\/\/www.manaus.am.gov.br\/semcom\/wp-content\/uploads\/sites\/5\/2024\/02\/53501516525_60c8b49baf_c-1.jpg","contentUrl":"https:\/\/www.manaus.am.gov.br\/semcom\/wp-content\/uploads\/sites\/5\/2024\/02\/53501516525_60c8b49baf_c-1.jpg","width":799,"height":533},{"@type":"WebSite","@id":"https:\/\/www.manaus.am.gov.br\/semcom\/#website","url":"https:\/\/www.manaus.am.gov.br\/semcom\/","name":"SEMCOM","description":"Secretaria Municipal de Comunica\u00e7\u00e3o","potentialAction":[{"@type":"SearchAction","target":{"@type":"EntryPoint","urlTemplate":"https:\/\/www.manaus.am.gov.br\/semcom\/?s={search_term_string}"},"query-input":"required name=search_term_string"}],"inLanguage":"pt-BR"},{"@type":"Person","@id":"https:\/\/www.manaus.am.gov.br\/semcom\/#\/schema\/person\/4e49f4e267757a06ca072ec61b2b9968","name":"Adriana Costa","image":{"@type":"ImageObject","inLanguage":"pt-BR","@id":"https:\/\/www.manaus.am.gov.br\/semcom\/#\/schema\/person\/image\/","url":"https:\/\/secure.gravatar.com\/avatar\/576258617ef7194f718179e766d57bd4?s=96&d=mm&r=g","contentUrl":"https:\/\/secure.gravatar.com\/avatar\/576258617ef7194f718179e766d57bd4?s=96&d=mm&r=g","caption":"Adriana Costa"}}]}},"_links":{"self":[{"href":"https:\/\/www.manaus.am.gov.br\/semcom\/wp-json\/wp\/v2\/posts\/225138"}],"collection":[{"href":"https:\/\/www.manaus.am.gov.br\/semcom\/wp-json\/wp\/v2\/posts"}],"about":[{"href":"https:\/\/www.manaus.am.gov.br\/semcom\/wp-json\/wp\/v2\/types\/post"}],"author":[{"embeddable":true,"href":"https:\/\/www.manaus.am.gov.br\/semcom\/wp-json\/wp\/v2\/users\/23"}],"replies":[{"embeddable":true,"href":"https:\/\/www.manaus.am.gov.br\/semcom\/wp-json\/wp\/v2\/comments?post=225138"}],"version-history":[{"count":1,"href":"https:\/\/www.manaus.am.gov.br\/semcom\/wp-json\/wp\/v2\/posts\/225138\/revisions"}],"predecessor-version":[{"id":225140,"href":"https:\/\/www.manaus.am.gov.br\/semcom\/wp-json\/wp\/v2\/posts\/225138\/revisions\/225140"}],"wp:featuredmedia":[{"embeddable":true,"href":"https:\/\/www.manaus.am.gov.br\/semcom\/wp-json\/wp\/v2\/media\/225139"}],"wp:attachment":[{"href":"https:\/\/www.manaus.am.gov.br\/semcom\/wp-json\/wp\/v2\/media?parent=225138"}],"wp:term":[{"taxonomy":"category","embeddable":true,"href":"https:\/\/www.manaus.am.gov.br\/semcom\/wp-json\/wp\/v2\/categories?post=225138"},{"taxonomy":"post_tag","embeddable":true,"href":"https:\/\/www.manaus.am.gov.br\/semcom\/wp-json\/wp\/v2\/tags?post=225138"}],"curies":[{"name":"wp","href":"https:\/\/api.w.org\/{rel}","templated":true}]}}