{"id":225059,"date":"2024-02-06T18:23:24","date_gmt":"2024-02-06T22:23:24","guid":{"rendered":"https:\/\/www.manaus.am.gov.br\/semcom\/manaus-e-destaque-como-o-4-melhor-perfil-de-prefeituras-do-brasil-nas-redes-sociais\/"},"modified":"2024-02-06T18:23:24","modified_gmt":"2024-02-06T22:23:24","slug":"manaus-e-destaque-como-o-4-melhor-perfil-de-prefeituras-do-brasil-nas-redes-sociais","status":"publish","type":"post","link":"https:\/\/www.manaus.am.gov.br\/semcom\/manaus-e-destaque-como-o-4-melhor-perfil-de-prefeituras-do-brasil-nas-redes-sociais\/","title":{"rendered":"Manaus \u00e9 destaque como o 4\u00b0 melhor perfil de Prefeituras do Brasil nas redes sociais"},"content":{"rendered":"\n<p>O perfil oficial da Prefeitura de Manaus obteve a quarta coloca\u00e7\u00e3o no ranking geral de melhores perfis de Prefeituras do Brasil nas redes sociais. O resultado foi divulgado pela \u2018Social Media Gov Analytics\u2019, nesta ter\u00e7a-feira, 6\/2, em sua Plataforma de Intelig\u00eancia e Benchmarking, onde foram listados os \u2018TOP 10\u2019 das institui\u00e7\u00f5es p\u00fablicas com maior n\u00famero de intera\u00e7\u00f5es em 2023 . O resultado geral pode ser conferido atrav\u00e9s do link <a href=\"https:\/\/bit.ly\/49tSRiJ\">https:\/\/bit.ly\/49tSRiJ<\/a>. Com um total de 4.362.733 intera\u00e7\u00f5es em seus perfis oficiais, a Prefeitura de Manaus \u00e9 a n\u00famero um em engajamento das capitais da regi\u00e3o Norte.<\/p>\n\n\n<div class=\"wp-block-image\">\n<figure class=\"aligncenter size-full\"><img loading=\"lazy\" decoding=\"async\" width=\"690\" height=\"692\" src=\"https:\/\/www.manaus.am.gov.br\/semcom\/wp-content\/uploads\/sites\/5\/2024\/02\/Rankin-Perfis-Brasil-4-1.jpeg\" alt=\"\" class=\"wp-image-225060\" srcset=\"https:\/\/www.manaus.am.gov.br\/semcom\/wp-content\/uploads\/sites\/5\/2024\/02\/Rankin-Perfis-Brasil-4-1.jpeg 690w, https:\/\/www.manaus.am.gov.br\/semcom\/wp-content\/uploads\/sites\/5\/2024\/02\/Rankin-Perfis-Brasil-4-1-300x300.jpeg 300w, https:\/\/www.manaus.am.gov.br\/semcom\/wp-content\/uploads\/sites\/5\/2024\/02\/Rankin-Perfis-Brasil-4-1-150x150.jpeg 150w\" sizes=\"(max-width: 690px) 100vw, 690px\" \/><\/figure><\/div>\n\n\n<p>O secret\u00e1rio municipal de Comunica\u00e7\u00e3o, Israel Conte, destacou que o planejamento estrat\u00e9gico, a responsabilidade com a credibilidade da not\u00edcia e a presta\u00e7\u00e3o de contas das a\u00e7\u00f5es, evidenciam o compromisso da gest\u00e3o David Almeida desde o in\u00edcio do mandato (2021) com a transpar\u00eancia, distribuindo conte\u00fado de valor com t\u00e9cnicas de marketing digital focando na intera\u00e7\u00e3o, valoriza\u00e7\u00e3o regional e fomento \u00e0s potencialidades da cidade.<\/p>\n\n\n\n<p>\u201cHoje, as redes sociais da Prefeitura de Manaus funcionam n\u00e3o apenas como um meio de difus\u00e3o das not\u00edcias produzidas pelo jornalismo, mas, tamb\u00e9m, como um term\u00f4metro da gest\u00e3o. Todos os dias recebemos centenas de demandas em coment\u00e1rios de postagens ou por mensagens no direct, que s\u00e3o devidamente direcionadas \u00e0s secretarias para que esclare\u00e7am as d\u00favidas dos internautas. Al\u00e9m disso, trabalhamos a divulga\u00e7\u00e3o do destino Manaus, com destaque para as peculiaridades da nossa cultura e gastronomia\u201d, pontuou Israel.<\/p>\n\n\n\n<p>O resultado da classifica\u00e7\u00e3o \u00e9 a soma das curtidas, coment\u00e1rios, compartilhamentos, salvamentos e respostas de qualquer solicita\u00e7\u00e3o dos perfis da Prefeitura de Manaus no Instagram, TikTok, Facebook, X (ex-twitter) e YouTube, aparecendo atr\u00e1s, apenas, das prefeituras de Salvador, Curitiba e Rio de Janeiro, respectivamente. O case com maior engajamento foi a cobertura do Festival \u2018Sou Manaus \u2013 Passo a Pa\u00e7o 2023\u2019.<\/p>\n\n\n\n<p>&#8212; &#8212; &#8212;<\/p>\n\n\n\n<p><strong>Texto<\/strong> &#8211; Emanuelle Baires \/ Semcom<\/p>\n\n\n\n<p><strong>Fotos<\/strong> &#8211; Clovis Miranda \/ Semcom<\/p>\n","protected":false},"excerpt":{"rendered":"","protected":false},"author":61,"featured_media":225062,"comment_status":"closed","ping_status":"closed","sticky":false,"template":"","format":"standard","meta":{"footnotes":""},"categories":[67],"tags":[35,10440,77,143,71],"acf":[],"yoast_head":"<!-- This site is optimized with the Yoast SEO plugin v23.0 - https:\/\/yoast.com\/wordpress\/plugins\/seo\/ -->\n<title>Manaus \u00e9 destaque como o 4\u00b0 melhor perfil de Prefeituras do pa\u00eds<\/title>\n<meta name=\"description\" content=\"O perfil oficial da Prefeitura de Manaus obteve a 4\u00aa coloca\u00e7\u00e3o no ranking geral de melhores perfis de Prefeituras do Brasil nas redes sociais.\" \/>\n<meta name=\"robots\" content=\"index, follow, max-snippet:-1, max-image-preview:large, max-video-preview:-1\" \/>\n<link rel=\"canonical\" href=\"https:\/\/www.manaus.am.gov.br\/semcom\/manaus-e-destaque-como-o-4-melhor-perfil-de-prefeituras-do-brasil-nas-redes-sociais\/\" \/>\n<meta property=\"og:locale\" content=\"pt_BR\" \/>\n<meta property=\"og:type\" content=\"article\" \/>\n<meta property=\"og:title\" content=\"Manaus \u00e9 destaque como o 4\u00b0 melhor perfil de Prefeituras do pa\u00eds\" \/>\n<meta property=\"og:description\" content=\"O perfil oficial da Prefeitura de Manaus obteve a 4\u00aa coloca\u00e7\u00e3o no ranking geral de melhores perfis de Prefeituras do Brasil nas redes sociais.\" \/>\n<meta property=\"og:url\" content=\"https:\/\/www.manaus.am.gov.br\/semcom\/manaus-e-destaque-como-o-4-melhor-perfil-de-prefeituras-do-brasil-nas-redes-sociais\/\" \/>\n<meta property=\"og:site_name\" content=\"SEMCOM\" \/>\n<meta property=\"article:published_time\" content=\"2024-02-06T22:23:24+00:00\" \/>\n<meta property=\"og:image\" content=\"https:\/\/www.manaus.am.gov.br\/semcom\/wp-content\/uploads\/sites\/5\/2024\/02\/Rankin-Perfis-Brasil-2.jpeg\" \/>\n\t<meta property=\"og:image:width\" content=\"2560\" \/>\n\t<meta property=\"og:image:height\" content=\"1706\" \/>\n\t<meta property=\"og:image:type\" content=\"image\/jpeg\" \/>\n<meta name=\"author\" content=\"smonteiro\" \/>\n<meta name=\"twitter:card\" content=\"summary_large_image\" \/>\n<meta name=\"twitter:label1\" content=\"Written by\" \/>\n\t<meta name=\"twitter:data1\" content=\"smonteiro\" \/>\n\t<meta name=\"twitter:label2\" content=\"Est. reading time\" \/>\n\t<meta name=\"twitter:data2\" content=\"2 minutos\" \/>\n<script type=\"application\/ld+json\" class=\"yoast-schema-graph\">{\"@context\":\"https:\/\/schema.org\",\"@graph\":[{\"@type\":\"WebPage\",\"@id\":\"https:\/\/www.manaus.am.gov.br\/semcom\/manaus-e-destaque-como-o-4-melhor-perfil-de-prefeituras-do-brasil-nas-redes-sociais\/\",\"url\":\"https:\/\/www.manaus.am.gov.br\/semcom\/manaus-e-destaque-como-o-4-melhor-perfil-de-prefeituras-do-brasil-nas-redes-sociais\/\",\"name\":\"Manaus \u00e9 destaque como o 4\u00b0 melhor perfil de Prefeituras do pa\u00eds\",\"isPartOf\":{\"@id\":\"https:\/\/www.manaus.am.gov.br\/semcom\/#website\"},\"primaryImageOfPage\":{\"@id\":\"https:\/\/www.manaus.am.gov.br\/semcom\/manaus-e-destaque-como-o-4-melhor-perfil-de-prefeituras-do-brasil-nas-redes-sociais\/#primaryimage\"},\"image\":{\"@id\":\"https:\/\/www.manaus.am.gov.br\/semcom\/manaus-e-destaque-como-o-4-melhor-perfil-de-prefeituras-do-brasil-nas-redes-sociais\/#primaryimage\"},\"thumbnailUrl\":\"https:\/\/www.manaus.am.gov.br\/semcom\/wp-content\/uploads\/sites\/5\/2024\/02\/Rankin-Perfis-Brasil-2.jpeg\",\"datePublished\":\"2024-02-06T22:23:24+00:00\",\"dateModified\":\"2024-02-06T22:23:24+00:00\",\"author\":{\"@id\":\"https:\/\/www.manaus.am.gov.br\/semcom\/#\/schema\/person\/ab4dcf766a54dff74e8d267f5c591961\"},\"description\":\"O perfil oficial da Prefeitura de Manaus obteve a 4\u00aa coloca\u00e7\u00e3o no ranking geral de melhores perfis de Prefeituras do Brasil nas redes sociais.\",\"inLanguage\":\"pt-BR\",\"potentialAction\":[{\"@type\":\"ReadAction\",\"target\":[\"https:\/\/www.manaus.am.gov.br\/semcom\/manaus-e-destaque-como-o-4-melhor-perfil-de-prefeituras-do-brasil-nas-redes-sociais\/\"]}]},{\"@type\":\"ImageObject\",\"inLanguage\":\"pt-BR\",\"@id\":\"https:\/\/www.manaus.am.gov.br\/semcom\/manaus-e-destaque-como-o-4-melhor-perfil-de-prefeituras-do-brasil-nas-redes-sociais\/#primaryimage\",\"url\":\"https:\/\/www.manaus.am.gov.br\/semcom\/wp-content\/uploads\/sites\/5\/2024\/02\/Rankin-Perfis-Brasil-2.jpeg\",\"contentUrl\":\"https:\/\/www.manaus.am.gov.br\/semcom\/wp-content\/uploads\/sites\/5\/2024\/02\/Rankin-Perfis-Brasil-2.jpeg\",\"width\":2560,\"height\":1706,\"caption\":\"#paratodosverem - celular exibe perfil da prefeitura em rede social\"},{\"@type\":\"WebSite\",\"@id\":\"https:\/\/www.manaus.am.gov.br\/semcom\/#website\",\"url\":\"https:\/\/www.manaus.am.gov.br\/semcom\/\",\"name\":\"SEMCOM\",\"description\":\"Secretaria Municipal de Comunica\u00e7\u00e3o\",\"potentialAction\":[{\"@type\":\"SearchAction\",\"target\":{\"@type\":\"EntryPoint\",\"urlTemplate\":\"https:\/\/www.manaus.am.gov.br\/semcom\/?s={search_term_string}\"},\"query-input\":\"required name=search_term_string\"}],\"inLanguage\":\"pt-BR\"},{\"@type\":\"Person\",\"@id\":\"https:\/\/www.manaus.am.gov.br\/semcom\/#\/schema\/person\/ab4dcf766a54dff74e8d267f5c591961\",\"name\":\"smonteiro\",\"image\":{\"@type\":\"ImageObject\",\"inLanguage\":\"pt-BR\",\"@id\":\"https:\/\/www.manaus.am.gov.br\/semcom\/#\/schema\/person\/image\/\",\"url\":\"https:\/\/secure.gravatar.com\/avatar\/21c8776ef61d9272c73322052e042d77?s=96&d=mm&r=g\",\"contentUrl\":\"https:\/\/secure.gravatar.com\/avatar\/21c8776ef61d9272c73322052e042d77?s=96&d=mm&r=g\",\"caption\":\"smonteiro\"}}]}<\/script>\n<!-- \/ Yoast SEO plugin. -->","yoast_head_json":{"title":"Manaus \u00e9 destaque como o 4\u00b0 melhor perfil de Prefeituras do pa\u00eds","description":"O perfil oficial da Prefeitura de Manaus obteve a 4\u00aa coloca\u00e7\u00e3o no ranking geral de melhores perfis de Prefeituras do Brasil nas redes sociais.","robots":{"index":"index","follow":"follow","max-snippet":"max-snippet:-1","max-image-preview":"max-image-preview:large","max-video-preview":"max-video-preview:-1"},"canonical":"https:\/\/www.manaus.am.gov.br\/semcom\/manaus-e-destaque-como-o-4-melhor-perfil-de-prefeituras-do-brasil-nas-redes-sociais\/","og_locale":"pt_BR","og_type":"article","og_title":"Manaus \u00e9 destaque como o 4\u00b0 melhor perfil de Prefeituras do pa\u00eds","og_description":"O perfil oficial da Prefeitura de Manaus obteve a 4\u00aa coloca\u00e7\u00e3o no ranking geral de melhores perfis de Prefeituras do Brasil nas redes sociais.","og_url":"https:\/\/www.manaus.am.gov.br\/semcom\/manaus-e-destaque-como-o-4-melhor-perfil-de-prefeituras-do-brasil-nas-redes-sociais\/","og_site_name":"SEMCOM","article_published_time":"2024-02-06T22:23:24+00:00","og_image":[{"width":2560,"height":1706,"url":"https:\/\/www.manaus.am.gov.br\/semcom\/wp-content\/uploads\/sites\/5\/2024\/02\/Rankin-Perfis-Brasil-2.jpeg","type":"image\/jpeg"}],"author":"smonteiro","twitter_card":"summary_large_image","twitter_misc":{"Written by":"smonteiro","Est. reading time":"2 minutos"},"schema":{"@context":"https:\/\/schema.org","@graph":[{"@type":"WebPage","@id":"https:\/\/www.manaus.am.gov.br\/semcom\/manaus-e-destaque-como-o-4-melhor-perfil-de-prefeituras-do-brasil-nas-redes-sociais\/","url":"https:\/\/www.manaus.am.gov.br\/semcom\/manaus-e-destaque-como-o-4-melhor-perfil-de-prefeituras-do-brasil-nas-redes-sociais\/","name":"Manaus \u00e9 destaque como o 4\u00b0 melhor perfil de Prefeituras do pa\u00eds","isPartOf":{"@id":"https:\/\/www.manaus.am.gov.br\/semcom\/#website"},"primaryImageOfPage":{"@id":"https:\/\/www.manaus.am.gov.br\/semcom\/manaus-e-destaque-como-o-4-melhor-perfil-de-prefeituras-do-brasil-nas-redes-sociais\/#primaryimage"},"image":{"@id":"https:\/\/www.manaus.am.gov.br\/semcom\/manaus-e-destaque-como-o-4-melhor-perfil-de-prefeituras-do-brasil-nas-redes-sociais\/#primaryimage"},"thumbnailUrl":"https:\/\/www.manaus.am.gov.br\/semcom\/wp-content\/uploads\/sites\/5\/2024\/02\/Rankin-Perfis-Brasil-2.jpeg","datePublished":"2024-02-06T22:23:24+00:00","dateModified":"2024-02-06T22:23:24+00:00","author":{"@id":"https:\/\/www.manaus.am.gov.br\/semcom\/#\/schema\/person\/ab4dcf766a54dff74e8d267f5c591961"},"description":"O perfil oficial da Prefeitura de Manaus obteve a 4\u00aa coloca\u00e7\u00e3o no ranking geral de melhores perfis de Prefeituras do Brasil nas redes sociais.","inLanguage":"pt-BR","potentialAction":[{"@type":"ReadAction","target":["https:\/\/www.manaus.am.gov.br\/semcom\/manaus-e-destaque-como-o-4-melhor-perfil-de-prefeituras-do-brasil-nas-redes-sociais\/"]}]},{"@type":"ImageObject","inLanguage":"pt-BR","@id":"https:\/\/www.manaus.am.gov.br\/semcom\/manaus-e-destaque-como-o-4-melhor-perfil-de-prefeituras-do-brasil-nas-redes-sociais\/#primaryimage","url":"https:\/\/www.manaus.am.gov.br\/semcom\/wp-content\/uploads\/sites\/5\/2024\/02\/Rankin-Perfis-Brasil-2.jpeg","contentUrl":"https:\/\/www.manaus.am.gov.br\/semcom\/wp-content\/uploads\/sites\/5\/2024\/02\/Rankin-Perfis-Brasil-2.jpeg","width":2560,"height":1706,"caption":"#paratodosverem - celular exibe perfil da prefeitura em rede social"},{"@type":"WebSite","@id":"https:\/\/www.manaus.am.gov.br\/semcom\/#website","url":"https:\/\/www.manaus.am.gov.br\/semcom\/","name":"SEMCOM","description":"Secretaria Municipal de Comunica\u00e7\u00e3o","potentialAction":[{"@type":"SearchAction","target":{"@type":"EntryPoint","urlTemplate":"https:\/\/www.manaus.am.gov.br\/semcom\/?s={search_term_string}"},"query-input":"required name=search_term_string"}],"inLanguage":"pt-BR"},{"@type":"Person","@id":"https:\/\/www.manaus.am.gov.br\/semcom\/#\/schema\/person\/ab4dcf766a54dff74e8d267f5c591961","name":"smonteiro","image":{"@type":"ImageObject","inLanguage":"pt-BR","@id":"https:\/\/www.manaus.am.gov.br\/semcom\/#\/schema\/person\/image\/","url":"https:\/\/secure.gravatar.com\/avatar\/21c8776ef61d9272c73322052e042d77?s=96&d=mm&r=g","contentUrl":"https:\/\/secure.gravatar.com\/avatar\/21c8776ef61d9272c73322052e042d77?s=96&d=mm&r=g","caption":"smonteiro"}}]}},"_links":{"self":[{"href":"https:\/\/www.manaus.am.gov.br\/semcom\/wp-json\/wp\/v2\/posts\/225059"}],"collection":[{"href":"https:\/\/www.manaus.am.gov.br\/semcom\/wp-json\/wp\/v2\/posts"}],"about":[{"href":"https:\/\/www.manaus.am.gov.br\/semcom\/wp-json\/wp\/v2\/types\/post"}],"author":[{"embeddable":true,"href":"https:\/\/www.manaus.am.gov.br\/semcom\/wp-json\/wp\/v2\/users\/61"}],"replies":[{"embeddable":true,"href":"https:\/\/www.manaus.am.gov.br\/semcom\/wp-json\/wp\/v2\/comments?post=225059"}],"version-history":[{"count":1,"href":"https:\/\/www.manaus.am.gov.br\/semcom\/wp-json\/wp\/v2\/posts\/225059\/revisions"}],"predecessor-version":[{"id":225063,"href":"https:\/\/www.manaus.am.gov.br\/semcom\/wp-json\/wp\/v2\/posts\/225059\/revisions\/225063"}],"wp:featuredmedia":[{"embeddable":true,"href":"https:\/\/www.manaus.am.gov.br\/semcom\/wp-json\/wp\/v2\/media\/225062"}],"wp:attachment":[{"href":"https:\/\/www.manaus.am.gov.br\/semcom\/wp-json\/wp\/v2\/media?parent=225059"}],"wp:term":[{"taxonomy":"category","embeddable":true,"href":"https:\/\/www.manaus.am.gov.br\/semcom\/wp-json\/wp\/v2\/categories?post=225059"},{"taxonomy":"post_tag","embeddable":true,"href":"https:\/\/www.manaus.am.gov.br\/semcom\/wp-json\/wp\/v2\/tags?post=225059"}],"curies":[{"name":"wp","href":"https:\/\/api.w.org\/{rel}","templated":true}]}}