{"id":224973,"date":"2024-02-03T12:51:11","date_gmt":"2024-02-03T15:51:11","guid":{"rendered":"https:\/\/www.manaus.am.gov.br\/semcom\/prefeitura-de-manaus-trabalha-parceria-para-garantir-o-alto-padrao-das-estruturas-do-carnaval-de-rua\/"},"modified":"2024-02-03T13:10:23","modified_gmt":"2024-02-03T16:10:23","slug":"prefeitura-de-manaus-trabalha-parceria-para-garantir-o-alto-padrao-das-estruturas-do-carnaval-de-rua","status":"publish","type":"post","link":"https:\/\/www.manaus.am.gov.br\/semcom\/prefeitura-de-manaus-trabalha-parceria-para-garantir-o-alto-padrao-das-estruturas-do-carnaval-de-rua\/","title":{"rendered":"Prefeitura de Manaus trabalha parceria para garantir o alto padr\u00e3o das estruturas do carnaval de rua"},"content":{"rendered":"\n<p>Nos meses de fevereiro e mar\u00e7o, os brincantes de Carnaval ter\u00e3o muitas op\u00e7\u00f5es de blocos e bandas de rua para participar e aproveitar a folia. A Prefeitura de Manaus, por meio da Funda\u00e7\u00e3o Municipal de Cultura, Turismo e Eventos (Manauscult), garante apoio \u00e0 realiza\u00e7\u00e3o de 110 eventos carnavalescos com estrutura de palco, som, ilumina\u00e7\u00e3o, gradis, entre outros, sendo 50 bandas com estrutura de pequeno porte, outras 50 de porte m\u00e9dio e 10 de estrutura de grande porte.<\/p>\n\n\n\n<p>Na \u00faltima sexta-feira, 2\/2, o diretor-presidente da Manauscult, Reginei Rodrigues, esteve reunido com uma comitiva do Conselho Regional de Engenharia e Agronomia do Amazonas (Crea-AM), incluindo a presidente do conselho, Alzira Miranda. Na ocasi\u00e3o, foram discutidas estrat\u00e9gias de fortalecimento de parcerias visando a opera\u00e7\u00e3o do Carnaval.<\/p>\n\n\n\n<p>\u201cO Carnaval de rua gera uma mobiliza\u00e7\u00e3o popular de grandes propor\u00e7\u00f5es, na cidade inteira. A gest\u00e3o municipal deve garantir a seguran\u00e7a necess\u00e1ria e qualidade nas estruturas que fornecemos para os eventos carnavalescos a todas as pessoas que estar\u00e3o presentes\u201d, pontuou Rodrigues.<\/p>\n\n\n\n<p>A presidente do Crea-AM, destacou, na reuni\u00e3o, o compromisso da fiscaliza\u00e7\u00e3o nos servi\u00e7os de engenharia durante a folia momesca. \u201cNosso objetivo \u00e9 prevenir e garantir a integridade da popula\u00e7\u00e3o. Nesse sentido, nosso intuito \u00e9 assegurar que todos os servi\u00e7os est\u00e3o amparados por profissionais da \u00e1rea, providenciando que todas as atividades sejam conduzidas com os mais altos padr\u00f5es de seguran\u00e7a\u201d, finalizou Miranda.<\/p>\n\n\n\n<p>A parceria com o Crea-AM faz parte da pol\u00edtica da Prefeitura de Manaus que tem como objetivo resguardar a integridade, seguran\u00e7a e a transpar\u00eancia dos servi\u00e7os oferecidos nos eventos da capital amazonense.<\/p>\n\n\n\n<p>&#8212; &#8212; &#8212;<\/p>\n\n\n\n<p><strong>Texto <\/strong>&#8211; Oliveira Junior \/ Manauscult<\/p>\n\n\n\n<p><strong>Fotos<\/strong> \u2013 Divulga\u00e7\u00e3o \/ Manauscult<\/p>\n","protected":false},"excerpt":{"rendered":"","protected":false},"author":61,"featured_media":224974,"comment_status":"closed","ping_status":"closed","sticky":false,"template":"","format":"standard","meta":{"footnotes":""},"categories":[52],"tags":[511,868,10307,1108,1176,307,155,77],"acf":[],"yoast_head":"<!-- This site is optimized with the Yoast SEO plugin v23.0 - https:\/\/yoast.com\/wordpress\/plugins\/seo\/ -->\n<title>Prefeitura atua em parceria para garantir padr\u00e3o do carnaval de rua<\/title>\n<meta name=\"description\" content=\"A Prefeitura de Manaus, por meio da Manauscult, garante apoio \u00e0 realiza\u00e7\u00e3o de 110 eventos carnavalescos de rua.\" \/>\n<meta name=\"robots\" content=\"index, follow, max-snippet:-1, max-image-preview:large, max-video-preview:-1\" \/>\n<link rel=\"canonical\" href=\"https:\/\/www.manaus.am.gov.br\/semcom\/prefeitura-de-manaus-trabalha-parceria-para-garantir-o-alto-padrao-das-estruturas-do-carnaval-de-rua\/\" \/>\n<meta property=\"og:locale\" content=\"pt_BR\" \/>\n<meta property=\"og:type\" content=\"article\" \/>\n<meta property=\"og:title\" content=\"Prefeitura atua em parceria para garantir padr\u00e3o do carnaval de rua\" \/>\n<meta property=\"og:description\" content=\"A Prefeitura de Manaus, por meio da Manauscult, garante apoio \u00e0 realiza\u00e7\u00e3o de 110 eventos carnavalescos de rua.\" \/>\n<meta property=\"og:url\" content=\"https:\/\/www.manaus.am.gov.br\/semcom\/prefeitura-de-manaus-trabalha-parceria-para-garantir-o-alto-padrao-das-estruturas-do-carnaval-de-rua\/\" \/>\n<meta property=\"og:site_name\" content=\"SEMCOM\" \/>\n<meta property=\"article:published_time\" content=\"2024-02-03T15:51:11+00:00\" \/>\n<meta property=\"article:modified_time\" content=\"2024-02-03T16:10:23+00:00\" \/>\n<meta property=\"og:image\" content=\"https:\/\/www.manaus.am.gov.br\/semcom\/wp-content\/uploads\/sites\/5\/2024\/02\/Manauscult-e-Crea-AM-1.jpg\" \/>\n\t<meta property=\"og:image:width\" content=\"745\" \/>\n\t<meta property=\"og:image:height\" content=\"559\" \/>\n\t<meta property=\"og:image:type\" content=\"image\/jpeg\" \/>\n<meta name=\"author\" content=\"smonteiro\" \/>\n<meta name=\"twitter:card\" content=\"summary_large_image\" \/>\n<meta name=\"twitter:label1\" content=\"Written by\" \/>\n\t<meta name=\"twitter:data1\" content=\"smonteiro\" \/>\n\t<meta name=\"twitter:label2\" content=\"Est. reading time\" \/>\n\t<meta name=\"twitter:data2\" content=\"2 minutos\" \/>\n<script type=\"application\/ld+json\" class=\"yoast-schema-graph\">{\"@context\":\"https:\/\/schema.org\",\"@graph\":[{\"@type\":\"WebPage\",\"@id\":\"https:\/\/www.manaus.am.gov.br\/semcom\/prefeitura-de-manaus-trabalha-parceria-para-garantir-o-alto-padrao-das-estruturas-do-carnaval-de-rua\/\",\"url\":\"https:\/\/www.manaus.am.gov.br\/semcom\/prefeitura-de-manaus-trabalha-parceria-para-garantir-o-alto-padrao-das-estruturas-do-carnaval-de-rua\/\",\"name\":\"Prefeitura atua em parceria para garantir padr\u00e3o do carnaval de rua\",\"isPartOf\":{\"@id\":\"https:\/\/www.manaus.am.gov.br\/semcom\/#website\"},\"primaryImageOfPage\":{\"@id\":\"https:\/\/www.manaus.am.gov.br\/semcom\/prefeitura-de-manaus-trabalha-parceria-para-garantir-o-alto-padrao-das-estruturas-do-carnaval-de-rua\/#primaryimage\"},\"image\":{\"@id\":\"https:\/\/www.manaus.am.gov.br\/semcom\/prefeitura-de-manaus-trabalha-parceria-para-garantir-o-alto-padrao-das-estruturas-do-carnaval-de-rua\/#primaryimage\"},\"thumbnailUrl\":\"https:\/\/www.manaus.am.gov.br\/semcom\/wp-content\/uploads\/sites\/5\/2024\/02\/Manauscult-e-Crea-AM-1.jpg\",\"datePublished\":\"2024-02-03T15:51:11+00:00\",\"dateModified\":\"2024-02-03T16:10:23+00:00\",\"author\":{\"@id\":\"https:\/\/www.manaus.am.gov.br\/semcom\/#\/schema\/person\/ab4dcf766a54dff74e8d267f5c591961\"},\"description\":\"A Prefeitura de Manaus, por meio da Manauscult, garante apoio \u00e0 realiza\u00e7\u00e3o de 110 eventos carnavalescos de rua.\",\"inLanguage\":\"pt-BR\",\"potentialAction\":[{\"@type\":\"ReadAction\",\"target\":[\"https:\/\/www.manaus.am.gov.br\/semcom\/prefeitura-de-manaus-trabalha-parceria-para-garantir-o-alto-padrao-das-estruturas-do-carnaval-de-rua\/\"]}]},{\"@type\":\"ImageObject\",\"inLanguage\":\"pt-BR\",\"@id\":\"https:\/\/www.manaus.am.gov.br\/semcom\/prefeitura-de-manaus-trabalha-parceria-para-garantir-o-alto-padrao-das-estruturas-do-carnaval-de-rua\/#primaryimage\",\"url\":\"https:\/\/www.manaus.am.gov.br\/semcom\/wp-content\/uploads\/sites\/5\/2024\/02\/Manauscult-e-Crea-AM-1.jpg\",\"contentUrl\":\"https:\/\/www.manaus.am.gov.br\/semcom\/wp-content\/uploads\/sites\/5\/2024\/02\/Manauscult-e-Crea-AM-1.jpg\",\"width\":745,\"height\":559,\"caption\":\"#paratodosverem - representantes da Manauscult e Crea Amazonas reunidos\"},{\"@type\":\"WebSite\",\"@id\":\"https:\/\/www.manaus.am.gov.br\/semcom\/#website\",\"url\":\"https:\/\/www.manaus.am.gov.br\/semcom\/\",\"name\":\"SEMCOM\",\"description\":\"Secretaria Municipal de Comunica\u00e7\u00e3o\",\"potentialAction\":[{\"@type\":\"SearchAction\",\"target\":{\"@type\":\"EntryPoint\",\"urlTemplate\":\"https:\/\/www.manaus.am.gov.br\/semcom\/?s={search_term_string}\"},\"query-input\":\"required name=search_term_string\"}],\"inLanguage\":\"pt-BR\"},{\"@type\":\"Person\",\"@id\":\"https:\/\/www.manaus.am.gov.br\/semcom\/#\/schema\/person\/ab4dcf766a54dff74e8d267f5c591961\",\"name\":\"smonteiro\",\"image\":{\"@type\":\"ImageObject\",\"inLanguage\":\"pt-BR\",\"@id\":\"https:\/\/www.manaus.am.gov.br\/semcom\/#\/schema\/person\/image\/\",\"url\":\"https:\/\/secure.gravatar.com\/avatar\/21c8776ef61d9272c73322052e042d77?s=96&d=mm&r=g\",\"contentUrl\":\"https:\/\/secure.gravatar.com\/avatar\/21c8776ef61d9272c73322052e042d77?s=96&d=mm&r=g\",\"caption\":\"smonteiro\"}}]}<\/script>\n<!-- \/ Yoast SEO plugin. -->","yoast_head_json":{"title":"Prefeitura atua em parceria para garantir padr\u00e3o do carnaval de rua","description":"A Prefeitura de Manaus, por meio da Manauscult, garante apoio \u00e0 realiza\u00e7\u00e3o de 110 eventos carnavalescos de rua.","robots":{"index":"index","follow":"follow","max-snippet":"max-snippet:-1","max-image-preview":"max-image-preview:large","max-video-preview":"max-video-preview:-1"},"canonical":"https:\/\/www.manaus.am.gov.br\/semcom\/prefeitura-de-manaus-trabalha-parceria-para-garantir-o-alto-padrao-das-estruturas-do-carnaval-de-rua\/","og_locale":"pt_BR","og_type":"article","og_title":"Prefeitura atua em parceria para garantir padr\u00e3o do carnaval de rua","og_description":"A Prefeitura de Manaus, por meio da Manauscult, garante apoio \u00e0 realiza\u00e7\u00e3o de 110 eventos carnavalescos de rua.","og_url":"https:\/\/www.manaus.am.gov.br\/semcom\/prefeitura-de-manaus-trabalha-parceria-para-garantir-o-alto-padrao-das-estruturas-do-carnaval-de-rua\/","og_site_name":"SEMCOM","article_published_time":"2024-02-03T15:51:11+00:00","article_modified_time":"2024-02-03T16:10:23+00:00","og_image":[{"width":745,"height":559,"url":"https:\/\/www.manaus.am.gov.br\/semcom\/wp-content\/uploads\/sites\/5\/2024\/02\/Manauscult-e-Crea-AM-1.jpg","type":"image\/jpeg"}],"author":"smonteiro","twitter_card":"summary_large_image","twitter_misc":{"Written by":"smonteiro","Est. reading time":"2 minutos"},"schema":{"@context":"https:\/\/schema.org","@graph":[{"@type":"WebPage","@id":"https:\/\/www.manaus.am.gov.br\/semcom\/prefeitura-de-manaus-trabalha-parceria-para-garantir-o-alto-padrao-das-estruturas-do-carnaval-de-rua\/","url":"https:\/\/www.manaus.am.gov.br\/semcom\/prefeitura-de-manaus-trabalha-parceria-para-garantir-o-alto-padrao-das-estruturas-do-carnaval-de-rua\/","name":"Prefeitura atua em parceria para garantir padr\u00e3o do carnaval de rua","isPartOf":{"@id":"https:\/\/www.manaus.am.gov.br\/semcom\/#website"},"primaryImageOfPage":{"@id":"https:\/\/www.manaus.am.gov.br\/semcom\/prefeitura-de-manaus-trabalha-parceria-para-garantir-o-alto-padrao-das-estruturas-do-carnaval-de-rua\/#primaryimage"},"image":{"@id":"https:\/\/www.manaus.am.gov.br\/semcom\/prefeitura-de-manaus-trabalha-parceria-para-garantir-o-alto-padrao-das-estruturas-do-carnaval-de-rua\/#primaryimage"},"thumbnailUrl":"https:\/\/www.manaus.am.gov.br\/semcom\/wp-content\/uploads\/sites\/5\/2024\/02\/Manauscult-e-Crea-AM-1.jpg","datePublished":"2024-02-03T15:51:11+00:00","dateModified":"2024-02-03T16:10:23+00:00","author":{"@id":"https:\/\/www.manaus.am.gov.br\/semcom\/#\/schema\/person\/ab4dcf766a54dff74e8d267f5c591961"},"description":"A Prefeitura de Manaus, por meio da Manauscult, garante apoio \u00e0 realiza\u00e7\u00e3o de 110 eventos carnavalescos de rua.","inLanguage":"pt-BR","potentialAction":[{"@type":"ReadAction","target":["https:\/\/www.manaus.am.gov.br\/semcom\/prefeitura-de-manaus-trabalha-parceria-para-garantir-o-alto-padrao-das-estruturas-do-carnaval-de-rua\/"]}]},{"@type":"ImageObject","inLanguage":"pt-BR","@id":"https:\/\/www.manaus.am.gov.br\/semcom\/prefeitura-de-manaus-trabalha-parceria-para-garantir-o-alto-padrao-das-estruturas-do-carnaval-de-rua\/#primaryimage","url":"https:\/\/www.manaus.am.gov.br\/semcom\/wp-content\/uploads\/sites\/5\/2024\/02\/Manauscult-e-Crea-AM-1.jpg","contentUrl":"https:\/\/www.manaus.am.gov.br\/semcom\/wp-content\/uploads\/sites\/5\/2024\/02\/Manauscult-e-Crea-AM-1.jpg","width":745,"height":559,"caption":"#paratodosverem - representantes da Manauscult e Crea Amazonas reunidos"},{"@type":"WebSite","@id":"https:\/\/www.manaus.am.gov.br\/semcom\/#website","url":"https:\/\/www.manaus.am.gov.br\/semcom\/","name":"SEMCOM","description":"Secretaria Municipal de Comunica\u00e7\u00e3o","potentialAction":[{"@type":"SearchAction","target":{"@type":"EntryPoint","urlTemplate":"https:\/\/www.manaus.am.gov.br\/semcom\/?s={search_term_string}"},"query-input":"required name=search_term_string"}],"inLanguage":"pt-BR"},{"@type":"Person","@id":"https:\/\/www.manaus.am.gov.br\/semcom\/#\/schema\/person\/ab4dcf766a54dff74e8d267f5c591961","name":"smonteiro","image":{"@type":"ImageObject","inLanguage":"pt-BR","@id":"https:\/\/www.manaus.am.gov.br\/semcom\/#\/schema\/person\/image\/","url":"https:\/\/secure.gravatar.com\/avatar\/21c8776ef61d9272c73322052e042d77?s=96&d=mm&r=g","contentUrl":"https:\/\/secure.gravatar.com\/avatar\/21c8776ef61d9272c73322052e042d77?s=96&d=mm&r=g","caption":"smonteiro"}}]}},"_links":{"self":[{"href":"https:\/\/www.manaus.am.gov.br\/semcom\/wp-json\/wp\/v2\/posts\/224973"}],"collection":[{"href":"https:\/\/www.manaus.am.gov.br\/semcom\/wp-json\/wp\/v2\/posts"}],"about":[{"href":"https:\/\/www.manaus.am.gov.br\/semcom\/wp-json\/wp\/v2\/types\/post"}],"author":[{"embeddable":true,"href":"https:\/\/www.manaus.am.gov.br\/semcom\/wp-json\/wp\/v2\/users\/61"}],"replies":[{"embeddable":true,"href":"https:\/\/www.manaus.am.gov.br\/semcom\/wp-json\/wp\/v2\/comments?post=224973"}],"version-history":[{"count":1,"href":"https:\/\/www.manaus.am.gov.br\/semcom\/wp-json\/wp\/v2\/posts\/224973\/revisions"}],"predecessor-version":[{"id":224975,"href":"https:\/\/www.manaus.am.gov.br\/semcom\/wp-json\/wp\/v2\/posts\/224973\/revisions\/224975"}],"wp:featuredmedia":[{"embeddable":true,"href":"https:\/\/www.manaus.am.gov.br\/semcom\/wp-json\/wp\/v2\/media\/224974"}],"wp:attachment":[{"href":"https:\/\/www.manaus.am.gov.br\/semcom\/wp-json\/wp\/v2\/media?parent=224973"}],"wp:term":[{"taxonomy":"category","embeddable":true,"href":"https:\/\/www.manaus.am.gov.br\/semcom\/wp-json\/wp\/v2\/categories?post=224973"},{"taxonomy":"post_tag","embeddable":true,"href":"https:\/\/www.manaus.am.gov.br\/semcom\/wp-json\/wp\/v2\/tags?post=224973"}],"curies":[{"name":"wp","href":"https:\/\/api.w.org\/{rel}","templated":true}]}}