{"id":224965,"date":"2024-02-02T18:46:15","date_gmt":"2024-02-02T21:46:15","guid":{"rendered":"https:\/\/www.manaus.am.gov.br\/semcom\/infraestrutura-asfalto-compensa\/"},"modified":"2024-02-02T18:47:40","modified_gmt":"2024-02-02T21:47:40","slug":"infraestrutura-asfalto-compensa","status":"publish","type":"post","link":"https:\/\/www.manaus.am.gov.br\/semcom\/infraestrutura-asfalto-compensa\/","title":{"rendered":"Prefeitura de Manaus aplica 280 toneladas de massa asf\u00e1ltica em trecho na Compensa"},"content":{"rendered":"\n<p>A Prefeitura de Manaus, por meio da Secretaria Municipal de Infraestrutura (Seminf), recapeou, nesta sexta-feira, 2\/2,a rua Alameda da Paz, localizada no bairro da Compensa, zona Oeste. A via recebeu aproximadamente 280 toneladas de massa asf\u00e1ltica em toda a sua extens\u00e3o.<\/p>\n\n\n\n<p>\u201cOs trabalhos de asfalto seguem de forma simult\u00e2nea pelos diversos bairros de Manaus. A equipe da Seminf acompanha todos os dias a evolu\u00e7\u00e3o das obras nas ruas e a resposta aos moradores em atender demandas que h\u00e1 mais de 20 anos eram esquecidas. O prefeito David Almeida determinou desde o in\u00edcio da sua gest\u00e3o que o nosso gabinete \u00e9 nas ruas atendendo a popula\u00e7\u00e3o e \u00e9 desta forma que trabalhamos\u201d, afirmou o secret\u00e1rio de Obras Renato Junior.<\/p>\n\n\n\n<p>A rua Alameda da Paz tem 100 metros de comprimento e estava deteriorada pelos buracos. A empreendedora Valdilene Gomes, 45 anos, expressou a sua alegria em ver as m\u00e1quinas atuantes no bairro.<\/p>\n\n\n\n<p>\u201cA realidade daqui era feia, s\u00f3 buraco. Faziam aquela gambiarra que nem durava, mas agora o servi\u00e7o est\u00e1 completo. S\u00f3 temos de agradecer ao trabalho da Prefeitura de Manaus que \u00e9 \u00f3timo, est\u00e1vamos precisando h\u00e1 muito tempo\u201d, comemorou a moradora.<\/p>\n\n\n\n<p>Conforme \u00faltima atualiza\u00e7\u00e3o do site \u201cAsfalt\u00f4metro\u201d, 146 ruas do bairro Compensa receberam recapeamento do programa \u201cAsfalta Manaus\u201d.<\/p>\n\n\n\n<p>&#8212; &#8212; &#8212;<\/p>\n\n\n\n<p><strong>Texto<\/strong> &#8211;&nbsp;Rayana Coutinho\/ Seminf<\/p>\n\n\n\n<p><strong>Fotos <\/strong>&#8211;\u00a0M\u00e1rcio Melo\/ Seminf<\/p>\n\n\n\n<p><strong>Dispon\u00edveis em<\/strong> \u2013 https:\/\/flic.kr\/s\/aHBqjBcLYN<\/p>\n\n\n\n<p><\/p>\n","protected":false},"excerpt":{"rendered":"","protected":false},"author":57,"featured_media":224966,"comment_status":"closed","ping_status":"closed","sticky":false,"template":"","format":"standard","meta":{"footnotes":""},"categories":[201],"tags":[540,6286,29,33,778],"acf":[],"yoast_head":"<!-- This site is optimized with the Yoast SEO plugin v23.0 - https:\/\/yoast.com\/wordpress\/plugins\/seo\/ -->\n<title>Prefeitura aplica 280 toneladas de massa asf\u00e1ltica na Compensa<\/title>\n<meta name=\"description\" content=\"A Prefeitura de Manaus recapeou, nesta sexta-feira, 2\/2, a rua Alameda da Paz, localizada no bairro da Compensa, zona Oeste.\" \/>\n<meta name=\"robots\" content=\"index, follow, max-snippet:-1, max-image-preview:large, max-video-preview:-1\" \/>\n<link rel=\"canonical\" href=\"https:\/\/www.manaus.am.gov.br\/semcom\/infraestrutura-asfalto-compensa\/\" \/>\n<meta property=\"og:locale\" content=\"pt_BR\" \/>\n<meta property=\"og:type\" content=\"article\" \/>\n<meta property=\"og:title\" content=\"Prefeitura aplica 280 toneladas de massa asf\u00e1ltica na Compensa\" \/>\n<meta property=\"og:description\" content=\"A Prefeitura de Manaus recapeou, nesta sexta-feira, 2\/2, a rua Alameda da Paz, localizada no bairro da Compensa, zona Oeste.\" \/>\n<meta property=\"og:url\" content=\"https:\/\/www.manaus.am.gov.br\/semcom\/infraestrutura-asfalto-compensa\/\" \/>\n<meta property=\"og:site_name\" content=\"SEMCOM\" \/>\n<meta property=\"article:published_time\" content=\"2024-02-02T21:46:15+00:00\" \/>\n<meta property=\"article:modified_time\" content=\"2024-02-02T21:47:40+00:00\" \/>\n<meta property=\"og:image\" content=\"https:\/\/www.manaus.am.gov.br\/semcom\/wp-content\/uploads\/sites\/5\/2024\/02\/Seminf.jpg\" \/>\n\t<meta property=\"og:image:width\" content=\"799\" \/>\n\t<meta property=\"og:image:height\" content=\"533\" \/>\n\t<meta property=\"og:image:type\" content=\"image\/jpeg\" \/>\n<meta name=\"author\" content=\"Thiago Fernando\" \/>\n<meta name=\"twitter:card\" content=\"summary_large_image\" \/>\n<meta name=\"twitter:label1\" content=\"Written by\" \/>\n\t<meta name=\"twitter:data1\" content=\"Thiago Fernando\" \/>\n\t<meta name=\"twitter:label2\" content=\"Est. reading time\" \/>\n\t<meta name=\"twitter:data2\" content=\"2 minutos\" \/>\n<script type=\"application\/ld+json\" class=\"yoast-schema-graph\">{\"@context\":\"https:\/\/schema.org\",\"@graph\":[{\"@type\":\"WebPage\",\"@id\":\"https:\/\/www.manaus.am.gov.br\/semcom\/infraestrutura-asfalto-compensa\/\",\"url\":\"https:\/\/www.manaus.am.gov.br\/semcom\/infraestrutura-asfalto-compensa\/\",\"name\":\"Prefeitura aplica 280 toneladas de massa asf\u00e1ltica na Compensa\",\"isPartOf\":{\"@id\":\"https:\/\/www.manaus.am.gov.br\/semcom\/#website\"},\"primaryImageOfPage\":{\"@id\":\"https:\/\/www.manaus.am.gov.br\/semcom\/infraestrutura-asfalto-compensa\/#primaryimage\"},\"image\":{\"@id\":\"https:\/\/www.manaus.am.gov.br\/semcom\/infraestrutura-asfalto-compensa\/#primaryimage\"},\"thumbnailUrl\":\"https:\/\/www.manaus.am.gov.br\/semcom\/wp-content\/uploads\/sites\/5\/2024\/02\/Seminf.jpg\",\"datePublished\":\"2024-02-02T21:46:15+00:00\",\"dateModified\":\"2024-02-02T21:47:40+00:00\",\"author\":{\"@id\":\"https:\/\/www.manaus.am.gov.br\/semcom\/#\/schema\/person\/a5ee5376db6e21af026374b369f30882\"},\"description\":\"A Prefeitura de Manaus recapeou, nesta sexta-feira, 2\/2, a rua Alameda da Paz, localizada no bairro da Compensa, zona Oeste.\",\"inLanguage\":\"pt-BR\",\"potentialAction\":[{\"@type\":\"ReadAction\",\"target\":[\"https:\/\/www.manaus.am.gov.br\/semcom\/infraestrutura-asfalto-compensa\/\"]}]},{\"@type\":\"ImageObject\",\"inLanguage\":\"pt-BR\",\"@id\":\"https:\/\/www.manaus.am.gov.br\/semcom\/infraestrutura-asfalto-compensa\/#primaryimage\",\"url\":\"https:\/\/www.manaus.am.gov.br\/semcom\/wp-content\/uploads\/sites\/5\/2024\/02\/Seminf.jpg\",\"contentUrl\":\"https:\/\/www.manaus.am.gov.br\/semcom\/wp-content\/uploads\/sites\/5\/2024\/02\/Seminf.jpg\",\"width\":799,\"height\":533,\"caption\":\"#paratodosverem - Servidor da Seminf realizando o recapeamento em via de Manaus\"},{\"@type\":\"WebSite\",\"@id\":\"https:\/\/www.manaus.am.gov.br\/semcom\/#website\",\"url\":\"https:\/\/www.manaus.am.gov.br\/semcom\/\",\"name\":\"SEMCOM\",\"description\":\"Secretaria Municipal de Comunica\u00e7\u00e3o\",\"potentialAction\":[{\"@type\":\"SearchAction\",\"target\":{\"@type\":\"EntryPoint\",\"urlTemplate\":\"https:\/\/www.manaus.am.gov.br\/semcom\/?s={search_term_string}\"},\"query-input\":\"required name=search_term_string\"}],\"inLanguage\":\"pt-BR\"},{\"@type\":\"Person\",\"@id\":\"https:\/\/www.manaus.am.gov.br\/semcom\/#\/schema\/person\/a5ee5376db6e21af026374b369f30882\",\"name\":\"Thiago Fernando\",\"image\":{\"@type\":\"ImageObject\",\"inLanguage\":\"pt-BR\",\"@id\":\"https:\/\/www.manaus.am.gov.br\/semcom\/#\/schema\/person\/image\/\",\"url\":\"https:\/\/secure.gravatar.com\/avatar\/f5aab8722444041451501c077052ac07?s=96&d=mm&r=g\",\"contentUrl\":\"https:\/\/secure.gravatar.com\/avatar\/f5aab8722444041451501c077052ac07?s=96&d=mm&r=g\",\"caption\":\"Thiago Fernando\"}}]}<\/script>\n<!-- \/ Yoast SEO plugin. -->","yoast_head_json":{"title":"Prefeitura aplica 280 toneladas de massa asf\u00e1ltica na Compensa","description":"A Prefeitura de Manaus recapeou, nesta sexta-feira, 2\/2, a rua Alameda da Paz, localizada no bairro da Compensa, zona Oeste.","robots":{"index":"index","follow":"follow","max-snippet":"max-snippet:-1","max-image-preview":"max-image-preview:large","max-video-preview":"max-video-preview:-1"},"canonical":"https:\/\/www.manaus.am.gov.br\/semcom\/infraestrutura-asfalto-compensa\/","og_locale":"pt_BR","og_type":"article","og_title":"Prefeitura aplica 280 toneladas de massa asf\u00e1ltica na Compensa","og_description":"A Prefeitura de Manaus recapeou, nesta sexta-feira, 2\/2, a rua Alameda da Paz, localizada no bairro da Compensa, zona Oeste.","og_url":"https:\/\/www.manaus.am.gov.br\/semcom\/infraestrutura-asfalto-compensa\/","og_site_name":"SEMCOM","article_published_time":"2024-02-02T21:46:15+00:00","article_modified_time":"2024-02-02T21:47:40+00:00","og_image":[{"width":799,"height":533,"url":"https:\/\/www.manaus.am.gov.br\/semcom\/wp-content\/uploads\/sites\/5\/2024\/02\/Seminf.jpg","type":"image\/jpeg"}],"author":"Thiago Fernando","twitter_card":"summary_large_image","twitter_misc":{"Written by":"Thiago Fernando","Est. reading time":"2 minutos"},"schema":{"@context":"https:\/\/schema.org","@graph":[{"@type":"WebPage","@id":"https:\/\/www.manaus.am.gov.br\/semcom\/infraestrutura-asfalto-compensa\/","url":"https:\/\/www.manaus.am.gov.br\/semcom\/infraestrutura-asfalto-compensa\/","name":"Prefeitura aplica 280 toneladas de massa asf\u00e1ltica na Compensa","isPartOf":{"@id":"https:\/\/www.manaus.am.gov.br\/semcom\/#website"},"primaryImageOfPage":{"@id":"https:\/\/www.manaus.am.gov.br\/semcom\/infraestrutura-asfalto-compensa\/#primaryimage"},"image":{"@id":"https:\/\/www.manaus.am.gov.br\/semcom\/infraestrutura-asfalto-compensa\/#primaryimage"},"thumbnailUrl":"https:\/\/www.manaus.am.gov.br\/semcom\/wp-content\/uploads\/sites\/5\/2024\/02\/Seminf.jpg","datePublished":"2024-02-02T21:46:15+00:00","dateModified":"2024-02-02T21:47:40+00:00","author":{"@id":"https:\/\/www.manaus.am.gov.br\/semcom\/#\/schema\/person\/a5ee5376db6e21af026374b369f30882"},"description":"A Prefeitura de Manaus recapeou, nesta sexta-feira, 2\/2, a rua Alameda da Paz, localizada no bairro da Compensa, zona Oeste.","inLanguage":"pt-BR","potentialAction":[{"@type":"ReadAction","target":["https:\/\/www.manaus.am.gov.br\/semcom\/infraestrutura-asfalto-compensa\/"]}]},{"@type":"ImageObject","inLanguage":"pt-BR","@id":"https:\/\/www.manaus.am.gov.br\/semcom\/infraestrutura-asfalto-compensa\/#primaryimage","url":"https:\/\/www.manaus.am.gov.br\/semcom\/wp-content\/uploads\/sites\/5\/2024\/02\/Seminf.jpg","contentUrl":"https:\/\/www.manaus.am.gov.br\/semcom\/wp-content\/uploads\/sites\/5\/2024\/02\/Seminf.jpg","width":799,"height":533,"caption":"#paratodosverem - Servidor da Seminf realizando o recapeamento em via de Manaus"},{"@type":"WebSite","@id":"https:\/\/www.manaus.am.gov.br\/semcom\/#website","url":"https:\/\/www.manaus.am.gov.br\/semcom\/","name":"SEMCOM","description":"Secretaria Municipal de Comunica\u00e7\u00e3o","potentialAction":[{"@type":"SearchAction","target":{"@type":"EntryPoint","urlTemplate":"https:\/\/www.manaus.am.gov.br\/semcom\/?s={search_term_string}"},"query-input":"required name=search_term_string"}],"inLanguage":"pt-BR"},{"@type":"Person","@id":"https:\/\/www.manaus.am.gov.br\/semcom\/#\/schema\/person\/a5ee5376db6e21af026374b369f30882","name":"Thiago Fernando","image":{"@type":"ImageObject","inLanguage":"pt-BR","@id":"https:\/\/www.manaus.am.gov.br\/semcom\/#\/schema\/person\/image\/","url":"https:\/\/secure.gravatar.com\/avatar\/f5aab8722444041451501c077052ac07?s=96&d=mm&r=g","contentUrl":"https:\/\/secure.gravatar.com\/avatar\/f5aab8722444041451501c077052ac07?s=96&d=mm&r=g","caption":"Thiago Fernando"}}]}},"_links":{"self":[{"href":"https:\/\/www.manaus.am.gov.br\/semcom\/wp-json\/wp\/v2\/posts\/224965"}],"collection":[{"href":"https:\/\/www.manaus.am.gov.br\/semcom\/wp-json\/wp\/v2\/posts"}],"about":[{"href":"https:\/\/www.manaus.am.gov.br\/semcom\/wp-json\/wp\/v2\/types\/post"}],"author":[{"embeddable":true,"href":"https:\/\/www.manaus.am.gov.br\/semcom\/wp-json\/wp\/v2\/users\/57"}],"replies":[{"embeddable":true,"href":"https:\/\/www.manaus.am.gov.br\/semcom\/wp-json\/wp\/v2\/comments?post=224965"}],"version-history":[{"count":1,"href":"https:\/\/www.manaus.am.gov.br\/semcom\/wp-json\/wp\/v2\/posts\/224965\/revisions"}],"predecessor-version":[{"id":224967,"href":"https:\/\/www.manaus.am.gov.br\/semcom\/wp-json\/wp\/v2\/posts\/224965\/revisions\/224967"}],"wp:featuredmedia":[{"embeddable":true,"href":"https:\/\/www.manaus.am.gov.br\/semcom\/wp-json\/wp\/v2\/media\/224966"}],"wp:attachment":[{"href":"https:\/\/www.manaus.am.gov.br\/semcom\/wp-json\/wp\/v2\/media?parent=224965"}],"wp:term":[{"taxonomy":"category","embeddable":true,"href":"https:\/\/www.manaus.am.gov.br\/semcom\/wp-json\/wp\/v2\/categories?post=224965"},{"taxonomy":"post_tag","embeddable":true,"href":"https:\/\/www.manaus.am.gov.br\/semcom\/wp-json\/wp\/v2\/tags?post=224965"}],"curies":[{"name":"wp","href":"https:\/\/api.w.org\/{rel}","templated":true}]}}