{"id":224867,"date":"2024-02-01T10:09:59","date_gmt":"2024-02-01T13:09:59","guid":{"rendered":"https:\/\/www.manaus.am.gov.br\/semcom\/equipes-de-abordagem-social-da-prefeitura-de-manaus-atuarao-no-combate-a-violacao-de-direitos-infantojuvenis\/"},"modified":"2024-02-01T10:23:32","modified_gmt":"2024-02-01T13:23:32","slug":"semasc-carnaval-2024","status":"publish","type":"post","link":"https:\/\/www.manaus.am.gov.br\/semcom\/semasc-carnaval-2024\/","title":{"rendered":"Equipes de abordagem social da Prefeitura de Manaus atuar\u00e3o no combate \u00e0 viola\u00e7\u00e3o de direitos infantojuvenis"},"content":{"rendered":"\n<p>A partir das 17h desta quinta-feira, 1\u00ba\/2, a Prefeitura de Manaus, por meio da Secretaria Municipal da Mulher, Assist\u00eancia Social e Cidadania (Semasc), d\u00e1 in\u00edcio aos trabalhos de abordagem social e sensibiliza\u00e7\u00e3o para o combate \u00e0 explora\u00e7\u00e3o do trabalho infantojuvenil e outras viola\u00e7\u00f5es de direitos nos arredores do Centro de Conven\u00e7\u00f5es de Manaus, o samb\u00f3dromo, na zona Centro-Sul, durante o \u201cCarnaval da Floresta 2024\u201d.<\/p>\n\n\n\n<p>Ao todo, 50 servidores atuar\u00e3o diariamente das 17h \u00e0s 23h, do primeiro ao terceiro dia de desfiles das escolas de samba de Manaus, sensibilizando as fam\u00edlias presentes a respeito das determina\u00e7\u00f5es do Juizado da Inf\u00e2ncia e da Juventude quanto \u00e0 perman\u00eancia de menores de idade no local e fiscalizando poss\u00edveis situa\u00e7\u00f5es de risco social para crian\u00e7as e adolescentes.<\/p>\n\n\n\n<p>\u201cVamos estar com as nossas equipes, nossos servidores e nossos parceiros nas ruas realizando n\u00e3o somente as abordagens em raz\u00e3o das situa\u00e7\u00f5es de trabalho infantil, mas principalmente tamb\u00e9m alertando a popula\u00e7\u00e3o em situa\u00e7\u00f5es de qualquer natureza que a possamos caracterizar como uma suspeita de viola\u00e7\u00e3o de direito. A inten\u00e7\u00e3o \u00e9 que a possamos ampliar a cobertura de abordagem&nbsp; no entorno do samb\u00f3dromo e garantir essa prote\u00e7\u00e3o ao p\u00fablico infantojuvenil\u201d, destacou a chefe da Divis\u00e3o de M\u00e9dia Complexidade do Departamento de Prote\u00e7\u00e3o Social Especial (DPSE) da Semasc, M\u00e1rcia Helena Braga.<\/p>\n\n\n\n<p>Al\u00e9m das a\u00e7\u00f5es de fiscaliza\u00e7\u00e3o e sensibiliza\u00e7\u00e3o, a Semasc tamb\u00e9m participar\u00e1 da pr\u00e9-abertura do desfile das escolas de samba do grupo Especial com o \u201cBloco da Prote\u00e7\u00e3o Social\u201d, no s\u00e1bado, 3\/2, a partir das 17h. Para a ocasi\u00e3o, ser\u00e3o reunidos servidores da assist\u00eancia social, parceiros da sociedade civil e usu\u00e1rios do Servi\u00e7o de Conviv\u00eancia e Fortalecimento de V\u00ednculos dos Centros de Refer\u00eancia de Assist\u00eancia Social (Cras) do munic\u00edpio para participar de um momento de sensibiliza\u00e7\u00e3o e lazer.<\/p>\n\n\n\n<p>\u201cPelo segundo ano consecutivo, n\u00f3s vamos estar com o bloco da prote\u00e7\u00e3o, que tem como tem\u00e1tica principal essa garantia da prote\u00e7\u00e3o de indiv\u00edduos em situa\u00e7\u00e3o de direitos violados. Esse ano a gente trabalha a quest\u00e3o do respeito e dignidade, levando novamente essa proposta de aten\u00e7\u00e3o e cuidado para com a parcela mais carente da popula\u00e7\u00e3o\u201d, finalizou M\u00e1rcia Helena.<\/p>\n\n\n\n<p><strong>Portaria<\/strong><\/p>\n\n\n\n<p><br>De acordo com a Portaria N\u00ba 003\/2023, crian\u00e7as menores de 12 anos, mesmo acompanhadas dos pais e\/ou respons\u00e1veis, n\u00e3o poder\u00e3o participar do \u201cCarnaval da Floresta 2024\u201d. Crian\u00e7as com idade acima dos 12 anos completos e adolescente at\u00e9 15 anos incompletos poder\u00e3o adentrar e permanecer no samb\u00f3dromo somente se acompanhados dos respons\u00e1veis e munidos de documento comprobat\u00f3rio de idade com foto, original ou c\u00f3pia autenticada. &nbsp;<\/p>\n\n\n\n<p>Crian\u00e7as menores de 12 anos de idade incompletos e adolescentes sem documenta\u00e7\u00e3o comprobat\u00f3ria desacompanhados identificados no local ser\u00e3o conduzidos e imediatamente entregues aos pais, respons\u00e1vel legal ou ao Conselho Tutelar (artigo 136, I, ECA), mediante \u201cTermo de Encaminhamento\u201d.<\/p>\n\n\n\n<p>&#8212; &#8212; &#8212;<\/p>\n\n\n\n<p><strong>Texto &#8211; <\/strong>Guilherme Pacheco \/ Semasc<\/p>\n\n\n\n<p><strong>Foto &#8211; <\/strong>Marcely Gomes \/ Arquivo Semasc<\/p>\n","protected":false},"excerpt":{"rendered":"","protected":false},"author":23,"featured_media":224868,"comment_status":"closed","ping_status":"closed","sticky":false,"template":"","format":"standard","meta":{"footnotes":""},"categories":[195],"tags":[9048,10391,10392,6668,1152,4733,77,992,153],"acf":[],"yoast_head":"<!-- This site is optimized with the Yoast SEO plugin v23.0 - https:\/\/yoast.com\/wordpress\/plugins\/seo\/ -->\n<title>Equipes de abordagem social da Prefeitura de Manaus atuar\u00e3o no combate \u00e0 viola\u00e7\u00e3o de direitos infantojuvenis<\/title>\n<meta name=\"description\" content=\"A partir das 17h desta quinta-feira, 1\u00ba\/2, a Prefeitura de Manaus, por meio da Secretaria Municipal da Mulher, Assist\u00eancia Social e Cidadania (Semasc), d\u00e1 in\u00edcio aos trabalhos de abordagem social e sensibiliza\u00e7\u00e3o para o combate \u00e0 explora\u00e7\u00e3o do trabalho infantojuvenil e outras viola\u00e7\u00f5es de direitos nos arredores do Centro de Conven\u00e7\u00f5es de Manaus, o samb\u00f3dromo, na zona Centro-Sul, durante o \u201cCarnaval da Floresta 2024\u201d.\" \/>\n<meta name=\"robots\" content=\"index, follow, max-snippet:-1, max-image-preview:large, max-video-preview:-1\" \/>\n<link rel=\"canonical\" href=\"https:\/\/www.manaus.am.gov.br\/semcom\/semasc-carnaval-2024\/\" \/>\n<meta property=\"og:locale\" content=\"pt_BR\" \/>\n<meta property=\"og:type\" content=\"article\" \/>\n<meta property=\"og:title\" content=\"Equipes de abordagem social da Prefeitura de Manaus atuar\u00e3o no combate \u00e0 viola\u00e7\u00e3o de direitos infantojuvenis\" \/>\n<meta property=\"og:description\" content=\"A partir das 17h desta quinta-feira, 1\u00ba\/2, a Prefeitura de Manaus, por meio da Secretaria Municipal da Mulher, Assist\u00eancia Social e Cidadania (Semasc), d\u00e1 in\u00edcio aos trabalhos de abordagem social e sensibiliza\u00e7\u00e3o para o combate \u00e0 explora\u00e7\u00e3o do trabalho infantojuvenil e outras viola\u00e7\u00f5es de direitos nos arredores do Centro de Conven\u00e7\u00f5es de Manaus, o samb\u00f3dromo, na zona Centro-Sul, durante o \u201cCarnaval da Floresta 2024\u201d.\" \/>\n<meta property=\"og:url\" content=\"https:\/\/www.manaus.am.gov.br\/semcom\/semasc-carnaval-2024\/\" \/>\n<meta property=\"og:site_name\" content=\"SEMCOM\" \/>\n<meta property=\"article:published_time\" content=\"2024-02-01T13:09:59+00:00\" \/>\n<meta property=\"article:modified_time\" content=\"2024-02-01T13:23:32+00:00\" \/>\n<meta property=\"og:image\" content=\"https:\/\/www.manaus.am.gov.br\/semcom\/wp-content\/uploads\/sites\/5\/2024\/02\/WhatsApp-Image-2024-02-01-at-09.04.24.jpeg\" \/>\n\t<meta property=\"og:image:width\" content=\"1600\" \/>\n\t<meta property=\"og:image:height\" content=\"1066\" \/>\n\t<meta property=\"og:image:type\" content=\"image\/jpeg\" \/>\n<meta name=\"author\" content=\"Adriana Costa\" \/>\n<meta name=\"twitter:card\" content=\"summary_large_image\" \/>\n<meta name=\"twitter:label1\" content=\"Written by\" \/>\n\t<meta name=\"twitter:data1\" content=\"Adriana Costa\" \/>\n\t<meta name=\"twitter:label2\" content=\"Est. reading time\" \/>\n\t<meta name=\"twitter:data2\" content=\"3 minutos\" \/>\n<script type=\"application\/ld+json\" class=\"yoast-schema-graph\">{\"@context\":\"https:\/\/schema.org\",\"@graph\":[{\"@type\":\"WebPage\",\"@id\":\"https:\/\/www.manaus.am.gov.br\/semcom\/semasc-carnaval-2024\/\",\"url\":\"https:\/\/www.manaus.am.gov.br\/semcom\/semasc-carnaval-2024\/\",\"name\":\"Equipes de abordagem social da Prefeitura de Manaus atuar\u00e3o no combate \u00e0 viola\u00e7\u00e3o de direitos infantojuvenis\",\"isPartOf\":{\"@id\":\"https:\/\/www.manaus.am.gov.br\/semcom\/#website\"},\"primaryImageOfPage\":{\"@id\":\"https:\/\/www.manaus.am.gov.br\/semcom\/semasc-carnaval-2024\/#primaryimage\"},\"image\":{\"@id\":\"https:\/\/www.manaus.am.gov.br\/semcom\/semasc-carnaval-2024\/#primaryimage\"},\"thumbnailUrl\":\"https:\/\/www.manaus.am.gov.br\/semcom\/wp-content\/uploads\/sites\/5\/2024\/02\/WhatsApp-Image-2024-02-01-at-09.04.24.jpeg\",\"datePublished\":\"2024-02-01T13:09:59+00:00\",\"dateModified\":\"2024-02-01T13:23:32+00:00\",\"author\":{\"@id\":\"https:\/\/www.manaus.am.gov.br\/semcom\/#\/schema\/person\/4e49f4e267757a06ca072ec61b2b9968\"},\"description\":\"A partir das 17h desta quinta-feira, 1\u00ba\/2, a Prefeitura de Manaus, por meio da Secretaria Municipal da Mulher, Assist\u00eancia Social e Cidadania (Semasc), d\u00e1 in\u00edcio aos trabalhos de abordagem social e sensibiliza\u00e7\u00e3o para o combate \u00e0 explora\u00e7\u00e3o do trabalho infantojuvenil e outras viola\u00e7\u00f5es de direitos nos arredores do Centro de Conven\u00e7\u00f5es de Manaus, o samb\u00f3dromo, na zona Centro-Sul, durante o \u201cCarnaval da Floresta 2024\u201d.\",\"inLanguage\":\"pt-BR\",\"potentialAction\":[{\"@type\":\"ReadAction\",\"target\":[\"https:\/\/www.manaus.am.gov.br\/semcom\/semasc-carnaval-2024\/\"]}]},{\"@type\":\"ImageObject\",\"inLanguage\":\"pt-BR\",\"@id\":\"https:\/\/www.manaus.am.gov.br\/semcom\/semasc-carnaval-2024\/#primaryimage\",\"url\":\"https:\/\/www.manaus.am.gov.br\/semcom\/wp-content\/uploads\/sites\/5\/2024\/02\/WhatsApp-Image-2024-02-01-at-09.04.24.jpeg\",\"contentUrl\":\"https:\/\/www.manaus.am.gov.br\/semcom\/wp-content\/uploads\/sites\/5\/2024\/02\/WhatsApp-Image-2024-02-01-at-09.04.24.jpeg\",\"width\":1600,\"height\":1066},{\"@type\":\"WebSite\",\"@id\":\"https:\/\/www.manaus.am.gov.br\/semcom\/#website\",\"url\":\"https:\/\/www.manaus.am.gov.br\/semcom\/\",\"name\":\"SEMCOM\",\"description\":\"Secretaria Municipal de Comunica\u00e7\u00e3o\",\"potentialAction\":[{\"@type\":\"SearchAction\",\"target\":{\"@type\":\"EntryPoint\",\"urlTemplate\":\"https:\/\/www.manaus.am.gov.br\/semcom\/?s={search_term_string}\"},\"query-input\":\"required name=search_term_string\"}],\"inLanguage\":\"pt-BR\"},{\"@type\":\"Person\",\"@id\":\"https:\/\/www.manaus.am.gov.br\/semcom\/#\/schema\/person\/4e49f4e267757a06ca072ec61b2b9968\",\"name\":\"Adriana Costa\",\"image\":{\"@type\":\"ImageObject\",\"inLanguage\":\"pt-BR\",\"@id\":\"https:\/\/www.manaus.am.gov.br\/semcom\/#\/schema\/person\/image\/\",\"url\":\"https:\/\/secure.gravatar.com\/avatar\/576258617ef7194f718179e766d57bd4?s=96&d=mm&r=g\",\"contentUrl\":\"https:\/\/secure.gravatar.com\/avatar\/576258617ef7194f718179e766d57bd4?s=96&d=mm&r=g\",\"caption\":\"Adriana Costa\"}}]}<\/script>\n<!-- \/ Yoast SEO plugin. -->","yoast_head_json":{"title":"Equipes de abordagem social da Prefeitura de Manaus atuar\u00e3o no combate \u00e0 viola\u00e7\u00e3o de direitos infantojuvenis","description":"A partir das 17h desta quinta-feira, 1\u00ba\/2, a Prefeitura de Manaus, por meio da Secretaria Municipal da Mulher, Assist\u00eancia Social e Cidadania (Semasc), d\u00e1 in\u00edcio aos trabalhos de abordagem social e sensibiliza\u00e7\u00e3o para o combate \u00e0 explora\u00e7\u00e3o do trabalho infantojuvenil e outras viola\u00e7\u00f5es de direitos nos arredores do Centro de Conven\u00e7\u00f5es de Manaus, o samb\u00f3dromo, na zona Centro-Sul, durante o \u201cCarnaval da Floresta 2024\u201d.","robots":{"index":"index","follow":"follow","max-snippet":"max-snippet:-1","max-image-preview":"max-image-preview:large","max-video-preview":"max-video-preview:-1"},"canonical":"https:\/\/www.manaus.am.gov.br\/semcom\/semasc-carnaval-2024\/","og_locale":"pt_BR","og_type":"article","og_title":"Equipes de abordagem social da Prefeitura de Manaus atuar\u00e3o no combate \u00e0 viola\u00e7\u00e3o de direitos infantojuvenis","og_description":"A partir das 17h desta quinta-feira, 1\u00ba\/2, a Prefeitura de Manaus, por meio da Secretaria Municipal da Mulher, Assist\u00eancia Social e Cidadania (Semasc), d\u00e1 in\u00edcio aos trabalhos de abordagem social e sensibiliza\u00e7\u00e3o para o combate \u00e0 explora\u00e7\u00e3o do trabalho infantojuvenil e outras viola\u00e7\u00f5es de direitos nos arredores do Centro de Conven\u00e7\u00f5es de Manaus, o samb\u00f3dromo, na zona Centro-Sul, durante o \u201cCarnaval da Floresta 2024\u201d.","og_url":"https:\/\/www.manaus.am.gov.br\/semcom\/semasc-carnaval-2024\/","og_site_name":"SEMCOM","article_published_time":"2024-02-01T13:09:59+00:00","article_modified_time":"2024-02-01T13:23:32+00:00","og_image":[{"width":1600,"height":1066,"url":"https:\/\/www.manaus.am.gov.br\/semcom\/wp-content\/uploads\/sites\/5\/2024\/02\/WhatsApp-Image-2024-02-01-at-09.04.24.jpeg","type":"image\/jpeg"}],"author":"Adriana Costa","twitter_card":"summary_large_image","twitter_misc":{"Written by":"Adriana Costa","Est. reading time":"3 minutos"},"schema":{"@context":"https:\/\/schema.org","@graph":[{"@type":"WebPage","@id":"https:\/\/www.manaus.am.gov.br\/semcom\/semasc-carnaval-2024\/","url":"https:\/\/www.manaus.am.gov.br\/semcom\/semasc-carnaval-2024\/","name":"Equipes de abordagem social da Prefeitura de Manaus atuar\u00e3o no combate \u00e0 viola\u00e7\u00e3o de direitos infantojuvenis","isPartOf":{"@id":"https:\/\/www.manaus.am.gov.br\/semcom\/#website"},"primaryImageOfPage":{"@id":"https:\/\/www.manaus.am.gov.br\/semcom\/semasc-carnaval-2024\/#primaryimage"},"image":{"@id":"https:\/\/www.manaus.am.gov.br\/semcom\/semasc-carnaval-2024\/#primaryimage"},"thumbnailUrl":"https:\/\/www.manaus.am.gov.br\/semcom\/wp-content\/uploads\/sites\/5\/2024\/02\/WhatsApp-Image-2024-02-01-at-09.04.24.jpeg","datePublished":"2024-02-01T13:09:59+00:00","dateModified":"2024-02-01T13:23:32+00:00","author":{"@id":"https:\/\/www.manaus.am.gov.br\/semcom\/#\/schema\/person\/4e49f4e267757a06ca072ec61b2b9968"},"description":"A partir das 17h desta quinta-feira, 1\u00ba\/2, a Prefeitura de Manaus, por meio da Secretaria Municipal da Mulher, Assist\u00eancia Social e Cidadania (Semasc), d\u00e1 in\u00edcio aos trabalhos de abordagem social e sensibiliza\u00e7\u00e3o para o combate \u00e0 explora\u00e7\u00e3o do trabalho infantojuvenil e outras viola\u00e7\u00f5es de direitos nos arredores do Centro de Conven\u00e7\u00f5es de Manaus, o samb\u00f3dromo, na zona Centro-Sul, durante o \u201cCarnaval da Floresta 2024\u201d.","inLanguage":"pt-BR","potentialAction":[{"@type":"ReadAction","target":["https:\/\/www.manaus.am.gov.br\/semcom\/semasc-carnaval-2024\/"]}]},{"@type":"ImageObject","inLanguage":"pt-BR","@id":"https:\/\/www.manaus.am.gov.br\/semcom\/semasc-carnaval-2024\/#primaryimage","url":"https:\/\/www.manaus.am.gov.br\/semcom\/wp-content\/uploads\/sites\/5\/2024\/02\/WhatsApp-Image-2024-02-01-at-09.04.24.jpeg","contentUrl":"https:\/\/www.manaus.am.gov.br\/semcom\/wp-content\/uploads\/sites\/5\/2024\/02\/WhatsApp-Image-2024-02-01-at-09.04.24.jpeg","width":1600,"height":1066},{"@type":"WebSite","@id":"https:\/\/www.manaus.am.gov.br\/semcom\/#website","url":"https:\/\/www.manaus.am.gov.br\/semcom\/","name":"SEMCOM","description":"Secretaria Municipal de Comunica\u00e7\u00e3o","potentialAction":[{"@type":"SearchAction","target":{"@type":"EntryPoint","urlTemplate":"https:\/\/www.manaus.am.gov.br\/semcom\/?s={search_term_string}"},"query-input":"required name=search_term_string"}],"inLanguage":"pt-BR"},{"@type":"Person","@id":"https:\/\/www.manaus.am.gov.br\/semcom\/#\/schema\/person\/4e49f4e267757a06ca072ec61b2b9968","name":"Adriana Costa","image":{"@type":"ImageObject","inLanguage":"pt-BR","@id":"https:\/\/www.manaus.am.gov.br\/semcom\/#\/schema\/person\/image\/","url":"https:\/\/secure.gravatar.com\/avatar\/576258617ef7194f718179e766d57bd4?s=96&d=mm&r=g","contentUrl":"https:\/\/secure.gravatar.com\/avatar\/576258617ef7194f718179e766d57bd4?s=96&d=mm&r=g","caption":"Adriana Costa"}}]}},"_links":{"self":[{"href":"https:\/\/www.manaus.am.gov.br\/semcom\/wp-json\/wp\/v2\/posts\/224867"}],"collection":[{"href":"https:\/\/www.manaus.am.gov.br\/semcom\/wp-json\/wp\/v2\/posts"}],"about":[{"href":"https:\/\/www.manaus.am.gov.br\/semcom\/wp-json\/wp\/v2\/types\/post"}],"author":[{"embeddable":true,"href":"https:\/\/www.manaus.am.gov.br\/semcom\/wp-json\/wp\/v2\/users\/23"}],"replies":[{"embeddable":true,"href":"https:\/\/www.manaus.am.gov.br\/semcom\/wp-json\/wp\/v2\/comments?post=224867"}],"version-history":[{"count":1,"href":"https:\/\/www.manaus.am.gov.br\/semcom\/wp-json\/wp\/v2\/posts\/224867\/revisions"}],"predecessor-version":[{"id":224869,"href":"https:\/\/www.manaus.am.gov.br\/semcom\/wp-json\/wp\/v2\/posts\/224867\/revisions\/224869"}],"wp:featuredmedia":[{"embeddable":true,"href":"https:\/\/www.manaus.am.gov.br\/semcom\/wp-json\/wp\/v2\/media\/224868"}],"wp:attachment":[{"href":"https:\/\/www.manaus.am.gov.br\/semcom\/wp-json\/wp\/v2\/media?parent=224867"}],"wp:term":[{"taxonomy":"category","embeddable":true,"href":"https:\/\/www.manaus.am.gov.br\/semcom\/wp-json\/wp\/v2\/categories?post=224867"},{"taxonomy":"post_tag","embeddable":true,"href":"https:\/\/www.manaus.am.gov.br\/semcom\/wp-json\/wp\/v2\/tags?post=224867"}],"curies":[{"name":"wp","href":"https:\/\/api.w.org\/{rel}","templated":true}]}}