{"id":224863,"date":"2024-01-31T18:52:14","date_gmt":"2024-01-31T21:52:14","guid":{"rendered":"https:\/\/www.manaus.am.gov.br\/semcom\/mais-de-mil-servidores-municipais-ja-receberam-treinamento-sobre-a-lei-geral-de-protecao-de-dados\/"},"modified":"2024-01-31T18:52:14","modified_gmt":"2024-01-31T21:52:14","slug":"mais-de-mil-servidores-municipais-ja-receberam-treinamento-sobre-a-lei-geral-de-protecao-de-dados","status":"publish","type":"post","link":"https:\/\/www.manaus.am.gov.br\/semcom\/mais-de-mil-servidores-municipais-ja-receberam-treinamento-sobre-a-lei-geral-de-protecao-de-dados\/","title":{"rendered":"Mais de mil servidores municipais j\u00e1 receberam treinamento sobre a Lei Geral de Prote\u00e7\u00e3o de Dados"},"content":{"rendered":"\n<p>Mais de mil servidores da Prefeitura de Manaus j\u00e1 receberam treinamento sobre \u201cSistema de Privacidade e Prote\u00e7\u00e3o de Dados\u201d, a\u00e7\u00e3o conclusiva do processo de implementa\u00e7\u00e3o da Lei Geral de Prote\u00e7\u00e3o de Dados (LGPD) no munic\u00edpio. A efetiva\u00e7\u00e3o da lei garante total seguran\u00e7a e transpar\u00eancia no uso das informa\u00e7\u00f5es pessoais e sens\u00edveis coletadas de cidad\u00e3os e empresas atendidas pelos entes municipais.<\/p>\n\n\n\n<p>Os treinamentos s\u00e3o coordenados pela Controladoria-Geral do Munic\u00edpio (CGM) e Secretaria Municipal de Finan\u00e7as e Tecnologia da Informa\u00e7\u00e3o (Semef), \u00f3rg\u00e3os municipais tamb\u00e9m respons\u00e1veis pela implementa\u00e7\u00e3o da LGPD em todo o \u00e2mbito municipal com o apoio da Consultoria Pironti.<\/p>\n\n\n\n<p>Conforme explicou o respons\u00e1vel pela \u00e1rea de Governan\u00e7a de TI e Seguran\u00e7a da Informa\u00e7\u00e3o da Semef, que tamb\u00e9m \u00e9 membro da equipe de adequa\u00e7\u00e3o \u00e0 LGPD na Prefeitura de Manaus, Jander Lopes, os treinamentos devem prosseguir nas pr\u00f3ximas semanas.<\/p>\n\n\n\n<p>As capacita\u00e7\u00f5es s\u00e3o realizadas de forma online e t\u00eam reunido, simultaneamente, profissionais de todas as secretarias municipais para compartilhar conhecimentos vitais em um mundo cada vez mais conectado e suscet\u00edvel a amea\u00e7as digitais.<\/p>\n\n\n\n<p>\u201cEssas capacita\u00e7\u00f5es fazem parte de um trabalho gradativo e constante que visa atingir o maior n\u00famero poss\u00edvel de servidores, priorizando aqueles que manipulam dados pessoais ou sens\u00edveis de contribuintes e cidad\u00e3os em geral usu\u00e1rios dos servi\u00e7os disponibilizados pelo executivo municipal\u201d, informou Lopes.<\/p>\n\n\n\n<p>Para mais informa\u00e7\u00f5es sobre a implementa\u00e7\u00e3o da LGPD no munic\u00edpio e como se prevenir contra as amea\u00e7as digitais, servidores e cidad\u00e3os devem consultar a p\u00e1gina: <a href=\"https:\/\/lgpd.manaus.am.gov.br\">https:\/\/lgpd.manaus.am.gov.br<\/a>.<\/p>\n\n\n\n<p><strong>Sobre a lei<\/strong><\/p>\n\n\n\n<p>A LGPD est\u00e1 em vigor no pa\u00eds desde o m\u00eas de setembro de 2020 e foi criada com o objetivo de proporcionar ao cidad\u00e3o brasileiro um controle maior sobre o tratamento de seus dados pessoais. Para isso, a LGPD estabelece princ\u00edpios e cria regras que devem ser observados tanto por organiza\u00e7\u00f5es privadas quanto p\u00fablicas, al\u00e9m de criar entidade reguladora espec\u00edfica para o tema.<\/p>\n\n\n\n<p>&#8212; &#8212; &#8212;<\/p>\n\n\n\n<p><strong>Texto<\/strong> \u2013 Divulga\u00e7\u00e3o \/ Semef<\/p>\n\n\n\n<p><strong>Fotos<\/strong> \u2013 Divulga\u00e7\u00e3o \/ Semef<\/p>\n","protected":false},"excerpt":{"rendered":"","protected":false},"author":61,"featured_media":224864,"comment_status":"closed","ping_status":"closed","sticky":false,"template":"","format":"standard","meta":{"footnotes":""},"categories":[40],"tags":[659,6709,77,157],"acf":[],"yoast_head":"<!-- This site is optimized with the Yoast SEO plugin v23.0 - https:\/\/yoast.com\/wordpress\/plugins\/seo\/ -->\n<title>Mais de mil servidores j\u00e1 receberam treinamento sobre a LGPD<\/title>\n<meta name=\"description\" content=\"Mais de mil servidores da Prefeitura de Manaus j\u00e1 receberam treinamento sobre \u201cSistema de Privacidade e Prote\u00e7\u00e3o de Dados\u201d.\" \/>\n<meta name=\"robots\" content=\"index, follow, max-snippet:-1, max-image-preview:large, max-video-preview:-1\" \/>\n<link rel=\"canonical\" href=\"https:\/\/www.manaus.am.gov.br\/semcom\/mais-de-mil-servidores-municipais-ja-receberam-treinamento-sobre-a-lei-geral-de-protecao-de-dados\/\" \/>\n<meta property=\"og:locale\" content=\"pt_BR\" \/>\n<meta property=\"og:type\" content=\"article\" \/>\n<meta property=\"og:title\" content=\"Mais de mil servidores j\u00e1 receberam treinamento sobre a LGPD\" \/>\n<meta property=\"og:description\" content=\"Mais de mil servidores da Prefeitura de Manaus j\u00e1 receberam treinamento sobre \u201cSistema de Privacidade e Prote\u00e7\u00e3o de Dados\u201d.\" \/>\n<meta property=\"og:url\" content=\"https:\/\/www.manaus.am.gov.br\/semcom\/mais-de-mil-servidores-municipais-ja-receberam-treinamento-sobre-a-lei-geral-de-protecao-de-dados\/\" \/>\n<meta property=\"og:site_name\" content=\"SEMCOM\" \/>\n<meta property=\"article:published_time\" content=\"2024-01-31T21:52:14+00:00\" \/>\n<meta property=\"og:image\" content=\"https:\/\/www.manaus.am.gov.br\/semcom\/wp-content\/uploads\/sites\/5\/2024\/01\/TREINAMENTO-LGPD-2.jpeg\" \/>\n\t<meta property=\"og:image:width\" content=\"1348\" \/>\n\t<meta property=\"og:image:height\" content=\"720\" \/>\n\t<meta property=\"og:image:type\" content=\"image\/jpeg\" \/>\n<meta name=\"author\" content=\"smonteiro\" \/>\n<meta name=\"twitter:card\" content=\"summary_large_image\" \/>\n<meta name=\"twitter:label1\" content=\"Written by\" \/>\n\t<meta name=\"twitter:data1\" content=\"smonteiro\" \/>\n\t<meta name=\"twitter:label2\" content=\"Est. reading time\" \/>\n\t<meta name=\"twitter:data2\" content=\"2 minutos\" \/>\n<script type=\"application\/ld+json\" class=\"yoast-schema-graph\">{\"@context\":\"https:\/\/schema.org\",\"@graph\":[{\"@type\":\"WebPage\",\"@id\":\"https:\/\/www.manaus.am.gov.br\/semcom\/mais-de-mil-servidores-municipais-ja-receberam-treinamento-sobre-a-lei-geral-de-protecao-de-dados\/\",\"url\":\"https:\/\/www.manaus.am.gov.br\/semcom\/mais-de-mil-servidores-municipais-ja-receberam-treinamento-sobre-a-lei-geral-de-protecao-de-dados\/\",\"name\":\"Mais de mil servidores j\u00e1 receberam treinamento sobre a LGPD\",\"isPartOf\":{\"@id\":\"https:\/\/www.manaus.am.gov.br\/semcom\/#website\"},\"primaryImageOfPage\":{\"@id\":\"https:\/\/www.manaus.am.gov.br\/semcom\/mais-de-mil-servidores-municipais-ja-receberam-treinamento-sobre-a-lei-geral-de-protecao-de-dados\/#primaryimage\"},\"image\":{\"@id\":\"https:\/\/www.manaus.am.gov.br\/semcom\/mais-de-mil-servidores-municipais-ja-receberam-treinamento-sobre-a-lei-geral-de-protecao-de-dados\/#primaryimage\"},\"thumbnailUrl\":\"https:\/\/www.manaus.am.gov.br\/semcom\/wp-content\/uploads\/sites\/5\/2024\/01\/TREINAMENTO-LGPD-2.jpeg\",\"datePublished\":\"2024-01-31T21:52:14+00:00\",\"dateModified\":\"2024-01-31T21:52:14+00:00\",\"author\":{\"@id\":\"https:\/\/www.manaus.am.gov.br\/semcom\/#\/schema\/person\/ab4dcf766a54dff74e8d267f5c591961\"},\"description\":\"Mais de mil servidores da Prefeitura de Manaus j\u00e1 receberam treinamento sobre \u201cSistema de Privacidade e Prote\u00e7\u00e3o de Dados\u201d.\",\"inLanguage\":\"pt-BR\",\"potentialAction\":[{\"@type\":\"ReadAction\",\"target\":[\"https:\/\/www.manaus.am.gov.br\/semcom\/mais-de-mil-servidores-municipais-ja-receberam-treinamento-sobre-a-lei-geral-de-protecao-de-dados\/\"]}]},{\"@type\":\"ImageObject\",\"inLanguage\":\"pt-BR\",\"@id\":\"https:\/\/www.manaus.am.gov.br\/semcom\/mais-de-mil-servidores-municipais-ja-receberam-treinamento-sobre-a-lei-geral-de-protecao-de-dados\/#primaryimage\",\"url\":\"https:\/\/www.manaus.am.gov.br\/semcom\/wp-content\/uploads\/sites\/5\/2024\/01\/TREINAMENTO-LGPD-2.jpeg\",\"contentUrl\":\"https:\/\/www.manaus.am.gov.br\/semcom\/wp-content\/uploads\/sites\/5\/2024\/01\/TREINAMENTO-LGPD-2.jpeg\",\"width\":1348,\"height\":720,\"caption\":\"#paratodosverem - servidores participam da capacita\u00e7\u00e3o sobre LGPD\"},{\"@type\":\"WebSite\",\"@id\":\"https:\/\/www.manaus.am.gov.br\/semcom\/#website\",\"url\":\"https:\/\/www.manaus.am.gov.br\/semcom\/\",\"name\":\"SEMCOM\",\"description\":\"Secretaria Municipal de Comunica\u00e7\u00e3o\",\"potentialAction\":[{\"@type\":\"SearchAction\",\"target\":{\"@type\":\"EntryPoint\",\"urlTemplate\":\"https:\/\/www.manaus.am.gov.br\/semcom\/?s={search_term_string}\"},\"query-input\":\"required name=search_term_string\"}],\"inLanguage\":\"pt-BR\"},{\"@type\":\"Person\",\"@id\":\"https:\/\/www.manaus.am.gov.br\/semcom\/#\/schema\/person\/ab4dcf766a54dff74e8d267f5c591961\",\"name\":\"smonteiro\",\"image\":{\"@type\":\"ImageObject\",\"inLanguage\":\"pt-BR\",\"@id\":\"https:\/\/www.manaus.am.gov.br\/semcom\/#\/schema\/person\/image\/\",\"url\":\"https:\/\/secure.gravatar.com\/avatar\/21c8776ef61d9272c73322052e042d77?s=96&d=mm&r=g\",\"contentUrl\":\"https:\/\/secure.gravatar.com\/avatar\/21c8776ef61d9272c73322052e042d77?s=96&d=mm&r=g\",\"caption\":\"smonteiro\"}}]}<\/script>\n<!-- \/ Yoast SEO plugin. -->","yoast_head_json":{"title":"Mais de mil servidores j\u00e1 receberam treinamento sobre a LGPD","description":"Mais de mil servidores da Prefeitura de Manaus j\u00e1 receberam treinamento sobre \u201cSistema de Privacidade e Prote\u00e7\u00e3o de Dados\u201d.","robots":{"index":"index","follow":"follow","max-snippet":"max-snippet:-1","max-image-preview":"max-image-preview:large","max-video-preview":"max-video-preview:-1"},"canonical":"https:\/\/www.manaus.am.gov.br\/semcom\/mais-de-mil-servidores-municipais-ja-receberam-treinamento-sobre-a-lei-geral-de-protecao-de-dados\/","og_locale":"pt_BR","og_type":"article","og_title":"Mais de mil servidores j\u00e1 receberam treinamento sobre a LGPD","og_description":"Mais de mil servidores da Prefeitura de Manaus j\u00e1 receberam treinamento sobre \u201cSistema de Privacidade e Prote\u00e7\u00e3o de Dados\u201d.","og_url":"https:\/\/www.manaus.am.gov.br\/semcom\/mais-de-mil-servidores-municipais-ja-receberam-treinamento-sobre-a-lei-geral-de-protecao-de-dados\/","og_site_name":"SEMCOM","article_published_time":"2024-01-31T21:52:14+00:00","og_image":[{"width":1348,"height":720,"url":"https:\/\/www.manaus.am.gov.br\/semcom\/wp-content\/uploads\/sites\/5\/2024\/01\/TREINAMENTO-LGPD-2.jpeg","type":"image\/jpeg"}],"author":"smonteiro","twitter_card":"summary_large_image","twitter_misc":{"Written by":"smonteiro","Est. reading time":"2 minutos"},"schema":{"@context":"https:\/\/schema.org","@graph":[{"@type":"WebPage","@id":"https:\/\/www.manaus.am.gov.br\/semcom\/mais-de-mil-servidores-municipais-ja-receberam-treinamento-sobre-a-lei-geral-de-protecao-de-dados\/","url":"https:\/\/www.manaus.am.gov.br\/semcom\/mais-de-mil-servidores-municipais-ja-receberam-treinamento-sobre-a-lei-geral-de-protecao-de-dados\/","name":"Mais de mil servidores j\u00e1 receberam treinamento sobre a LGPD","isPartOf":{"@id":"https:\/\/www.manaus.am.gov.br\/semcom\/#website"},"primaryImageOfPage":{"@id":"https:\/\/www.manaus.am.gov.br\/semcom\/mais-de-mil-servidores-municipais-ja-receberam-treinamento-sobre-a-lei-geral-de-protecao-de-dados\/#primaryimage"},"image":{"@id":"https:\/\/www.manaus.am.gov.br\/semcom\/mais-de-mil-servidores-municipais-ja-receberam-treinamento-sobre-a-lei-geral-de-protecao-de-dados\/#primaryimage"},"thumbnailUrl":"https:\/\/www.manaus.am.gov.br\/semcom\/wp-content\/uploads\/sites\/5\/2024\/01\/TREINAMENTO-LGPD-2.jpeg","datePublished":"2024-01-31T21:52:14+00:00","dateModified":"2024-01-31T21:52:14+00:00","author":{"@id":"https:\/\/www.manaus.am.gov.br\/semcom\/#\/schema\/person\/ab4dcf766a54dff74e8d267f5c591961"},"description":"Mais de mil servidores da Prefeitura de Manaus j\u00e1 receberam treinamento sobre \u201cSistema de Privacidade e Prote\u00e7\u00e3o de Dados\u201d.","inLanguage":"pt-BR","potentialAction":[{"@type":"ReadAction","target":["https:\/\/www.manaus.am.gov.br\/semcom\/mais-de-mil-servidores-municipais-ja-receberam-treinamento-sobre-a-lei-geral-de-protecao-de-dados\/"]}]},{"@type":"ImageObject","inLanguage":"pt-BR","@id":"https:\/\/www.manaus.am.gov.br\/semcom\/mais-de-mil-servidores-municipais-ja-receberam-treinamento-sobre-a-lei-geral-de-protecao-de-dados\/#primaryimage","url":"https:\/\/www.manaus.am.gov.br\/semcom\/wp-content\/uploads\/sites\/5\/2024\/01\/TREINAMENTO-LGPD-2.jpeg","contentUrl":"https:\/\/www.manaus.am.gov.br\/semcom\/wp-content\/uploads\/sites\/5\/2024\/01\/TREINAMENTO-LGPD-2.jpeg","width":1348,"height":720,"caption":"#paratodosverem - servidores participam da capacita\u00e7\u00e3o sobre LGPD"},{"@type":"WebSite","@id":"https:\/\/www.manaus.am.gov.br\/semcom\/#website","url":"https:\/\/www.manaus.am.gov.br\/semcom\/","name":"SEMCOM","description":"Secretaria Municipal de Comunica\u00e7\u00e3o","potentialAction":[{"@type":"SearchAction","target":{"@type":"EntryPoint","urlTemplate":"https:\/\/www.manaus.am.gov.br\/semcom\/?s={search_term_string}"},"query-input":"required name=search_term_string"}],"inLanguage":"pt-BR"},{"@type":"Person","@id":"https:\/\/www.manaus.am.gov.br\/semcom\/#\/schema\/person\/ab4dcf766a54dff74e8d267f5c591961","name":"smonteiro","image":{"@type":"ImageObject","inLanguage":"pt-BR","@id":"https:\/\/www.manaus.am.gov.br\/semcom\/#\/schema\/person\/image\/","url":"https:\/\/secure.gravatar.com\/avatar\/21c8776ef61d9272c73322052e042d77?s=96&d=mm&r=g","contentUrl":"https:\/\/secure.gravatar.com\/avatar\/21c8776ef61d9272c73322052e042d77?s=96&d=mm&r=g","caption":"smonteiro"}}]}},"_links":{"self":[{"href":"https:\/\/www.manaus.am.gov.br\/semcom\/wp-json\/wp\/v2\/posts\/224863"}],"collection":[{"href":"https:\/\/www.manaus.am.gov.br\/semcom\/wp-json\/wp\/v2\/posts"}],"about":[{"href":"https:\/\/www.manaus.am.gov.br\/semcom\/wp-json\/wp\/v2\/types\/post"}],"author":[{"embeddable":true,"href":"https:\/\/www.manaus.am.gov.br\/semcom\/wp-json\/wp\/v2\/users\/61"}],"replies":[{"embeddable":true,"href":"https:\/\/www.manaus.am.gov.br\/semcom\/wp-json\/wp\/v2\/comments?post=224863"}],"version-history":[{"count":0,"href":"https:\/\/www.manaus.am.gov.br\/semcom\/wp-json\/wp\/v2\/posts\/224863\/revisions"}],"wp:featuredmedia":[{"embeddable":true,"href":"https:\/\/www.manaus.am.gov.br\/semcom\/wp-json\/wp\/v2\/media\/224864"}],"wp:attachment":[{"href":"https:\/\/www.manaus.am.gov.br\/semcom\/wp-json\/wp\/v2\/media?parent=224863"}],"wp:term":[{"taxonomy":"category","embeddable":true,"href":"https:\/\/www.manaus.am.gov.br\/semcom\/wp-json\/wp\/v2\/categories?post=224863"},{"taxonomy":"post_tag","embeddable":true,"href":"https:\/\/www.manaus.am.gov.br\/semcom\/wp-json\/wp\/v2\/tags?post=224863"}],"curies":[{"name":"wp","href":"https:\/\/api.w.org\/{rel}","templated":true}]}}