{"id":224860,"date":"2024-01-31T18:28:28","date_gmt":"2024-01-31T21:28:28","guid":{"rendered":"https:\/\/www.manaus.am.gov.br\/semcom\/desfile-das-escolas-de-samba-do-carnaval-2024-comeca-nesta-quinta-feira-no-sambodromo\/"},"modified":"2024-01-31T18:32:55","modified_gmt":"2024-01-31T21:32:55","slug":"desfile-das-escolas-de-samba-do-carnaval-2024-comeca-nesta-quinta-feira-no-sambodromo","status":"publish","type":"post","link":"https:\/\/www.manaus.am.gov.br\/semcom\/desfile-das-escolas-de-samba-do-carnaval-2024-comeca-nesta-quinta-feira-no-sambodromo\/","title":{"rendered":"Desfile das escolas de samba do Carnaval 2024 come\u00e7a nesta quinta-feira, no Samb\u00f3dromo"},"content":{"rendered":"\n<p>Nesta quinta-feira, 1\u00ba de fevereiro, come\u00e7a o \u201cCarnaval da Floresta 2024\u201d, no Samb\u00f3dromo, localizado na Avenida Pedro Teixeira, n\u00ba 2565, Flores. A partir das 21h, se apresentam as agremia\u00e7\u00f5es do grupo de acesso B; na sexta-feira, 2 de fevereiro, a partir das 21h, \u00e9 a vez das escolas do grupo de acesso A; e no s\u00e1bado, 3 de fevereiro, na \u00faltima noite de apresenta\u00e7\u00f5es, desfilam as agremia\u00e7\u00f5es do grupo especial, a partir das 20h.<\/p>\n\n\n\n<p>A Prefeitura de Manaus, por meio da Funda\u00e7\u00e3o Municipal de Cultural, Turismo e Eventos (Manauscult), apoia as apresenta\u00e7\u00f5es com fomento, previsto no edital n\u00ba010\/2023, de chamamento p\u00fablico para o desfile das escolas de samba.<\/p>\n\n\n\n<p>\u201cNosso apoio \u00e0s escolas de samba \u00e9 um apoio \u00e0 cultura e ra\u00edzes da nossa cidade. Existe toda uma cadeia produtiva que envolve o desfile de todas as escolas de samba, que vai desde os artes\u00e3os, a cria\u00e7\u00e3o de alegoria e at\u00e9 a mobiliza\u00e7\u00e3o dentro dos bairros e comunidades que s\u00e3o representados por essas agremia\u00e7\u00f5es. O desfile \u00e9 a conclus\u00e3o de meses de um trabalho muito \u00e1rduo dos profissionais envolvidos e a gest\u00e3o David Almeida tem o compromisso de contribuir com esse processo que culmina nessa festa linda que mobiliza nossa cidade\u201d, pontua Reginei Rodrigues, diretor-presidente da Manauscult.<\/p>\n\n\n\n<p><strong>Fomento<\/strong><\/p>\n\n\n\n<p>O edital n\u00ba010\/2023 da Manauscult contemplou 18 agremia\u00e7\u00f5es que participar\u00e3o do desfile que come\u00e7a neste dia 1\u00ba fevereiro: duas do grupo de acesso B, cada uma com fomento de R$ 50.345,10; mais oito escolas de samba do grupo de acesso A, cada uma recebendo R$ 79.112,80; e mais oito escolas, do grupo Especial, cada uma recebendo R$ 133.052,56. Ao total, as agremia\u00e7\u00f5es contempladas contaram com um repasse de R$ 1.798.013,08.<\/p>\n\n\n\n<p><strong>Trabalho integrado<\/strong><\/p>\n\n\n\n<p>Para as a\u00e7\u00f5es de tr\u00e2nsito e de transporte, o Instituto Municipal de Mobilidade Urbana (IMMU), vai monitorar as \u00e1reas pr\u00f3ximas ao samb\u00f3dromo, para os desfiles das escolas de samba. As a\u00e7\u00f5es incluem o per\u00edmetro de interdi\u00e7\u00e3o vi\u00e1ria, efetivo de servidores e linhas de \u00f4nibus do transporte coletivo que estar\u00e3o dispon\u00edveis at\u00e9 o t\u00e9rmino do evento, para garantir a seguran\u00e7a e fluidez nas vias.<\/p>\n\n\n\n<p>Al\u00e9m da Manauscult e IMMU, o trabalho contar\u00e1 com a colabora\u00e7\u00e3o de v\u00e1rios \u00f3rg\u00e3os da gest\u00e3o municipal, como Casa Militar, Centro de Coopera\u00e7\u00e3o da Cidade (CCC), Visa Manaus, Conselho Tutelar, e as Secretarias Municipais de Sa\u00fade (Semsa);&nbsp; Mulher, Assist\u00eancia Social e Cidadania (Semasc); Agricultura, Abastecimento, Centro e Com\u00e9rcio (Semacc); Limpeza Urbana (Semulsp); Meio Ambiente e Sustentabilidade (Semmas); e Seguran\u00e7a P\u00fablica e Defesa Social (Semseg).<\/p>\n\n\n\n<p>&#8212; &#8212; &#8212;<\/p>\n\n\n\n<p><strong>Texto<\/strong> &#8211; Oliveira Junior \/ Manauscult<\/p>\n\n\n\n<p><strong>Fotos<\/strong> &#8211; Divulga\u00e7\u00e3o \/ Semcom<\/p>\n","protected":false},"excerpt":{"rendered":"","protected":false},"author":61,"featured_media":224861,"comment_status":"closed","ping_status":"closed","sticky":false,"template":"","format":"standard","meta":{"footnotes":""},"categories":[195],"tags":[9048,939,197,307,77],"acf":[],"yoast_head":"<!-- This site is optimized with the Yoast SEO plugin v23.0 - https:\/\/yoast.com\/wordpress\/plugins\/seo\/ -->\n<title>Desfile das escolas de samba de Manaus come\u00e7a nesta quinta, 1\/2<\/title>\n<meta name=\"description\" content=\"Nesta quinta-feira, 1\u00ba de fevereiro, come\u00e7a o \u201cCarnaval da Floresta 2024\u201d, no Samb\u00f3dromo de Manaus, na avenida Pedro Teixeira, Flores.\" \/>\n<meta name=\"robots\" content=\"index, follow, max-snippet:-1, max-image-preview:large, max-video-preview:-1\" \/>\n<link rel=\"canonical\" href=\"https:\/\/www.manaus.am.gov.br\/semcom\/desfile-das-escolas-de-samba-do-carnaval-2024-comeca-nesta-quinta-feira-no-sambodromo\/\" \/>\n<meta property=\"og:locale\" content=\"pt_BR\" \/>\n<meta property=\"og:type\" content=\"article\" \/>\n<meta property=\"og:title\" content=\"Desfile das escolas de samba de Manaus come\u00e7a nesta quinta, 1\/2\" \/>\n<meta property=\"og:description\" content=\"Nesta quinta-feira, 1\u00ba de fevereiro, come\u00e7a o \u201cCarnaval da Floresta 2024\u201d, no Samb\u00f3dromo de Manaus, na avenida Pedro Teixeira, Flores.\" \/>\n<meta property=\"og:url\" content=\"https:\/\/www.manaus.am.gov.br\/semcom\/desfile-das-escolas-de-samba-do-carnaval-2024-comeca-nesta-quinta-feira-no-sambodromo\/\" \/>\n<meta property=\"og:site_name\" content=\"SEMCOM\" \/>\n<meta property=\"article:published_time\" content=\"2024-01-31T21:28:28+00:00\" \/>\n<meta property=\"article:modified_time\" content=\"2024-01-31T21:32:55+00:00\" \/>\n<meta property=\"og:image\" content=\"https:\/\/www.manaus.am.gov.br\/semcom\/wp-content\/uploads\/sites\/5\/2024\/01\/Desfile-Sambodromo.jpg\" \/>\n\t<meta property=\"og:image:width\" content=\"800\" \/>\n\t<meta property=\"og:image:height\" content=\"533\" \/>\n\t<meta property=\"og:image:type\" content=\"image\/jpeg\" \/>\n<meta name=\"author\" content=\"smonteiro\" \/>\n<meta name=\"twitter:card\" content=\"summary_large_image\" \/>\n<meta name=\"twitter:label1\" content=\"Written by\" \/>\n\t<meta name=\"twitter:data1\" content=\"smonteiro\" \/>\n\t<meta name=\"twitter:label2\" content=\"Est. reading time\" \/>\n\t<meta name=\"twitter:data2\" content=\"3 minutos\" \/>\n<script type=\"application\/ld+json\" class=\"yoast-schema-graph\">{\"@context\":\"https:\/\/schema.org\",\"@graph\":[{\"@type\":\"WebPage\",\"@id\":\"https:\/\/www.manaus.am.gov.br\/semcom\/desfile-das-escolas-de-samba-do-carnaval-2024-comeca-nesta-quinta-feira-no-sambodromo\/\",\"url\":\"https:\/\/www.manaus.am.gov.br\/semcom\/desfile-das-escolas-de-samba-do-carnaval-2024-comeca-nesta-quinta-feira-no-sambodromo\/\",\"name\":\"Desfile das escolas de samba de Manaus come\u00e7a nesta quinta, 1\/2\",\"isPartOf\":{\"@id\":\"https:\/\/www.manaus.am.gov.br\/semcom\/#website\"},\"primaryImageOfPage\":{\"@id\":\"https:\/\/www.manaus.am.gov.br\/semcom\/desfile-das-escolas-de-samba-do-carnaval-2024-comeca-nesta-quinta-feira-no-sambodromo\/#primaryimage\"},\"image\":{\"@id\":\"https:\/\/www.manaus.am.gov.br\/semcom\/desfile-das-escolas-de-samba-do-carnaval-2024-comeca-nesta-quinta-feira-no-sambodromo\/#primaryimage\"},\"thumbnailUrl\":\"https:\/\/www.manaus.am.gov.br\/semcom\/wp-content\/uploads\/sites\/5\/2024\/01\/Desfile-Sambodromo.jpg\",\"datePublished\":\"2024-01-31T21:28:28+00:00\",\"dateModified\":\"2024-01-31T21:32:55+00:00\",\"author\":{\"@id\":\"https:\/\/www.manaus.am.gov.br\/semcom\/#\/schema\/person\/ab4dcf766a54dff74e8d267f5c591961\"},\"description\":\"Nesta quinta-feira, 1\u00ba de fevereiro, come\u00e7a o \u201cCarnaval da Floresta 2024\u201d, no Samb\u00f3dromo de Manaus, na avenida Pedro Teixeira, Flores.\",\"inLanguage\":\"pt-BR\",\"potentialAction\":[{\"@type\":\"ReadAction\",\"target\":[\"https:\/\/www.manaus.am.gov.br\/semcom\/desfile-das-escolas-de-samba-do-carnaval-2024-comeca-nesta-quinta-feira-no-sambodromo\/\"]}]},{\"@type\":\"ImageObject\",\"inLanguage\":\"pt-BR\",\"@id\":\"https:\/\/www.manaus.am.gov.br\/semcom\/desfile-das-escolas-de-samba-do-carnaval-2024-comeca-nesta-quinta-feira-no-sambodromo\/#primaryimage\",\"url\":\"https:\/\/www.manaus.am.gov.br\/semcom\/wp-content\/uploads\/sites\/5\/2024\/01\/Desfile-Sambodromo.jpg\",\"contentUrl\":\"https:\/\/www.manaus.am.gov.br\/semcom\/wp-content\/uploads\/sites\/5\/2024\/01\/Desfile-Sambodromo.jpg\",\"width\":800,\"height\":533,\"caption\":\"#paratodosverem - apresenta\u00e7\u00e3o de escola de samba no Samb\u00f3dromo\"},{\"@type\":\"WebSite\",\"@id\":\"https:\/\/www.manaus.am.gov.br\/semcom\/#website\",\"url\":\"https:\/\/www.manaus.am.gov.br\/semcom\/\",\"name\":\"SEMCOM\",\"description\":\"Secretaria Municipal de Comunica\u00e7\u00e3o\",\"potentialAction\":[{\"@type\":\"SearchAction\",\"target\":{\"@type\":\"EntryPoint\",\"urlTemplate\":\"https:\/\/www.manaus.am.gov.br\/semcom\/?s={search_term_string}\"},\"query-input\":\"required name=search_term_string\"}],\"inLanguage\":\"pt-BR\"},{\"@type\":\"Person\",\"@id\":\"https:\/\/www.manaus.am.gov.br\/semcom\/#\/schema\/person\/ab4dcf766a54dff74e8d267f5c591961\",\"name\":\"smonteiro\",\"image\":{\"@type\":\"ImageObject\",\"inLanguage\":\"pt-BR\",\"@id\":\"https:\/\/www.manaus.am.gov.br\/semcom\/#\/schema\/person\/image\/\",\"url\":\"https:\/\/secure.gravatar.com\/avatar\/21c8776ef61d9272c73322052e042d77?s=96&d=mm&r=g\",\"contentUrl\":\"https:\/\/secure.gravatar.com\/avatar\/21c8776ef61d9272c73322052e042d77?s=96&d=mm&r=g\",\"caption\":\"smonteiro\"}}]}<\/script>\n<!-- \/ Yoast SEO plugin. -->","yoast_head_json":{"title":"Desfile das escolas de samba de Manaus come\u00e7a nesta quinta, 1\/2","description":"Nesta quinta-feira, 1\u00ba de fevereiro, come\u00e7a o \u201cCarnaval da Floresta 2024\u201d, no Samb\u00f3dromo de Manaus, na avenida Pedro Teixeira, Flores.","robots":{"index":"index","follow":"follow","max-snippet":"max-snippet:-1","max-image-preview":"max-image-preview:large","max-video-preview":"max-video-preview:-1"},"canonical":"https:\/\/www.manaus.am.gov.br\/semcom\/desfile-das-escolas-de-samba-do-carnaval-2024-comeca-nesta-quinta-feira-no-sambodromo\/","og_locale":"pt_BR","og_type":"article","og_title":"Desfile das escolas de samba de Manaus come\u00e7a nesta quinta, 1\/2","og_description":"Nesta quinta-feira, 1\u00ba de fevereiro, come\u00e7a o \u201cCarnaval da Floresta 2024\u201d, no Samb\u00f3dromo de Manaus, na avenida Pedro Teixeira, Flores.","og_url":"https:\/\/www.manaus.am.gov.br\/semcom\/desfile-das-escolas-de-samba-do-carnaval-2024-comeca-nesta-quinta-feira-no-sambodromo\/","og_site_name":"SEMCOM","article_published_time":"2024-01-31T21:28:28+00:00","article_modified_time":"2024-01-31T21:32:55+00:00","og_image":[{"width":800,"height":533,"url":"https:\/\/www.manaus.am.gov.br\/semcom\/wp-content\/uploads\/sites\/5\/2024\/01\/Desfile-Sambodromo.jpg","type":"image\/jpeg"}],"author":"smonteiro","twitter_card":"summary_large_image","twitter_misc":{"Written by":"smonteiro","Est. reading time":"3 minutos"},"schema":{"@context":"https:\/\/schema.org","@graph":[{"@type":"WebPage","@id":"https:\/\/www.manaus.am.gov.br\/semcom\/desfile-das-escolas-de-samba-do-carnaval-2024-comeca-nesta-quinta-feira-no-sambodromo\/","url":"https:\/\/www.manaus.am.gov.br\/semcom\/desfile-das-escolas-de-samba-do-carnaval-2024-comeca-nesta-quinta-feira-no-sambodromo\/","name":"Desfile das escolas de samba de Manaus come\u00e7a nesta quinta, 1\/2","isPartOf":{"@id":"https:\/\/www.manaus.am.gov.br\/semcom\/#website"},"primaryImageOfPage":{"@id":"https:\/\/www.manaus.am.gov.br\/semcom\/desfile-das-escolas-de-samba-do-carnaval-2024-comeca-nesta-quinta-feira-no-sambodromo\/#primaryimage"},"image":{"@id":"https:\/\/www.manaus.am.gov.br\/semcom\/desfile-das-escolas-de-samba-do-carnaval-2024-comeca-nesta-quinta-feira-no-sambodromo\/#primaryimage"},"thumbnailUrl":"https:\/\/www.manaus.am.gov.br\/semcom\/wp-content\/uploads\/sites\/5\/2024\/01\/Desfile-Sambodromo.jpg","datePublished":"2024-01-31T21:28:28+00:00","dateModified":"2024-01-31T21:32:55+00:00","author":{"@id":"https:\/\/www.manaus.am.gov.br\/semcom\/#\/schema\/person\/ab4dcf766a54dff74e8d267f5c591961"},"description":"Nesta quinta-feira, 1\u00ba de fevereiro, come\u00e7a o \u201cCarnaval da Floresta 2024\u201d, no Samb\u00f3dromo de Manaus, na avenida Pedro Teixeira, Flores.","inLanguage":"pt-BR","potentialAction":[{"@type":"ReadAction","target":["https:\/\/www.manaus.am.gov.br\/semcom\/desfile-das-escolas-de-samba-do-carnaval-2024-comeca-nesta-quinta-feira-no-sambodromo\/"]}]},{"@type":"ImageObject","inLanguage":"pt-BR","@id":"https:\/\/www.manaus.am.gov.br\/semcom\/desfile-das-escolas-de-samba-do-carnaval-2024-comeca-nesta-quinta-feira-no-sambodromo\/#primaryimage","url":"https:\/\/www.manaus.am.gov.br\/semcom\/wp-content\/uploads\/sites\/5\/2024\/01\/Desfile-Sambodromo.jpg","contentUrl":"https:\/\/www.manaus.am.gov.br\/semcom\/wp-content\/uploads\/sites\/5\/2024\/01\/Desfile-Sambodromo.jpg","width":800,"height":533,"caption":"#paratodosverem - apresenta\u00e7\u00e3o de escola de samba no Samb\u00f3dromo"},{"@type":"WebSite","@id":"https:\/\/www.manaus.am.gov.br\/semcom\/#website","url":"https:\/\/www.manaus.am.gov.br\/semcom\/","name":"SEMCOM","description":"Secretaria Municipal de Comunica\u00e7\u00e3o","potentialAction":[{"@type":"SearchAction","target":{"@type":"EntryPoint","urlTemplate":"https:\/\/www.manaus.am.gov.br\/semcom\/?s={search_term_string}"},"query-input":"required name=search_term_string"}],"inLanguage":"pt-BR"},{"@type":"Person","@id":"https:\/\/www.manaus.am.gov.br\/semcom\/#\/schema\/person\/ab4dcf766a54dff74e8d267f5c591961","name":"smonteiro","image":{"@type":"ImageObject","inLanguage":"pt-BR","@id":"https:\/\/www.manaus.am.gov.br\/semcom\/#\/schema\/person\/image\/","url":"https:\/\/secure.gravatar.com\/avatar\/21c8776ef61d9272c73322052e042d77?s=96&d=mm&r=g","contentUrl":"https:\/\/secure.gravatar.com\/avatar\/21c8776ef61d9272c73322052e042d77?s=96&d=mm&r=g","caption":"smonteiro"}}]}},"_links":{"self":[{"href":"https:\/\/www.manaus.am.gov.br\/semcom\/wp-json\/wp\/v2\/posts\/224860"}],"collection":[{"href":"https:\/\/www.manaus.am.gov.br\/semcom\/wp-json\/wp\/v2\/posts"}],"about":[{"href":"https:\/\/www.manaus.am.gov.br\/semcom\/wp-json\/wp\/v2\/types\/post"}],"author":[{"embeddable":true,"href":"https:\/\/www.manaus.am.gov.br\/semcom\/wp-json\/wp\/v2\/users\/61"}],"replies":[{"embeddable":true,"href":"https:\/\/www.manaus.am.gov.br\/semcom\/wp-json\/wp\/v2\/comments?post=224860"}],"version-history":[{"count":1,"href":"https:\/\/www.manaus.am.gov.br\/semcom\/wp-json\/wp\/v2\/posts\/224860\/revisions"}],"predecessor-version":[{"id":224862,"href":"https:\/\/www.manaus.am.gov.br\/semcom\/wp-json\/wp\/v2\/posts\/224860\/revisions\/224862"}],"wp:featuredmedia":[{"embeddable":true,"href":"https:\/\/www.manaus.am.gov.br\/semcom\/wp-json\/wp\/v2\/media\/224861"}],"wp:attachment":[{"href":"https:\/\/www.manaus.am.gov.br\/semcom\/wp-json\/wp\/v2\/media?parent=224860"}],"wp:term":[{"taxonomy":"category","embeddable":true,"href":"https:\/\/www.manaus.am.gov.br\/semcom\/wp-json\/wp\/v2\/categories?post=224860"},{"taxonomy":"post_tag","embeddable":true,"href":"https:\/\/www.manaus.am.gov.br\/semcom\/wp-json\/wp\/v2\/tags?post=224860"}],"curies":[{"name":"wp","href":"https:\/\/api.w.org\/{rel}","templated":true}]}}