{"id":224854,"date":"2024-01-31T17:25:53","date_gmt":"2024-01-31T20:25:53","guid":{"rendered":"https:\/\/www.manaus.am.gov.br\/semcom\/com-projeto-arquitetonico-da-prefeitura-iphan-am-e-arquidiocese-assinam-ordem-de-servico-para-reforma-de-igrejas-historicas-na-capital\/"},"modified":"2024-01-31T17:25:54","modified_gmt":"2024-01-31T20:25:54","slug":"com-projeto-arquitetonico-da-prefeitura-iphan-am-e-arquidiocese-assinam-ordem-de-servico-para-reforma-de-igrejas-historicas-na-capital","status":"publish","type":"post","link":"https:\/\/www.manaus.am.gov.br\/semcom\/com-projeto-arquitetonico-da-prefeitura-iphan-am-e-arquidiocese-assinam-ordem-de-servico-para-reforma-de-igrejas-historicas-na-capital\/","title":{"rendered":"Com projeto arquitet\u00f4nico da prefeitura, Iphan-AM e Arquidiocese assinam ordem de servi\u00e7o para reforma de igrejas hist\u00f3ricas na capital"},"content":{"rendered":"\n<p>Com projetos b\u00e1sicos, executivos, or\u00e7amentos e planilhas desenvolvidas pela Prefeitura de Manaus, via Instituto Municipal de Planejamento Urbano (Implurb), nesta quarta-feira, 31\/1, foi assinada a ordem de servi\u00e7o para realiza\u00e7\u00e3o de reforma de igrejas hist\u00f3ricas da capital.<\/p>\n\n\n\n<p>A assinatura foi realizada entre o Instituto do Patrim\u00f4nio Hist\u00f3rico e Art\u00edstico Nacional (Iphan) Amazonas, com a Arquidiocese de Manaus, contando com recursos de emendas parlamentares da bancada federal, para obras nas igrejas da Matriz, na Nossa Senhora da Concei\u00e7\u00e3o, na Nossa Senhora dos Rem\u00e9dios e na de S\u00e3o Sebasti\u00e3o.<\/p>\n\n\n\n<p>Para o arcebispo metropolitano da capital, Dom Leonardo Steiner, trata-se de um momento singular para a cultura, a f\u00e9 e o patrim\u00f4nio. \u201cEm primeiro lugar, gostaria de agradecer a disponibilidade da prefeitura, via Implurb, na execu\u00e7\u00e3o dos projetos importantes para cuidar do nosso patrim\u00f4nio, que \u00e9 da cidade, mas tamb\u00e9m do Estado do Amazonas. E essa colabora\u00e7\u00e3o permitiu que o projeto pudesse caminhar e chegar at\u00e9 aqui. Sem essa assessoria e trabalho do Implurb n\u00e3o ter\u00edamos como encaminhar as obras\u201d, afirmou o arcebispo.<\/p>\n\n\n\n<p>Durante seis meses, t\u00e9cnicos e profissionais do instituto trabalharam para desenvolver os projetos arquitet\u00f4nicos, executivos, especifica\u00e7\u00f5es e or\u00e7amentos visando a recupera\u00e7\u00e3o e revitaliza\u00e7\u00e3o dos bens. O Iphan-AM fez, ainda, os editais e a licita\u00e7\u00e3o para as obras.<\/p>\n\n\n\n<p>O diretor-presidente do Implurb, engenheiro Carlos Valente, frisou que o prefeito David Almeida tem como determina\u00e7\u00e3o a valoriza\u00e7\u00e3o, valora\u00e7\u00e3o e investimento no patrim\u00f4nio cultural da capital, o que se consolida em mais uma a\u00e7\u00e3o com a reforma das igrejas hist\u00f3ricas. \u201cTemos um termo de coopera\u00e7\u00e3o com o Iphan-AM e alinhamos nossas a\u00e7\u00f5es, e agora come\u00e7am as obras efetivamente. Contamos ainda com o apoio da Secretaria de Estado de Cultura e Economia Criativa do Amazonas e o Implurb segue \u00e0 disposi\u00e7\u00e3o da Arquidiocese, Iphan e da cidade de Manaus para contribuir, reabilitar e resgatar parte da hist\u00f3ria edificada, da hist\u00f3ria social e da hist\u00f3ria arquitet\u00f4nica do centro da capital\u201d, afirmou Valente.<\/p>\n\n\n\n<p>Ele acrescentou que a esses projetos se somam outras interven\u00e7\u00f5es, como as do \u201cNosso Centro\u201d, j\u00e1 em obras, como o mirante L\u00facia Almeida, casar\u00e3o Thiago de Mello, largo de S\u00e3o Vicente e P\u00eder Tur\u00edstico, al\u00e9m dos retrofits de projetos habitacionais desenvolvidos pela Secretaria Municipal de Habita\u00e7\u00e3o e Assuntos Fundi\u00e1rios (Semhaf), trabalhando junto ao Minist\u00e9rio das Cidades. \u201cO prefeito David Almeida tem o compromisso em melhorar a qualidade de vida, a urbanidade, em resgatar e reabilitar o nosso Centro, que vai retomar a pujan\u00e7a que tinha e merece voltar a ter. As reformas das tr\u00eas igrejas se somam a essa nova din\u00e2mica promovida na gest\u00e3o atual, beneficiando a sociedade at\u00e9 o turismo religioso\u201d, completou.<\/p>\n\n\n\n<p>Para a superintendente do Iphan-AM, Beatriz Calheiros, a assinatura da ordem de servi\u00e7o \u00e9 uma realiza\u00e7\u00e3o importante para a capital, a partir da disponibilidade de uma emenda da bancada federal do Amazonas e que beneficia o patrim\u00f4nio hist\u00f3rico amazonense.<\/p>\n\n\n\n<p>\u201cTodos aqueles que s\u00e3o recebidos aqui, a partir do turismo, das atividades art\u00edsticas e culturais, da religi\u00e3o, s\u00e3o envolvidos pelo significado desses edif\u00edcios para a nossa cidade, olhando para o rio, recebendo a popula\u00e7\u00e3o do interior, tantos trabalhadores, pescadores, visitantes, um lugar de f\u00e9, um lugar que independente das cren\u00e7as recebe tantos\u201d, disse a superintendente.<\/p>\n\n\n\n<p>Beatriz ressaltou que esse patrim\u00f4nio \u00e9 vivo e vai al\u00e9m da edifica\u00e7\u00e3o, possibilitando o aconchego, o consolo e a identifica\u00e7\u00e3o enquanto amazonenses e manauaras. \u201c\u00c9 sobre a nossa hist\u00f3ria que n\u00f3s estamos falando. Essas igrejas s\u00e3o centen\u00e1rias e h\u00e1 mais ou menos 20 anos n\u00e3o passam por reformas estruturantes, incluindo recursos e atualiza\u00e7\u00f5es como combate a inc\u00eandio, sistemas de vigil\u00e2ncia, hidr\u00e1ulica, acessibilidade, e outros bens. E essa reforma ser\u00e1 um marco para nossa hist\u00f3ria\u201d.<\/p>\n\n\n\n<p>&#8212; &#8212; &#8212;<\/p>\n\n\n\n<p><strong>Texto &#8211;&nbsp;<\/strong>Claudia&nbsp;do Valle\/Implurb<\/p>\n\n\n\n<p><strong>Fotos &#8211;<\/strong>&nbsp;Phill Lima\/Semcom<\/p>\n","protected":false},"excerpt":{"rendered":"","protected":false},"author":61,"featured_media":224855,"comment_status":"closed","ping_status":"closed","sticky":false,"template":"","format":"standard","meta":{"footnotes":""},"categories":[3411],"tags":[7388,65,7934,77],"acf":[],"yoast_head":"<!-- This site is optimized with the Yoast SEO plugin v23.0 - https:\/\/yoast.com\/wordpress\/plugins\/seo\/ -->\n<title>Com projetos da Prefeitura, foi assinada a reforma de igrejas<\/title>\n<meta name=\"description\" content=\"Com projetos da Prefeitura, foi assinada a ordem de servi\u00e7o para realiza\u00e7\u00e3o de reforma de igrejas hist\u00f3ricas da capital.\" \/>\n<meta name=\"robots\" content=\"index, follow, max-snippet:-1, max-image-preview:large, max-video-preview:-1\" \/>\n<link rel=\"canonical\" href=\"https:\/\/www.manaus.am.gov.br\/semcom\/com-projeto-arquitetonico-da-prefeitura-iphan-am-e-arquidiocese-assinam-ordem-de-servico-para-reforma-de-igrejas-historicas-na-capital\/\" \/>\n<meta property=\"og:locale\" content=\"pt_BR\" \/>\n<meta property=\"og:type\" content=\"article\" \/>\n<meta property=\"og:title\" content=\"Com projetos da Prefeitura, foi assinada a reforma de igrejas\" \/>\n<meta property=\"og:description\" content=\"Com projetos da Prefeitura, foi assinada a ordem de servi\u00e7o para realiza\u00e7\u00e3o de reforma de igrejas hist\u00f3ricas da capital.\" \/>\n<meta property=\"og:url\" content=\"https:\/\/www.manaus.am.gov.br\/semcom\/com-projeto-arquitetonico-da-prefeitura-iphan-am-e-arquidiocese-assinam-ordem-de-servico-para-reforma-de-igrejas-historicas-na-capital\/\" \/>\n<meta property=\"og:site_name\" content=\"SEMCOM\" \/>\n<meta property=\"article:published_time\" content=\"2024-01-31T20:25:53+00:00\" \/>\n<meta property=\"article:modified_time\" content=\"2024-01-31T20:25:54+00:00\" \/>\n<meta property=\"og:image\" content=\"https:\/\/www.manaus.am.gov.br\/semcom\/wp-content\/uploads\/sites\/5\/2024\/01\/Implurb-Igrejas-Historicas-3.jpg\" \/>\n\t<meta property=\"og:image:width\" content=\"799\" \/>\n\t<meta property=\"og:image:height\" content=\"533\" \/>\n\t<meta property=\"og:image:type\" content=\"image\/jpeg\" \/>\n<meta name=\"author\" content=\"smonteiro\" \/>\n<meta name=\"twitter:card\" content=\"summary_large_image\" \/>\n<meta name=\"twitter:label1\" content=\"Written by\" \/>\n\t<meta name=\"twitter:data1\" content=\"smonteiro\" \/>\n\t<meta name=\"twitter:label2\" content=\"Est. reading time\" \/>\n\t<meta name=\"twitter:data2\" content=\"4 minutos\" \/>\n<script type=\"application\/ld+json\" class=\"yoast-schema-graph\">{\"@context\":\"https:\/\/schema.org\",\"@graph\":[{\"@type\":\"WebPage\",\"@id\":\"https:\/\/www.manaus.am.gov.br\/semcom\/com-projeto-arquitetonico-da-prefeitura-iphan-am-e-arquidiocese-assinam-ordem-de-servico-para-reforma-de-igrejas-historicas-na-capital\/\",\"url\":\"https:\/\/www.manaus.am.gov.br\/semcom\/com-projeto-arquitetonico-da-prefeitura-iphan-am-e-arquidiocese-assinam-ordem-de-servico-para-reforma-de-igrejas-historicas-na-capital\/\",\"name\":\"Com projetos da Prefeitura, foi assinada a reforma de igrejas\",\"isPartOf\":{\"@id\":\"https:\/\/www.manaus.am.gov.br\/semcom\/#website\"},\"primaryImageOfPage\":{\"@id\":\"https:\/\/www.manaus.am.gov.br\/semcom\/com-projeto-arquitetonico-da-prefeitura-iphan-am-e-arquidiocese-assinam-ordem-de-servico-para-reforma-de-igrejas-historicas-na-capital\/#primaryimage\"},\"image\":{\"@id\":\"https:\/\/www.manaus.am.gov.br\/semcom\/com-projeto-arquitetonico-da-prefeitura-iphan-am-e-arquidiocese-assinam-ordem-de-servico-para-reforma-de-igrejas-historicas-na-capital\/#primaryimage\"},\"thumbnailUrl\":\"https:\/\/www.manaus.am.gov.br\/semcom\/wp-content\/uploads\/sites\/5\/2024\/01\/Implurb-Igrejas-Historicas-3.jpg\",\"datePublished\":\"2024-01-31T20:25:53+00:00\",\"dateModified\":\"2024-01-31T20:25:54+00:00\",\"author\":{\"@id\":\"https:\/\/www.manaus.am.gov.br\/semcom\/#\/schema\/person\/ab4dcf766a54dff74e8d267f5c591961\"},\"description\":\"Com projetos da Prefeitura, foi assinada a ordem de servi\u00e7o para realiza\u00e7\u00e3o de reforma de igrejas hist\u00f3ricas da capital.\",\"inLanguage\":\"pt-BR\",\"potentialAction\":[{\"@type\":\"ReadAction\",\"target\":[\"https:\/\/www.manaus.am.gov.br\/semcom\/com-projeto-arquitetonico-da-prefeitura-iphan-am-e-arquidiocese-assinam-ordem-de-servico-para-reforma-de-igrejas-historicas-na-capital\/\"]}]},{\"@type\":\"ImageObject\",\"inLanguage\":\"pt-BR\",\"@id\":\"https:\/\/www.manaus.am.gov.br\/semcom\/com-projeto-arquitetonico-da-prefeitura-iphan-am-e-arquidiocese-assinam-ordem-de-servico-para-reforma-de-igrejas-historicas-na-capital\/#primaryimage\",\"url\":\"https:\/\/www.manaus.am.gov.br\/semcom\/wp-content\/uploads\/sites\/5\/2024\/01\/Implurb-Igrejas-Historicas-3.jpg\",\"contentUrl\":\"https:\/\/www.manaus.am.gov.br\/semcom\/wp-content\/uploads\/sites\/5\/2024\/01\/Implurb-Igrejas-Historicas-3.jpg\",\"width\":799,\"height\":533,\"caption\":\"#paratodosverem - cerim\u00f4nia de assinatura da ordem de servi\u00e7o para reforma de igrejas hist\u00f3ricas em Manaus\"},{\"@type\":\"WebSite\",\"@id\":\"https:\/\/www.manaus.am.gov.br\/semcom\/#website\",\"url\":\"https:\/\/www.manaus.am.gov.br\/semcom\/\",\"name\":\"SEMCOM\",\"description\":\"Secretaria Municipal de Comunica\u00e7\u00e3o\",\"potentialAction\":[{\"@type\":\"SearchAction\",\"target\":{\"@type\":\"EntryPoint\",\"urlTemplate\":\"https:\/\/www.manaus.am.gov.br\/semcom\/?s={search_term_string}\"},\"query-input\":\"required name=search_term_string\"}],\"inLanguage\":\"pt-BR\"},{\"@type\":\"Person\",\"@id\":\"https:\/\/www.manaus.am.gov.br\/semcom\/#\/schema\/person\/ab4dcf766a54dff74e8d267f5c591961\",\"name\":\"smonteiro\",\"image\":{\"@type\":\"ImageObject\",\"inLanguage\":\"pt-BR\",\"@id\":\"https:\/\/www.manaus.am.gov.br\/semcom\/#\/schema\/person\/image\/\",\"url\":\"https:\/\/secure.gravatar.com\/avatar\/21c8776ef61d9272c73322052e042d77?s=96&d=mm&r=g\",\"contentUrl\":\"https:\/\/secure.gravatar.com\/avatar\/21c8776ef61d9272c73322052e042d77?s=96&d=mm&r=g\",\"caption\":\"smonteiro\"}}]}<\/script>\n<!-- \/ Yoast SEO plugin. -->","yoast_head_json":{"title":"Com projetos da Prefeitura, foi assinada a reforma de igrejas","description":"Com projetos da Prefeitura, foi assinada a ordem de servi\u00e7o para realiza\u00e7\u00e3o de reforma de igrejas hist\u00f3ricas da capital.","robots":{"index":"index","follow":"follow","max-snippet":"max-snippet:-1","max-image-preview":"max-image-preview:large","max-video-preview":"max-video-preview:-1"},"canonical":"https:\/\/www.manaus.am.gov.br\/semcom\/com-projeto-arquitetonico-da-prefeitura-iphan-am-e-arquidiocese-assinam-ordem-de-servico-para-reforma-de-igrejas-historicas-na-capital\/","og_locale":"pt_BR","og_type":"article","og_title":"Com projetos da Prefeitura, foi assinada a reforma de igrejas","og_description":"Com projetos da Prefeitura, foi assinada a ordem de servi\u00e7o para realiza\u00e7\u00e3o de reforma de igrejas hist\u00f3ricas da capital.","og_url":"https:\/\/www.manaus.am.gov.br\/semcom\/com-projeto-arquitetonico-da-prefeitura-iphan-am-e-arquidiocese-assinam-ordem-de-servico-para-reforma-de-igrejas-historicas-na-capital\/","og_site_name":"SEMCOM","article_published_time":"2024-01-31T20:25:53+00:00","article_modified_time":"2024-01-31T20:25:54+00:00","og_image":[{"width":799,"height":533,"url":"https:\/\/www.manaus.am.gov.br\/semcom\/wp-content\/uploads\/sites\/5\/2024\/01\/Implurb-Igrejas-Historicas-3.jpg","type":"image\/jpeg"}],"author":"smonteiro","twitter_card":"summary_large_image","twitter_misc":{"Written by":"smonteiro","Est. reading time":"4 minutos"},"schema":{"@context":"https:\/\/schema.org","@graph":[{"@type":"WebPage","@id":"https:\/\/www.manaus.am.gov.br\/semcom\/com-projeto-arquitetonico-da-prefeitura-iphan-am-e-arquidiocese-assinam-ordem-de-servico-para-reforma-de-igrejas-historicas-na-capital\/","url":"https:\/\/www.manaus.am.gov.br\/semcom\/com-projeto-arquitetonico-da-prefeitura-iphan-am-e-arquidiocese-assinam-ordem-de-servico-para-reforma-de-igrejas-historicas-na-capital\/","name":"Com projetos da Prefeitura, foi assinada a reforma de igrejas","isPartOf":{"@id":"https:\/\/www.manaus.am.gov.br\/semcom\/#website"},"primaryImageOfPage":{"@id":"https:\/\/www.manaus.am.gov.br\/semcom\/com-projeto-arquitetonico-da-prefeitura-iphan-am-e-arquidiocese-assinam-ordem-de-servico-para-reforma-de-igrejas-historicas-na-capital\/#primaryimage"},"image":{"@id":"https:\/\/www.manaus.am.gov.br\/semcom\/com-projeto-arquitetonico-da-prefeitura-iphan-am-e-arquidiocese-assinam-ordem-de-servico-para-reforma-de-igrejas-historicas-na-capital\/#primaryimage"},"thumbnailUrl":"https:\/\/www.manaus.am.gov.br\/semcom\/wp-content\/uploads\/sites\/5\/2024\/01\/Implurb-Igrejas-Historicas-3.jpg","datePublished":"2024-01-31T20:25:53+00:00","dateModified":"2024-01-31T20:25:54+00:00","author":{"@id":"https:\/\/www.manaus.am.gov.br\/semcom\/#\/schema\/person\/ab4dcf766a54dff74e8d267f5c591961"},"description":"Com projetos da Prefeitura, foi assinada a ordem de servi\u00e7o para realiza\u00e7\u00e3o de reforma de igrejas hist\u00f3ricas da capital.","inLanguage":"pt-BR","potentialAction":[{"@type":"ReadAction","target":["https:\/\/www.manaus.am.gov.br\/semcom\/com-projeto-arquitetonico-da-prefeitura-iphan-am-e-arquidiocese-assinam-ordem-de-servico-para-reforma-de-igrejas-historicas-na-capital\/"]}]},{"@type":"ImageObject","inLanguage":"pt-BR","@id":"https:\/\/www.manaus.am.gov.br\/semcom\/com-projeto-arquitetonico-da-prefeitura-iphan-am-e-arquidiocese-assinam-ordem-de-servico-para-reforma-de-igrejas-historicas-na-capital\/#primaryimage","url":"https:\/\/www.manaus.am.gov.br\/semcom\/wp-content\/uploads\/sites\/5\/2024\/01\/Implurb-Igrejas-Historicas-3.jpg","contentUrl":"https:\/\/www.manaus.am.gov.br\/semcom\/wp-content\/uploads\/sites\/5\/2024\/01\/Implurb-Igrejas-Historicas-3.jpg","width":799,"height":533,"caption":"#paratodosverem - cerim\u00f4nia de assinatura da ordem de servi\u00e7o para reforma de igrejas hist\u00f3ricas em Manaus"},{"@type":"WebSite","@id":"https:\/\/www.manaus.am.gov.br\/semcom\/#website","url":"https:\/\/www.manaus.am.gov.br\/semcom\/","name":"SEMCOM","description":"Secretaria Municipal de Comunica\u00e7\u00e3o","potentialAction":[{"@type":"SearchAction","target":{"@type":"EntryPoint","urlTemplate":"https:\/\/www.manaus.am.gov.br\/semcom\/?s={search_term_string}"},"query-input":"required name=search_term_string"}],"inLanguage":"pt-BR"},{"@type":"Person","@id":"https:\/\/www.manaus.am.gov.br\/semcom\/#\/schema\/person\/ab4dcf766a54dff74e8d267f5c591961","name":"smonteiro","image":{"@type":"ImageObject","inLanguage":"pt-BR","@id":"https:\/\/www.manaus.am.gov.br\/semcom\/#\/schema\/person\/image\/","url":"https:\/\/secure.gravatar.com\/avatar\/21c8776ef61d9272c73322052e042d77?s=96&d=mm&r=g","contentUrl":"https:\/\/secure.gravatar.com\/avatar\/21c8776ef61d9272c73322052e042d77?s=96&d=mm&r=g","caption":"smonteiro"}}]}},"_links":{"self":[{"href":"https:\/\/www.manaus.am.gov.br\/semcom\/wp-json\/wp\/v2\/posts\/224854"}],"collection":[{"href":"https:\/\/www.manaus.am.gov.br\/semcom\/wp-json\/wp\/v2\/posts"}],"about":[{"href":"https:\/\/www.manaus.am.gov.br\/semcom\/wp-json\/wp\/v2\/types\/post"}],"author":[{"embeddable":true,"href":"https:\/\/www.manaus.am.gov.br\/semcom\/wp-json\/wp\/v2\/users\/61"}],"replies":[{"embeddable":true,"href":"https:\/\/www.manaus.am.gov.br\/semcom\/wp-json\/wp\/v2\/comments?post=224854"}],"version-history":[{"count":0,"href":"https:\/\/www.manaus.am.gov.br\/semcom\/wp-json\/wp\/v2\/posts\/224854\/revisions"}],"wp:featuredmedia":[{"embeddable":true,"href":"https:\/\/www.manaus.am.gov.br\/semcom\/wp-json\/wp\/v2\/media\/224855"}],"wp:attachment":[{"href":"https:\/\/www.manaus.am.gov.br\/semcom\/wp-json\/wp\/v2\/media?parent=224854"}],"wp:term":[{"taxonomy":"category","embeddable":true,"href":"https:\/\/www.manaus.am.gov.br\/semcom\/wp-json\/wp\/v2\/categories?post=224854"},{"taxonomy":"post_tag","embeddable":true,"href":"https:\/\/www.manaus.am.gov.br\/semcom\/wp-json\/wp\/v2\/tags?post=224854"}],"curies":[{"name":"wp","href":"https:\/\/api.w.org\/{rel}","templated":true}]}}