{"id":224795,"date":"2024-01-30T12:53:55","date_gmt":"2024-01-30T15:53:55","guid":{"rendered":"https:\/\/www.manaus.am.gov.br\/semcom\/vencimento-iss-autonomo\/"},"modified":"2024-01-30T12:53:55","modified_gmt":"2024-01-30T15:53:55","slug":"vencimento-iss-autonomo","status":"publish","type":"post","link":"https:\/\/www.manaus.am.gov.br\/semcom\/vencimento-iss-autonomo\/","title":{"rendered":"Cota \u00fanica com desconto do ISS Aut\u00f4nomo vence nesta quarta-feira, 31"},"content":{"rendered":"\n<p>O prazo para o pagamento com desconto de 10% do ISS para profissionais aut\u00f4nomos encerra nesta quarta-feira, 31\/1. Os contribuintes cadastrados na Prefeitura de Manaus, que ainda n\u00e3o receberam sua notifica\u00e7\u00e3o de lan\u00e7amento no endere\u00e7o, podem emitir a segunda via da guia pelo portal de servi\u00e7os Manaus Atende (manausatende.manaus.am.gov.br).<\/p>\n\n\n\n<p>\u201cO ISS para aut\u00f4nomo e sociedades uniprofissionais poder\u00e1 ser pago de forma parcelada, em at\u00e9 12 vezes, com o vencimento da primeira parcela tamb\u00e9m para esta quarta-feira, dia 31\u201d, informou o subsecret\u00e1rio da Receita da Secretaria Municipal de Finan\u00e7as e tecnologia da Informa\u00e7\u00e3o (Semef), Arm\u00ednio Pontes.<\/p>\n\n\n\n<p>Este ano, a Semef, emitiu, via Correios, mais de 9,1 mil notifica\u00e7\u00f5es. Profissionais de n\u00edvel m\u00e9dio pagar\u00e3o, por parcela, o correspondente a meia Unidade Fiscal do Munic\u00edpio (UFM), ou seja, R$ 69,91. J\u00e1 os de n\u00edvel superior, a parcela ser\u00e1 de uma UFM, R$ 139,82.<\/p>\n\n\n\n<p>Para tirar d\u00favidas ou obter mais informa\u00e7\u00f5es os contribuintes poder\u00e3o ligar no n\u00famero 156, atendimento do Manaus Atende que funciona de segunda a sexta, das 8h \u00e0s 17h.<\/p>\n\n\n\n<p>&#8212; &#8212; &#8212;<\/p>\n\n\n\n<p><strong>Texto<\/strong> \u2013 Divulga\u00e7\u00e3o \/ Semef<\/p>\n\n\n\n<p><strong>Foto<\/strong> \u2013 Divulga\u00e7\u00e3o \/ Semef<\/p>\n","protected":false},"excerpt":{"rendered":"","protected":false},"author":23,"featured_media":224796,"comment_status":"closed","ping_status":"closed","sticky":false,"template":"","format":"standard","meta":{"footnotes":""},"categories":[1495],"tags":[2163,10374,648,1498,77,157],"acf":[],"yoast_head":"<!-- This site is optimized with the Yoast SEO plugin v23.0 - https:\/\/yoast.com\/wordpress\/plugins\/seo\/ -->\n<title>Cota \u00fanica com desconto do ISS Aut\u00f4nomo vence nesta quarta-feira, 31<\/title>\n<meta name=\"description\" content=\"O prazo para o pagamento com desconto de 10% do ISS para profissionais aut\u00f4nomos encerra nesta quarta-feira, 31\/1. Os contribuintes cadastrados na Prefeitura de Manaus, que ainda n\u00e3o receberam sua notifica\u00e7\u00e3o de lan\u00e7amento no endere\u00e7o, podem emitir a segunda via da guia pelo portal de servi\u00e7os Manaus Atende (manausatende.manaus.am.gov.br).\" \/>\n<meta name=\"robots\" content=\"index, follow, max-snippet:-1, max-image-preview:large, max-video-preview:-1\" \/>\n<link rel=\"canonical\" href=\"https:\/\/www.manaus.am.gov.br\/semcom\/vencimento-iss-autonomo\/\" \/>\n<meta property=\"og:locale\" content=\"pt_BR\" \/>\n<meta property=\"og:type\" content=\"article\" \/>\n<meta property=\"og:title\" content=\"Cota \u00fanica com desconto do ISS Aut\u00f4nomo vence nesta quarta-feira, 31\" \/>\n<meta property=\"og:description\" content=\"O prazo para o pagamento com desconto de 10% do ISS para profissionais aut\u00f4nomos encerra nesta quarta-feira, 31\/1. Os contribuintes cadastrados na Prefeitura de Manaus, que ainda n\u00e3o receberam sua notifica\u00e7\u00e3o de lan\u00e7amento no endere\u00e7o, podem emitir a segunda via da guia pelo portal de servi\u00e7os Manaus Atende (manausatende.manaus.am.gov.br).\" \/>\n<meta property=\"og:url\" content=\"https:\/\/www.manaus.am.gov.br\/semcom\/vencimento-iss-autonomo\/\" \/>\n<meta property=\"og:site_name\" content=\"SEMCOM\" \/>\n<meta property=\"article:published_time\" content=\"2024-01-30T15:53:55+00:00\" \/>\n<meta property=\"og:image\" content=\"https:\/\/www.manaus.am.gov.br\/semcom\/wp-content\/uploads\/sites\/5\/2024\/01\/SUBSECRETARIO-ARMINIO-PONTES.jpg\" \/>\n\t<meta property=\"og:image:width\" content=\"5184\" \/>\n\t<meta property=\"og:image:height\" content=\"3456\" \/>\n\t<meta property=\"og:image:type\" content=\"image\/jpeg\" \/>\n<meta name=\"author\" content=\"Adriana Costa\" \/>\n<meta name=\"twitter:card\" content=\"summary_large_image\" \/>\n<meta name=\"twitter:label1\" content=\"Written by\" \/>\n\t<meta name=\"twitter:data1\" content=\"Adriana Costa\" \/>\n\t<meta name=\"twitter:label2\" content=\"Est. reading time\" \/>\n\t<meta name=\"twitter:data2\" content=\"1 minuto\" \/>\n<script type=\"application\/ld+json\" class=\"yoast-schema-graph\">{\"@context\":\"https:\/\/schema.org\",\"@graph\":[{\"@type\":\"WebPage\",\"@id\":\"https:\/\/www.manaus.am.gov.br\/semcom\/vencimento-iss-autonomo\/\",\"url\":\"https:\/\/www.manaus.am.gov.br\/semcom\/vencimento-iss-autonomo\/\",\"name\":\"Cota \u00fanica com desconto do ISS Aut\u00f4nomo vence nesta quarta-feira, 31\",\"isPartOf\":{\"@id\":\"https:\/\/www.manaus.am.gov.br\/semcom\/#website\"},\"primaryImageOfPage\":{\"@id\":\"https:\/\/www.manaus.am.gov.br\/semcom\/vencimento-iss-autonomo\/#primaryimage\"},\"image\":{\"@id\":\"https:\/\/www.manaus.am.gov.br\/semcom\/vencimento-iss-autonomo\/#primaryimage\"},\"thumbnailUrl\":\"https:\/\/www.manaus.am.gov.br\/semcom\/wp-content\/uploads\/sites\/5\/2024\/01\/SUBSECRETARIO-ARMINIO-PONTES.jpg\",\"datePublished\":\"2024-01-30T15:53:55+00:00\",\"dateModified\":\"2024-01-30T15:53:55+00:00\",\"author\":{\"@id\":\"https:\/\/www.manaus.am.gov.br\/semcom\/#\/schema\/person\/4e49f4e267757a06ca072ec61b2b9968\"},\"description\":\"O prazo para o pagamento com desconto de 10% do ISS para profissionais aut\u00f4nomos encerra nesta quarta-feira, 31\/1. Os contribuintes cadastrados na Prefeitura de Manaus, que ainda n\u00e3o receberam sua notifica\u00e7\u00e3o de lan\u00e7amento no endere\u00e7o, podem emitir a segunda via da guia pelo portal de servi\u00e7os Manaus Atende (manausatende.manaus.am.gov.br).\",\"inLanguage\":\"pt-BR\",\"potentialAction\":[{\"@type\":\"ReadAction\",\"target\":[\"https:\/\/www.manaus.am.gov.br\/semcom\/vencimento-iss-autonomo\/\"]}]},{\"@type\":\"ImageObject\",\"inLanguage\":\"pt-BR\",\"@id\":\"https:\/\/www.manaus.am.gov.br\/semcom\/vencimento-iss-autonomo\/#primaryimage\",\"url\":\"https:\/\/www.manaus.am.gov.br\/semcom\/wp-content\/uploads\/sites\/5\/2024\/01\/SUBSECRETARIO-ARMINIO-PONTES.jpg\",\"contentUrl\":\"https:\/\/www.manaus.am.gov.br\/semcom\/wp-content\/uploads\/sites\/5\/2024\/01\/SUBSECRETARIO-ARMINIO-PONTES.jpg\",\"width\":5184,\"height\":3456},{\"@type\":\"WebSite\",\"@id\":\"https:\/\/www.manaus.am.gov.br\/semcom\/#website\",\"url\":\"https:\/\/www.manaus.am.gov.br\/semcom\/\",\"name\":\"SEMCOM\",\"description\":\"Secretaria Municipal de Comunica\u00e7\u00e3o\",\"potentialAction\":[{\"@type\":\"SearchAction\",\"target\":{\"@type\":\"EntryPoint\",\"urlTemplate\":\"https:\/\/www.manaus.am.gov.br\/semcom\/?s={search_term_string}\"},\"query-input\":\"required name=search_term_string\"}],\"inLanguage\":\"pt-BR\"},{\"@type\":\"Person\",\"@id\":\"https:\/\/www.manaus.am.gov.br\/semcom\/#\/schema\/person\/4e49f4e267757a06ca072ec61b2b9968\",\"name\":\"Adriana Costa\",\"image\":{\"@type\":\"ImageObject\",\"inLanguage\":\"pt-BR\",\"@id\":\"https:\/\/www.manaus.am.gov.br\/semcom\/#\/schema\/person\/image\/\",\"url\":\"https:\/\/secure.gravatar.com\/avatar\/576258617ef7194f718179e766d57bd4?s=96&d=mm&r=g\",\"contentUrl\":\"https:\/\/secure.gravatar.com\/avatar\/576258617ef7194f718179e766d57bd4?s=96&d=mm&r=g\",\"caption\":\"Adriana Costa\"}}]}<\/script>\n<!-- \/ Yoast SEO plugin. -->","yoast_head_json":{"title":"Cota \u00fanica com desconto do ISS Aut\u00f4nomo vence nesta quarta-feira, 31","description":"O prazo para o pagamento com desconto de 10% do ISS para profissionais aut\u00f4nomos encerra nesta quarta-feira, 31\/1. Os contribuintes cadastrados na Prefeitura de Manaus, que ainda n\u00e3o receberam sua notifica\u00e7\u00e3o de lan\u00e7amento no endere\u00e7o, podem emitir a segunda via da guia pelo portal de servi\u00e7os Manaus Atende (manausatende.manaus.am.gov.br).","robots":{"index":"index","follow":"follow","max-snippet":"max-snippet:-1","max-image-preview":"max-image-preview:large","max-video-preview":"max-video-preview:-1"},"canonical":"https:\/\/www.manaus.am.gov.br\/semcom\/vencimento-iss-autonomo\/","og_locale":"pt_BR","og_type":"article","og_title":"Cota \u00fanica com desconto do ISS Aut\u00f4nomo vence nesta quarta-feira, 31","og_description":"O prazo para o pagamento com desconto de 10% do ISS para profissionais aut\u00f4nomos encerra nesta quarta-feira, 31\/1. Os contribuintes cadastrados na Prefeitura de Manaus, que ainda n\u00e3o receberam sua notifica\u00e7\u00e3o de lan\u00e7amento no endere\u00e7o, podem emitir a segunda via da guia pelo portal de servi\u00e7os Manaus Atende (manausatende.manaus.am.gov.br).","og_url":"https:\/\/www.manaus.am.gov.br\/semcom\/vencimento-iss-autonomo\/","og_site_name":"SEMCOM","article_published_time":"2024-01-30T15:53:55+00:00","og_image":[{"width":5184,"height":3456,"url":"https:\/\/www.manaus.am.gov.br\/semcom\/wp-content\/uploads\/sites\/5\/2024\/01\/SUBSECRETARIO-ARMINIO-PONTES.jpg","type":"image\/jpeg"}],"author":"Adriana Costa","twitter_card":"summary_large_image","twitter_misc":{"Written by":"Adriana Costa","Est. reading time":"1 minuto"},"schema":{"@context":"https:\/\/schema.org","@graph":[{"@type":"WebPage","@id":"https:\/\/www.manaus.am.gov.br\/semcom\/vencimento-iss-autonomo\/","url":"https:\/\/www.manaus.am.gov.br\/semcom\/vencimento-iss-autonomo\/","name":"Cota \u00fanica com desconto do ISS Aut\u00f4nomo vence nesta quarta-feira, 31","isPartOf":{"@id":"https:\/\/www.manaus.am.gov.br\/semcom\/#website"},"primaryImageOfPage":{"@id":"https:\/\/www.manaus.am.gov.br\/semcom\/vencimento-iss-autonomo\/#primaryimage"},"image":{"@id":"https:\/\/www.manaus.am.gov.br\/semcom\/vencimento-iss-autonomo\/#primaryimage"},"thumbnailUrl":"https:\/\/www.manaus.am.gov.br\/semcom\/wp-content\/uploads\/sites\/5\/2024\/01\/SUBSECRETARIO-ARMINIO-PONTES.jpg","datePublished":"2024-01-30T15:53:55+00:00","dateModified":"2024-01-30T15:53:55+00:00","author":{"@id":"https:\/\/www.manaus.am.gov.br\/semcom\/#\/schema\/person\/4e49f4e267757a06ca072ec61b2b9968"},"description":"O prazo para o pagamento com desconto de 10% do ISS para profissionais aut\u00f4nomos encerra nesta quarta-feira, 31\/1. Os contribuintes cadastrados na Prefeitura de Manaus, que ainda n\u00e3o receberam sua notifica\u00e7\u00e3o de lan\u00e7amento no endere\u00e7o, podem emitir a segunda via da guia pelo portal de servi\u00e7os Manaus Atende (manausatende.manaus.am.gov.br).","inLanguage":"pt-BR","potentialAction":[{"@type":"ReadAction","target":["https:\/\/www.manaus.am.gov.br\/semcom\/vencimento-iss-autonomo\/"]}]},{"@type":"ImageObject","inLanguage":"pt-BR","@id":"https:\/\/www.manaus.am.gov.br\/semcom\/vencimento-iss-autonomo\/#primaryimage","url":"https:\/\/www.manaus.am.gov.br\/semcom\/wp-content\/uploads\/sites\/5\/2024\/01\/SUBSECRETARIO-ARMINIO-PONTES.jpg","contentUrl":"https:\/\/www.manaus.am.gov.br\/semcom\/wp-content\/uploads\/sites\/5\/2024\/01\/SUBSECRETARIO-ARMINIO-PONTES.jpg","width":5184,"height":3456},{"@type":"WebSite","@id":"https:\/\/www.manaus.am.gov.br\/semcom\/#website","url":"https:\/\/www.manaus.am.gov.br\/semcom\/","name":"SEMCOM","description":"Secretaria Municipal de Comunica\u00e7\u00e3o","potentialAction":[{"@type":"SearchAction","target":{"@type":"EntryPoint","urlTemplate":"https:\/\/www.manaus.am.gov.br\/semcom\/?s={search_term_string}"},"query-input":"required name=search_term_string"}],"inLanguage":"pt-BR"},{"@type":"Person","@id":"https:\/\/www.manaus.am.gov.br\/semcom\/#\/schema\/person\/4e49f4e267757a06ca072ec61b2b9968","name":"Adriana Costa","image":{"@type":"ImageObject","inLanguage":"pt-BR","@id":"https:\/\/www.manaus.am.gov.br\/semcom\/#\/schema\/person\/image\/","url":"https:\/\/secure.gravatar.com\/avatar\/576258617ef7194f718179e766d57bd4?s=96&d=mm&r=g","contentUrl":"https:\/\/secure.gravatar.com\/avatar\/576258617ef7194f718179e766d57bd4?s=96&d=mm&r=g","caption":"Adriana Costa"}}]}},"_links":{"self":[{"href":"https:\/\/www.manaus.am.gov.br\/semcom\/wp-json\/wp\/v2\/posts\/224795"}],"collection":[{"href":"https:\/\/www.manaus.am.gov.br\/semcom\/wp-json\/wp\/v2\/posts"}],"about":[{"href":"https:\/\/www.manaus.am.gov.br\/semcom\/wp-json\/wp\/v2\/types\/post"}],"author":[{"embeddable":true,"href":"https:\/\/www.manaus.am.gov.br\/semcom\/wp-json\/wp\/v2\/users\/23"}],"replies":[{"embeddable":true,"href":"https:\/\/www.manaus.am.gov.br\/semcom\/wp-json\/wp\/v2\/comments?post=224795"}],"version-history":[{"count":0,"href":"https:\/\/www.manaus.am.gov.br\/semcom\/wp-json\/wp\/v2\/posts\/224795\/revisions"}],"wp:featuredmedia":[{"embeddable":true,"href":"https:\/\/www.manaus.am.gov.br\/semcom\/wp-json\/wp\/v2\/media\/224796"}],"wp:attachment":[{"href":"https:\/\/www.manaus.am.gov.br\/semcom\/wp-json\/wp\/v2\/media?parent=224795"}],"wp:term":[{"taxonomy":"category","embeddable":true,"href":"https:\/\/www.manaus.am.gov.br\/semcom\/wp-json\/wp\/v2\/categories?post=224795"},{"taxonomy":"post_tag","embeddable":true,"href":"https:\/\/www.manaus.am.gov.br\/semcom\/wp-json\/wp\/v2\/tags?post=224795"}],"curies":[{"name":"wp","href":"https:\/\/api.w.org\/{rel}","templated":true}]}}