{"id":224672,"date":"2024-01-25T10:56:44","date_gmt":"2024-01-25T13:56:44","guid":{"rendered":"https:\/\/www.manaus.am.gov.br\/semcom\/prefeitura-de-manaus-divulga-homologacao-do-resultado-final-do-edital-de-apoio-a-blocos-e-bandas\/"},"modified":"2024-01-25T10:56:45","modified_gmt":"2024-01-25T13:56:45","slug":"prefeitura-de-manaus-divulga-homologacao-do-resultado-final-do-edital-de-apoio-a-blocos-e-bandas","status":"publish","type":"post","link":"https:\/\/www.manaus.am.gov.br\/semcom\/prefeitura-de-manaus-divulga-homologacao-do-resultado-final-do-edital-de-apoio-a-blocos-e-bandas\/","title":{"rendered":"Prefeitura de Manaus divulga homologa\u00e7\u00e3o do resultado final do edital de apoio a blocos e bandas"},"content":{"rendered":"\n<p>A Prefeitura de Manaus, por meio da Funda\u00e7\u00e3o Municipal de Cultura, Turismo e Eventos (Manauscult), divulgou na quarta-feira, 24\/1, no Di\u00e1rio Oficial do Munic\u00edpio, a homologa\u00e7\u00e3o do <a href=\"http:\/\/dom.manaus.am.gov.br\/pdf\/2024\/janeiro\/DOM%205752%2024.01.2024%20CAD%201.pdf\">resultado final<\/a> do edital n\u00ba 011\/2023, de apoio a bandas e blocos do Carnaval 2024.<\/p>\n\n\n\n<p>O edital contempla 110 eventos, entre bandas, blocos e eventos carnavalescos de rua, com servi\u00e7os de palco, sonoriza\u00e7\u00e3o, ilumina\u00e7\u00e3o, banheiros qu\u00edmicos e estrutura,&nbsp; sendo 50 eventos de porte pequeno, 50 de porte m\u00e9dio e dez grandes, que acontecer\u00e3o durante os meses de fevereiro e mar\u00e7o de 2024.<\/p>\n\n\n\n<p>Para o diretor-presidente da Manauscult, Reginei Rodrigues, o fomento ao Carnaval de rua tem impacto positivo, principalmente nos bairros e comunidades, por movimentar toda uma cadeia envolvida direta e indiretamente ao contexto carnavalesco.<\/p>\n\n\n\n<p>\u201cO Carnaval de Rua influencia muitos segmentos, que v\u00e3o desde a mobilidade urbana com o uso do transporte p\u00fablico, transporte por aplicativo. Nos eventos, com a parte de venda de comidas e bebidas, a confec\u00e7\u00e3o de itens carnavalescos usados pelos brincantes, na mobiliza\u00e7\u00e3o dos moradores dos bairros, onde, tradicionalmente, acontecem essas festas, que confeccionam roupas personalizadas e artefatos produzidos especialmente para os eventos\u201d, explica Rodrigues.<\/p>\n\n\n\n<p>Os eventos contemplados passaram pela avalia\u00e7\u00e3o da comiss\u00e3o t\u00e9cnica que usou como crit\u00e9rios: o hist\u00f3rico de cada evento, comprova\u00e7\u00e3o de tempo, impacto social, interesse p\u00fablico, participa\u00e7\u00e3o popular e relev\u00e2ncia cultural.<\/p>\n\n\n\n<p>&#8212; &#8212; &#8212;<\/p>\n\n\n\n<p><strong>Texto<\/strong> &#8211; Oliveira Junior \/ Manauscult<\/p>\n\n\n\n<p><strong>Foto<\/strong> \u2013 Divulga\u00e7\u00e3o\/Manauscult<\/p>\n\n\n\n<p><\/p>\n\n\n","protected":false},"excerpt":{"rendered":"","protected":false},"author":23,"featured_media":224673,"comment_status":"closed","ping_status":"closed","sticky":false,"template":"","format":"standard","meta":{"footnotes":""},"categories":[52],"tags":[1786,511,868,10307,945,10308,307,77],"acf":[],"yoast_head":"<!-- This site is optimized with the Yoast SEO plugin v23.0 - https:\/\/yoast.com\/wordpress\/plugins\/seo\/ -->\n<title>Prefeitura de Manaus divulga homologa\u00e7\u00e3o do resultado final do edital de apoio a blocos e bandas<\/title>\n<meta name=\"description\" content=\"A Prefeitura de Manaus, por meio da Funda\u00e7\u00e3o Municipal de Cultura, Turismo e Eventos (Manauscult), divulgou na quarta-feira, 24\/1, no Di\u00e1rio Oficial do Munic\u00edpio, a homologa\u00e7\u00e3o do resultado final do edital n\u00ba 011\/2023, de apoio a bandas e blocos do Carnaval 2024.\" \/>\n<meta name=\"robots\" content=\"index, follow, max-snippet:-1, max-image-preview:large, max-video-preview:-1\" \/>\n<link rel=\"canonical\" href=\"https:\/\/www.manaus.am.gov.br\/semcom\/prefeitura-de-manaus-divulga-homologacao-do-resultado-final-do-edital-de-apoio-a-blocos-e-bandas\/\" \/>\n<meta property=\"og:locale\" content=\"pt_BR\" \/>\n<meta property=\"og:type\" content=\"article\" \/>\n<meta property=\"og:title\" content=\"Prefeitura de Manaus divulga homologa\u00e7\u00e3o do resultado final do edital de apoio a blocos e bandas\" \/>\n<meta property=\"og:description\" content=\"A Prefeitura de Manaus, por meio da Funda\u00e7\u00e3o Municipal de Cultura, Turismo e Eventos (Manauscult), divulgou na quarta-feira, 24\/1, no Di\u00e1rio Oficial do Munic\u00edpio, a homologa\u00e7\u00e3o do resultado final do edital n\u00ba 011\/2023, de apoio a bandas e blocos do Carnaval 2024.\" \/>\n<meta property=\"og:url\" content=\"https:\/\/www.manaus.am.gov.br\/semcom\/prefeitura-de-manaus-divulga-homologacao-do-resultado-final-do-edital-de-apoio-a-blocos-e-bandas\/\" \/>\n<meta property=\"og:site_name\" content=\"SEMCOM\" \/>\n<meta property=\"article:published_time\" content=\"2024-01-25T13:56:44+00:00\" \/>\n<meta property=\"article:modified_time\" content=\"2024-01-25T13:56:45+00:00\" \/>\n<meta property=\"og:image\" content=\"https:\/\/www.manaus.am.gov.br\/semcom\/wp-content\/uploads\/sites\/5\/2024\/01\/Carnaval-de-Rua-2.jpeg\" \/>\n\t<meta property=\"og:image:width\" content=\"1600\" \/>\n\t<meta property=\"og:image:height\" content=\"1066\" \/>\n\t<meta property=\"og:image:type\" content=\"image\/jpeg\" \/>\n<meta name=\"author\" content=\"Adriana Costa\" \/>\n<meta name=\"twitter:card\" content=\"summary_large_image\" \/>\n<meta name=\"twitter:label1\" content=\"Written by\" \/>\n\t<meta name=\"twitter:data1\" content=\"Adriana Costa\" \/>\n\t<meta name=\"twitter:label2\" content=\"Est. reading time\" \/>\n\t<meta name=\"twitter:data2\" content=\"2 minutos\" \/>\n<script type=\"application\/ld+json\" class=\"yoast-schema-graph\">{\"@context\":\"https:\/\/schema.org\",\"@graph\":[{\"@type\":\"WebPage\",\"@id\":\"https:\/\/www.manaus.am.gov.br\/semcom\/prefeitura-de-manaus-divulga-homologacao-do-resultado-final-do-edital-de-apoio-a-blocos-e-bandas\/\",\"url\":\"https:\/\/www.manaus.am.gov.br\/semcom\/prefeitura-de-manaus-divulga-homologacao-do-resultado-final-do-edital-de-apoio-a-blocos-e-bandas\/\",\"name\":\"Prefeitura de Manaus divulga homologa\u00e7\u00e3o do resultado final do edital de apoio a blocos e bandas\",\"isPartOf\":{\"@id\":\"https:\/\/www.manaus.am.gov.br\/semcom\/#website\"},\"primaryImageOfPage\":{\"@id\":\"https:\/\/www.manaus.am.gov.br\/semcom\/prefeitura-de-manaus-divulga-homologacao-do-resultado-final-do-edital-de-apoio-a-blocos-e-bandas\/#primaryimage\"},\"image\":{\"@id\":\"https:\/\/www.manaus.am.gov.br\/semcom\/prefeitura-de-manaus-divulga-homologacao-do-resultado-final-do-edital-de-apoio-a-blocos-e-bandas\/#primaryimage\"},\"thumbnailUrl\":\"https:\/\/www.manaus.am.gov.br\/semcom\/wp-content\/uploads\/sites\/5\/2024\/01\/Carnaval-de-Rua-2.jpeg\",\"datePublished\":\"2024-01-25T13:56:44+00:00\",\"dateModified\":\"2024-01-25T13:56:45+00:00\",\"author\":{\"@id\":\"https:\/\/www.manaus.am.gov.br\/semcom\/#\/schema\/person\/4e49f4e267757a06ca072ec61b2b9968\"},\"description\":\"A Prefeitura de Manaus, por meio da Funda\u00e7\u00e3o Municipal de Cultura, Turismo e Eventos (Manauscult), divulgou na quarta-feira, 24\/1, no Di\u00e1rio Oficial do Munic\u00edpio, a homologa\u00e7\u00e3o do resultado final do edital n\u00ba 011\/2023, de apoio a bandas e blocos do Carnaval 2024.\",\"inLanguage\":\"pt-BR\",\"potentialAction\":[{\"@type\":\"ReadAction\",\"target\":[\"https:\/\/www.manaus.am.gov.br\/semcom\/prefeitura-de-manaus-divulga-homologacao-do-resultado-final-do-edital-de-apoio-a-blocos-e-bandas\/\"]}]},{\"@type\":\"ImageObject\",\"inLanguage\":\"pt-BR\",\"@id\":\"https:\/\/www.manaus.am.gov.br\/semcom\/prefeitura-de-manaus-divulga-homologacao-do-resultado-final-do-edital-de-apoio-a-blocos-e-bandas\/#primaryimage\",\"url\":\"https:\/\/www.manaus.am.gov.br\/semcom\/wp-content\/uploads\/sites\/5\/2024\/01\/Carnaval-de-Rua-2.jpeg\",\"contentUrl\":\"https:\/\/www.manaus.am.gov.br\/semcom\/wp-content\/uploads\/sites\/5\/2024\/01\/Carnaval-de-Rua-2.jpeg\",\"width\":1600,\"height\":1066},{\"@type\":\"WebSite\",\"@id\":\"https:\/\/www.manaus.am.gov.br\/semcom\/#website\",\"url\":\"https:\/\/www.manaus.am.gov.br\/semcom\/\",\"name\":\"SEMCOM\",\"description\":\"Secretaria Municipal de Comunica\u00e7\u00e3o\",\"potentialAction\":[{\"@type\":\"SearchAction\",\"target\":{\"@type\":\"EntryPoint\",\"urlTemplate\":\"https:\/\/www.manaus.am.gov.br\/semcom\/?s={search_term_string}\"},\"query-input\":\"required name=search_term_string\"}],\"inLanguage\":\"pt-BR\"},{\"@type\":\"Person\",\"@id\":\"https:\/\/www.manaus.am.gov.br\/semcom\/#\/schema\/person\/4e49f4e267757a06ca072ec61b2b9968\",\"name\":\"Adriana Costa\",\"image\":{\"@type\":\"ImageObject\",\"inLanguage\":\"pt-BR\",\"@id\":\"https:\/\/www.manaus.am.gov.br\/semcom\/#\/schema\/person\/image\/\",\"url\":\"https:\/\/secure.gravatar.com\/avatar\/576258617ef7194f718179e766d57bd4?s=96&d=mm&r=g\",\"contentUrl\":\"https:\/\/secure.gravatar.com\/avatar\/576258617ef7194f718179e766d57bd4?s=96&d=mm&r=g\",\"caption\":\"Adriana Costa\"}}]}<\/script>\n<!-- \/ Yoast SEO plugin. -->","yoast_head_json":{"title":"Prefeitura de Manaus divulga homologa\u00e7\u00e3o do resultado final do edital de apoio a blocos e bandas","description":"A Prefeitura de Manaus, por meio da Funda\u00e7\u00e3o Municipal de Cultura, Turismo e Eventos (Manauscult), divulgou na quarta-feira, 24\/1, no Di\u00e1rio Oficial do Munic\u00edpio, a homologa\u00e7\u00e3o do resultado final do edital n\u00ba 011\/2023, de apoio a bandas e blocos do Carnaval 2024.","robots":{"index":"index","follow":"follow","max-snippet":"max-snippet:-1","max-image-preview":"max-image-preview:large","max-video-preview":"max-video-preview:-1"},"canonical":"https:\/\/www.manaus.am.gov.br\/semcom\/prefeitura-de-manaus-divulga-homologacao-do-resultado-final-do-edital-de-apoio-a-blocos-e-bandas\/","og_locale":"pt_BR","og_type":"article","og_title":"Prefeitura de Manaus divulga homologa\u00e7\u00e3o do resultado final do edital de apoio a blocos e bandas","og_description":"A Prefeitura de Manaus, por meio da Funda\u00e7\u00e3o Municipal de Cultura, Turismo e Eventos (Manauscult), divulgou na quarta-feira, 24\/1, no Di\u00e1rio Oficial do Munic\u00edpio, a homologa\u00e7\u00e3o do resultado final do edital n\u00ba 011\/2023, de apoio a bandas e blocos do Carnaval 2024.","og_url":"https:\/\/www.manaus.am.gov.br\/semcom\/prefeitura-de-manaus-divulga-homologacao-do-resultado-final-do-edital-de-apoio-a-blocos-e-bandas\/","og_site_name":"SEMCOM","article_published_time":"2024-01-25T13:56:44+00:00","article_modified_time":"2024-01-25T13:56:45+00:00","og_image":[{"width":1600,"height":1066,"url":"https:\/\/www.manaus.am.gov.br\/semcom\/wp-content\/uploads\/sites\/5\/2024\/01\/Carnaval-de-Rua-2.jpeg","type":"image\/jpeg"}],"author":"Adriana Costa","twitter_card":"summary_large_image","twitter_misc":{"Written by":"Adriana Costa","Est. reading time":"2 minutos"},"schema":{"@context":"https:\/\/schema.org","@graph":[{"@type":"WebPage","@id":"https:\/\/www.manaus.am.gov.br\/semcom\/prefeitura-de-manaus-divulga-homologacao-do-resultado-final-do-edital-de-apoio-a-blocos-e-bandas\/","url":"https:\/\/www.manaus.am.gov.br\/semcom\/prefeitura-de-manaus-divulga-homologacao-do-resultado-final-do-edital-de-apoio-a-blocos-e-bandas\/","name":"Prefeitura de Manaus divulga homologa\u00e7\u00e3o do resultado final do edital de apoio a blocos e bandas","isPartOf":{"@id":"https:\/\/www.manaus.am.gov.br\/semcom\/#website"},"primaryImageOfPage":{"@id":"https:\/\/www.manaus.am.gov.br\/semcom\/prefeitura-de-manaus-divulga-homologacao-do-resultado-final-do-edital-de-apoio-a-blocos-e-bandas\/#primaryimage"},"image":{"@id":"https:\/\/www.manaus.am.gov.br\/semcom\/prefeitura-de-manaus-divulga-homologacao-do-resultado-final-do-edital-de-apoio-a-blocos-e-bandas\/#primaryimage"},"thumbnailUrl":"https:\/\/www.manaus.am.gov.br\/semcom\/wp-content\/uploads\/sites\/5\/2024\/01\/Carnaval-de-Rua-2.jpeg","datePublished":"2024-01-25T13:56:44+00:00","dateModified":"2024-01-25T13:56:45+00:00","author":{"@id":"https:\/\/www.manaus.am.gov.br\/semcom\/#\/schema\/person\/4e49f4e267757a06ca072ec61b2b9968"},"description":"A Prefeitura de Manaus, por meio da Funda\u00e7\u00e3o Municipal de Cultura, Turismo e Eventos (Manauscult), divulgou na quarta-feira, 24\/1, no Di\u00e1rio Oficial do Munic\u00edpio, a homologa\u00e7\u00e3o do resultado final do edital n\u00ba 011\/2023, de apoio a bandas e blocos do Carnaval 2024.","inLanguage":"pt-BR","potentialAction":[{"@type":"ReadAction","target":["https:\/\/www.manaus.am.gov.br\/semcom\/prefeitura-de-manaus-divulga-homologacao-do-resultado-final-do-edital-de-apoio-a-blocos-e-bandas\/"]}]},{"@type":"ImageObject","inLanguage":"pt-BR","@id":"https:\/\/www.manaus.am.gov.br\/semcom\/prefeitura-de-manaus-divulga-homologacao-do-resultado-final-do-edital-de-apoio-a-blocos-e-bandas\/#primaryimage","url":"https:\/\/www.manaus.am.gov.br\/semcom\/wp-content\/uploads\/sites\/5\/2024\/01\/Carnaval-de-Rua-2.jpeg","contentUrl":"https:\/\/www.manaus.am.gov.br\/semcom\/wp-content\/uploads\/sites\/5\/2024\/01\/Carnaval-de-Rua-2.jpeg","width":1600,"height":1066},{"@type":"WebSite","@id":"https:\/\/www.manaus.am.gov.br\/semcom\/#website","url":"https:\/\/www.manaus.am.gov.br\/semcom\/","name":"SEMCOM","description":"Secretaria Municipal de Comunica\u00e7\u00e3o","potentialAction":[{"@type":"SearchAction","target":{"@type":"EntryPoint","urlTemplate":"https:\/\/www.manaus.am.gov.br\/semcom\/?s={search_term_string}"},"query-input":"required name=search_term_string"}],"inLanguage":"pt-BR"},{"@type":"Person","@id":"https:\/\/www.manaus.am.gov.br\/semcom\/#\/schema\/person\/4e49f4e267757a06ca072ec61b2b9968","name":"Adriana Costa","image":{"@type":"ImageObject","inLanguage":"pt-BR","@id":"https:\/\/www.manaus.am.gov.br\/semcom\/#\/schema\/person\/image\/","url":"https:\/\/secure.gravatar.com\/avatar\/576258617ef7194f718179e766d57bd4?s=96&d=mm&r=g","contentUrl":"https:\/\/secure.gravatar.com\/avatar\/576258617ef7194f718179e766d57bd4?s=96&d=mm&r=g","caption":"Adriana Costa"}}]}},"_links":{"self":[{"href":"https:\/\/www.manaus.am.gov.br\/semcom\/wp-json\/wp\/v2\/posts\/224672"}],"collection":[{"href":"https:\/\/www.manaus.am.gov.br\/semcom\/wp-json\/wp\/v2\/posts"}],"about":[{"href":"https:\/\/www.manaus.am.gov.br\/semcom\/wp-json\/wp\/v2\/types\/post"}],"author":[{"embeddable":true,"href":"https:\/\/www.manaus.am.gov.br\/semcom\/wp-json\/wp\/v2\/users\/23"}],"replies":[{"embeddable":true,"href":"https:\/\/www.manaus.am.gov.br\/semcom\/wp-json\/wp\/v2\/comments?post=224672"}],"version-history":[{"count":0,"href":"https:\/\/www.manaus.am.gov.br\/semcom\/wp-json\/wp\/v2\/posts\/224672\/revisions"}],"wp:featuredmedia":[{"embeddable":true,"href":"https:\/\/www.manaus.am.gov.br\/semcom\/wp-json\/wp\/v2\/media\/224673"}],"wp:attachment":[{"href":"https:\/\/www.manaus.am.gov.br\/semcom\/wp-json\/wp\/v2\/media?parent=224672"}],"wp:term":[{"taxonomy":"category","embeddable":true,"href":"https:\/\/www.manaus.am.gov.br\/semcom\/wp-json\/wp\/v2\/categories?post=224672"},{"taxonomy":"post_tag","embeddable":true,"href":"https:\/\/www.manaus.am.gov.br\/semcom\/wp-json\/wp\/v2\/tags?post=224672"}],"curies":[{"name":"wp","href":"https:\/\/api.w.org\/{rel}","templated":true}]}}