{"id":224643,"date":"2024-01-24T14:55:00","date_gmt":"2024-01-24T18:55:00","guid":{"rendered":"https:\/\/www.manaus.am.gov.br\/semcom\/prefeitura-de-manaus-trabalha-na-conclusao-da-obra-do-minishopping-da-compensa\/"},"modified":"2024-01-24T16:02:02","modified_gmt":"2024-01-24T19:02:02","slug":"prefeitura-de-manaus-trabalha-na-conclusao-da-obra-do-minishopping-da-compensa","status":"publish","type":"post","link":"https:\/\/www.manaus.am.gov.br\/semcom\/prefeitura-de-manaus-trabalha-na-conclusao-da-obra-do-minishopping-da-compensa\/","title":{"rendered":"Prefeitura de Manaus trabalha na conclus\u00e3o da obra do minishopping da Compensa"},"content":{"rendered":"\n<p>A Prefeitura de Manaus, por meio da Secretaria Municipal de Agricultura, Abastecimento, Centro e Com\u00e9rcio Informal (Semacc), trabalha, em ritmo intenso, na \u00faltima etapa das obras de reforma do&nbsp;N\u00facleo de Apoio ao Cidad\u00e3o (NAC) do bairro compensa, conhecido como \u201cminishopping\u201d, que ser\u00e1 entregue ainda no primeiro trimestre deste ano.<\/p>\n\n\n\n<p>As equipes j\u00e1 conclu\u00edram a substitui\u00e7\u00e3o da rede el\u00e9trica e hidr\u00e1ulica, a reforma dos banheiros, a padroniza\u00e7\u00e3o dos boxes, piso, acessibilidade, e agora est\u00e3o trabalhando a identidade visual e ajustes finais, como arremates, entre outros. \u00a0<\/p>\n\n\n\n<p>De acordo com o titular da Semacc, Wanderson Costa, as obras nas feiras e mercados est\u00e3o intensas, pois o intuito \u00e9 entregar, no menor tempo poss\u00edvel, os espa\u00e7os que continuam em reformas e adequa\u00e7\u00f5es.<\/p>\n\n\n\n<p>\u201cAqui no minishopping Compensa, as obras foram gradativas devido ao local ter fluxo mais intenso de vendas e circula\u00e7\u00e3o de pessoas, as obras ocorrem com o espa\u00e7o funcionando normalmente. Ent\u00e3o precisamos ter cuidados redobrados e trabalhar de acordo com a necessidade do lugar, por\u00e9m as obras est\u00e3o finalizando e a popula\u00e7\u00e3o ir\u00e1 receber do prefeito David Almeida, mais um espa\u00e7o reformado, padronizado e humanizado, explicou Costa.<\/p>\n\n\n\n<figure class=\"wp-block-image size-large\"><img loading=\"lazy\" decoding=\"async\" width=\"1024\" height=\"768\" src=\"https:\/\/www.manaus.am.gov.br\/semcom\/wp-content\/uploads\/sites\/5\/2024\/01\/53484907761_7051a83e17_k-1024x768.jpg\" alt=\"\" class=\"wp-image-224644\" srcset=\"https:\/\/www.manaus.am.gov.br\/semcom\/wp-content\/uploads\/sites\/5\/2024\/01\/53484907761_7051a83e17_k-1024x768.jpg 1024w, https:\/\/www.manaus.am.gov.br\/semcom\/wp-content\/uploads\/sites\/5\/2024\/01\/53484907761_7051a83e17_k-300x225.jpg 300w, https:\/\/www.manaus.am.gov.br\/semcom\/wp-content\/uploads\/sites\/5\/2024\/01\/53484907761_7051a83e17_k-768x576.jpg 768w, https:\/\/www.manaus.am.gov.br\/semcom\/wp-content\/uploads\/sites\/5\/2024\/01\/53484907761_7051a83e17_k-1536x1152.jpg 1536w, https:\/\/www.manaus.am.gov.br\/semcom\/wp-content\/uploads\/sites\/5\/2024\/01\/53484907761_7051a83e17_k.jpg 2048w\" sizes=\"(max-width: 1024px) 100vw, 1024px\" \/><\/figure>\n\n\n\n<p>O NAC,&nbsp;o \u201cminishopping\u201d,&nbsp;localizado na avenida S\u00e3o Pedro, na Compensa, zona Oeste, foi constru\u00eddo em 1994. No local, s\u00e3o comercializados produtos de confec\u00e7\u00f5es, bijuterias, armarinho, estivas, \u00f3culos, entre outros. A \u00faltima reforma foi h\u00e1 mais de 20 anos. O local atende 83 permission\u00e1rios, gerando mais de 240 empregos diretos e 7,2 mil indiretos.<\/p>\n\n\n\n<p>Um dos propriet\u00e1rios de box mais antigo, Ronaldo Santos da Silva, propriet\u00e1rio de uma papelaria na \u00e1rea e membro da comiss\u00e3o gestora, relata que o espa\u00e7o est\u00e1 de acordo com o que todos queriam, moderno, salutar, bonito e atrativo, e que com essas melhorias cresce a expectativa em angariar mais clientes e o crescimento de vendas para gerar mais empregos na comunidade.<\/p>\n\n\n\n<p>\u201cNosso minishopping est\u00e1 lindo, limpo, e vai ser bem organizado. Gratid\u00e3o por cada trabalhador que se dedicou, agora vamos trabalhar e trazer mais clientes para comprar e frequentar nosso local, e com esse crescimento temos a esperan\u00e7a de dias melhores, inclusive gerar mais emprego e renda para a nossa comunidade\u201d, concluiu Silva.<\/p>\n\n\n\n<p>&#8212; &#8212; &#8212;<\/p>\n\n\n\n<p><strong>Texto &#8211; <\/strong>Polyana Brelaz \/ Semacc<\/p>\n\n\n\n<p><strong>Fotos &#8211; <\/strong>Gildo Smith&nbsp;\/ Semacc<\/p>\n\n\n\n<p><strong>Dispon\u00edveis em &#8211;<\/strong> <a href=\"https:\/\/flic.kr\/s\/aHBqjBbBgo\">https:\/\/flic.kr\/s\/aHBqjBbBgo<\/a><\/p>\n","protected":false},"excerpt":{"rendered":"","protected":false},"author":39,"featured_media":224645,"comment_status":"closed","ping_status":"closed","sticky":false,"template":"","format":"standard","meta":{"footnotes":""},"categories":[8],"tags":[10291,10292,77,55,10293,10294],"acf":[],"yoast_head":"<!-- This site is optimized with the Yoast SEO plugin v23.0 - https:\/\/yoast.com\/wordpress\/plugins\/seo\/ -->\n<title>Prefeitura trabalha na conclus\u00e3o da obra do minishopping<\/title>\n<meta name=\"description\" content=\"Prefeitura de Manaus trabalha na conclus\u00e3o da obra do N\u00facleo de Apoio ao Cidad\u00e3o (NAC), minishopping, da Compensa.\" \/>\n<meta name=\"robots\" content=\"index, follow, max-snippet:-1, max-image-preview:large, max-video-preview:-1\" \/>\n<link rel=\"canonical\" href=\"https:\/\/www.manaus.am.gov.br\/semcom\/prefeitura-de-manaus-trabalha-na-conclusao-da-obra-do-minishopping-da-compensa\/\" \/>\n<meta property=\"og:locale\" content=\"pt_BR\" \/>\n<meta property=\"og:type\" content=\"article\" \/>\n<meta property=\"og:title\" content=\"Prefeitura trabalha na conclus\u00e3o da obra do minishopping\" \/>\n<meta property=\"og:description\" content=\"Prefeitura de Manaus trabalha na conclus\u00e3o da obra do N\u00facleo de Apoio ao Cidad\u00e3o (NAC), minishopping, da Compensa.\" \/>\n<meta property=\"og:url\" content=\"https:\/\/www.manaus.am.gov.br\/semcom\/prefeitura-de-manaus-trabalha-na-conclusao-da-obra-do-minishopping-da-compensa\/\" \/>\n<meta property=\"og:site_name\" content=\"SEMCOM\" \/>\n<meta property=\"article:published_time\" content=\"2024-01-24T18:55:00+00:00\" \/>\n<meta property=\"article:modified_time\" content=\"2024-01-24T19:02:02+00:00\" \/>\n<meta property=\"og:image\" content=\"https:\/\/www.manaus.am.gov.br\/semcom\/wp-content\/uploads\/sites\/5\/2024\/01\/53484908216_059737765a_k.jpg\" \/>\n\t<meta property=\"og:image:width\" content=\"2048\" \/>\n\t<meta property=\"og:image:height\" content=\"1536\" \/>\n\t<meta property=\"og:image:type\" content=\"image\/jpeg\" \/>\n<meta name=\"author\" content=\"Bruna Greco\" \/>\n<meta name=\"twitter:card\" content=\"summary_large_image\" \/>\n<meta name=\"twitter:label1\" content=\"Written by\" \/>\n\t<meta name=\"twitter:data1\" content=\"Bruna Greco\" \/>\n\t<meta name=\"twitter:label2\" content=\"Est. reading time\" \/>\n\t<meta name=\"twitter:data2\" content=\"3 minutos\" \/>\n<script type=\"application\/ld+json\" class=\"yoast-schema-graph\">{\"@context\":\"https:\/\/schema.org\",\"@graph\":[{\"@type\":\"WebPage\",\"@id\":\"https:\/\/www.manaus.am.gov.br\/semcom\/prefeitura-de-manaus-trabalha-na-conclusao-da-obra-do-minishopping-da-compensa\/\",\"url\":\"https:\/\/www.manaus.am.gov.br\/semcom\/prefeitura-de-manaus-trabalha-na-conclusao-da-obra-do-minishopping-da-compensa\/\",\"name\":\"Prefeitura trabalha na conclus\u00e3o da obra do minishopping\",\"isPartOf\":{\"@id\":\"https:\/\/www.manaus.am.gov.br\/semcom\/#website\"},\"primaryImageOfPage\":{\"@id\":\"https:\/\/www.manaus.am.gov.br\/semcom\/prefeitura-de-manaus-trabalha-na-conclusao-da-obra-do-minishopping-da-compensa\/#primaryimage\"},\"image\":{\"@id\":\"https:\/\/www.manaus.am.gov.br\/semcom\/prefeitura-de-manaus-trabalha-na-conclusao-da-obra-do-minishopping-da-compensa\/#primaryimage\"},\"thumbnailUrl\":\"https:\/\/www.manaus.am.gov.br\/semcom\/wp-content\/uploads\/sites\/5\/2024\/01\/53484908216_059737765a_k.jpg\",\"datePublished\":\"2024-01-24T18:55:00+00:00\",\"dateModified\":\"2024-01-24T19:02:02+00:00\",\"author\":{\"@id\":\"https:\/\/www.manaus.am.gov.br\/semcom\/#\/schema\/person\/05d223aea2bf115f9883a6ff3683d81b\"},\"description\":\"Prefeitura de Manaus trabalha na conclus\u00e3o da obra do N\u00facleo de Apoio ao Cidad\u00e3o (NAC), minishopping, da Compensa.\",\"inLanguage\":\"pt-BR\",\"potentialAction\":[{\"@type\":\"ReadAction\",\"target\":[\"https:\/\/www.manaus.am.gov.br\/semcom\/prefeitura-de-manaus-trabalha-na-conclusao-da-obra-do-minishopping-da-compensa\/\"]}]},{\"@type\":\"ImageObject\",\"inLanguage\":\"pt-BR\",\"@id\":\"https:\/\/www.manaus.am.gov.br\/semcom\/prefeitura-de-manaus-trabalha-na-conclusao-da-obra-do-minishopping-da-compensa\/#primaryimage\",\"url\":\"https:\/\/www.manaus.am.gov.br\/semcom\/wp-content\/uploads\/sites\/5\/2024\/01\/53484908216_059737765a_k.jpg\",\"contentUrl\":\"https:\/\/www.manaus.am.gov.br\/semcom\/wp-content\/uploads\/sites\/5\/2024\/01\/53484908216_059737765a_k.jpg\",\"width\":2048,\"height\":1536,\"caption\":\"#paratodosverem - Oper\u00e1rios trabalhando na reforma do \u00faltima etapa das obras de reforma do\u00a0N\u00facleo de Apoio ao Cidad\u00e3o (NAC) da Compensa, conhecido como \\\"minishopping\\\", na zona Oeste de Manaus\"},{\"@type\":\"WebSite\",\"@id\":\"https:\/\/www.manaus.am.gov.br\/semcom\/#website\",\"url\":\"https:\/\/www.manaus.am.gov.br\/semcom\/\",\"name\":\"SEMCOM\",\"description\":\"Secretaria Municipal de Comunica\u00e7\u00e3o\",\"potentialAction\":[{\"@type\":\"SearchAction\",\"target\":{\"@type\":\"EntryPoint\",\"urlTemplate\":\"https:\/\/www.manaus.am.gov.br\/semcom\/?s={search_term_string}\"},\"query-input\":\"required name=search_term_string\"}],\"inLanguage\":\"pt-BR\"},{\"@type\":\"Person\",\"@id\":\"https:\/\/www.manaus.am.gov.br\/semcom\/#\/schema\/person\/05d223aea2bf115f9883a6ff3683d81b\",\"name\":\"Bruna Greco\",\"image\":{\"@type\":\"ImageObject\",\"inLanguage\":\"pt-BR\",\"@id\":\"https:\/\/www.manaus.am.gov.br\/semcom\/#\/schema\/person\/image\/\",\"url\":\"https:\/\/secure.gravatar.com\/avatar\/9c877d1a6adc2a055330e5c09a8653ce?s=96&d=mm&r=g\",\"contentUrl\":\"https:\/\/secure.gravatar.com\/avatar\/9c877d1a6adc2a055330e5c09a8653ce?s=96&d=mm&r=g\",\"caption\":\"Bruna Greco\"}}]}<\/script>\n<!-- \/ Yoast SEO plugin. -->","yoast_head_json":{"title":"Prefeitura trabalha na conclus\u00e3o da obra do minishopping","description":"Prefeitura de Manaus trabalha na conclus\u00e3o da obra do N\u00facleo de Apoio ao Cidad\u00e3o (NAC), minishopping, da Compensa.","robots":{"index":"index","follow":"follow","max-snippet":"max-snippet:-1","max-image-preview":"max-image-preview:large","max-video-preview":"max-video-preview:-1"},"canonical":"https:\/\/www.manaus.am.gov.br\/semcom\/prefeitura-de-manaus-trabalha-na-conclusao-da-obra-do-minishopping-da-compensa\/","og_locale":"pt_BR","og_type":"article","og_title":"Prefeitura trabalha na conclus\u00e3o da obra do minishopping","og_description":"Prefeitura de Manaus trabalha na conclus\u00e3o da obra do N\u00facleo de Apoio ao Cidad\u00e3o (NAC), minishopping, da Compensa.","og_url":"https:\/\/www.manaus.am.gov.br\/semcom\/prefeitura-de-manaus-trabalha-na-conclusao-da-obra-do-minishopping-da-compensa\/","og_site_name":"SEMCOM","article_published_time":"2024-01-24T18:55:00+00:00","article_modified_time":"2024-01-24T19:02:02+00:00","og_image":[{"width":2048,"height":1536,"url":"https:\/\/www.manaus.am.gov.br\/semcom\/wp-content\/uploads\/sites\/5\/2024\/01\/53484908216_059737765a_k.jpg","type":"image\/jpeg"}],"author":"Bruna Greco","twitter_card":"summary_large_image","twitter_misc":{"Written by":"Bruna Greco","Est. reading time":"3 minutos"},"schema":{"@context":"https:\/\/schema.org","@graph":[{"@type":"WebPage","@id":"https:\/\/www.manaus.am.gov.br\/semcom\/prefeitura-de-manaus-trabalha-na-conclusao-da-obra-do-minishopping-da-compensa\/","url":"https:\/\/www.manaus.am.gov.br\/semcom\/prefeitura-de-manaus-trabalha-na-conclusao-da-obra-do-minishopping-da-compensa\/","name":"Prefeitura trabalha na conclus\u00e3o da obra do minishopping","isPartOf":{"@id":"https:\/\/www.manaus.am.gov.br\/semcom\/#website"},"primaryImageOfPage":{"@id":"https:\/\/www.manaus.am.gov.br\/semcom\/prefeitura-de-manaus-trabalha-na-conclusao-da-obra-do-minishopping-da-compensa\/#primaryimage"},"image":{"@id":"https:\/\/www.manaus.am.gov.br\/semcom\/prefeitura-de-manaus-trabalha-na-conclusao-da-obra-do-minishopping-da-compensa\/#primaryimage"},"thumbnailUrl":"https:\/\/www.manaus.am.gov.br\/semcom\/wp-content\/uploads\/sites\/5\/2024\/01\/53484908216_059737765a_k.jpg","datePublished":"2024-01-24T18:55:00+00:00","dateModified":"2024-01-24T19:02:02+00:00","author":{"@id":"https:\/\/www.manaus.am.gov.br\/semcom\/#\/schema\/person\/05d223aea2bf115f9883a6ff3683d81b"},"description":"Prefeitura de Manaus trabalha na conclus\u00e3o da obra do N\u00facleo de Apoio ao Cidad\u00e3o (NAC), minishopping, da Compensa.","inLanguage":"pt-BR","potentialAction":[{"@type":"ReadAction","target":["https:\/\/www.manaus.am.gov.br\/semcom\/prefeitura-de-manaus-trabalha-na-conclusao-da-obra-do-minishopping-da-compensa\/"]}]},{"@type":"ImageObject","inLanguage":"pt-BR","@id":"https:\/\/www.manaus.am.gov.br\/semcom\/prefeitura-de-manaus-trabalha-na-conclusao-da-obra-do-minishopping-da-compensa\/#primaryimage","url":"https:\/\/www.manaus.am.gov.br\/semcom\/wp-content\/uploads\/sites\/5\/2024\/01\/53484908216_059737765a_k.jpg","contentUrl":"https:\/\/www.manaus.am.gov.br\/semcom\/wp-content\/uploads\/sites\/5\/2024\/01\/53484908216_059737765a_k.jpg","width":2048,"height":1536,"caption":"#paratodosverem - Oper\u00e1rios trabalhando na reforma do \u00faltima etapa das obras de reforma do\u00a0N\u00facleo de Apoio ao Cidad\u00e3o (NAC) da Compensa, conhecido como \"minishopping\", na zona Oeste de Manaus"},{"@type":"WebSite","@id":"https:\/\/www.manaus.am.gov.br\/semcom\/#website","url":"https:\/\/www.manaus.am.gov.br\/semcom\/","name":"SEMCOM","description":"Secretaria Municipal de Comunica\u00e7\u00e3o","potentialAction":[{"@type":"SearchAction","target":{"@type":"EntryPoint","urlTemplate":"https:\/\/www.manaus.am.gov.br\/semcom\/?s={search_term_string}"},"query-input":"required name=search_term_string"}],"inLanguage":"pt-BR"},{"@type":"Person","@id":"https:\/\/www.manaus.am.gov.br\/semcom\/#\/schema\/person\/05d223aea2bf115f9883a6ff3683d81b","name":"Bruna Greco","image":{"@type":"ImageObject","inLanguage":"pt-BR","@id":"https:\/\/www.manaus.am.gov.br\/semcom\/#\/schema\/person\/image\/","url":"https:\/\/secure.gravatar.com\/avatar\/9c877d1a6adc2a055330e5c09a8653ce?s=96&d=mm&r=g","contentUrl":"https:\/\/secure.gravatar.com\/avatar\/9c877d1a6adc2a055330e5c09a8653ce?s=96&d=mm&r=g","caption":"Bruna Greco"}}]}},"_links":{"self":[{"href":"https:\/\/www.manaus.am.gov.br\/semcom\/wp-json\/wp\/v2\/posts\/224643"}],"collection":[{"href":"https:\/\/www.manaus.am.gov.br\/semcom\/wp-json\/wp\/v2\/posts"}],"about":[{"href":"https:\/\/www.manaus.am.gov.br\/semcom\/wp-json\/wp\/v2\/types\/post"}],"author":[{"embeddable":true,"href":"https:\/\/www.manaus.am.gov.br\/semcom\/wp-json\/wp\/v2\/users\/39"}],"replies":[{"embeddable":true,"href":"https:\/\/www.manaus.am.gov.br\/semcom\/wp-json\/wp\/v2\/comments?post=224643"}],"version-history":[{"count":5,"href":"https:\/\/www.manaus.am.gov.br\/semcom\/wp-json\/wp\/v2\/posts\/224643\/revisions"}],"predecessor-version":[{"id":224650,"href":"https:\/\/www.manaus.am.gov.br\/semcom\/wp-json\/wp\/v2\/posts\/224643\/revisions\/224650"}],"wp:featuredmedia":[{"embeddable":true,"href":"https:\/\/www.manaus.am.gov.br\/semcom\/wp-json\/wp\/v2\/media\/224645"}],"wp:attachment":[{"href":"https:\/\/www.manaus.am.gov.br\/semcom\/wp-json\/wp\/v2\/media?parent=224643"}],"wp:term":[{"taxonomy":"category","embeddable":true,"href":"https:\/\/www.manaus.am.gov.br\/semcom\/wp-json\/wp\/v2\/categories?post=224643"},{"taxonomy":"post_tag","embeddable":true,"href":"https:\/\/www.manaus.am.gov.br\/semcom\/wp-json\/wp\/v2\/tags?post=224643"}],"curies":[{"name":"wp","href":"https:\/\/api.w.org\/{rel}","templated":true}]}}