{"id":224491,"date":"2024-01-19T15:44:34","date_gmt":"2024-01-19T18:44:34","guid":{"rendered":"https:\/\/www.manaus.am.gov.br\/semcom\/prefeitura-de-manaus-distribui-37-mil-refeicoes-por-dia-em-restaurantes-populares-e-cozinhas-comunitarias\/"},"modified":"2024-01-19T15:44:35","modified_gmt":"2024-01-19T18:44:35","slug":"prefeitura-de-manaus-distribui-37-mil-refeicoes-por-dia-em-restaurantes-populares-e-cozinhas-comunitarias","status":"publish","type":"post","link":"https:\/\/www.manaus.am.gov.br\/semcom\/prefeitura-de-manaus-distribui-37-mil-refeicoes-por-dia-em-restaurantes-populares-e-cozinhas-comunitarias\/","title":{"rendered":"Prefeitura de Manaus distribui 3,7 mil refei\u00e7\u00f5es por dia em restaurantes populares e cozinhas comunit\u00e1rias"},"content":{"rendered":"\n<p>A Prefeitura de Manaus, por meio da Secretaria Municipal da Mulher, Assist\u00eancia Social e Cidadania (Semasc), distribui, em m\u00e9dia, 3,7 mil refei\u00e7\u00f5es di\u00e1rias \u00e0 popula\u00e7\u00e3o, mantendo o compromisso com a seguran\u00e7a alimentar e combate \u00e0 fome na capital. A pasta mant\u00e9m em funcionamento seis cozinhas comunit\u00e1rias e quatro restaurantes populares, sendo dois chamados de Prato do Povo.<\/p>\n\n\n\n<p>A segunda unidade do Prato do Povo foi inaugurada em dezembro de 2023 pelo prefeito David Almeida, no bairro Jorge Teixeira, na zona Leste de Manaus, que realiza o maior n\u00famero de distribui\u00e7\u00e3o de refei\u00e7\u00f5es di\u00e1rias dentre os equipamentos desse tipo, cerca de mil. Os outros tr\u00eas restaurantes distribuem, cada, 500 refei\u00e7\u00f5es por dia, e as seis cozinhas comunit\u00e1rias, distribuem 200 refei\u00e7\u00f5es por dia cada uma.<\/p>\n\n\n\n<p>No final do ano passado, al\u00e9m de inaugurar a nova unidade do Prato do Povo, a prefeitura realizou o lan\u00e7amento do programa \u201cManaus sem Fome\u201d, que tem como meta a distribui\u00e7\u00e3o de mais de 3,5 milh\u00f5es de refei\u00e7\u00f5es, por ano, na capital. O programa prev\u00ea a inaugura\u00e7\u00e3o de novos espa\u00e7os em toda a cidade e a amplia\u00e7\u00e3o do n\u00famero de refei\u00e7\u00f5es servidas ainda no primeiro semestre de 2024.<\/p>\n\n\n\n<p>De acordo com a diretora do Departamento de Seguran\u00e7a Alimentar e Nutricional da Semasc, Julianna Diz, o trabalho realizado pela gest\u00e3o municipal ao longo dos \u00faltimos dois anos &#8211; e intensificado com o lan\u00e7amento do programa &#8211; \u00e9 essencial para avaliar, qualificar e ampliar as respostas do poder p\u00fablico manauara \u00e0 fome constatada no munic\u00edpio, principalmente ap\u00f3s o per\u00edodo pand\u00eamico.<\/p>\n\n\n\n<p>\u201cA seguran\u00e7a alimentar vai muito al\u00e9m daquilo que est\u00e1 no prato de quem come, ela garante a certeza de que fam\u00edlias inteiras em situa\u00e7\u00e3o de vulnerabilidade social ter\u00e3o a for\u00e7a necess\u00e1ria no dia a dia para trabalhar e estudar sem sentir a dor da fome. A cidade de Manaus possui um longo e antigo hist\u00f3rico de inseguran\u00e7a alimentar, ent\u00e3o combater esse problema, de forma incisiva, \u00e9 um dever, uma meta que a Prefeitura de Manaus estabeleceu para si e que est\u00e1 trabalhando para cumprir\u201d, destacou.<\/p>\n\n\n\n<p>O projeto \u201cPrato do Povo\u201d foi lan\u00e7ado em outubro de 2021 como um refor\u00e7o para enfrentar a inseguran\u00e7a alimentar na capital. Durante esse per\u00edodo, a primeira unidade j\u00e1 serviu mais de 280 mil refei\u00e7\u00f5es, a pre\u00e7o de R$ 1, atendendo, diariamente, a centenas de pessoas em situa\u00e7\u00e3o de vulnerabilidade social.<\/p>\n\n\n\n<p>Morador do bairro Jo\u00e3o Paulo, tamb\u00e9m localizado na zona Leste, Jos\u00e9 Ailton das Chagas, 59, frequenta o Prato do Povo, do bairro Jorge Teixeira, diariamente, desde a sua inaugura\u00e7\u00e3o. Segundo Jos\u00e9, o equipamento \u00e9 fundamental para que ele e outros pais de fam\u00edlia que se encontram desempregados tenham um lugar para comer ao longo do dia enquanto buscam outras oportunidades profissionais.<\/p>\n\n\n\n<p>\u201cO que o prefeito tem feito com esses espa\u00e7os \u00e9 de um valor muito grande para mim e outros pais de fam\u00edlia, at\u00e9 porque n\u00e3o est\u00e1 f\u00e1cil para ningu\u00e9m. Uma refei\u00e7\u00e3o como essa, que \u00e9 gostosa, bem-feita e gratuita, \u00e9 de uma ajuda muito grande para n\u00f3s, ent\u00e3o s\u00f3 tenho a agradecer a esse programa\u201d, afirmou.<\/p>\n\n\n\n<p>Outra freguesa do Prato do Povo \u00e9 a aposentada Socorro de Jesus Lima, 70, moradora do bairro Monte Si\u00e3o, na zona Leste, que tamb\u00e9m ressalta a import\u00e2ncia das refei\u00e7\u00f5es gratuitas, em especial, para pessoas que se encontram em situa\u00e7\u00e3o de extrema vulnerabilidade social.<\/p>\n\n\n\n<p>\u201cEu mesma costumo vir aqui por uma quest\u00e3o de praticidade, saio do m\u00e9dico e venho para c\u00e1 por ser um espa\u00e7o seguro, confort\u00e1vel e que serve uma comida de qualidade, mas sei o quanto este lugar \u00e9 importante para todos. Existem pessoas que n\u00e3o t\u00eam sequer um real no bolso, pessoas em situa\u00e7\u00e3o de rua que n\u00e3o possuem a certeza do que ir\u00e3o comer no dia e se ir\u00e3o comer algo, ent\u00e3o saber que um lugar como esse existe em nossa cidade \u00e9 maravilhoso, \u00e9 lindo\u201d, afirmou.<\/p>\n\n\n\n<p>&#8212; &#8212; &#8212;<\/p>\n\n\n\n<p><strong>Texto &#8211;\u00a0<\/strong>Guilherme Pacheco\/Semasc e Geraldo Farias\/Semcom<\/p>\n\n\n\n<p><strong>Fotos &#8211;&nbsp;<\/strong>Phil Limma\/Semcom<\/p>\n\n\n\n<p><strong>Dispon\u00edveis em<\/strong>&nbsp;&#8211; <a href=\"https:\/\/flic.kr\/s\/aHBqjBb6Az\">https:\/\/flic.kr\/s\/aHBqjBb6Az<\/a><\/p>\n\n\n\n<p><\/p>\n","protected":false},"excerpt":{"rendered":"","protected":false},"author":23,"featured_media":224492,"comment_status":"closed","ping_status":"closed","sticky":false,"template":"","format":"standard","meta":{"footnotes":""},"categories":[1291],"tags":[10237,10238,77,1507,153],"acf":[],"yoast_head":"<!-- This site is optimized with the Yoast SEO plugin v23.0 - https:\/\/yoast.com\/wordpress\/plugins\/seo\/ -->\n<title>Prefeitura de Manaus distribui 3,7 mil refei\u00e7\u00f5es por dia em restaurantes populares e cozinhas comunit\u00e1rias<\/title>\n<meta name=\"description\" content=\"A Prefeitura de Manaus, por meio da Secretaria Municipal da Mulher, Assist\u00eancia Social e Cidadania (Semasc), distribui, em m\u00e9dia, 3,7 mil refei\u00e7\u00f5es di\u00e1rias \u00e0 popula\u00e7\u00e3o, mantendo o compromisso com a seguran\u00e7a alimentar e combate \u00e0 fome na capital. A pasta mant\u00e9m em funcionamento seis cozinhas comunit\u00e1rias e quatro restaurantes populares, sendo dois chamados de Prato do Povo.\" \/>\n<meta name=\"robots\" content=\"index, follow, max-snippet:-1, max-image-preview:large, max-video-preview:-1\" \/>\n<link rel=\"canonical\" href=\"https:\/\/www.manaus.am.gov.br\/semcom\/prefeitura-de-manaus-distribui-37-mil-refeicoes-por-dia-em-restaurantes-populares-e-cozinhas-comunitarias\/\" \/>\n<meta property=\"og:locale\" content=\"pt_BR\" \/>\n<meta property=\"og:type\" content=\"article\" \/>\n<meta property=\"og:title\" content=\"Prefeitura de Manaus distribui 3,7 mil refei\u00e7\u00f5es por dia em restaurantes populares e cozinhas comunit\u00e1rias\" \/>\n<meta property=\"og:description\" content=\"A Prefeitura de Manaus, por meio da Secretaria Municipal da Mulher, Assist\u00eancia Social e Cidadania (Semasc), distribui, em m\u00e9dia, 3,7 mil refei\u00e7\u00f5es di\u00e1rias \u00e0 popula\u00e7\u00e3o, mantendo o compromisso com a seguran\u00e7a alimentar e combate \u00e0 fome na capital. A pasta mant\u00e9m em funcionamento seis cozinhas comunit\u00e1rias e quatro restaurantes populares, sendo dois chamados de Prato do Povo.\" \/>\n<meta property=\"og:url\" content=\"https:\/\/www.manaus.am.gov.br\/semcom\/prefeitura-de-manaus-distribui-37-mil-refeicoes-por-dia-em-restaurantes-populares-e-cozinhas-comunitarias\/\" \/>\n<meta property=\"og:site_name\" content=\"SEMCOM\" \/>\n<meta property=\"article:published_time\" content=\"2024-01-19T18:44:34+00:00\" \/>\n<meta property=\"article:modified_time\" content=\"2024-01-19T18:44:35+00:00\" \/>\n<meta property=\"og:image\" content=\"https:\/\/www.manaus.am.gov.br\/semcom\/wp-content\/uploads\/sites\/5\/2024\/01\/53473107777_77fe31fdf6_c.jpg\" \/>\n\t<meta property=\"og:image:width\" content=\"799\" \/>\n\t<meta property=\"og:image:height\" content=\"533\" \/>\n\t<meta property=\"og:image:type\" content=\"image\/jpeg\" \/>\n<meta name=\"author\" content=\"Adriana Costa\" \/>\n<meta name=\"twitter:card\" content=\"summary_large_image\" \/>\n<meta name=\"twitter:label1\" content=\"Written by\" \/>\n\t<meta name=\"twitter:data1\" content=\"Adriana Costa\" \/>\n\t<meta name=\"twitter:label2\" content=\"Est. reading time\" \/>\n\t<meta name=\"twitter:data2\" content=\"4 minutos\" \/>\n<script type=\"application\/ld+json\" class=\"yoast-schema-graph\">{\"@context\":\"https:\/\/schema.org\",\"@graph\":[{\"@type\":\"WebPage\",\"@id\":\"https:\/\/www.manaus.am.gov.br\/semcom\/prefeitura-de-manaus-distribui-37-mil-refeicoes-por-dia-em-restaurantes-populares-e-cozinhas-comunitarias\/\",\"url\":\"https:\/\/www.manaus.am.gov.br\/semcom\/prefeitura-de-manaus-distribui-37-mil-refeicoes-por-dia-em-restaurantes-populares-e-cozinhas-comunitarias\/\",\"name\":\"Prefeitura de Manaus distribui 3,7 mil refei\u00e7\u00f5es por dia em restaurantes populares e cozinhas comunit\u00e1rias\",\"isPartOf\":{\"@id\":\"https:\/\/www.manaus.am.gov.br\/semcom\/#website\"},\"primaryImageOfPage\":{\"@id\":\"https:\/\/www.manaus.am.gov.br\/semcom\/prefeitura-de-manaus-distribui-37-mil-refeicoes-por-dia-em-restaurantes-populares-e-cozinhas-comunitarias\/#primaryimage\"},\"image\":{\"@id\":\"https:\/\/www.manaus.am.gov.br\/semcom\/prefeitura-de-manaus-distribui-37-mil-refeicoes-por-dia-em-restaurantes-populares-e-cozinhas-comunitarias\/#primaryimage\"},\"thumbnailUrl\":\"https:\/\/www.manaus.am.gov.br\/semcom\/wp-content\/uploads\/sites\/5\/2024\/01\/53473107777_77fe31fdf6_c.jpg\",\"datePublished\":\"2024-01-19T18:44:34+00:00\",\"dateModified\":\"2024-01-19T18:44:35+00:00\",\"author\":{\"@id\":\"https:\/\/www.manaus.am.gov.br\/semcom\/#\/schema\/person\/4e49f4e267757a06ca072ec61b2b9968\"},\"description\":\"A Prefeitura de Manaus, por meio da Secretaria Municipal da Mulher, Assist\u00eancia Social e Cidadania (Semasc), distribui, em m\u00e9dia, 3,7 mil refei\u00e7\u00f5es di\u00e1rias \u00e0 popula\u00e7\u00e3o, mantendo o compromisso com a seguran\u00e7a alimentar e combate \u00e0 fome na capital. A pasta mant\u00e9m em funcionamento seis cozinhas comunit\u00e1rias e quatro restaurantes populares, sendo dois chamados de Prato do Povo.\",\"inLanguage\":\"pt-BR\",\"potentialAction\":[{\"@type\":\"ReadAction\",\"target\":[\"https:\/\/www.manaus.am.gov.br\/semcom\/prefeitura-de-manaus-distribui-37-mil-refeicoes-por-dia-em-restaurantes-populares-e-cozinhas-comunitarias\/\"]}]},{\"@type\":\"ImageObject\",\"inLanguage\":\"pt-BR\",\"@id\":\"https:\/\/www.manaus.am.gov.br\/semcom\/prefeitura-de-manaus-distribui-37-mil-refeicoes-por-dia-em-restaurantes-populares-e-cozinhas-comunitarias\/#primaryimage\",\"url\":\"https:\/\/www.manaus.am.gov.br\/semcom\/wp-content\/uploads\/sites\/5\/2024\/01\/53473107777_77fe31fdf6_c.jpg\",\"contentUrl\":\"https:\/\/www.manaus.am.gov.br\/semcom\/wp-content\/uploads\/sites\/5\/2024\/01\/53473107777_77fe31fdf6_c.jpg\",\"width\":799,\"height\":533},{\"@type\":\"WebSite\",\"@id\":\"https:\/\/www.manaus.am.gov.br\/semcom\/#website\",\"url\":\"https:\/\/www.manaus.am.gov.br\/semcom\/\",\"name\":\"SEMCOM\",\"description\":\"Secretaria Municipal de Comunica\u00e7\u00e3o\",\"potentialAction\":[{\"@type\":\"SearchAction\",\"target\":{\"@type\":\"EntryPoint\",\"urlTemplate\":\"https:\/\/www.manaus.am.gov.br\/semcom\/?s={search_term_string}\"},\"query-input\":\"required name=search_term_string\"}],\"inLanguage\":\"pt-BR\"},{\"@type\":\"Person\",\"@id\":\"https:\/\/www.manaus.am.gov.br\/semcom\/#\/schema\/person\/4e49f4e267757a06ca072ec61b2b9968\",\"name\":\"Adriana Costa\",\"image\":{\"@type\":\"ImageObject\",\"inLanguage\":\"pt-BR\",\"@id\":\"https:\/\/www.manaus.am.gov.br\/semcom\/#\/schema\/person\/image\/\",\"url\":\"https:\/\/secure.gravatar.com\/avatar\/576258617ef7194f718179e766d57bd4?s=96&d=mm&r=g\",\"contentUrl\":\"https:\/\/secure.gravatar.com\/avatar\/576258617ef7194f718179e766d57bd4?s=96&d=mm&r=g\",\"caption\":\"Adriana Costa\"}}]}<\/script>\n<!-- \/ Yoast SEO plugin. -->","yoast_head_json":{"title":"Prefeitura de Manaus distribui 3,7 mil refei\u00e7\u00f5es por dia em restaurantes populares e cozinhas comunit\u00e1rias","description":"A Prefeitura de Manaus, por meio da Secretaria Municipal da Mulher, Assist\u00eancia Social e Cidadania (Semasc), distribui, em m\u00e9dia, 3,7 mil refei\u00e7\u00f5es di\u00e1rias \u00e0 popula\u00e7\u00e3o, mantendo o compromisso com a seguran\u00e7a alimentar e combate \u00e0 fome na capital. A pasta mant\u00e9m em funcionamento seis cozinhas comunit\u00e1rias e quatro restaurantes populares, sendo dois chamados de Prato do Povo.","robots":{"index":"index","follow":"follow","max-snippet":"max-snippet:-1","max-image-preview":"max-image-preview:large","max-video-preview":"max-video-preview:-1"},"canonical":"https:\/\/www.manaus.am.gov.br\/semcom\/prefeitura-de-manaus-distribui-37-mil-refeicoes-por-dia-em-restaurantes-populares-e-cozinhas-comunitarias\/","og_locale":"pt_BR","og_type":"article","og_title":"Prefeitura de Manaus distribui 3,7 mil refei\u00e7\u00f5es por dia em restaurantes populares e cozinhas comunit\u00e1rias","og_description":"A Prefeitura de Manaus, por meio da Secretaria Municipal da Mulher, Assist\u00eancia Social e Cidadania (Semasc), distribui, em m\u00e9dia, 3,7 mil refei\u00e7\u00f5es di\u00e1rias \u00e0 popula\u00e7\u00e3o, mantendo o compromisso com a seguran\u00e7a alimentar e combate \u00e0 fome na capital. A pasta mant\u00e9m em funcionamento seis cozinhas comunit\u00e1rias e quatro restaurantes populares, sendo dois chamados de Prato do Povo.","og_url":"https:\/\/www.manaus.am.gov.br\/semcom\/prefeitura-de-manaus-distribui-37-mil-refeicoes-por-dia-em-restaurantes-populares-e-cozinhas-comunitarias\/","og_site_name":"SEMCOM","article_published_time":"2024-01-19T18:44:34+00:00","article_modified_time":"2024-01-19T18:44:35+00:00","og_image":[{"width":799,"height":533,"url":"https:\/\/www.manaus.am.gov.br\/semcom\/wp-content\/uploads\/sites\/5\/2024\/01\/53473107777_77fe31fdf6_c.jpg","type":"image\/jpeg"}],"author":"Adriana Costa","twitter_card":"summary_large_image","twitter_misc":{"Written by":"Adriana Costa","Est. reading time":"4 minutos"},"schema":{"@context":"https:\/\/schema.org","@graph":[{"@type":"WebPage","@id":"https:\/\/www.manaus.am.gov.br\/semcom\/prefeitura-de-manaus-distribui-37-mil-refeicoes-por-dia-em-restaurantes-populares-e-cozinhas-comunitarias\/","url":"https:\/\/www.manaus.am.gov.br\/semcom\/prefeitura-de-manaus-distribui-37-mil-refeicoes-por-dia-em-restaurantes-populares-e-cozinhas-comunitarias\/","name":"Prefeitura de Manaus distribui 3,7 mil refei\u00e7\u00f5es por dia em restaurantes populares e cozinhas comunit\u00e1rias","isPartOf":{"@id":"https:\/\/www.manaus.am.gov.br\/semcom\/#website"},"primaryImageOfPage":{"@id":"https:\/\/www.manaus.am.gov.br\/semcom\/prefeitura-de-manaus-distribui-37-mil-refeicoes-por-dia-em-restaurantes-populares-e-cozinhas-comunitarias\/#primaryimage"},"image":{"@id":"https:\/\/www.manaus.am.gov.br\/semcom\/prefeitura-de-manaus-distribui-37-mil-refeicoes-por-dia-em-restaurantes-populares-e-cozinhas-comunitarias\/#primaryimage"},"thumbnailUrl":"https:\/\/www.manaus.am.gov.br\/semcom\/wp-content\/uploads\/sites\/5\/2024\/01\/53473107777_77fe31fdf6_c.jpg","datePublished":"2024-01-19T18:44:34+00:00","dateModified":"2024-01-19T18:44:35+00:00","author":{"@id":"https:\/\/www.manaus.am.gov.br\/semcom\/#\/schema\/person\/4e49f4e267757a06ca072ec61b2b9968"},"description":"A Prefeitura de Manaus, por meio da Secretaria Municipal da Mulher, Assist\u00eancia Social e Cidadania (Semasc), distribui, em m\u00e9dia, 3,7 mil refei\u00e7\u00f5es di\u00e1rias \u00e0 popula\u00e7\u00e3o, mantendo o compromisso com a seguran\u00e7a alimentar e combate \u00e0 fome na capital. A pasta mant\u00e9m em funcionamento seis cozinhas comunit\u00e1rias e quatro restaurantes populares, sendo dois chamados de Prato do Povo.","inLanguage":"pt-BR","potentialAction":[{"@type":"ReadAction","target":["https:\/\/www.manaus.am.gov.br\/semcom\/prefeitura-de-manaus-distribui-37-mil-refeicoes-por-dia-em-restaurantes-populares-e-cozinhas-comunitarias\/"]}]},{"@type":"ImageObject","inLanguage":"pt-BR","@id":"https:\/\/www.manaus.am.gov.br\/semcom\/prefeitura-de-manaus-distribui-37-mil-refeicoes-por-dia-em-restaurantes-populares-e-cozinhas-comunitarias\/#primaryimage","url":"https:\/\/www.manaus.am.gov.br\/semcom\/wp-content\/uploads\/sites\/5\/2024\/01\/53473107777_77fe31fdf6_c.jpg","contentUrl":"https:\/\/www.manaus.am.gov.br\/semcom\/wp-content\/uploads\/sites\/5\/2024\/01\/53473107777_77fe31fdf6_c.jpg","width":799,"height":533},{"@type":"WebSite","@id":"https:\/\/www.manaus.am.gov.br\/semcom\/#website","url":"https:\/\/www.manaus.am.gov.br\/semcom\/","name":"SEMCOM","description":"Secretaria Municipal de Comunica\u00e7\u00e3o","potentialAction":[{"@type":"SearchAction","target":{"@type":"EntryPoint","urlTemplate":"https:\/\/www.manaus.am.gov.br\/semcom\/?s={search_term_string}"},"query-input":"required name=search_term_string"}],"inLanguage":"pt-BR"},{"@type":"Person","@id":"https:\/\/www.manaus.am.gov.br\/semcom\/#\/schema\/person\/4e49f4e267757a06ca072ec61b2b9968","name":"Adriana Costa","image":{"@type":"ImageObject","inLanguage":"pt-BR","@id":"https:\/\/www.manaus.am.gov.br\/semcom\/#\/schema\/person\/image\/","url":"https:\/\/secure.gravatar.com\/avatar\/576258617ef7194f718179e766d57bd4?s=96&d=mm&r=g","contentUrl":"https:\/\/secure.gravatar.com\/avatar\/576258617ef7194f718179e766d57bd4?s=96&d=mm&r=g","caption":"Adriana Costa"}}]}},"_links":{"self":[{"href":"https:\/\/www.manaus.am.gov.br\/semcom\/wp-json\/wp\/v2\/posts\/224491"}],"collection":[{"href":"https:\/\/www.manaus.am.gov.br\/semcom\/wp-json\/wp\/v2\/posts"}],"about":[{"href":"https:\/\/www.manaus.am.gov.br\/semcom\/wp-json\/wp\/v2\/types\/post"}],"author":[{"embeddable":true,"href":"https:\/\/www.manaus.am.gov.br\/semcom\/wp-json\/wp\/v2\/users\/23"}],"replies":[{"embeddable":true,"href":"https:\/\/www.manaus.am.gov.br\/semcom\/wp-json\/wp\/v2\/comments?post=224491"}],"version-history":[{"count":0,"href":"https:\/\/www.manaus.am.gov.br\/semcom\/wp-json\/wp\/v2\/posts\/224491\/revisions"}],"wp:featuredmedia":[{"embeddable":true,"href":"https:\/\/www.manaus.am.gov.br\/semcom\/wp-json\/wp\/v2\/media\/224492"}],"wp:attachment":[{"href":"https:\/\/www.manaus.am.gov.br\/semcom\/wp-json\/wp\/v2\/media?parent=224491"}],"wp:term":[{"taxonomy":"category","embeddable":true,"href":"https:\/\/www.manaus.am.gov.br\/semcom\/wp-json\/wp\/v2\/categories?post=224491"},{"taxonomy":"post_tag","embeddable":true,"href":"https:\/\/www.manaus.am.gov.br\/semcom\/wp-json\/wp\/v2\/tags?post=224491"}],"curies":[{"name":"wp","href":"https:\/\/api.w.org\/{rel}","templated":true}]}}