{"id":224423,"date":"2022-09-23T13:40:33","date_gmt":"2022-09-23T17:40:33","guid":{"rendered":"https:\/\/www.manaus.am.gov.br\/semcom\/prefeitura-de-manaus-recebe-comitiva-da-agencia-nacional-de-aguas\/"},"modified":"2022-09-23T13:40:33","modified_gmt":"2022-09-23T17:40:33","slug":"prefeitura-de-manaus-recebe-comitiva-da-agencia-nacional-de-aguas","status":"publish","type":"post","link":"https:\/\/www.manaus.am.gov.br\/semcom\/prefeitura-de-manaus-recebe-comitiva-da-agencia-nacional-de-aguas\/","title":{"rendered":"Prefeitura de Manaus recebe comitiva da Ag\u00eancia Nacional de \u00c1guas"},"content":{"rendered":"\n<p>Representantes da Ag\u00eancia Reguladora dos Servi\u00e7os P\u00fablicos Delegados do Munic\u00edpio de Manaus (Ageman), da Secretaria Municipal de Meio Ambiente e Sustentabilidade (Semmas) e do Conselho Municipal de Gest\u00e3o Estrat\u00e9gica (CMGE) recepcionaram, no final da tarde desta quinta-feira, 22\/9, uma comitiva de diretores e assessores da Ag\u00eancia Nacional de \u00c1guas e Saneamento B\u00e1sico (ANA), na sede da Ageman, na zona Centro-Sul da cidade.<\/p>\n\n\n\n<figure class=\"wp-block-image\"><img loading=\"lazy\" decoding=\"async\" width=\"2048\" height=\"1365\" src=\"https:\/\/www.manaus.am.gov.br\/semcom\/wp-content\/uploads\/sites\/5\/2024\/01\/52377800709_c13138a8ab_k.jpg\" alt=\"\" class=\"wp-image-224424\" srcset=\"https:\/\/www.manaus.am.gov.br\/semcom\/wp-content\/uploads\/sites\/5\/2024\/01\/52377800709_c13138a8ab_k.jpg 2048w, https:\/\/www.manaus.am.gov.br\/semcom\/wp-content\/uploads\/sites\/5\/2024\/01\/52377800709_c13138a8ab_k-300x200.jpg 300w, https:\/\/www.manaus.am.gov.br\/semcom\/wp-content\/uploads\/sites\/5\/2024\/01\/52377800709_c13138a8ab_k-1024x683.jpg 1024w, https:\/\/www.manaus.am.gov.br\/semcom\/wp-content\/uploads\/sites\/5\/2024\/01\/52377800709_c13138a8ab_k-768x512.jpg 768w, https:\/\/www.manaus.am.gov.br\/semcom\/wp-content\/uploads\/sites\/5\/2024\/01\/52377800709_c13138a8ab_k-1536x1024.jpg 1536w\" sizes=\"(max-width: 2048px) 100vw, 2048px\" \/><\/figure>\n\n\n\n<p>Durante a visita, os representantes da prefeitura destacaram as pol\u00edticas p\u00fablicas municipais em implementa\u00e7\u00e3o no \u00e2mbito do saneamento b\u00e1sico, incluindo o abastecimento de \u00e1gua e o esgotamento sanit\u00e1rio, como tamb\u00e9m as a\u00e7\u00f5es de educa\u00e7\u00e3o ambiental, de conserva\u00e7\u00e3o dos recursos naturais, despolui\u00e7\u00e3o dos principais igarap\u00e9s da capital e a revis\u00e3o do Plano Municipal de Saneamento B\u00e1sico.<\/p>\n\n\n\n<p>\u201cMuito importante essa visita da Ag\u00eancia Reguladora Federal, pois eles est\u00e3o tendo a oportunidade de ver&nbsp;<em>in loco<\/em>&nbsp;as peculiaridades da nossa capital. Manaus tem avan\u00e7ado, substancialmente, no saneamento b\u00e1sico, conforme as diretrizes do prefeito David Almeida. Os desafios s\u00e3o muitos, sobretudo com a expans\u00e3o gradual do munic\u00edpio, e os investimentos precisam acompanhar esse crescimento, por tudo isso estamos todos trabalhando juntos para promover sa\u00fade e qualidade de vida para a nossa popula\u00e7\u00e3o, por meio de uma melhor oferta dos servi\u00e7os regulados\u201d, afirmou o diretor-presidente da Ageman, Elson Andrade.<\/p>\n\n\n\n<p>Para o secret\u00e1rio municipal de Meio Ambiente e Sustentabilidade, Ant\u00f4nio Stroski, a visita foi positiva, pois proporcionou ao corpo t\u00e9cnico e gestores da prefeitura, a oportunidade de dialogar e atualizar o conhecimento em torno das quest\u00f5es que envolvem o abastecimento de \u00e1gua, o esgotamento sanit\u00e1rio, os res\u00edduos s\u00f3lidos e o meio ambiente.<\/p>\n\n\n\n<p>\u201cFoi bastante oportuna a visita da ANA, justamente nesse momento em que estamos tratando com o Conselho de Gest\u00e3o Estrat\u00e9gica da revis\u00e3o e atualiza\u00e7\u00e3o do nosso Plano Municipal de Saneamento, sobretudo em decorr\u00eancia da Lei do Novo Marco Regulat\u00f3rio e, com isso, possamos superar nossos problemas na quest\u00e3o da \u00e1gua, do esgoto, da drenagem e dos res\u00edduos\u201d, afirmou Stroski.<\/p>\n\n\n\n<p>Al\u00e9m de Strosky e Elson, participaram tamb\u00e9m da reuni\u00e3o o vice-presidente do CMGE, Alessandro Moreira, e o secret\u00e1rio Alessandro Ribeiro.<\/p>\n\n\n\n<p>Moreira fez quest\u00e3o de destacar que a atua\u00e7\u00e3o da Ageman ser\u00e1 essencial para a implementa\u00e7\u00e3o do Plano Municipal de Saneamento, visto que novos servi\u00e7os e novas atribui\u00e7\u00f5es ser\u00e3o agregadas \u00e0 ag\u00eancia reguladora municipal.<\/p>\n\n\n\n<p>Outro ponto importante abordado durante a reuni\u00e3o foi a amplia\u00e7\u00e3o da Tarifa Social Manauara de \u00e1gua que atende a 20% dos usu\u00e1rios cadastrados junto \u00e0 concession\u00e1ria \u00c1guas de Manaus, pouco mais de 100 mil fam\u00edlias.<\/p>\n\n\n\n<p>A superintendente de Regula\u00e7\u00e3o Econ\u00f4mica da ANA, C\u00edntia Ara\u00fajo, considerou o percentual expressivo e refor\u00e7ou a necessidade das classes com maior poder aquisitivo, como \u00e9 o caso do setor industrial, ampliar sua ades\u00e3o junto aos servi\u00e7os ofertados pela concession\u00e1ria, bem como os usu\u00e1rios beneficiados com o esgotamento sanit\u00e1rio por meio da disponibilidade da rede de esgoto e que precisam estar conectados. \u201cSe n\u00e3o houver isso, n\u00e3o adianta fazer investimento\u201d, disse.<\/p>\n\n\n\n<p>O diretor da ANA, Maur\u00edcio Abijaodi, afirmou que o \u00f3rg\u00e3o regulador est\u00e1 comprometido em oferecer todas as condi\u00e7\u00f5es t\u00e9cnicas para auxiliar as ag\u00eancias reguladoras e gestores p\u00fablicos no avan\u00e7o do saneamento b\u00e1sico, melhorando a sa\u00fade p\u00fablica da popula\u00e7\u00e3o. \u201cEstamos vindo para Manaus justamente com essa preocupa\u00e7\u00e3o, para alinhar expectativas no sentido da busca por entendimento com Tribunal de Contas, por exemplo, no tocante \u00e0s pol\u00edticas p\u00fablicas que os gestores estar\u00e3o realizando em prol do saneamento\u201d, afirmou.<\/p>\n\n\n\n<p>Al\u00e9m dos gestores da Ageman, Semmas e CGE, participaram tamb\u00e9m da reuni\u00e3o, os diretores das \u00e1reas t\u00e9cnicas da Ag\u00eancia Reguladora Municipal, Suzy Tavares, de Concess\u00e3o, Obras e Saneamento, Amiraldo Braga, de Administra\u00e7\u00e3o e Finan\u00e7as, respondendo tamb\u00e9m pela Gest\u00e3o Tarif\u00e1ria e Sissy Corr\u00eaa Santos, do Departamento de Regula\u00e7\u00e3o e que tem assessorado a presid\u00eancia nos assuntos referentes aos res\u00edduos s\u00f3lidos.<\/p>\n\n\n\n<p>Nesta sexta-feira, a comitiva est\u00e1 acompanhando as opera\u00e7\u00f5es da concession\u00e1ria \u00c1guas de Manaus nas zonas Sul, Norte e Leste de Manaus, a fim de verificar como a Tarifa Social Manauara est\u00e1 beneficiando fam\u00edlias em vulnerabilidade social.<\/p>\n\n\n\n<p>Atualmente, a cidade de Manaus tem uma cobertura de abastecimento de \u00e1gua tratada de mais de 98% e a de esgoto est\u00e1 em 26%.<\/p>\n\n\n\n<p>&#8212; &#8212; &#8212;<\/p>\n\n\n\n<p><strong>Texto &#8211;\u00a0<\/strong>Tereza Te\u00f3filo\/Ageman<br><strong>Fotos &#8211;\u00a0<\/strong>Ant\u00f4nio Pereira\/Semcom<br><strong>Dispon\u00edveis em &#8211;\u00a0<\/strong><a data-saferedirecturl=\"https:\/\/www.google.com\/url?q=https:\/\/flic.kr\/s\/aHBqjA8fHQ&amp;source=gmail&amp;ust=1664040869365000&amp;usg=AOvVaw0MDPruuMMrH1iyrbkkXcwh\" href=\"https:\/\/flic.kr\/s\/aHBqjA8fHQ\">https:\/\/flic.kr\/s\/aHBqjA8fHQ<\/a><\/p>\n","protected":false},"excerpt":{"rendered":"","protected":false},"author":23,"featured_media":224424,"comment_status":"closed","ping_status":"closed","sticky":false,"template":"","format":"standard","meta":{"footnotes":""},"categories":[338],"tags":[215,10204,611],"acf":[],"yoast_head":"<!-- This site is optimized with the Yoast SEO plugin v23.0 - https:\/\/yoast.com\/wordpress\/plugins\/seo\/ -->\n<title>Prefeitura de Manaus recebe comitiva da Ag\u00eancia Nacional de \u00c1guas - SEMCOM<\/title>\n<meta name=\"robots\" content=\"index, follow, max-snippet:-1, max-image-preview:large, max-video-preview:-1\" \/>\n<link rel=\"canonical\" href=\"https:\/\/www.manaus.am.gov.br\/semcom\/prefeitura-de-manaus-recebe-comitiva-da-agencia-nacional-de-aguas\/\" \/>\n<meta property=\"og:locale\" content=\"pt_BR\" \/>\n<meta property=\"og:type\" content=\"article\" \/>\n<meta property=\"og:title\" content=\"Prefeitura de Manaus recebe comitiva da Ag\u00eancia Nacional de \u00c1guas - SEMCOM\" \/>\n<meta property=\"og:url\" content=\"https:\/\/www.manaus.am.gov.br\/semcom\/prefeitura-de-manaus-recebe-comitiva-da-agencia-nacional-de-aguas\/\" \/>\n<meta property=\"og:site_name\" content=\"SEMCOM\" \/>\n<meta property=\"article:published_time\" content=\"2022-09-23T17:40:33+00:00\" \/>\n<meta property=\"og:image\" content=\"https:\/\/www.manaus.am.gov.br\/semcom\/wp-content\/uploads\/sites\/5\/2024\/01\/52377800709_c13138a8ab_k.jpg\" \/>\n\t<meta property=\"og:image:width\" content=\"2048\" \/>\n\t<meta property=\"og:image:height\" content=\"1365\" \/>\n\t<meta property=\"og:image:type\" content=\"image\/jpeg\" \/>\n<meta name=\"author\" content=\"Adriana Costa\" \/>\n<meta name=\"twitter:card\" content=\"summary_large_image\" \/>\n<meta name=\"twitter:label1\" content=\"Written by\" \/>\n\t<meta name=\"twitter:data1\" content=\"Adriana Costa\" \/>\n\t<meta name=\"twitter:label2\" content=\"Est. reading time\" \/>\n\t<meta name=\"twitter:data2\" content=\"4 minutos\" \/>\n<script type=\"application\/ld+json\" class=\"yoast-schema-graph\">{\"@context\":\"https:\/\/schema.org\",\"@graph\":[{\"@type\":\"WebPage\",\"@id\":\"https:\/\/www.manaus.am.gov.br\/semcom\/prefeitura-de-manaus-recebe-comitiva-da-agencia-nacional-de-aguas\/\",\"url\":\"https:\/\/www.manaus.am.gov.br\/semcom\/prefeitura-de-manaus-recebe-comitiva-da-agencia-nacional-de-aguas\/\",\"name\":\"Prefeitura de Manaus recebe comitiva da Ag\u00eancia Nacional de \u00c1guas - SEMCOM\",\"isPartOf\":{\"@id\":\"https:\/\/www.manaus.am.gov.br\/semcom\/#website\"},\"primaryImageOfPage\":{\"@id\":\"https:\/\/www.manaus.am.gov.br\/semcom\/prefeitura-de-manaus-recebe-comitiva-da-agencia-nacional-de-aguas\/#primaryimage\"},\"image\":{\"@id\":\"https:\/\/www.manaus.am.gov.br\/semcom\/prefeitura-de-manaus-recebe-comitiva-da-agencia-nacional-de-aguas\/#primaryimage\"},\"thumbnailUrl\":\"https:\/\/www.manaus.am.gov.br\/semcom\/wp-content\/uploads\/sites\/5\/2024\/01\/52377800709_c13138a8ab_k.jpg\",\"datePublished\":\"2022-09-23T17:40:33+00:00\",\"dateModified\":\"2022-09-23T17:40:33+00:00\",\"author\":{\"@id\":\"https:\/\/www.manaus.am.gov.br\/semcom\/#\/schema\/person\/4e49f4e267757a06ca072ec61b2b9968\"},\"inLanguage\":\"pt-BR\",\"potentialAction\":[{\"@type\":\"ReadAction\",\"target\":[\"https:\/\/www.manaus.am.gov.br\/semcom\/prefeitura-de-manaus-recebe-comitiva-da-agencia-nacional-de-aguas\/\"]}]},{\"@type\":\"ImageObject\",\"inLanguage\":\"pt-BR\",\"@id\":\"https:\/\/www.manaus.am.gov.br\/semcom\/prefeitura-de-manaus-recebe-comitiva-da-agencia-nacional-de-aguas\/#primaryimage\",\"url\":\"https:\/\/www.manaus.am.gov.br\/semcom\/wp-content\/uploads\/sites\/5\/2024\/01\/52377800709_c13138a8ab_k.jpg\",\"contentUrl\":\"https:\/\/www.manaus.am.gov.br\/semcom\/wp-content\/uploads\/sites\/5\/2024\/01\/52377800709_c13138a8ab_k.jpg\",\"width\":2048,\"height\":1365},{\"@type\":\"WebSite\",\"@id\":\"https:\/\/www.manaus.am.gov.br\/semcom\/#website\",\"url\":\"https:\/\/www.manaus.am.gov.br\/semcom\/\",\"name\":\"SEMCOM\",\"description\":\"Secretaria Municipal de Comunica\u00e7\u00e3o\",\"potentialAction\":[{\"@type\":\"SearchAction\",\"target\":{\"@type\":\"EntryPoint\",\"urlTemplate\":\"https:\/\/www.manaus.am.gov.br\/semcom\/?s={search_term_string}\"},\"query-input\":\"required name=search_term_string\"}],\"inLanguage\":\"pt-BR\"},{\"@type\":\"Person\",\"@id\":\"https:\/\/www.manaus.am.gov.br\/semcom\/#\/schema\/person\/4e49f4e267757a06ca072ec61b2b9968\",\"name\":\"Adriana Costa\",\"image\":{\"@type\":\"ImageObject\",\"inLanguage\":\"pt-BR\",\"@id\":\"https:\/\/www.manaus.am.gov.br\/semcom\/#\/schema\/person\/image\/\",\"url\":\"https:\/\/secure.gravatar.com\/avatar\/576258617ef7194f718179e766d57bd4?s=96&d=mm&r=g\",\"contentUrl\":\"https:\/\/secure.gravatar.com\/avatar\/576258617ef7194f718179e766d57bd4?s=96&d=mm&r=g\",\"caption\":\"Adriana Costa\"}}]}<\/script>\n<!-- \/ Yoast SEO plugin. -->","yoast_head_json":{"title":"Prefeitura de Manaus recebe comitiva da Ag\u00eancia Nacional de \u00c1guas - SEMCOM","robots":{"index":"index","follow":"follow","max-snippet":"max-snippet:-1","max-image-preview":"max-image-preview:large","max-video-preview":"max-video-preview:-1"},"canonical":"https:\/\/www.manaus.am.gov.br\/semcom\/prefeitura-de-manaus-recebe-comitiva-da-agencia-nacional-de-aguas\/","og_locale":"pt_BR","og_type":"article","og_title":"Prefeitura de Manaus recebe comitiva da Ag\u00eancia Nacional de \u00c1guas - SEMCOM","og_url":"https:\/\/www.manaus.am.gov.br\/semcom\/prefeitura-de-manaus-recebe-comitiva-da-agencia-nacional-de-aguas\/","og_site_name":"SEMCOM","article_published_time":"2022-09-23T17:40:33+00:00","og_image":[{"width":2048,"height":1365,"url":"https:\/\/www.manaus.am.gov.br\/semcom\/wp-content\/uploads\/sites\/5\/2024\/01\/52377800709_c13138a8ab_k.jpg","type":"image\/jpeg"}],"author":"Adriana Costa","twitter_card":"summary_large_image","twitter_misc":{"Written by":"Adriana Costa","Est. reading time":"4 minutos"},"schema":{"@context":"https:\/\/schema.org","@graph":[{"@type":"WebPage","@id":"https:\/\/www.manaus.am.gov.br\/semcom\/prefeitura-de-manaus-recebe-comitiva-da-agencia-nacional-de-aguas\/","url":"https:\/\/www.manaus.am.gov.br\/semcom\/prefeitura-de-manaus-recebe-comitiva-da-agencia-nacional-de-aguas\/","name":"Prefeitura de Manaus recebe comitiva da Ag\u00eancia Nacional de \u00c1guas - SEMCOM","isPartOf":{"@id":"https:\/\/www.manaus.am.gov.br\/semcom\/#website"},"primaryImageOfPage":{"@id":"https:\/\/www.manaus.am.gov.br\/semcom\/prefeitura-de-manaus-recebe-comitiva-da-agencia-nacional-de-aguas\/#primaryimage"},"image":{"@id":"https:\/\/www.manaus.am.gov.br\/semcom\/prefeitura-de-manaus-recebe-comitiva-da-agencia-nacional-de-aguas\/#primaryimage"},"thumbnailUrl":"https:\/\/www.manaus.am.gov.br\/semcom\/wp-content\/uploads\/sites\/5\/2024\/01\/52377800709_c13138a8ab_k.jpg","datePublished":"2022-09-23T17:40:33+00:00","dateModified":"2022-09-23T17:40:33+00:00","author":{"@id":"https:\/\/www.manaus.am.gov.br\/semcom\/#\/schema\/person\/4e49f4e267757a06ca072ec61b2b9968"},"inLanguage":"pt-BR","potentialAction":[{"@type":"ReadAction","target":["https:\/\/www.manaus.am.gov.br\/semcom\/prefeitura-de-manaus-recebe-comitiva-da-agencia-nacional-de-aguas\/"]}]},{"@type":"ImageObject","inLanguage":"pt-BR","@id":"https:\/\/www.manaus.am.gov.br\/semcom\/prefeitura-de-manaus-recebe-comitiva-da-agencia-nacional-de-aguas\/#primaryimage","url":"https:\/\/www.manaus.am.gov.br\/semcom\/wp-content\/uploads\/sites\/5\/2024\/01\/52377800709_c13138a8ab_k.jpg","contentUrl":"https:\/\/www.manaus.am.gov.br\/semcom\/wp-content\/uploads\/sites\/5\/2024\/01\/52377800709_c13138a8ab_k.jpg","width":2048,"height":1365},{"@type":"WebSite","@id":"https:\/\/www.manaus.am.gov.br\/semcom\/#website","url":"https:\/\/www.manaus.am.gov.br\/semcom\/","name":"SEMCOM","description":"Secretaria Municipal de Comunica\u00e7\u00e3o","potentialAction":[{"@type":"SearchAction","target":{"@type":"EntryPoint","urlTemplate":"https:\/\/www.manaus.am.gov.br\/semcom\/?s={search_term_string}"},"query-input":"required name=search_term_string"}],"inLanguage":"pt-BR"},{"@type":"Person","@id":"https:\/\/www.manaus.am.gov.br\/semcom\/#\/schema\/person\/4e49f4e267757a06ca072ec61b2b9968","name":"Adriana Costa","image":{"@type":"ImageObject","inLanguage":"pt-BR","@id":"https:\/\/www.manaus.am.gov.br\/semcom\/#\/schema\/person\/image\/","url":"https:\/\/secure.gravatar.com\/avatar\/576258617ef7194f718179e766d57bd4?s=96&d=mm&r=g","contentUrl":"https:\/\/secure.gravatar.com\/avatar\/576258617ef7194f718179e766d57bd4?s=96&d=mm&r=g","caption":"Adriana Costa"}}]}},"_links":{"self":[{"href":"https:\/\/www.manaus.am.gov.br\/semcom\/wp-json\/wp\/v2\/posts\/224423"}],"collection":[{"href":"https:\/\/www.manaus.am.gov.br\/semcom\/wp-json\/wp\/v2\/posts"}],"about":[{"href":"https:\/\/www.manaus.am.gov.br\/semcom\/wp-json\/wp\/v2\/types\/post"}],"author":[{"embeddable":true,"href":"https:\/\/www.manaus.am.gov.br\/semcom\/wp-json\/wp\/v2\/users\/23"}],"replies":[{"embeddable":true,"href":"https:\/\/www.manaus.am.gov.br\/semcom\/wp-json\/wp\/v2\/comments?post=224423"}],"version-history":[{"count":1,"href":"https:\/\/www.manaus.am.gov.br\/semcom\/wp-json\/wp\/v2\/posts\/224423\/revisions"}],"predecessor-version":[{"id":224425,"href":"https:\/\/www.manaus.am.gov.br\/semcom\/wp-json\/wp\/v2\/posts\/224423\/revisions\/224425"}],"wp:featuredmedia":[{"embeddable":true,"href":"https:\/\/www.manaus.am.gov.br\/semcom\/wp-json\/wp\/v2\/media\/224424"}],"wp:attachment":[{"href":"https:\/\/www.manaus.am.gov.br\/semcom\/wp-json\/wp\/v2\/media?parent=224423"}],"wp:term":[{"taxonomy":"category","embeddable":true,"href":"https:\/\/www.manaus.am.gov.br\/semcom\/wp-json\/wp\/v2\/categories?post=224423"},{"taxonomy":"post_tag","embeddable":true,"href":"https:\/\/www.manaus.am.gov.br\/semcom\/wp-json\/wp\/v2\/tags?post=224423"}],"curies":[{"name":"wp","href":"https:\/\/api.w.org\/{rel}","templated":true}]}}