{"id":224354,"date":"2022-11-30T20:11:00","date_gmt":"2022-11-30T23:11:00","guid":{"rendered":"https:\/\/www.manaus.am.gov.br\/semcom\/projeto-mirante-e-largo-da-ilha-de-sao-vicente-da-prefeitura-de-manaus-entra-na-fase-de-licenciamento-com-ipaam\/"},"modified":"2024-01-16T18:03:53","modified_gmt":"2024-01-16T21:03:53","slug":"projeto-mirante-e-largo-da-ilha-de-sao-vicente-da-prefeitura-de-manaus-entra-na-fase-de-licenciamento-com-ipaam","status":"publish","type":"post","link":"https:\/\/www.manaus.am.gov.br\/semcom\/projeto-mirante-e-largo-da-ilha-de-sao-vicente-da-prefeitura-de-manaus-entra-na-fase-de-licenciamento-com-ipaam\/","title":{"rendered":"Projeto Mirante e Largo da Ilha de S\u00e3o Vicente da Prefeitura de Manaus entra na fase de licenciamento com Ipaam"},"content":{"rendered":"\n<p>Com projeto de reuso e reabilita\u00e7\u00e3o que prev\u00ea a transforma\u00e7\u00e3o de um pr\u00e9dio abandonado em uma \u00e1rea de lazer vertical in\u00e9dita na capital, a Prefeitura de Manaus segue consolidando os projetos de requalifica\u00e7\u00e3o para o programa \u201cNosso Centro\u201d, que faz parte da gest\u00e3o do prefeito David Almeida.<\/p>\n\n\n\n<p>O Mirante e Largo da Ilha de S\u00e3o Vicente, no Centro Hist\u00f3rico de Manaus, est\u00e3o na fase de licenciamento junto ao Instituto de Prote\u00e7\u00e3o Ambiental do Amazonas (Ipaam) para aprova\u00e7\u00e3o do projeto de reuso do im\u00f3vel localizado na avenida 7 de Setembro, n\u00ba 50, com \u00e1rea de 1.894 metros quadrados, na antiga sede da Companhia Energ\u00e9tica do Amazonas (Ceam).<\/p>\n\n\n\n<p>O edif\u00edcio que ter\u00e1 uso de entretenimento, lazer, contempla\u00e7\u00e3o e neg\u00f3cios \u00e0s margens do rio Negro, na Ilha de S\u00e3o Vicente, tem recursos da prefeitura e j\u00e1 foi aprovado pelo Instituto de Patrim\u00f4nio Hist\u00f3rico e Art\u00edstico Nacional (Iphan-AM), em raz\u00e3o de estar em \u00e1rea protegida pela inst\u00e2ncia federal, mas n\u00e3o \u00e9 considerado uma unidade hist\u00f3rica.<\/p>\n\n\n\n<p>O \u201cNosso Centro\u201d faz parte do plano de crescimento econ\u00f4mico e social \u201cMais Manaus\u201d, lan\u00e7ado pelo prefeito David Almeida ano passado. \u201cAo planejar cidades, criar habita\u00e7\u00f5es, reabilitar espa\u00e7os com precariedade urbana e abandono, se busca, com o suporte da arquitetura, tecnologia, meio ambiente e do urbanismo, melhorar formas de viver, ocupar e agir diretamente na cidade e com a sociedade, mudando din\u00e2micas da vida cotidiana\u201d, explicou o diretor-presidente do Implurb, engenheiro Carlos Valente.<\/p>\n\n\n\n<p>A previs\u00e3o da Prefeitura de Manaus \u00e9 de ter a obra conclu\u00edda em 2023. O memorial descritivo do Largo e Mirante apresenta detalhamento para fornecer o entendimento do conceito arquitet\u00f4nico e de v\u00e1rios usos que passar\u00e3o a existir no espa\u00e7o, al\u00e9m de destacar a import\u00e2ncia da interven\u00e7\u00e3o como polo dinamizador para a regi\u00e3o central.<\/p>\n\n\n\n<p>Como \u00e9 um grande equipamento urbano, ele foi projetado para abrigar v\u00e1rias a\u00e7\u00f5es de cultura, lazer, gastronomia, neg\u00f3cios e muito mais, tendo como fundo a vista do rio Negro.<\/p>\n\n\n\n<hr class=\"wp-block-separator has-alpha-channel-opacity\"\/>\n\n\n\n<p><strong>Texto<\/strong>\u00a0\u2013 Claudia do Valle \/ Implurb<br><strong>Fotos<\/strong>\u00a0\u2013 Dantas Neto \/ Arquivo Semcom<br><strong>Dispon\u00edveis em<\/strong>\u00a0\u2013\u00a0<a href=\"https:\/\/flic.kr\/s\/aHsmW4EviG\">https:\/\/flic.kr\/s\/aHsmW4EviG<\/a><\/p>\n","protected":false},"excerpt":{"rendered":"","protected":false},"author":27,"featured_media":224355,"comment_status":"closed","ping_status":"closed","sticky":false,"template":"","format":"standard","meta":{"footnotes":""},"categories":[531],"tags":[],"acf":[],"yoast_head":"<!-- This site is optimized with the Yoast SEO plugin v23.0 - https:\/\/yoast.com\/wordpress\/plugins\/seo\/ -->\n<title>Projeto Mirante e Largo da Ilha de S\u00e3o Vicente da Prefeitura de Manaus entra na fase de licenciamento com Ipaam - SEMCOM<\/title>\n<meta name=\"robots\" content=\"index, follow, max-snippet:-1, max-image-preview:large, max-video-preview:-1\" \/>\n<link rel=\"canonical\" href=\"https:\/\/www.manaus.am.gov.br\/semcom\/projeto-mirante-e-largo-da-ilha-de-sao-vicente-da-prefeitura-de-manaus-entra-na-fase-de-licenciamento-com-ipaam\/\" \/>\n<meta property=\"og:locale\" content=\"pt_BR\" \/>\n<meta property=\"og:type\" content=\"article\" \/>\n<meta property=\"og:title\" content=\"Projeto Mirante e Largo da Ilha de S\u00e3o Vicente da Prefeitura de Manaus entra na fase de licenciamento com Ipaam - SEMCOM\" \/>\n<meta property=\"og:url\" content=\"https:\/\/www.manaus.am.gov.br\/semcom\/projeto-mirante-e-largo-da-ilha-de-sao-vicente-da-prefeitura-de-manaus-entra-na-fase-de-licenciamento-com-ipaam\/\" \/>\n<meta property=\"og:site_name\" content=\"SEMCOM\" \/>\n<meta property=\"article:published_time\" content=\"2022-11-30T23:11:00+00:00\" \/>\n<meta property=\"article:modified_time\" content=\"2024-01-16T21:03:53+00:00\" \/>\n<meta property=\"og:image\" content=\"https:\/\/www.manaus.am.gov.br\/semcom\/wp-content\/uploads\/sites\/5\/2024\/01\/Projeto-Mirante-e-Largo-da-Ilha-de-Sao-Vicente-da-Prefeitura-de-Manaus-entra-na-fase-de-licenciamento-com-Ipaam.jpg\" \/>\n\t<meta property=\"og:image:width\" content=\"800\" \/>\n\t<meta property=\"og:image:height\" content=\"600\" \/>\n\t<meta property=\"og:image:type\" content=\"image\/jpeg\" \/>\n<meta name=\"author\" content=\"Imarketing Digital\" \/>\n<meta name=\"twitter:card\" content=\"summary_large_image\" \/>\n<meta name=\"twitter:label1\" content=\"Written by\" \/>\n\t<meta name=\"twitter:data1\" content=\"Imarketing Digital\" \/>\n\t<meta name=\"twitter:label2\" content=\"Est. reading time\" \/>\n\t<meta name=\"twitter:data2\" content=\"2 minutos\" \/>\n<script type=\"application\/ld+json\" class=\"yoast-schema-graph\">{\"@context\":\"https:\/\/schema.org\",\"@graph\":[{\"@type\":\"WebPage\",\"@id\":\"https:\/\/www.manaus.am.gov.br\/semcom\/projeto-mirante-e-largo-da-ilha-de-sao-vicente-da-prefeitura-de-manaus-entra-na-fase-de-licenciamento-com-ipaam\/\",\"url\":\"https:\/\/www.manaus.am.gov.br\/semcom\/projeto-mirante-e-largo-da-ilha-de-sao-vicente-da-prefeitura-de-manaus-entra-na-fase-de-licenciamento-com-ipaam\/\",\"name\":\"Projeto Mirante e Largo da Ilha de S\u00e3o Vicente da Prefeitura de Manaus entra na fase de licenciamento com Ipaam - SEMCOM\",\"isPartOf\":{\"@id\":\"https:\/\/www.manaus.am.gov.br\/semcom\/#website\"},\"primaryImageOfPage\":{\"@id\":\"https:\/\/www.manaus.am.gov.br\/semcom\/projeto-mirante-e-largo-da-ilha-de-sao-vicente-da-prefeitura-de-manaus-entra-na-fase-de-licenciamento-com-ipaam\/#primaryimage\"},\"image\":{\"@id\":\"https:\/\/www.manaus.am.gov.br\/semcom\/projeto-mirante-e-largo-da-ilha-de-sao-vicente-da-prefeitura-de-manaus-entra-na-fase-de-licenciamento-com-ipaam\/#primaryimage\"},\"thumbnailUrl\":\"https:\/\/www.manaus.am.gov.br\/semcom\/wp-content\/uploads\/sites\/5\/2024\/01\/Projeto-Mirante-e-Largo-da-Ilha-de-Sao-Vicente-da-Prefeitura-de-Manaus-entra-na-fase-de-licenciamento-com-Ipaam.jpg\",\"datePublished\":\"2022-11-30T23:11:00+00:00\",\"dateModified\":\"2024-01-16T21:03:53+00:00\",\"author\":{\"@id\":\"https:\/\/www.manaus.am.gov.br\/semcom\/#\/schema\/person\/79525a47ac5902f50493820d995728ee\"},\"inLanguage\":\"pt-BR\",\"potentialAction\":[{\"@type\":\"ReadAction\",\"target\":[\"https:\/\/www.manaus.am.gov.br\/semcom\/projeto-mirante-e-largo-da-ilha-de-sao-vicente-da-prefeitura-de-manaus-entra-na-fase-de-licenciamento-com-ipaam\/\"]}]},{\"@type\":\"ImageObject\",\"inLanguage\":\"pt-BR\",\"@id\":\"https:\/\/www.manaus.am.gov.br\/semcom\/projeto-mirante-e-largo-da-ilha-de-sao-vicente-da-prefeitura-de-manaus-entra-na-fase-de-licenciamento-com-ipaam\/#primaryimage\",\"url\":\"https:\/\/www.manaus.am.gov.br\/semcom\/wp-content\/uploads\/sites\/5\/2024\/01\/Projeto-Mirante-e-Largo-da-Ilha-de-Sao-Vicente-da-Prefeitura-de-Manaus-entra-na-fase-de-licenciamento-com-Ipaam.jpg\",\"contentUrl\":\"https:\/\/www.manaus.am.gov.br\/semcom\/wp-content\/uploads\/sites\/5\/2024\/01\/Projeto-Mirante-e-Largo-da-Ilha-de-Sao-Vicente-da-Prefeitura-de-Manaus-entra-na-fase-de-licenciamento-com-Ipaam.jpg\",\"width\":800,\"height\":600,\"caption\":\"Projeto Mirante e Largo da Ilha de S\u00e3o Vicente da Prefeitura de Manaus entra na fase de licenciamento com Ipaam\"},{\"@type\":\"WebSite\",\"@id\":\"https:\/\/www.manaus.am.gov.br\/semcom\/#website\",\"url\":\"https:\/\/www.manaus.am.gov.br\/semcom\/\",\"name\":\"SEMCOM\",\"description\":\"Secretaria Municipal de Comunica\u00e7\u00e3o\",\"potentialAction\":[{\"@type\":\"SearchAction\",\"target\":{\"@type\":\"EntryPoint\",\"urlTemplate\":\"https:\/\/www.manaus.am.gov.br\/semcom\/?s={search_term_string}\"},\"query-input\":\"required name=search_term_string\"}],\"inLanguage\":\"pt-BR\"},{\"@type\":\"Person\",\"@id\":\"https:\/\/www.manaus.am.gov.br\/semcom\/#\/schema\/person\/79525a47ac5902f50493820d995728ee\",\"name\":\"Imarketing Digital\",\"image\":{\"@type\":\"ImageObject\",\"inLanguage\":\"pt-BR\",\"@id\":\"https:\/\/www.manaus.am.gov.br\/semcom\/#\/schema\/person\/image\/\",\"url\":\"https:\/\/secure.gravatar.com\/avatar\/03432d3c57b756ed9760f7019c815a3a?s=96&d=mm&r=g\",\"contentUrl\":\"https:\/\/secure.gravatar.com\/avatar\/03432d3c57b756ed9760f7019c815a3a?s=96&d=mm&r=g\",\"caption\":\"Imarketing Digital\"}}]}<\/script>\n<!-- \/ Yoast SEO plugin. -->","yoast_head_json":{"title":"Projeto Mirante e Largo da Ilha de S\u00e3o Vicente da Prefeitura de Manaus entra na fase de licenciamento com Ipaam - SEMCOM","robots":{"index":"index","follow":"follow","max-snippet":"max-snippet:-1","max-image-preview":"max-image-preview:large","max-video-preview":"max-video-preview:-1"},"canonical":"https:\/\/www.manaus.am.gov.br\/semcom\/projeto-mirante-e-largo-da-ilha-de-sao-vicente-da-prefeitura-de-manaus-entra-na-fase-de-licenciamento-com-ipaam\/","og_locale":"pt_BR","og_type":"article","og_title":"Projeto Mirante e Largo da Ilha de S\u00e3o Vicente da Prefeitura de Manaus entra na fase de licenciamento com Ipaam - SEMCOM","og_url":"https:\/\/www.manaus.am.gov.br\/semcom\/projeto-mirante-e-largo-da-ilha-de-sao-vicente-da-prefeitura-de-manaus-entra-na-fase-de-licenciamento-com-ipaam\/","og_site_name":"SEMCOM","article_published_time":"2022-11-30T23:11:00+00:00","article_modified_time":"2024-01-16T21:03:53+00:00","og_image":[{"width":800,"height":600,"url":"https:\/\/www.manaus.am.gov.br\/semcom\/wp-content\/uploads\/sites\/5\/2024\/01\/Projeto-Mirante-e-Largo-da-Ilha-de-Sao-Vicente-da-Prefeitura-de-Manaus-entra-na-fase-de-licenciamento-com-Ipaam.jpg","type":"image\/jpeg"}],"author":"Imarketing Digital","twitter_card":"summary_large_image","twitter_misc":{"Written by":"Imarketing Digital","Est. reading time":"2 minutos"},"schema":{"@context":"https:\/\/schema.org","@graph":[{"@type":"WebPage","@id":"https:\/\/www.manaus.am.gov.br\/semcom\/projeto-mirante-e-largo-da-ilha-de-sao-vicente-da-prefeitura-de-manaus-entra-na-fase-de-licenciamento-com-ipaam\/","url":"https:\/\/www.manaus.am.gov.br\/semcom\/projeto-mirante-e-largo-da-ilha-de-sao-vicente-da-prefeitura-de-manaus-entra-na-fase-de-licenciamento-com-ipaam\/","name":"Projeto Mirante e Largo da Ilha de S\u00e3o Vicente da Prefeitura de Manaus entra na fase de licenciamento com Ipaam - SEMCOM","isPartOf":{"@id":"https:\/\/www.manaus.am.gov.br\/semcom\/#website"},"primaryImageOfPage":{"@id":"https:\/\/www.manaus.am.gov.br\/semcom\/projeto-mirante-e-largo-da-ilha-de-sao-vicente-da-prefeitura-de-manaus-entra-na-fase-de-licenciamento-com-ipaam\/#primaryimage"},"image":{"@id":"https:\/\/www.manaus.am.gov.br\/semcom\/projeto-mirante-e-largo-da-ilha-de-sao-vicente-da-prefeitura-de-manaus-entra-na-fase-de-licenciamento-com-ipaam\/#primaryimage"},"thumbnailUrl":"https:\/\/www.manaus.am.gov.br\/semcom\/wp-content\/uploads\/sites\/5\/2024\/01\/Projeto-Mirante-e-Largo-da-Ilha-de-Sao-Vicente-da-Prefeitura-de-Manaus-entra-na-fase-de-licenciamento-com-Ipaam.jpg","datePublished":"2022-11-30T23:11:00+00:00","dateModified":"2024-01-16T21:03:53+00:00","author":{"@id":"https:\/\/www.manaus.am.gov.br\/semcom\/#\/schema\/person\/79525a47ac5902f50493820d995728ee"},"inLanguage":"pt-BR","potentialAction":[{"@type":"ReadAction","target":["https:\/\/www.manaus.am.gov.br\/semcom\/projeto-mirante-e-largo-da-ilha-de-sao-vicente-da-prefeitura-de-manaus-entra-na-fase-de-licenciamento-com-ipaam\/"]}]},{"@type":"ImageObject","inLanguage":"pt-BR","@id":"https:\/\/www.manaus.am.gov.br\/semcom\/projeto-mirante-e-largo-da-ilha-de-sao-vicente-da-prefeitura-de-manaus-entra-na-fase-de-licenciamento-com-ipaam\/#primaryimage","url":"https:\/\/www.manaus.am.gov.br\/semcom\/wp-content\/uploads\/sites\/5\/2024\/01\/Projeto-Mirante-e-Largo-da-Ilha-de-Sao-Vicente-da-Prefeitura-de-Manaus-entra-na-fase-de-licenciamento-com-Ipaam.jpg","contentUrl":"https:\/\/www.manaus.am.gov.br\/semcom\/wp-content\/uploads\/sites\/5\/2024\/01\/Projeto-Mirante-e-Largo-da-Ilha-de-Sao-Vicente-da-Prefeitura-de-Manaus-entra-na-fase-de-licenciamento-com-Ipaam.jpg","width":800,"height":600,"caption":"Projeto Mirante e Largo da Ilha de S\u00e3o Vicente da Prefeitura de Manaus entra na fase de licenciamento com Ipaam"},{"@type":"WebSite","@id":"https:\/\/www.manaus.am.gov.br\/semcom\/#website","url":"https:\/\/www.manaus.am.gov.br\/semcom\/","name":"SEMCOM","description":"Secretaria Municipal de Comunica\u00e7\u00e3o","potentialAction":[{"@type":"SearchAction","target":{"@type":"EntryPoint","urlTemplate":"https:\/\/www.manaus.am.gov.br\/semcom\/?s={search_term_string}"},"query-input":"required name=search_term_string"}],"inLanguage":"pt-BR"},{"@type":"Person","@id":"https:\/\/www.manaus.am.gov.br\/semcom\/#\/schema\/person\/79525a47ac5902f50493820d995728ee","name":"Imarketing Digital","image":{"@type":"ImageObject","inLanguage":"pt-BR","@id":"https:\/\/www.manaus.am.gov.br\/semcom\/#\/schema\/person\/image\/","url":"https:\/\/secure.gravatar.com\/avatar\/03432d3c57b756ed9760f7019c815a3a?s=96&d=mm&r=g","contentUrl":"https:\/\/secure.gravatar.com\/avatar\/03432d3c57b756ed9760f7019c815a3a?s=96&d=mm&r=g","caption":"Imarketing Digital"}}]}},"_links":{"self":[{"href":"https:\/\/www.manaus.am.gov.br\/semcom\/wp-json\/wp\/v2\/posts\/224354"}],"collection":[{"href":"https:\/\/www.manaus.am.gov.br\/semcom\/wp-json\/wp\/v2\/posts"}],"about":[{"href":"https:\/\/www.manaus.am.gov.br\/semcom\/wp-json\/wp\/v2\/types\/post"}],"author":[{"embeddable":true,"href":"https:\/\/www.manaus.am.gov.br\/semcom\/wp-json\/wp\/v2\/users\/27"}],"replies":[{"embeddable":true,"href":"https:\/\/www.manaus.am.gov.br\/semcom\/wp-json\/wp\/v2\/comments?post=224354"}],"version-history":[{"count":0,"href":"https:\/\/www.manaus.am.gov.br\/semcom\/wp-json\/wp\/v2\/posts\/224354\/revisions"}],"wp:featuredmedia":[{"embeddable":true,"href":"https:\/\/www.manaus.am.gov.br\/semcom\/wp-json\/wp\/v2\/media\/224355"}],"wp:attachment":[{"href":"https:\/\/www.manaus.am.gov.br\/semcom\/wp-json\/wp\/v2\/media?parent=224354"}],"wp:term":[{"taxonomy":"category","embeddable":true,"href":"https:\/\/www.manaus.am.gov.br\/semcom\/wp-json\/wp\/v2\/categories?post=224354"},{"taxonomy":"post_tag","embeddable":true,"href":"https:\/\/www.manaus.am.gov.br\/semcom\/wp-json\/wp\/v2\/tags?post=224354"}],"curies":[{"name":"wp","href":"https:\/\/api.w.org\/{rel}","templated":true}]}}