{"id":224352,"date":"2022-11-30T19:28:00","date_gmt":"2022-11-30T22:28:00","guid":{"rendered":"https:\/\/www.manaus.am.gov.br\/semcom\/prefeitura-de-manaus-inicia-acao-de-regularizacao-fundiaria-em-habitacionais-do-bairro-jorge-teixeira\/"},"modified":"2024-01-16T18:03:41","modified_gmt":"2024-01-16T21:03:41","slug":"prefeitura-de-manaus-inicia-acao-de-regularizacao-fundiaria-em-habitacionais-do-bairro-jorge-teixeira","status":"publish","type":"post","link":"https:\/\/www.manaus.am.gov.br\/semcom\/prefeitura-de-manaus-inicia-acao-de-regularizacao-fundiaria-em-habitacionais-do-bairro-jorge-teixeira\/","title":{"rendered":"Prefeitura de Manaus inicia a\u00e7\u00e3o de regulariza\u00e7\u00e3o fundi\u00e1ria em habitacionais do bairro Jorge Teixeira"},"content":{"rendered":"\n<p>A Prefeitura de Manaus, por meio do Instituto Municipal de Planejamento Urbano (Implurb), amplia suas a\u00e7\u00f5es para regulariza\u00e7\u00e3o fundi\u00e1ria no bairro Jorge Teixeira, zona Leste da cidade, atuando na produ\u00e7\u00e3o de projetos para elabora\u00e7\u00e3o de t\u00edtulos definitivos com registro de im\u00f3vel que v\u00e3o beneficiar mais de 200 fam\u00edlias.<\/p>\n\n\n\n<p>As equipes da Vice-Presid\u00eancia de Habita\u00e7\u00e3o e Assuntos Fundi\u00e1rios (Vpreshaf) estar\u00e3o em campo, a partir desta quinta-feira, 1\u00ba\/12, realizando o atendimento, cadastro e an\u00e1lise de documentos de moradores de quatro residenciais, na avenida Brigadeiro Hil\u00e1rio Gurj\u00e3o. A Prefeitura de Manaus lembra que todo o trabalho \u00e9 feito de forma gratuita, sem qualquer custo aos benefici\u00e1rios.<\/p>\n\n\n\n<p>A a\u00e7\u00e3o vai atender moradores dos residenciais Avelino Pereira (88 unidades); Deputado Francisco Queiroz (20 unidades); Manuel Meireles (28 unidades); e Helso do Carmo Ribeiro (68 unidades); totalizando 204 habita\u00e7\u00f5es para pessoas de baixa renda.<\/p>\n\n\n\n<p>Em 2016, ocorreu uma entrega de t\u00edtulos dos habitacionais, de forma simb\u00f3lica, sem valor jur\u00eddico, uma vez que as pe\u00e7as fundi\u00e1rias n\u00e3o foram conclu\u00eddas para o registro nos respectivos cart\u00f3rios. O trabalho \u00e9 mais uma a\u00e7\u00e3o da gest\u00e3o do prefeito David Almeida para o processo de Regulariza\u00e7\u00e3o Fundi\u00e1ria Urbana (Reurb) em comunidades da capital.<\/p>\n\n\n\n<p>\u201cO produto final da Reurb \u00e9 o direito real registrado no cart\u00f3rio de im\u00f3veis, o que d\u00e1 seguran\u00e7a na propriedade a essas fam\u00edlias de baixa renda. Estamos assegurando o benef\u00edcio a centenas de pessoas\u201d, explicou o vice-presidente da Vpreshaf, Renato Queiroz.<\/p>\n\n\n\n<h2 class=\"wp-block-heading\">O que \u00e9 a regulariza\u00e7\u00e3o?<\/h2>\n\n\n\n<p>Regulariza\u00e7\u00e3o fundi\u00e1ria \u00e9 o conjunto de medidas jur\u00eddicas, urban\u00edsticas, ambientais e sociais que visam \u00e0 regulariza\u00e7\u00e3o de assentamentos irregulares e \u00e0 titula\u00e7\u00e3o de seus ocupantes, de modo a garantir o direito social \u00e0 moradia, o pleno desenvolvimento das fun\u00e7\u00f5es sociais da propriedade urbana e o direito ao meio ambiente ecologicamente equilibrado, conforme a Lei Federal 13.465\/2017 e a Lei Municipal 2.492\/2019.<\/p>\n\n\n\n<hr class=\"wp-block-separator has-alpha-channel-opacity\"\/>\n\n\n\n<p><strong>Texto<\/strong>\u00a0\u2013 Claudia do Valle \/ Implurb<br><strong>Fotos<\/strong>\u00a0\u2013\u00a0Dhyeizo Lemos \/ Arquivo Semcom<\/p>\n","protected":false},"excerpt":{"rendered":"","protected":false},"author":27,"featured_media":224353,"comment_status":"closed","ping_status":"closed","sticky":false,"template":"","format":"standard","meta":{"footnotes":""},"categories":[977],"tags":[],"acf":[],"yoast_head":"<!-- This site is optimized with the Yoast SEO plugin v23.0 - https:\/\/yoast.com\/wordpress\/plugins\/seo\/ -->\n<title>Prefeitura de Manaus inicia a\u00e7\u00e3o de regulariza\u00e7\u00e3o fundi\u00e1ria em habitacionais do bairro Jorge Teixeira - SEMCOM<\/title>\n<meta name=\"robots\" content=\"index, follow, max-snippet:-1, max-image-preview:large, max-video-preview:-1\" \/>\n<link rel=\"canonical\" href=\"https:\/\/www.manaus.am.gov.br\/semcom\/prefeitura-de-manaus-inicia-acao-de-regularizacao-fundiaria-em-habitacionais-do-bairro-jorge-teixeira\/\" \/>\n<meta property=\"og:locale\" content=\"pt_BR\" \/>\n<meta property=\"og:type\" content=\"article\" \/>\n<meta property=\"og:title\" content=\"Prefeitura de Manaus inicia a\u00e7\u00e3o de regulariza\u00e7\u00e3o fundi\u00e1ria em habitacionais do bairro Jorge Teixeira - SEMCOM\" \/>\n<meta property=\"og:url\" content=\"https:\/\/www.manaus.am.gov.br\/semcom\/prefeitura-de-manaus-inicia-acao-de-regularizacao-fundiaria-em-habitacionais-do-bairro-jorge-teixeira\/\" \/>\n<meta property=\"og:site_name\" content=\"SEMCOM\" \/>\n<meta property=\"article:published_time\" content=\"2022-11-30T22:28:00+00:00\" \/>\n<meta property=\"article:modified_time\" content=\"2024-01-16T21:03:41+00:00\" \/>\n<meta property=\"og:image\" content=\"https:\/\/www.manaus.am.gov.br\/semcom\/wp-content\/uploads\/sites\/5\/2024\/01\/Prefeitura-de-Manaus-inicia-acao-de-regularizacao-fundiaria-em-habitacionais-do-bairro-Jorge-Teixeira.jpg\" \/>\n\t<meta property=\"og:image:width\" content=\"1024\" \/>\n\t<meta property=\"og:image:height\" content=\"683\" \/>\n\t<meta property=\"og:image:type\" content=\"image\/jpeg\" \/>\n<meta name=\"author\" content=\"Imarketing Digital\" \/>\n<meta name=\"twitter:card\" content=\"summary_large_image\" \/>\n<meta name=\"twitter:label1\" content=\"Written by\" \/>\n\t<meta name=\"twitter:data1\" content=\"Imarketing Digital\" \/>\n\t<meta name=\"twitter:label2\" content=\"Est. reading time\" \/>\n\t<meta name=\"twitter:data2\" content=\"2 minutos\" \/>\n<script type=\"application\/ld+json\" class=\"yoast-schema-graph\">{\"@context\":\"https:\/\/schema.org\",\"@graph\":[{\"@type\":\"WebPage\",\"@id\":\"https:\/\/www.manaus.am.gov.br\/semcom\/prefeitura-de-manaus-inicia-acao-de-regularizacao-fundiaria-em-habitacionais-do-bairro-jorge-teixeira\/\",\"url\":\"https:\/\/www.manaus.am.gov.br\/semcom\/prefeitura-de-manaus-inicia-acao-de-regularizacao-fundiaria-em-habitacionais-do-bairro-jorge-teixeira\/\",\"name\":\"Prefeitura de Manaus inicia a\u00e7\u00e3o de regulariza\u00e7\u00e3o fundi\u00e1ria em habitacionais do bairro Jorge Teixeira - SEMCOM\",\"isPartOf\":{\"@id\":\"https:\/\/www.manaus.am.gov.br\/semcom\/#website\"},\"primaryImageOfPage\":{\"@id\":\"https:\/\/www.manaus.am.gov.br\/semcom\/prefeitura-de-manaus-inicia-acao-de-regularizacao-fundiaria-em-habitacionais-do-bairro-jorge-teixeira\/#primaryimage\"},\"image\":{\"@id\":\"https:\/\/www.manaus.am.gov.br\/semcom\/prefeitura-de-manaus-inicia-acao-de-regularizacao-fundiaria-em-habitacionais-do-bairro-jorge-teixeira\/#primaryimage\"},\"thumbnailUrl\":\"https:\/\/www.manaus.am.gov.br\/semcom\/wp-content\/uploads\/sites\/5\/2024\/01\/Prefeitura-de-Manaus-inicia-acao-de-regularizacao-fundiaria-em-habitacionais-do-bairro-Jorge-Teixeira.jpg\",\"datePublished\":\"2022-11-30T22:28:00+00:00\",\"dateModified\":\"2024-01-16T21:03:41+00:00\",\"author\":{\"@id\":\"https:\/\/www.manaus.am.gov.br\/semcom\/#\/schema\/person\/79525a47ac5902f50493820d995728ee\"},\"inLanguage\":\"pt-BR\",\"potentialAction\":[{\"@type\":\"ReadAction\",\"target\":[\"https:\/\/www.manaus.am.gov.br\/semcom\/prefeitura-de-manaus-inicia-acao-de-regularizacao-fundiaria-em-habitacionais-do-bairro-jorge-teixeira\/\"]}]},{\"@type\":\"ImageObject\",\"inLanguage\":\"pt-BR\",\"@id\":\"https:\/\/www.manaus.am.gov.br\/semcom\/prefeitura-de-manaus-inicia-acao-de-regularizacao-fundiaria-em-habitacionais-do-bairro-jorge-teixeira\/#primaryimage\",\"url\":\"https:\/\/www.manaus.am.gov.br\/semcom\/wp-content\/uploads\/sites\/5\/2024\/01\/Prefeitura-de-Manaus-inicia-acao-de-regularizacao-fundiaria-em-habitacionais-do-bairro-Jorge-Teixeira.jpg\",\"contentUrl\":\"https:\/\/www.manaus.am.gov.br\/semcom\/wp-content\/uploads\/sites\/5\/2024\/01\/Prefeitura-de-Manaus-inicia-acao-de-regularizacao-fundiaria-em-habitacionais-do-bairro-Jorge-Teixeira.jpg\",\"width\":1024,\"height\":683,\"caption\":\"Prefeitura de Manaus inicia a\u00e7\u00e3o de regulariza\u00e7\u00e3o fundi\u00e1ria em habitacionais do bairro Jorge Teixeira\"},{\"@type\":\"WebSite\",\"@id\":\"https:\/\/www.manaus.am.gov.br\/semcom\/#website\",\"url\":\"https:\/\/www.manaus.am.gov.br\/semcom\/\",\"name\":\"SEMCOM\",\"description\":\"Secretaria Municipal de Comunica\u00e7\u00e3o\",\"potentialAction\":[{\"@type\":\"SearchAction\",\"target\":{\"@type\":\"EntryPoint\",\"urlTemplate\":\"https:\/\/www.manaus.am.gov.br\/semcom\/?s={search_term_string}\"},\"query-input\":\"required name=search_term_string\"}],\"inLanguage\":\"pt-BR\"},{\"@type\":\"Person\",\"@id\":\"https:\/\/www.manaus.am.gov.br\/semcom\/#\/schema\/person\/79525a47ac5902f50493820d995728ee\",\"name\":\"Imarketing Digital\",\"image\":{\"@type\":\"ImageObject\",\"inLanguage\":\"pt-BR\",\"@id\":\"https:\/\/www.manaus.am.gov.br\/semcom\/#\/schema\/person\/image\/\",\"url\":\"https:\/\/secure.gravatar.com\/avatar\/03432d3c57b756ed9760f7019c815a3a?s=96&d=mm&r=g\",\"contentUrl\":\"https:\/\/secure.gravatar.com\/avatar\/03432d3c57b756ed9760f7019c815a3a?s=96&d=mm&r=g\",\"caption\":\"Imarketing Digital\"}}]}<\/script>\n<!-- \/ Yoast SEO plugin. -->","yoast_head_json":{"title":"Prefeitura de Manaus inicia a\u00e7\u00e3o de regulariza\u00e7\u00e3o fundi\u00e1ria em habitacionais do bairro Jorge Teixeira - SEMCOM","robots":{"index":"index","follow":"follow","max-snippet":"max-snippet:-1","max-image-preview":"max-image-preview:large","max-video-preview":"max-video-preview:-1"},"canonical":"https:\/\/www.manaus.am.gov.br\/semcom\/prefeitura-de-manaus-inicia-acao-de-regularizacao-fundiaria-em-habitacionais-do-bairro-jorge-teixeira\/","og_locale":"pt_BR","og_type":"article","og_title":"Prefeitura de Manaus inicia a\u00e7\u00e3o de regulariza\u00e7\u00e3o fundi\u00e1ria em habitacionais do bairro Jorge Teixeira - SEMCOM","og_url":"https:\/\/www.manaus.am.gov.br\/semcom\/prefeitura-de-manaus-inicia-acao-de-regularizacao-fundiaria-em-habitacionais-do-bairro-jorge-teixeira\/","og_site_name":"SEMCOM","article_published_time":"2022-11-30T22:28:00+00:00","article_modified_time":"2024-01-16T21:03:41+00:00","og_image":[{"width":1024,"height":683,"url":"https:\/\/www.manaus.am.gov.br\/semcom\/wp-content\/uploads\/sites\/5\/2024\/01\/Prefeitura-de-Manaus-inicia-acao-de-regularizacao-fundiaria-em-habitacionais-do-bairro-Jorge-Teixeira.jpg","type":"image\/jpeg"}],"author":"Imarketing Digital","twitter_card":"summary_large_image","twitter_misc":{"Written by":"Imarketing Digital","Est. reading time":"2 minutos"},"schema":{"@context":"https:\/\/schema.org","@graph":[{"@type":"WebPage","@id":"https:\/\/www.manaus.am.gov.br\/semcom\/prefeitura-de-manaus-inicia-acao-de-regularizacao-fundiaria-em-habitacionais-do-bairro-jorge-teixeira\/","url":"https:\/\/www.manaus.am.gov.br\/semcom\/prefeitura-de-manaus-inicia-acao-de-regularizacao-fundiaria-em-habitacionais-do-bairro-jorge-teixeira\/","name":"Prefeitura de Manaus inicia a\u00e7\u00e3o de regulariza\u00e7\u00e3o fundi\u00e1ria em habitacionais do bairro Jorge Teixeira - SEMCOM","isPartOf":{"@id":"https:\/\/www.manaus.am.gov.br\/semcom\/#website"},"primaryImageOfPage":{"@id":"https:\/\/www.manaus.am.gov.br\/semcom\/prefeitura-de-manaus-inicia-acao-de-regularizacao-fundiaria-em-habitacionais-do-bairro-jorge-teixeira\/#primaryimage"},"image":{"@id":"https:\/\/www.manaus.am.gov.br\/semcom\/prefeitura-de-manaus-inicia-acao-de-regularizacao-fundiaria-em-habitacionais-do-bairro-jorge-teixeira\/#primaryimage"},"thumbnailUrl":"https:\/\/www.manaus.am.gov.br\/semcom\/wp-content\/uploads\/sites\/5\/2024\/01\/Prefeitura-de-Manaus-inicia-acao-de-regularizacao-fundiaria-em-habitacionais-do-bairro-Jorge-Teixeira.jpg","datePublished":"2022-11-30T22:28:00+00:00","dateModified":"2024-01-16T21:03:41+00:00","author":{"@id":"https:\/\/www.manaus.am.gov.br\/semcom\/#\/schema\/person\/79525a47ac5902f50493820d995728ee"},"inLanguage":"pt-BR","potentialAction":[{"@type":"ReadAction","target":["https:\/\/www.manaus.am.gov.br\/semcom\/prefeitura-de-manaus-inicia-acao-de-regularizacao-fundiaria-em-habitacionais-do-bairro-jorge-teixeira\/"]}]},{"@type":"ImageObject","inLanguage":"pt-BR","@id":"https:\/\/www.manaus.am.gov.br\/semcom\/prefeitura-de-manaus-inicia-acao-de-regularizacao-fundiaria-em-habitacionais-do-bairro-jorge-teixeira\/#primaryimage","url":"https:\/\/www.manaus.am.gov.br\/semcom\/wp-content\/uploads\/sites\/5\/2024\/01\/Prefeitura-de-Manaus-inicia-acao-de-regularizacao-fundiaria-em-habitacionais-do-bairro-Jorge-Teixeira.jpg","contentUrl":"https:\/\/www.manaus.am.gov.br\/semcom\/wp-content\/uploads\/sites\/5\/2024\/01\/Prefeitura-de-Manaus-inicia-acao-de-regularizacao-fundiaria-em-habitacionais-do-bairro-Jorge-Teixeira.jpg","width":1024,"height":683,"caption":"Prefeitura de Manaus inicia a\u00e7\u00e3o de regulariza\u00e7\u00e3o fundi\u00e1ria em habitacionais do bairro Jorge Teixeira"},{"@type":"WebSite","@id":"https:\/\/www.manaus.am.gov.br\/semcom\/#website","url":"https:\/\/www.manaus.am.gov.br\/semcom\/","name":"SEMCOM","description":"Secretaria Municipal de Comunica\u00e7\u00e3o","potentialAction":[{"@type":"SearchAction","target":{"@type":"EntryPoint","urlTemplate":"https:\/\/www.manaus.am.gov.br\/semcom\/?s={search_term_string}"},"query-input":"required name=search_term_string"}],"inLanguage":"pt-BR"},{"@type":"Person","@id":"https:\/\/www.manaus.am.gov.br\/semcom\/#\/schema\/person\/79525a47ac5902f50493820d995728ee","name":"Imarketing Digital","image":{"@type":"ImageObject","inLanguage":"pt-BR","@id":"https:\/\/www.manaus.am.gov.br\/semcom\/#\/schema\/person\/image\/","url":"https:\/\/secure.gravatar.com\/avatar\/03432d3c57b756ed9760f7019c815a3a?s=96&d=mm&r=g","contentUrl":"https:\/\/secure.gravatar.com\/avatar\/03432d3c57b756ed9760f7019c815a3a?s=96&d=mm&r=g","caption":"Imarketing Digital"}}]}},"_links":{"self":[{"href":"https:\/\/www.manaus.am.gov.br\/semcom\/wp-json\/wp\/v2\/posts\/224352"}],"collection":[{"href":"https:\/\/www.manaus.am.gov.br\/semcom\/wp-json\/wp\/v2\/posts"}],"about":[{"href":"https:\/\/www.manaus.am.gov.br\/semcom\/wp-json\/wp\/v2\/types\/post"}],"author":[{"embeddable":true,"href":"https:\/\/www.manaus.am.gov.br\/semcom\/wp-json\/wp\/v2\/users\/27"}],"replies":[{"embeddable":true,"href":"https:\/\/www.manaus.am.gov.br\/semcom\/wp-json\/wp\/v2\/comments?post=224352"}],"version-history":[{"count":0,"href":"https:\/\/www.manaus.am.gov.br\/semcom\/wp-json\/wp\/v2\/posts\/224352\/revisions"}],"wp:featuredmedia":[{"embeddable":true,"href":"https:\/\/www.manaus.am.gov.br\/semcom\/wp-json\/wp\/v2\/media\/224353"}],"wp:attachment":[{"href":"https:\/\/www.manaus.am.gov.br\/semcom\/wp-json\/wp\/v2\/media?parent=224352"}],"wp:term":[{"taxonomy":"category","embeddable":true,"href":"https:\/\/www.manaus.am.gov.br\/semcom\/wp-json\/wp\/v2\/categories?post=224352"},{"taxonomy":"post_tag","embeddable":true,"href":"https:\/\/www.manaus.am.gov.br\/semcom\/wp-json\/wp\/v2\/tags?post=224352"}],"curies":[{"name":"wp","href":"https:\/\/api.w.org\/{rel}","templated":true}]}}