{"id":224350,"date":"2022-11-29T12:41:00","date_gmt":"2022-11-29T15:41:00","guid":{"rendered":"https:\/\/www.manaus.am.gov.br\/semcom\/prefeitura-prepara-envio-do-parque-encontro-das-aguas-rosa-almeida-a-comissao-de-licitacao\/"},"modified":"2024-01-16T18:03:32","modified_gmt":"2024-01-16T21:03:32","slug":"prefeitura-prepara-envio-do-parque-encontro-das-aguas-rosa-almeida-a-comissao-de-licitacao","status":"publish","type":"post","link":"https:\/\/www.manaus.am.gov.br\/semcom\/prefeitura-prepara-envio-do-parque-encontro-das-aguas-rosa-almeida-a-comissao-de-licitacao\/","title":{"rendered":"Prefeitura prepara envio do parque Encontro das \u00c1guas Rosa Almeida \u00e0 Comiss\u00e3o de Licita\u00e7\u00e3o"},"content":{"rendered":"\n<p>Projeto singular e exclusivo da Prefeitura de Manaus, o parque Encontro das \u00c1guas Rosa Almeida est\u00e1 pronto para ser enviado \u00e0 Comiss\u00e3o Municipal de Licita\u00e7\u00e3o (CML) para elabora\u00e7\u00e3o do edital de concorr\u00eancia p\u00fablica. A gest\u00e3o do prefeito David Almeida segue avan\u00e7ando nos projetos estruturantes e de requalifica\u00e7\u00e3o urban\u00edstica da capital.<\/p>\n\n\n\n<p>Hoje, o projeto tem duas interven\u00e7\u00f5es: uma que leva assinatura do internacionalmente conhecido arquiteto&nbsp;Oscar Niemeyer (morto em 2012), uma das suas \u00faltimas cria\u00e7\u00f5es ainda em vida e o seu \u00fanico trabalho assinado para a regi\u00e3o Norte; e outra complementar, dando ao espa\u00e7o a composi\u00e7\u00e3o de um parque, desenvolvido pelo Instituto Municipal de Planejamento Urbano (Implurb).<\/p>\n\n\n\n<p>O parque est\u00e1 localizado na avenida Desembargador An\u00edsio Jobim, 20, Col\u00f4nia Ant\u00f4nio Aleixo, zona Leste, e sua execu\u00e7\u00e3o prev\u00ea que se transforme de uma \u00e1rea sem uso em um territ\u00f3rio de op\u00e7\u00e3o de lazer, observa\u00e7\u00e3o da natureza \u2013 o Encontro das \u00c1guas \u2013 e turismo com potencial de paisagem \u00fanico.<\/p>\n\n\n\n<p>\u201c\u00c9 um sonho que est\u00e1 se tornando realidade, saindo do papel, para entrar em execu\u00e7\u00e3o muito em breve\u201d, adiantou o prefeito David Almeida, que, em setembro, apresentou as primeiras imagens de perspectivas da \u00e1rea com o projeto de Niemeyer e as interven\u00e7\u00f5es urban\u00edsticas atuais.<\/p>\n\n\n\n<p>Para construir o parque ser\u00e1 necess\u00e1rio a implanta\u00e7\u00e3o de&nbsp;edifica\u00e7\u00f5es, mobili\u00e1rios urbanos, infraestrutura e estacionamentos.&nbsp;\u201cO parque Rosa Almeida est\u00e1 com o projeto conclu\u00eddo e demandou mais tempo em fun\u00e7\u00e3o de estudos espec\u00edficos e projetos de geoengenharia, tamb\u00e9m finalizados. Precisamos esperar a descida do rio para realizar sondagem na base do talude e os estudos foram fundamentais para definir a solu\u00e7\u00e3o de conten\u00e7\u00e3o e estabiliza\u00e7\u00e3o do barranco, com desenvolvimento, or\u00e7amento e especifica\u00e7\u00f5es. Ser\u00e1 uma interven\u00e7\u00e3o duradoura e que atender\u00e1 todos os requisitos e normas t\u00e9cnicas, formais e legais\u201d, explicou o diretor-presidente do Implurb, engenheiro Carlos Andrade.<\/p>\n\n\n\n<p>O diretor de Planejamento da autarquia, arquiteto e urbanista Pedro Paulo Cordeiro, disse que o projeto espec\u00edfico para conten\u00e7\u00e3o e estabilidade do talude foi necess\u00e1rio diante da eros\u00e3o que ocorreu no terreno, especialmente um recente registrado este ano. A altura tem mais de 70 metros e resolve em definitivo a estabilidade e a implanta\u00e7\u00e3o do parque. \u201cO Implurb precisou fazer readequa\u00e7\u00e3o diante da parte do terreno que sofreu o desbarrancamento e se tirou uma faixa para realizar a conten\u00e7\u00e3o com seguran\u00e7a\u201d, comentou.<\/p>\n\n\n\n<h2 class=\"wp-block-heading\">Complementar<\/h2>\n\n\n\n<p>A composi\u00e7\u00e3o do projeto desenvolvido por Niemeyer, em 2005, por seu escrit\u00f3rio de arquitetura, tem museu e um restaurante incrustado no talude. O museu com dois n\u00edveis, o t\u00e9rreo e subsolo, voltados para espa\u00e7o de exposi\u00e7\u00f5es, apresenta-se com uma c\u00fapula de concreto, tendo nas extremidades opostas duas hastes com 20,70 metros de altura, sendo uma na cor amarela, representando o rio Solim\u00f5es, e outra na cor preta, apresentando o rio Negro.<\/p>\n\n\n\n<p>A outra edifica\u00e7\u00e3o \u00e9 o restaurante\/loja, sendo no n\u00edvel do subsolo, encravado na extremidade oposta ao museu, contendo tamb\u00e9m um terra\u00e7o no mesmo n\u00edvel. O restaurante ter\u00e1&nbsp;acesso por uma rampa com inclina\u00e7\u00e3o adequada de acordo com a norma NBR 9050 e o desn\u00edvel ser\u00e1 protegido por guarda-corpo a partir do terra\u00e7o.<\/p>\n\n\n\n<p>Para ampliar o escopo do parque com obra do Oscar&nbsp;Niemeyer, a proposta do Implurb prev\u00ea guarita e \u00e1rea administrativa, p\u00f3rtico de entrada, espa\u00e7o multiuso, dois quiosques, banheiros p\u00fablicos e estacionamentos, com todo o espa\u00e7o prevendo acesso a Pessoas com Defici\u00eancia (PcD). As \u00e1reas ao ar livre v\u00e3o incluir&nbsp;academia ao ar livre,&nbsp;<em>playground<\/em>&nbsp;e&nbsp;<em>playpet<\/em>. Nessa implanta\u00e7\u00e3o, optou-se em ter uma grande quantidade de \u00e1reas de jardins, com paisagismo focado em esp\u00e9cies nativas, desde grandes arb\u00f3reas e arbustos.<\/p>\n\n\n\n<p>No que se refere \u00e0 quest\u00e3o ambiental, a interven\u00e7\u00e3o vai preservar as \u00e1rvores existentes, adaptando o tra\u00e7ado de passeios entre as mesmas, tornando o trajeto mais interessante. O parque \u00e9 voltado para paisagem natural, o Encontro das \u00c1guas, o reaproveitamento das \u00e1rvores existentes e as novas esp\u00e9cies nativas que ser\u00e3o plantadas formando maci\u00e7os de vegeta\u00e7\u00e3o. O enorme plat\u00f4 elevado diante do rio \u00e9 o melhor ponto visual do fen\u00f4meno pela terra.<\/p>\n\n\n\n<hr class=\"wp-block-separator has-alpha-channel-opacity\"\/>\n\n\n\n<p><strong>Texto \u2013\u00a0<\/strong>Claudia do Valle\/Implurb<br><strong>Fotos<\/strong>\u00a0\u2013 Divulga\u00e7\u00e3o<\/p>\n","protected":false},"excerpt":{"rendered":"","protected":false},"author":27,"featured_media":224351,"comment_status":"closed","ping_status":"closed","sticky":false,"template":"","format":"standard","meta":{"footnotes":""},"categories":[407],"tags":[],"acf":[],"yoast_head":"<!-- This site is optimized with the Yoast SEO plugin v23.0 - https:\/\/yoast.com\/wordpress\/plugins\/seo\/ -->\n<title>Prefeitura prepara envio do parque Encontro das \u00c1guas Rosa Almeida \u00e0 Comiss\u00e3o de Licita\u00e7\u00e3o - SEMCOM<\/title>\n<meta name=\"robots\" content=\"index, follow, max-snippet:-1, max-image-preview:large, max-video-preview:-1\" \/>\n<link rel=\"canonical\" href=\"https:\/\/www.manaus.am.gov.br\/semcom\/prefeitura-prepara-envio-do-parque-encontro-das-aguas-rosa-almeida-a-comissao-de-licitacao\/\" \/>\n<meta property=\"og:locale\" content=\"pt_BR\" \/>\n<meta property=\"og:type\" content=\"article\" \/>\n<meta property=\"og:title\" content=\"Prefeitura prepara envio do parque Encontro das \u00c1guas Rosa Almeida \u00e0 Comiss\u00e3o de Licita\u00e7\u00e3o - SEMCOM\" \/>\n<meta property=\"og:url\" content=\"https:\/\/www.manaus.am.gov.br\/semcom\/prefeitura-prepara-envio-do-parque-encontro-das-aguas-rosa-almeida-a-comissao-de-licitacao\/\" \/>\n<meta property=\"og:site_name\" content=\"SEMCOM\" \/>\n<meta property=\"article:published_time\" content=\"2022-11-29T15:41:00+00:00\" \/>\n<meta property=\"article:modified_time\" content=\"2024-01-16T21:03:32+00:00\" \/>\n<meta property=\"og:image\" content=\"https:\/\/www.manaus.am.gov.br\/semcom\/wp-content\/uploads\/sites\/5\/2024\/01\/Prefeitura-prepara-envio-do-parque-Encontro-das-Aguas-Rosa-Almeida-a-Comissao-de-Licitacao.jpg\" \/>\n\t<meta property=\"og:image:width\" content=\"1280\" \/>\n\t<meta property=\"og:image:height\" content=\"729\" \/>\n\t<meta property=\"og:image:type\" content=\"image\/jpeg\" \/>\n<meta name=\"author\" content=\"Imarketing Digital\" \/>\n<meta name=\"twitter:card\" content=\"summary_large_image\" \/>\n<meta name=\"twitter:label1\" content=\"Written by\" \/>\n\t<meta name=\"twitter:data1\" content=\"Imarketing Digital\" \/>\n\t<meta name=\"twitter:label2\" content=\"Est. reading time\" \/>\n\t<meta name=\"twitter:data2\" content=\"4 minutos\" \/>\n<script type=\"application\/ld+json\" class=\"yoast-schema-graph\">{\"@context\":\"https:\/\/schema.org\",\"@graph\":[{\"@type\":\"WebPage\",\"@id\":\"https:\/\/www.manaus.am.gov.br\/semcom\/prefeitura-prepara-envio-do-parque-encontro-das-aguas-rosa-almeida-a-comissao-de-licitacao\/\",\"url\":\"https:\/\/www.manaus.am.gov.br\/semcom\/prefeitura-prepara-envio-do-parque-encontro-das-aguas-rosa-almeida-a-comissao-de-licitacao\/\",\"name\":\"Prefeitura prepara envio do parque Encontro das \u00c1guas Rosa Almeida \u00e0 Comiss\u00e3o de Licita\u00e7\u00e3o - SEMCOM\",\"isPartOf\":{\"@id\":\"https:\/\/www.manaus.am.gov.br\/semcom\/#website\"},\"primaryImageOfPage\":{\"@id\":\"https:\/\/www.manaus.am.gov.br\/semcom\/prefeitura-prepara-envio-do-parque-encontro-das-aguas-rosa-almeida-a-comissao-de-licitacao\/#primaryimage\"},\"image\":{\"@id\":\"https:\/\/www.manaus.am.gov.br\/semcom\/prefeitura-prepara-envio-do-parque-encontro-das-aguas-rosa-almeida-a-comissao-de-licitacao\/#primaryimage\"},\"thumbnailUrl\":\"https:\/\/www.manaus.am.gov.br\/semcom\/wp-content\/uploads\/sites\/5\/2024\/01\/Prefeitura-prepara-envio-do-parque-Encontro-das-Aguas-Rosa-Almeida-a-Comissao-de-Licitacao.jpg\",\"datePublished\":\"2022-11-29T15:41:00+00:00\",\"dateModified\":\"2024-01-16T21:03:32+00:00\",\"author\":{\"@id\":\"https:\/\/www.manaus.am.gov.br\/semcom\/#\/schema\/person\/79525a47ac5902f50493820d995728ee\"},\"inLanguage\":\"pt-BR\",\"potentialAction\":[{\"@type\":\"ReadAction\",\"target\":[\"https:\/\/www.manaus.am.gov.br\/semcom\/prefeitura-prepara-envio-do-parque-encontro-das-aguas-rosa-almeida-a-comissao-de-licitacao\/\"]}]},{\"@type\":\"ImageObject\",\"inLanguage\":\"pt-BR\",\"@id\":\"https:\/\/www.manaus.am.gov.br\/semcom\/prefeitura-prepara-envio-do-parque-encontro-das-aguas-rosa-almeida-a-comissao-de-licitacao\/#primaryimage\",\"url\":\"https:\/\/www.manaus.am.gov.br\/semcom\/wp-content\/uploads\/sites\/5\/2024\/01\/Prefeitura-prepara-envio-do-parque-Encontro-das-Aguas-Rosa-Almeida-a-Comissao-de-Licitacao.jpg\",\"contentUrl\":\"https:\/\/www.manaus.am.gov.br\/semcom\/wp-content\/uploads\/sites\/5\/2024\/01\/Prefeitura-prepara-envio-do-parque-Encontro-das-Aguas-Rosa-Almeida-a-Comissao-de-Licitacao.jpg\",\"width\":1280,\"height\":729,\"caption\":\"Prefeitura prepara envio do parque Encontro das \u00c1guas Rosa Almeida \u00e0 Comiss\u00e3o de Licita\u00e7\u00e3o\"},{\"@type\":\"WebSite\",\"@id\":\"https:\/\/www.manaus.am.gov.br\/semcom\/#website\",\"url\":\"https:\/\/www.manaus.am.gov.br\/semcom\/\",\"name\":\"SEMCOM\",\"description\":\"Secretaria Municipal de Comunica\u00e7\u00e3o\",\"potentialAction\":[{\"@type\":\"SearchAction\",\"target\":{\"@type\":\"EntryPoint\",\"urlTemplate\":\"https:\/\/www.manaus.am.gov.br\/semcom\/?s={search_term_string}\"},\"query-input\":\"required name=search_term_string\"}],\"inLanguage\":\"pt-BR\"},{\"@type\":\"Person\",\"@id\":\"https:\/\/www.manaus.am.gov.br\/semcom\/#\/schema\/person\/79525a47ac5902f50493820d995728ee\",\"name\":\"Imarketing Digital\",\"image\":{\"@type\":\"ImageObject\",\"inLanguage\":\"pt-BR\",\"@id\":\"https:\/\/www.manaus.am.gov.br\/semcom\/#\/schema\/person\/image\/\",\"url\":\"https:\/\/secure.gravatar.com\/avatar\/03432d3c57b756ed9760f7019c815a3a?s=96&d=mm&r=g\",\"contentUrl\":\"https:\/\/secure.gravatar.com\/avatar\/03432d3c57b756ed9760f7019c815a3a?s=96&d=mm&r=g\",\"caption\":\"Imarketing Digital\"}}]}<\/script>\n<!-- \/ Yoast SEO plugin. -->","yoast_head_json":{"title":"Prefeitura prepara envio do parque Encontro das \u00c1guas Rosa Almeida \u00e0 Comiss\u00e3o de Licita\u00e7\u00e3o - SEMCOM","robots":{"index":"index","follow":"follow","max-snippet":"max-snippet:-1","max-image-preview":"max-image-preview:large","max-video-preview":"max-video-preview:-1"},"canonical":"https:\/\/www.manaus.am.gov.br\/semcom\/prefeitura-prepara-envio-do-parque-encontro-das-aguas-rosa-almeida-a-comissao-de-licitacao\/","og_locale":"pt_BR","og_type":"article","og_title":"Prefeitura prepara envio do parque Encontro das \u00c1guas Rosa Almeida \u00e0 Comiss\u00e3o de Licita\u00e7\u00e3o - SEMCOM","og_url":"https:\/\/www.manaus.am.gov.br\/semcom\/prefeitura-prepara-envio-do-parque-encontro-das-aguas-rosa-almeida-a-comissao-de-licitacao\/","og_site_name":"SEMCOM","article_published_time":"2022-11-29T15:41:00+00:00","article_modified_time":"2024-01-16T21:03:32+00:00","og_image":[{"width":1280,"height":729,"url":"https:\/\/www.manaus.am.gov.br\/semcom\/wp-content\/uploads\/sites\/5\/2024\/01\/Prefeitura-prepara-envio-do-parque-Encontro-das-Aguas-Rosa-Almeida-a-Comissao-de-Licitacao.jpg","type":"image\/jpeg"}],"author":"Imarketing Digital","twitter_card":"summary_large_image","twitter_misc":{"Written by":"Imarketing Digital","Est. reading time":"4 minutos"},"schema":{"@context":"https:\/\/schema.org","@graph":[{"@type":"WebPage","@id":"https:\/\/www.manaus.am.gov.br\/semcom\/prefeitura-prepara-envio-do-parque-encontro-das-aguas-rosa-almeida-a-comissao-de-licitacao\/","url":"https:\/\/www.manaus.am.gov.br\/semcom\/prefeitura-prepara-envio-do-parque-encontro-das-aguas-rosa-almeida-a-comissao-de-licitacao\/","name":"Prefeitura prepara envio do parque Encontro das \u00c1guas Rosa Almeida \u00e0 Comiss\u00e3o de Licita\u00e7\u00e3o - SEMCOM","isPartOf":{"@id":"https:\/\/www.manaus.am.gov.br\/semcom\/#website"},"primaryImageOfPage":{"@id":"https:\/\/www.manaus.am.gov.br\/semcom\/prefeitura-prepara-envio-do-parque-encontro-das-aguas-rosa-almeida-a-comissao-de-licitacao\/#primaryimage"},"image":{"@id":"https:\/\/www.manaus.am.gov.br\/semcom\/prefeitura-prepara-envio-do-parque-encontro-das-aguas-rosa-almeida-a-comissao-de-licitacao\/#primaryimage"},"thumbnailUrl":"https:\/\/www.manaus.am.gov.br\/semcom\/wp-content\/uploads\/sites\/5\/2024\/01\/Prefeitura-prepara-envio-do-parque-Encontro-das-Aguas-Rosa-Almeida-a-Comissao-de-Licitacao.jpg","datePublished":"2022-11-29T15:41:00+00:00","dateModified":"2024-01-16T21:03:32+00:00","author":{"@id":"https:\/\/www.manaus.am.gov.br\/semcom\/#\/schema\/person\/79525a47ac5902f50493820d995728ee"},"inLanguage":"pt-BR","potentialAction":[{"@type":"ReadAction","target":["https:\/\/www.manaus.am.gov.br\/semcom\/prefeitura-prepara-envio-do-parque-encontro-das-aguas-rosa-almeida-a-comissao-de-licitacao\/"]}]},{"@type":"ImageObject","inLanguage":"pt-BR","@id":"https:\/\/www.manaus.am.gov.br\/semcom\/prefeitura-prepara-envio-do-parque-encontro-das-aguas-rosa-almeida-a-comissao-de-licitacao\/#primaryimage","url":"https:\/\/www.manaus.am.gov.br\/semcom\/wp-content\/uploads\/sites\/5\/2024\/01\/Prefeitura-prepara-envio-do-parque-Encontro-das-Aguas-Rosa-Almeida-a-Comissao-de-Licitacao.jpg","contentUrl":"https:\/\/www.manaus.am.gov.br\/semcom\/wp-content\/uploads\/sites\/5\/2024\/01\/Prefeitura-prepara-envio-do-parque-Encontro-das-Aguas-Rosa-Almeida-a-Comissao-de-Licitacao.jpg","width":1280,"height":729,"caption":"Prefeitura prepara envio do parque Encontro das \u00c1guas Rosa Almeida \u00e0 Comiss\u00e3o de Licita\u00e7\u00e3o"},{"@type":"WebSite","@id":"https:\/\/www.manaus.am.gov.br\/semcom\/#website","url":"https:\/\/www.manaus.am.gov.br\/semcom\/","name":"SEMCOM","description":"Secretaria Municipal de Comunica\u00e7\u00e3o","potentialAction":[{"@type":"SearchAction","target":{"@type":"EntryPoint","urlTemplate":"https:\/\/www.manaus.am.gov.br\/semcom\/?s={search_term_string}"},"query-input":"required name=search_term_string"}],"inLanguage":"pt-BR"},{"@type":"Person","@id":"https:\/\/www.manaus.am.gov.br\/semcom\/#\/schema\/person\/79525a47ac5902f50493820d995728ee","name":"Imarketing Digital","image":{"@type":"ImageObject","inLanguage":"pt-BR","@id":"https:\/\/www.manaus.am.gov.br\/semcom\/#\/schema\/person\/image\/","url":"https:\/\/secure.gravatar.com\/avatar\/03432d3c57b756ed9760f7019c815a3a?s=96&d=mm&r=g","contentUrl":"https:\/\/secure.gravatar.com\/avatar\/03432d3c57b756ed9760f7019c815a3a?s=96&d=mm&r=g","caption":"Imarketing Digital"}}]}},"_links":{"self":[{"href":"https:\/\/www.manaus.am.gov.br\/semcom\/wp-json\/wp\/v2\/posts\/224350"}],"collection":[{"href":"https:\/\/www.manaus.am.gov.br\/semcom\/wp-json\/wp\/v2\/posts"}],"about":[{"href":"https:\/\/www.manaus.am.gov.br\/semcom\/wp-json\/wp\/v2\/types\/post"}],"author":[{"embeddable":true,"href":"https:\/\/www.manaus.am.gov.br\/semcom\/wp-json\/wp\/v2\/users\/27"}],"replies":[{"embeddable":true,"href":"https:\/\/www.manaus.am.gov.br\/semcom\/wp-json\/wp\/v2\/comments?post=224350"}],"version-history":[{"count":0,"href":"https:\/\/www.manaus.am.gov.br\/semcom\/wp-json\/wp\/v2\/posts\/224350\/revisions"}],"wp:featuredmedia":[{"embeddable":true,"href":"https:\/\/www.manaus.am.gov.br\/semcom\/wp-json\/wp\/v2\/media\/224351"}],"wp:attachment":[{"href":"https:\/\/www.manaus.am.gov.br\/semcom\/wp-json\/wp\/v2\/media?parent=224350"}],"wp:term":[{"taxonomy":"category","embeddable":true,"href":"https:\/\/www.manaus.am.gov.br\/semcom\/wp-json\/wp\/v2\/categories?post=224350"},{"taxonomy":"post_tag","embeddable":true,"href":"https:\/\/www.manaus.am.gov.br\/semcom\/wp-json\/wp\/v2\/tags?post=224350"}],"curies":[{"name":"wp","href":"https:\/\/api.w.org\/{rel}","templated":true}]}}